{"id":94329,"date":"2026-07-03T16:14:45","date_gmt":"2026-07-03T19:14:45","guid":{"rendered":"https:\/\/redept.com.br\/blogosfera\/empresarios-apoiadores-de-bolsonaro-participam-de-audiencia-dos-eua-para-tentar-reverter-tarifa-articulada-por-eduardo\/"},"modified":"2026-07-03T16:14:45","modified_gmt":"2026-07-03T19:14:45","slug":"empresarios-apoiadores-de-bolsonaro-participam-de-audiencia-dos-eua-para-tentar-reverter-tarifa-articulada-por-eduardo","status":"publish","type":"post","link":"https:\/\/redept.com.br\/blogosfera\/empresarios-apoiadores-de-bolsonaro-participam-de-audiencia-dos-eua-para-tentar-reverter-tarifa-articulada-por-eduardo\/","title":{"rendered":"Empres\u00e1rios apoiadores de Bolsonaro participam de audi\u00eancia dos EUA para tentar reverter tarifa articulada por Eduardo"},"content":{"rendered":"<p>A audi\u00eancia ocorre meses ap\u00f3s Eduardo  defender as medidas econ\u00f4micas dos Estados Unidos contra o Brasil<\/p>\n<p><a href=\"https:\/\/www.brasildefato.com.br\/2026\/07\/03\/empresarios-apoiadores-de-bolsonaro-participam-de-audiencia-dos-eua-para-tentar-reverter-tarifa-articulada-por-eduardo\/\" rel=\"nofollow\">Fonte<\/a><\/p>\n<!-- Begin Yuzo --><div class='yuzo_related_post style-1'  data-version='5.12.89'><!-- without result --><div class='yuzo_clearfixed yuzo__title yuzo__title'><h3>Related Post<\/h3><\/div>\n\t\t\t\t\t\t  <div class=\"relatedthumb \" style=\"width:125px;float:left;overflow:hidden;\">  \n\t\t\t\t\t\t\t  \n\t\t\t\t\t\t\t  <a  href=\"https:\/\/redept.com.br\/blogosfera\/acordo-china-brasil-sobre-inteligencia-artificial-reforca-pesquisas-conjuntas-e-desenvolvimento-de-infraestrutura\/\"  >\n\t\t\t\t\t\t\t\t\t  <div class=\"yuzo-img-wrap \" style=\"width: 125px;height:90px;\">\n\t\t\t\t\t\t\t\t\t\t\n\t\t\t\t\t\t\t\t\t\t<div class=\"yuzo-img\" style=\"background:url('https:\/\/redept.org\/blogosfera\/wp-content\/plugins\/yuzo-related-post\/assets\/images\/default.png') 50% 50% no-repeat;width: 125px;height:90px;margin-bottom: 5px;background-size: cover; \"><\/div>\n\t\t\t\t\t\t\t\t\t  <\/div>\n\t\t\t\t\t\t\t\t\t  \n\t\t\t\t\t\t\t\t   <span class=\"yuzo__text--title\" style=\"font-size:13px;\">Acordo China-Brasil sobre Intelig\u00eancia Artificial ...<\/span>\n\t\t\t\t\t\t\t  \n\t\t\t\t\t\t\t  \n\t\t\t\t\t\t\t  <\/a>\n\n\t\t\t\t\t\t  <\/div>\n\t\t\t\t\t\t  <div class=\"relatedthumb \" style=\"width:125px;float:left;overflow:hidden;\">  \n\t\t\t\t\t\t\t  \n\t\t\t\t\t\t\t  <a  href=\"https:\/\/redept.com.br\/blogosfera\/cacau-como-contornar-os-dissabores-da-crise-climatica\/\"  >\n\t\t\t\t\t\t\t\t\t  <div class=\"yuzo-img-wrap \" style=\"width: 125px;height:90px;\">\n\t\t\t\t\t\t\t\t\t\t\n\t\t\t\t\t\t\t\t\t\t<div class=\"yuzo-img\" style=\"background:url('https:\/\/redept.com.br\/blogosfera\/wp-content\/uploads\/2026\/08\/photo_4920744602717850665_y-150x150.jpg') 50% 50% no-repeat;width: 125px;height:90px;margin-bottom: 5px;background-size: cover; \"><\/div>\n\t\t\t\t\t\t\t\t\t  <\/div>\n\t\t\t\t\t\t\t\t\t  \n\t\t\t\t\t\t\t\t   <span class=\"yuzo__text--title\" style=\"font-size:13px;\">Cacau: Como contornar os dissabores da crise clim\u00e1...<\/span>\n\t\t\t\t\t\t\t  \n\t\t\t\t\t\t\t  \n\t\t\t\t\t\t\t  <\/a>\n\n\t\t\t\t\t\t  <\/div>\n\t\t\t\t\t\t  <div class=\"relatedthumb \" style=\"width:125px;float:left;overflow:hidden;\">  \n\t\t\t\t\t\t\t  \n\t\t\t\t\t\t\t  <a  href=\"https:\/\/redept.com.br\/blogosfera\/lula-anuncia-pagamento-do-pe-de-meia-e-farmacia-popular-100-gratuita\/\"  >\n\t\t\t\t\t\t\t\t\t  <div class=\"yuzo-img-wrap \" style=\"width: 125px;height:90px;\">\n\t\t\t\t\t\t\t\t\t\t\n\t\t\t\t\t\t\t\t\t\t<div class=\"yuzo-img\" style=\"background:url('https:\/\/redept.org\/blogosfera\/wp-content\/plugins\/yuzo-related-post\/assets\/images\/default.png') 50% 50% no-repeat;width: 125px;height:90px;margin-bottom: 5px;background-size: cover; \"><\/div>\n\t\t\t\t\t\t\t\t\t  <\/div>\n\t\t\t\t\t\t\t\t\t  \n\t\t\t\t\t\t\t\t   <span class=\"yuzo__text--title\" style=\"font-size:13px;\">Lula anuncia pagamento do P\u00e9-de-Meia e Farm\u00e1cia Po...<\/span>\n\t\t\t\t\t\t\t  \n\t\t\t\t\t\t\t  \n\t\t\t\t\t\t\t  <\/a>\n\n\t\t\t\t\t\t  <\/div>\n\t\t\t\t\t\t  <div class=\"relatedthumb \" style=\"width:125px;float:left;overflow:hidden;\">  \n\t\t\t\t\t\t\t  \n\t\t\t\t\t\t\t  <a  href=\"https:\/\/redept.com.br\/blogosfera\/lula-exalta-trabalhadores-brasileiros-e-parceria-com-china-em-inauguracao-da-gwm\/\"  >\n\t\t\t\t\t\t\t\t\t  <div class=\"yuzo-img-wrap \" style=\"width: 125px;height:90px;\">\n\t\t\t\t\t\t\t\t\t\t\n\t\t\t\t\t\t\t\t\t\t<div class=\"yuzo-img\" style=\"background:url('https:\/\/redept.com.br\/blogosfera\/wp-content\/uploads\/2025\/08\/54723437735_19d9caa942_k-150x150.jpg') 50% 50% no-repeat;width: 125px;height:90px;margin-bottom: 5px;background-size: cover; \"><\/div>\n\t\t\t\t\t\t\t\t\t  <\/div>\n\t\t\t\t\t\t\t\t\t  \n\t\t\t\t\t\t\t\t   <span class=\"yuzo__text--title\" style=\"font-size:13px;\">Lula exalta trabalhadores brasileiros e parceria c...<\/span>\n\t\t\t\t\t\t\t  \n\t\t\t\t\t\t\t  \n\t\t\t\t\t\t\t  <\/a>\n\n\t\t\t\t\t\t  <\/div>\n<\/div> <script>\n\t\t\t\t\t\t  jQuery(document).ready(function( $ ){\n\t\t\t\t\t\t\t\/\/jQuery('.yuzo_related_post').equalizer({ overflow : 'relatedthumb' });\n\t\t\t\t\t\t\tjQuery('.yuzo_related_post .yuzo_wraps').equalizer({ columns : '> div' });\n\t\t\t\t\t\t   })\n\t\t\t\t\t\t  <\/script> <!-- End Yuzo :) -->","protected":false},"excerpt":{"rendered":"<p>A audi\u00eancia ocorre meses ap\u00f3s Eduardo defender as medidas econ\u00f4micas dos Estados Unidos contra o Brasil Fonte Related Post Or\u00e7amento 2026: Cpers se mobiliza por aprova\u00e7\u00e3o de&#8230; OMS afirma que casos suspeitos de ebola triplicara&#8230; Brasil bate recorde de desenvolvimento, mas segue &#8230; Caderneta de Sa\u00fade da Crian\u00e7a ganha vers\u00e3o digital&#8230;<\/p>\n","protected":false},"author":2,"featured_media":0,"comment_status":"open","ping_status":"closed","sticky":false,"template":"","format":"standard","meta":{"fifu_image_url":"","fifu_image_alt":"","footnotes":""},"categories":[1269,117,1261,970,73005,618,73006,73007,33008,3241,64730,3375,73008,3767,2427,17,50,11087,112,13651,61203,39770,73009,294,36997,73010,260,63788,9942,73011,13988],"tags":[],"class_list":["post-94329","post","type-post","status-publish","format-standard","hentry","category-8-de-janeiro","category-agronegocio","category-alexandre-de-moraes","category-anistia","category-apoio-a-bolsonaro","category-audiencia-publica","category-audiencia-ustr","category-cancelamento-de-vistos","category-cna","category-comercio-brasil-eua","category-congelamento-de-bens","category-eduardo-bolsonaro","category-empresarios-brasileiros","category-etanol","category-flavio-bolsonaro","category-governo-lula","category-internacional","category-lei-magnitsky","category-lula","category-paulo-figueiredo","category-pre-candidatura-flavio-bolsonaro","category-pressao-politica","category-roberto-azevedo","category-sancoes","category-secao-301","category-sociedade-rural-brasileira","category-stf","category-tarifa-de-25","category-tarifa-dos-eua","category-unica","category-washington"],"_links":{"self":[{"href":"https:\/\/redept.com.br\/blogosfera\/wp-json\/wp\/v2\/posts\/94329","targetHints":{"allow":["GET"]}}],"collection":[{"href":"https:\/\/redept.com.br\/blogosfera\/wp-json\/wp\/v2\/posts"}],"about":[{"href":"https:\/\/redept.com.br\/blogosfera\/wp-json\/wp\/v2\/types\/post"}],"author":[{"embeddable":true,"href":"https:\/\/redept.com.br\/blogosfera\/wp-json\/wp\/v2\/users\/2"}],"replies":[{"embeddable":true,"href":"https:\/\/redept.com.br\/blogosfera\/wp-json\/wp\/v2\/comments?post=94329"}],"version-history":[{"count":0,"href":"https:\/\/redept.com.br\/blogosfera\/wp-json\/wp\/v2\/posts\/94329\/revisions"}],"wp:attachment":[{"href":"https:\/\/redept.com.br\/blogosfera\/wp-json\/wp\/v2\/media?parent=94329"}],"wp:term":[{"taxonomy":"category","embeddable":true,"href":"https:\/\/redept.com.br\/blogosfera\/wp-json\/wp\/v2\/categories?post=94329"},{"taxonomy":"post_tag","embeddable":true,"href":"https:\/\/redept.com.br\/blogosfera\/wp-json\/wp\/v2\/tags?post=94329"}],"curies":[{"name":"wp","href":"https:\/\/api.w.org\/{rel}","templated":true}]}}