{"id":9462,"date":"2024-12-27T16:10:35","date_gmt":"2024-12-27T19:10:35","guid":{"rendered":"https:\/\/redept.org\/blogosfera\/familias-do-pds-osvaldo-de-oliveira-sofrem-ameaca-de-despejo\/"},"modified":"2024-12-27T16:10:35","modified_gmt":"2024-12-27T19:10:35","slug":"familias-do-pds-osvaldo-de-oliveira-sofrem-ameaca-de-despejo","status":"publish","type":"post","link":"https:\/\/redept.com.br\/blogosfera\/familias-do-pds-osvaldo-de-oliveira-sofrem-ameaca-de-despejo\/","title":{"rendered":"Fam\u00edlias do PDS Osvaldo de Oliveira sofrem amea\u00e7a de despejo"},"content":{"rendered":"<figure><img fetchpriority=\"high\" fetchpriority=\"high\" decoding=\"async\" width=\"1024\" height=\"682\" src=\"https:\/\/redept.org\/blogosfera\/wp-content\/uploads\/2024\/12\/09-1024x682-1.jpeg\" alt=\"\" srcset=\"https:\/\/redept.org\/blogosfera\/wp-content\/uploads\/2024\/12\/09-1024x682-1.jpeg 1024w, https:\/\/mst.org.br\/wp-content\/uploads\/2024\/12\/09-300x200.jpeg 300w, https:\/\/mst.org.br\/wp-content\/uploads\/2024\/12\/09-768x512.jpeg 768w, https:\/\/mst.org.br\/wp-content\/uploads\/2024\/12\/09-1536x1023.jpeg 1536w, https:\/\/mst.org.br\/wp-content\/uploads\/2024\/12\/09.jpeg 1600w\" sizes=\"(max-width: 1024px) 100vw, 1024px\"><figcaption><em>Foto: MST no RJ<\/em><\/figcaption><\/figure>\n<p><em>Da P\u00e1gina do MST<\/em><\/p>\n<p>H\u00e1 14 anos na luta pela Reforma Agr\u00e1ria, as 63 fam\u00edlias assentadas do Projeto de Desenvolvimento Sustent\u00e1vel (PDS) Osvaldo de Oliveira, localizado no distrito C\u00f3rrego do Ouro, em Maca\u00e9-RJ, norte fluminense, enfrentam mais uma vez amea\u00e7a de despejo e criminaliza\u00e7\u00e3o social.<\/p>\n<p>A a\u00e7\u00e3o de desapropria\u00e7\u00e3o da Fazenda Bom Jardim iniciou-se em 2012. Ao longo desses anos, as fam\u00edlias que moram no assentamento tornaram-se refer\u00eancias em agroecologia, unindo a produ\u00e7\u00e3o de alimentos saud\u00e1veis \u00e0 conserva\u00e7\u00e3o da natureza e ao reflorestamento de \u00e1reas degradadas, antes tomadas pelo pasto.<\/p>\n<p>Arialdo Mendes, assentado do PDS, relata: \u201cQuando viemos aqui essa terra estava acabada, e agora voc\u00ea v\u00ea como est\u00e1, tem reflorestamento. Antes n\u00e3o se via bicho nenhum, usava-se muito veneno.\u201d<\/p>\n<p>Edna, tamb\u00e9m assentada do PDS, refor\u00e7a: \u201cPor ser uma \u00e1rea de matas ciliares e \u00e1rea de nascente, n\u00f3s estamos cuidando muito melhor. Hoje tem variedades de p\u00e1ssaros e animais que n\u00e3o tinham nesse ambiente. Quando chegamos aqui essa terra estava toda arrendada para gado, os bois estavam destruindo tudo. E a gente chegou aqui e fez a diferen\u00e7a. Tem muitos animais que n\u00e3o v\u00edamos aqui, conseguimos reflorestar v\u00e1rias partes do assentamento, temos v\u00e1rias nascentes e c\u00f3rregos limpos. E nossa produ\u00e7\u00e3o \u00e9 livre de qualquer tipo de veneno.\u201d<\/p>\n<p>Nas palavras do assentado Arialdo, estar vivendo no assentamento mudou sua vida. \u201cL\u00e1 fora eu trabalhava mais em obra, eu n\u00e3o gostava, nem gosto de cidade, eu gosto mais da terra. Me criei na terra, e agora eu me sinto bem, minha vida mudou. Quem nos ame\u00e7a mais \u00e9 o fazendeiro, que quer essa terra.\u201d<\/p>\n<h2>Produ\u00e7\u00e3o agroecol\u00f3gica para a popula\u00e7\u00e3o do munic\u00edpio<\/h2>\n<figure><img decoding=\"async\" width=\"1024\" height=\"768\" src=\"https:\/\/redept.org\/blogosfera\/wp-content\/uploads\/2024\/12\/02-1024x768-1.jpeg\" alt=\"\" srcset=\"https:\/\/redept.org\/blogosfera\/wp-content\/uploads\/2024\/12\/02-1024x768-1.jpeg 1024w, https:\/\/mst.org.br\/wp-content\/uploads\/2024\/12\/02-300x225.jpeg 300w, https:\/\/mst.org.br\/wp-content\/uploads\/2024\/12\/02-768x576.jpeg 768w, https:\/\/mst.org.br\/wp-content\/uploads\/2024\/12\/02.jpeg 1280w\" sizes=\"(max-width: 1024px) 100vw, 1024px\"><figcaption><em>Foto: MST no RJ<\/em><\/figcaption><\/figure>\n<p>Com tr\u00eas \u00e1reas de produ\u00e7\u00e3o coletiva, os camponeses plantam uma grande variedade de alimentos, como ab\u00f3bora, aipim, quiabo, banana, feij\u00e3o, alface, batata-doce, cenoura, couve, inhame, milho, repolho, salsa, cebolinha, entre outros. As produ\u00e7\u00f5es s\u00e3o escoadas para feiras dentro e fora do munic\u00edpio e quinzenalmente para escolas pelo Programa Nacional de Apoio \u00e0 Alimenta\u00e7\u00e3o Escolar (PNAE) e o Programa de Aquisi\u00e7\u00e3o de Alimentos (PAA).<\/p>\n<p>Segundo Marcela dos Santos, assentada do PDS, as fam\u00edlias assentadas trabalham de forma coletiva na produ\u00e7\u00e3o de alimentos no local. \u201cEsse ano tiramos 5 toneladas de feij\u00e3o. S\u00f3 um grupo tirou quase 3 toneladas e meia de ab\u00f3bora, milho, 1 tonelada de melancia, feij\u00e3o vermelho e carioquinha. O fazendeiro fala que a gente n\u00e3o faz nada, mas uma prova viva \u00e9 que a gente fornece para a merenda escolar e para o PAA.\u201d<\/p>\n<p>Os alimentos comercializados pelo PAA somaram mais de 8 mil reais por entrega. Em 2024, o PDS comercializou mais de 12 toneladas de alimentos para o programa, em cerca de 17 variedades de produtos. Em Maca\u00e9, os alimentos beneficiam a Casa do Caminho, na comunidade Planalto da Ajuda, e o Centro de Refer\u00eancia de Assist\u00eancia Social (CRAS), no C\u00f3rrego do Ouro, fortalecendo a seguran\u00e7a alimentar no munic\u00edpio.<\/p>\n<p>E Marcela continua: \u201cAl\u00e9m da gente se alimentar com alimento saud\u00e1vel, a gente tamb\u00e9m alimenta outras pessoas, alimenta as crian\u00e7as nas escolas, os adultos. A gente fica grato quando mandamos a merenda para o CRAS e para a Casa do Caminho, e a gente v\u00ea as fam\u00edlias indo l\u00e1 buscar e falando que est\u00e1 tudo bom, que sentem um gosto diferente, e perguntam quando a gente vai mandar de novo.\u201d<\/p>\n<h2>Trabalho coletivo e protagonismo das mulheres<\/h2>\n<figure><img decoding=\"async\" width=\"1024\" height=\"682\" src=\"https:\/\/redept.org\/blogosfera\/wp-content\/uploads\/2024\/12\/12-1024x682-1.jpeg\" alt=\"\" srcset=\"https:\/\/redept.org\/blogosfera\/wp-content\/uploads\/2024\/12\/12-1024x682-1.jpeg 1024w, https:\/\/mst.org.br\/wp-content\/uploads\/2024\/12\/12-300x200.jpeg 300w, https:\/\/mst.org.br\/wp-content\/uploads\/2024\/12\/12-768x512.jpeg 768w, https:\/\/mst.org.br\/wp-content\/uploads\/2024\/12\/12-1536x1023.jpeg 1536w, https:\/\/mst.org.br\/wp-content\/uploads\/2024\/12\/12.jpeg 1600w\" sizes=\"(max-width: 1024px) 100vw, 1024px\"><figcaption><em>Foto: MST no RJ<\/em><\/figcaption><\/figure>\n<p>Viver no PDS impacta principalmente a vida das mulheres assentadas, que agora t\u00eam moradia, trabalho e renda, organizadas no coletivo Margaridas do Carukango para plantar e comercializar a produ\u00e7\u00e3o de alimentos saud\u00e1veis, refor\u00e7ando os circuitos curtos de comercializa\u00e7\u00e3o local. A assentada Maria das Gra\u00e7as fala que o assentamento \u00e9 um sonho para ela e sua m\u00e3e. \u201cMinha m\u00e3e toda vida teve a vontade de ter um pedacinho de terra. Ela faleceu com 42 anos, eu estou com 71. O que nos amea\u00e7a no trabalho \u00e9 o fazendeiro, que quase todo ano cria obst\u00e1culos, deixando-nos inseguros para realizar nossas atividades.\u201d<\/p>\n<p>A assentada Edna explica que a maior amea\u00e7a \u00e9 tirar esse territ\u00f3rio das fam\u00edlias que vivem no local, porque \u201ct\u00eam propostas \u00f3timas de produzir e viver da produ\u00e7\u00e3o.\u201d E Marcela afirma: \u201cO assentamento significa tudo pra mim. Antigamente eu morava na cidade e tinha muita vontade de ajudar as pessoas. Agora eu ajudo com a merenda escolar, que a gente entrega, com o PAA. A amea\u00e7a agora \u00e9 esse processo, mais uma vez corremos o risco de sermos despejados.\u201d<\/p>\n<p>O PDS tem parceria com a Universidade Federal Fluminense (UFF), realizando feiras agroecol\u00f3gicas mensais em Maca\u00e9 e em Rio das Ostras. Al\u00e9m disso, conta com parceria do LITS-UFRJ no acompanhamento das fam\u00edlias e na constru\u00e7\u00e3o de uma casa de beneficiamento de farinha de mandioca e com o apoio do Projeto de Educa\u00e7\u00e3o Ambiental Rede Observa\u00e7\u00e3o.<\/p>\n<h2>Os ataques do poder judici\u00e1rio<\/h2>\n<figure><img decoding=\"async\" width=\"1024\" height=\"682\" src=\"https:\/\/redept.org\/blogosfera\/wp-content\/uploads\/2024\/12\/07-1024x682-1.jpeg\" alt=\"\" srcset=\"https:\/\/redept.org\/blogosfera\/wp-content\/uploads\/2024\/12\/07-1024x682-1.jpeg 1024w, https:\/\/mst.org.br\/wp-content\/uploads\/2024\/12\/07-300x200.jpeg 300w, https:\/\/mst.org.br\/wp-content\/uploads\/2024\/12\/07-768x512.jpeg 768w, https:\/\/mst.org.br\/wp-content\/uploads\/2024\/12\/07-1536x1023.jpeg 1536w, https:\/\/mst.org.br\/wp-content\/uploads\/2024\/12\/07.jpeg 1600w\" sizes=\"(max-width: 1024px) 100vw, 1024px\"><figcaption><em>Foto: MST no RJ<\/em><\/figcaption><\/figure>\n<p>Apesar do hist\u00f3rico de resgate de dignidade das fam\u00edlias camponesas e a comprova\u00e7\u00e3o de que, ap\u00f3s a implanta\u00e7\u00e3o do PDS, houve amplia\u00e7\u00e3o da \u00e1rea de preserva\u00e7\u00e3o ambiental, o desembargador Marcelo Pereira da Silva, da 8\u00aa Turma Especializada do Tribunal Regional Federal da 2\u00aa Regi\u00e3o (TRF2), tem tomado decis\u00f5es sistem\u00e1ticas para despejar as fam\u00edlias assentadas h\u00e1 12 anos no local. Essas decis\u00f5es violam a legisla\u00e7\u00e3o e a Constitui\u00e7\u00e3o Federal de 1988 e contrariam decis\u00f5es de tribunais superiores, como a do Superior Tribunal de Justi\u00e7a (STJ), que havia suspendido a remo\u00e7\u00e3o for\u00e7ada dos\/as assentados\/as, considerando nula a decis\u00e3o por extrapolar o que foi inicialmente pedido na a\u00e7\u00e3o.<\/p>\n<p>Al\u00e9m disso, o desembargador recentemente negou, inclusive, o pedido de remessa do processo para a Comiss\u00e3o de Solu\u00e7\u00f5es Fundi\u00e1rias do TRF2, que tem o dever de prezar pela preserva\u00e7\u00e3o da dignidade humana nos casos de despejo coletivo, conforme determina o Supremo Tribunal Federal (STF) na ADPF 828 (ADPF do Despejo Zero) e a Resolu\u00e7\u00e3o 510, de 2023, do Conselho Nacional de Justi\u00e7a (CNJ).<\/p>\n<p>Diante de tantas ilegalidades e do risco iminente de despejo, o Instituto Nacional de Coloniza\u00e7\u00e3o e Reforma Agr\u00e1ria (INCRA) apresentou, na segunda quinzena de dezembro, uma reclama\u00e7\u00e3o com pedido de liminar ao STJ (Rcl n\u00ba 48531 \/ RJ), dirigida ao Ministro Herman Benjamin, Presidente do STJ. A Reclama\u00e7\u00e3o foi apreciada pela Ministra Regina Helena Costa (relatora) e teve como resultado a suspens\u00e3o da recente decis\u00e3o de reintegra\u00e7\u00e3o de posse. Mas sabemos que \u00e9 preciso estar alerta e seguir na luta.<\/p>\n<figure><img loading=\"lazy\" decoding=\"async\" width=\"1024\" height=\"682\" src=\"https:\/\/redept.org\/blogosfera\/wp-content\/uploads\/2024\/12\/03-1024x682-1.jpeg\" alt=\"\" srcset=\"https:\/\/redept.org\/blogosfera\/wp-content\/uploads\/2024\/12\/03-1024x682-1.jpeg 1024w, https:\/\/mst.org.br\/wp-content\/uploads\/2024\/12\/03-300x200.jpeg 300w, https:\/\/mst.org.br\/wp-content\/uploads\/2024\/12\/03-768x512.jpeg 768w, https:\/\/mst.org.br\/wp-content\/uploads\/2024\/12\/03-1536x1023.jpeg 1536w, https:\/\/mst.org.br\/wp-content\/uploads\/2024\/12\/03.jpeg 1600w\" sizes=\"(max-width: 1024px) 100vw, 1024px\"><figcaption><em>Foto: MST no RJ<\/em><\/figcaption><\/figure>\n<p>Solicitamos apoio \u00e0 popula\u00e7\u00e3o, manifestando-se, compartilhando e apoiando um abaixo-assinado a ser enviado aos ministros que julgar\u00e3o o caso, para que o PDS Osvaldo de Oliveira permane\u00e7a como refer\u00eancia de produ\u00e7\u00e3o agroecol\u00f3gica no estado do Rio de Janeiro e exemplo de melhoria na qualidade de vida de camponeses que lutam pela Reforma Agr\u00e1ria. Aliando a produ\u00e7\u00e3o de alimentos \u00e0 preserva\u00e7\u00e3o ambiental, reduzindo as desigualdades sociais e assegurando o direito ao meio ambiente ecologicamente equilibrado no Brasil para as presentes e futuras gera\u00e7\u00f5es!<\/p>\n<p>As fam\u00edlias do PDS Osvaldo de Oliveira devem ficar em suas terras! Apoie esta luta e espalhe as <em>hashtags<\/em>: <em>#PDSFica #PDSOsvaldodeOliveiraResiste<\/em> .<\/p>\n<p>N\u00e3o podemos permitir que o PDS Osvaldo de Oliveira volte para as m\u00e3os do fazendeiro e torne-se novamente um latif\u00fandio improdutivo.<\/p>\n<p><em>*Editado por Fernanda Alc\u00e2ntara<\/em><\/p>\n<\/p>\n<p>O post <a href=\"https:\/\/mst.org.br\/2024\/12\/27\/familias-do-pds-osvaldo-de-oliveira-sofrem-ameaca-de-despejo\/\">Fam\u00edlias do PDS Osvaldo de Oliveira sofrem amea\u00e7a de despejo<\/a> apareceu primeiro em <a href=\"https:\/\/mst.org.br\/\">MST<\/a>.<\/p>\n<!-- Begin Yuzo --><div class='yuzo_related_post style-1'  data-version='5.12.89'><!-- without result --><div class='yuzo_clearfixed yuzo__title yuzo__title'><h3>Related Post<\/h3><\/div>\n\t\t\t\t\t\t  <div class=\"relatedthumb \" style=\"width:125px;float:left;overflow:hidden;\">  \n\t\t\t\t\t\t\t  \n\t\t\t\t\t\t\t  <a  href=\"https:\/\/sul21.com.br\/noticias\/geral\/2025\/10\/mais-brincadeira-menos-tela-confira-dicas-para-uma-infancia-saudavel\/\"  >\n\t\t\t\t\t\t\t\t\t  <div class=\"yuzo-img-wrap \" style=\"width: 125px;height:90px;\">\n\t\t\t\t\t\t\t\t\t\t\n\t\t\t\t\t\t\t\t\t\t<div class=\"yuzo-img\" style=\"background:url('https:\/\/agenciabrasil.ebc.com.br\/ebc.png?id=1662295&amp;o=node') 50% 50% no-repeat;width: 125px;height:90px;margin-bottom: 5px;background-size: cover; \"><\/div>\n\t\t\t\t\t\t\t\t\t  <\/div>\n\t\t\t\t\t\t\t\t\t  \n\t\t\t\t\t\t\t\t   <span class=\"yuzo__text--title\" style=\"font-size:13px;\">Mais brincadeira, menos tela: confira dicas para u...<\/span>\n\t\t\t\t\t\t\t  \n\t\t\t\t\t\t\t  \n\t\t\t\t\t\t\t  <\/a>\n\n\t\t\t\t\t\t  <\/div>\n\t\t\t\t\t\t  <div class=\"relatedthumb \" style=\"width:125px;float:left;overflow:hidden;\">  \n\t\t\t\t\t\t\t  \n\t\t\t\t\t\t\t  <a  href=\"https:\/\/redept.com.br\/blogosfera\/sao-paulo-bate-o-campeao-e-corinthians-perde-na-estreia-do-brasileirao\/\"  >\n\t\t\t\t\t\t\t\t\t  <div class=\"yuzo-img-wrap \" style=\"width: 125px;height:90px;\">\n\t\t\t\t\t\t\t\t\t\t\n\t\t\t\t\t\t\t\t\t\t<div class=\"yuzo-img\" style=\"background:url('https:\/\/redept.org\/blogosfera\/wp-content\/plugins\/yuzo-related-post\/assets\/images\/default.png') 50% 50% no-repeat;width: 125px;height:90px;margin-bottom: 5px;background-size: cover; \"><\/div>\n\t\t\t\t\t\t\t\t\t  <\/div>\n\t\t\t\t\t\t\t\t\t  \n\t\t\t\t\t\t\t\t   <span class=\"yuzo__text--title\" style=\"font-size:13px;\">S\u00e3o Paulo bate o campe\u00e3o e Corinthians perde na es...<\/span>\n\t\t\t\t\t\t\t  \n\t\t\t\t\t\t\t  \n\t\t\t\t\t\t\t  <\/a>\n\n\t\t\t\t\t\t  <\/div>\n\t\t\t\t\t\t  <div class=\"relatedthumb \" style=\"width:125px;float:left;overflow:hidden;\">  \n\t\t\t\t\t\t\t  \n\t\t\t\t\t\t\t  <a  href=\"https:\/\/redept.com.br\/blogosfera\/assim-o-dinheiro-pode-ser-um-comum\/\"  >\n\t\t\t\t\t\t\t\t\t  <div class=\"yuzo-img-wrap \" style=\"width: 125px;height:90px;\">\n\t\t\t\t\t\t\t\t\t\t\n\t\t\t\t\t\t\t\t\t\t<div class=\"yuzo-img\" style=\"background:url('https:\/\/redept.com.br\/blogosfera\/wp-content\/uploads\/2025\/10\/Sem-titulo-8-150x150.jpeg') 50% 50% no-repeat;width: 125px;height:90px;margin-bottom: 5px;background-size: cover; \"><\/div>\n\t\t\t\t\t\t\t\t\t  <\/div>\n\t\t\t\t\t\t\t\t\t  \n\t\t\t\t\t\t\t\t   <span class=\"yuzo__text--title\" style=\"font-size:13px;\">Assim o dinheiro pode ser um Comum<\/span>\n\t\t\t\t\t\t\t  \n\t\t\t\t\t\t\t  \n\t\t\t\t\t\t\t  <\/a>\n\n\t\t\t\t\t\t  <\/div>\n\t\t\t\t\t\t  <div class=\"relatedthumb \" style=\"width:125px;float:left;overflow:hidden;\">  \n\t\t\t\t\t\t\t  \n\t\t\t\t\t\t\t  <a  href=\"https:\/\/redept.com.br\/blogosfera\/gleisi-rechaca-editorial-da-folha-sobre-juros-e-aponta-contradicoes\/\"  >\n\t\t\t\t\t\t\t\t\t  <div class=\"yuzo-img-wrap \" style=\"width: 125px;height:90px;\">\n\t\t\t\t\t\t\t\t\t\t\n\t\t\t\t\t\t\t\t\t\t<div class=\"yuzo-img\" style=\"background:url('https:\/\/redept.org\/blogosfera\/wp-content\/plugins\/yuzo-related-post\/assets\/images\/default.png') 50% 50% no-repeat;width: 125px;height:90px;margin-bottom: 5px;background-size: cover; \"><\/div>\n\t\t\t\t\t\t\t\t\t  <\/div>\n\t\t\t\t\t\t\t\t\t  \n\t\t\t\t\t\t\t\t   <span class=\"yuzo__text--title\" style=\"font-size:13px;\">Gleisi recha\u00e7a editorial da Folha sobre juros e ap...<\/span>\n\t\t\t\t\t\t\t  \n\t\t\t\t\t\t\t  \n\t\t\t\t\t\t\t  <\/a>\n\n\t\t\t\t\t\t  <\/div>\n<\/div> <script>\n\t\t\t\t\t\t  jQuery(document).ready(function( $ ){\n\t\t\t\t\t\t\t\/\/jQuery('.yuzo_related_post').equalizer({ overflow : 'relatedthumb' });\n\t\t\t\t\t\t\tjQuery('.yuzo_related_post .yuzo_wraps').equalizer({ columns : '> div' });\n\t\t\t\t\t\t   })\n\t\t\t\t\t\t  <\/script> <!-- End Yuzo :) -->","protected":false},"excerpt":{"rendered":"<p>Foto: MST no RJ Da P\u00e1gina do MST H\u00e1 14 anos na luta pela Reforma Agr\u00e1ria, as 63 fam\u00edlias assentadas do Projeto de Desenvolvimento Sustent\u00e1vel (PDS) Osvaldo de Oliveira, localizado no distrito C\u00f3rrego do Ouro, em Maca\u00e9-RJ, norte fluminense, enfrentam mais uma vez amea\u00e7a de despejo e criminaliza\u00e7\u00e3o social. A a\u00e7\u00e3o de desapropria\u00e7\u00e3o da Fazenda [&hellip;]<\/p>\n","protected":false},"author":2,"featured_media":9463,"comment_status":"open","ping_status":"closed","sticky":false,"template":"","format":"standard","meta":{"fifu_image_url":"","fifu_image_alt":"","footnotes":""},"categories":[2259,2964,191,2965,199,49],"tags":[],"class_list":["post-9462","post","type-post","status-publish","format-standard","has-post-thumbnail","hentry","category-despejo","category-despejo-ilegal","category-noticias","category-pds-osvaldo-de-oliveira","category-producao-de-alimentos","category-rio-de-janeiro"],"_links":{"self":[{"href":"https:\/\/redept.com.br\/blogosfera\/wp-json\/wp\/v2\/posts\/9462","targetHints":{"allow":["GET"]}}],"collection":[{"href":"https:\/\/redept.com.br\/blogosfera\/wp-json\/wp\/v2\/posts"}],"about":[{"href":"https:\/\/redept.com.br\/blogosfera\/wp-json\/wp\/v2\/types\/post"}],"author":[{"embeddable":true,"href":"https:\/\/redept.com.br\/blogosfera\/wp-json\/wp\/v2\/users\/2"}],"replies":[{"embeddable":true,"href":"https:\/\/redept.com.br\/blogosfera\/wp-json\/wp\/v2\/comments?post=9462"}],"version-history":[{"count":0,"href":"https:\/\/redept.com.br\/blogosfera\/wp-json\/wp\/v2\/posts\/9462\/revisions"}],"wp:featuredmedia":[{"embeddable":true,"href":"https:\/\/redept.com.br\/blogosfera\/wp-json\/wp\/v2\/media\/9463"}],"wp:attachment":[{"href":"https:\/\/redept.com.br\/blogosfera\/wp-json\/wp\/v2\/media?parent=9462"}],"wp:term":[{"taxonomy":"category","embeddable":true,"href":"https:\/\/redept.com.br\/blogosfera\/wp-json\/wp\/v2\/categories?post=9462"},{"taxonomy":"post_tag","embeddable":true,"href":"https:\/\/redept.com.br\/blogosfera\/wp-json\/wp\/v2\/tags?post=9462"}],"curies":[{"name":"wp","href":"https:\/\/api.w.org\/{rel}","templated":true}]}}