{"id":94756,"date":"2026-07-08T10:25:30","date_gmt":"2026-07-08T13:25:30","guid":{"rendered":"https:\/\/redept.com.br\/blogosfera\/operacao-nacional-contra-faccoes-cumpre-274-mandados-em-16-estados\/"},"modified":"2026-07-08T10:25:30","modified_gmt":"2026-07-08T13:25:30","slug":"operacao-nacional-contra-faccoes-cumpre-274-mandados-em-16-estados","status":"publish","type":"post","link":"https:\/\/redept.com.br\/blogosfera\/operacao-nacional-contra-faccoes-cumpre-274-mandados-em-16-estados\/","title":{"rendered":"Opera\u00e7\u00e3o nacional contra fac\u00e7\u00f5es cumpre 274 mandados em 16 estados"},"content":{"rendered":"<p>As For\u00e7as Integradas de Combate ao Crime Organizado (Ficcos) deflagraram, nesta quarta-feira (8), uma opera\u00e7\u00e3o para executar 274 mandados judiciais expedidos contra suspeitos de integrar fac\u00e7\u00f5es criminosas em 16 estados brasileiros. Os policiais cumprem medidas judiciais relacionadas \u00e0 atua\u00e7\u00e3o de organiza\u00e7\u00f5es criminosas e ao tr\u00e1fico de drogas, de armas e lavagem de dinheiro. De acordo [\u2026]<\/p>\n<p><a href=\"https:\/\/www.brasildefato.com.br\/2026\/07\/08\/operacao-nacional-contra-faccoes-cumpre-274-mandados-em-16-estados\/\" rel=\"nofollow\">Fonte<\/a><\/p>\n<!-- Begin Yuzo --><div class='yuzo_related_post style-1'  data-version='5.12.89'><!-- without result --><div class='yuzo_clearfixed yuzo__title yuzo__title'><h3>Related Post<\/h3><\/div>\n\t\t\t\t\t\t  <div class=\"relatedthumb \" style=\"width:125px;float:left;overflow:hidden;\">  \n\t\t\t\t\t\t\t  \n\t\t\t\t\t\t\t  <a  href=\"https:\/\/redept.com.br\/blogosfera\/curso-gratuito-debate-atuacao-da-extrema-direita-pela-busca-do-poder-a-partir-desta-quinta-9\/\"  >\n\t\t\t\t\t\t\t\t\t  <div class=\"yuzo-img-wrap \" style=\"width: 125px;height:90px;\">\n\t\t\t\t\t\t\t\t\t\t\n\t\t\t\t\t\t\t\t\t\t<div class=\"yuzo-img\" style=\"background:url('https:\/\/redept.org\/blogosfera\/wp-content\/plugins\/yuzo-related-post\/assets\/images\/default.png') 50% 50% no-repeat;width: 125px;height:90px;margin-bottom: 5px;background-size: cover; \"><\/div>\n\t\t\t\t\t\t\t\t\t  <\/div>\n\t\t\t\t\t\t\t\t\t  \n\t\t\t\t\t\t\t\t   <span class=\"yuzo__text--title\" style=\"font-size:13px;\">Curso gratuito debate atua\u00e7\u00e3o da extrema direita p...<\/span>\n\t\t\t\t\t\t\t  \n\t\t\t\t\t\t\t  \n\t\t\t\t\t\t\t  <\/a>\n\n\t\t\t\t\t\t  <\/div>\n\t\t\t\t\t\t  <div class=\"relatedthumb \" style=\"width:125px;float:left;overflow:hidden;\">  \n\t\t\t\t\t\t\t  \n\t\t\t\t\t\t\t  <a  href=\"https:\/\/redept.com.br\/blogosfera\/israel-submete-palestinos-a-miseria-extrema\/\"  >\n\t\t\t\t\t\t\t\t\t  <div class=\"yuzo-img-wrap \" style=\"width: 125px;height:90px;\">\n\t\t\t\t\t\t\t\t\t\t\n\t\t\t\t\t\t\t\t\t\t<div class=\"yuzo-img\" style=\"background:url('https:\/\/redept.org\/blogosfera\/wp-content\/plugins\/yuzo-related-post\/assets\/images\/default.png') 50% 50% no-repeat;width: 125px;height:90px;margin-bottom: 5px;background-size: cover; \"><\/div>\n\t\t\t\t\t\t\t\t\t  <\/div>\n\t\t\t\t\t\t\t\t\t  \n\t\t\t\t\t\t\t\t   <span class=\"yuzo__text--title\" style=\"font-size:13px;\">Israel submete palestinos \u00e0 mis\u00e9ria extrema<\/span>\n\t\t\t\t\t\t\t  \n\t\t\t\t\t\t\t  \n\t\t\t\t\t\t\t  <\/a>\n\n\t\t\t\t\t\t  <\/div>\n\t\t\t\t\t\t  <div class=\"relatedthumb \" style=\"width:125px;float:left;overflow:hidden;\">  \n\t\t\t\t\t\t\t  \n\t\t\t\t\t\t\t  <a  href=\"https:\/\/redept.com.br\/blogosfera\/marcha-do-silencio-cobra-do-estado-uruguaio-a-verdade-sobre-mortos-da-ditadura\/\"  >\n\t\t\t\t\t\t\t\t\t  <div class=\"yuzo-img-wrap \" style=\"width: 125px;height:90px;\">\n\t\t\t\t\t\t\t\t\t\t\n\t\t\t\t\t\t\t\t\t\t<div class=\"yuzo-img\" style=\"background:url('https:\/\/redept.com.br\/blogosfera\/wp-content\/uploads\/2026\/05\/marcha-silencio-uruguai_Foto-Rodrigo-Viera-Amaral-la-diaria-150x150.jpg') 50% 50% no-repeat;width: 125px;height:90px;margin-bottom: 5px;background-size: cover; \"><\/div>\n\t\t\t\t\t\t\t\t\t  <\/div>\n\t\t\t\t\t\t\t\t\t  \n\t\t\t\t\t\t\t\t   <span class=\"yuzo__text--title\" style=\"font-size:13px;\">Marcha do Sil\u00eancio cobra do Estado uruguaio a verd...<\/span>\n\t\t\t\t\t\t\t  \n\t\t\t\t\t\t\t  \n\t\t\t\t\t\t\t  <\/a>\n\n\t\t\t\t\t\t  <\/div>\n\t\t\t\t\t\t  <div class=\"relatedthumb \" style=\"width:125px;float:left;overflow:hidden;\">  \n\t\t\t\t\t\t\t  \n\t\t\t\t\t\t\t  <a  href=\"https:\/\/redept.com.br\/blogosfera\/massacre-de-eldorado-do-carajas-as-perguntas-que-ficaram-na-curva-do-s\/\"  >\n\t\t\t\t\t\t\t\t\t  <div class=\"yuzo-img-wrap \" style=\"width: 125px;height:90px;\">\n\t\t\t\t\t\t\t\t\t\t\n\t\t\t\t\t\t\t\t\t\t<div class=\"yuzo-img\" style=\"background:url('https:\/\/redept.com.br\/blogosfera\/wp-content\/uploads\/2026\/07\/image-8-150x150.jpg') 50% 50% no-repeat;width: 125px;height:90px;margin-bottom: 5px;background-size: cover; \"><\/div>\n\t\t\t\t\t\t\t\t\t  <\/div>\n\t\t\t\t\t\t\t\t\t  \n\t\t\t\t\t\t\t\t   <span class=\"yuzo__text--title\" style=\"font-size:13px;\">Massacre de Eldorado do Caraj\u00e1s: as perguntas que ...<\/span>\n\t\t\t\t\t\t\t  \n\t\t\t\t\t\t\t  \n\t\t\t\t\t\t\t  <\/a>\n\n\t\t\t\t\t\t  <\/div>\n<\/div> <script>\n\t\t\t\t\t\t  jQuery(document).ready(function( $ ){\n\t\t\t\t\t\t\t\/\/jQuery('.yuzo_related_post').equalizer({ overflow : 'relatedthumb' });\n\t\t\t\t\t\t\tjQuery('.yuzo_related_post .yuzo_wraps').equalizer({ columns : '> div' });\n\t\t\t\t\t\t   })\n\t\t\t\t\t\t  <\/script> <!-- End Yuzo :) -->","protected":false},"excerpt":{"rendered":"<p>As For\u00e7as Integradas de Combate ao Crime Organizado (Ficcos) deflagraram, nesta quarta-feira (8), uma opera\u00e7\u00e3o para executar 274 mandados judiciais expedidos contra suspeitos de integrar fac\u00e7\u00f5es criminosas em 16 estados brasileiros. Os policiais cumprem medidas judiciais relacionadas \u00e0 atua\u00e7\u00e3o de organiza\u00e7\u00f5es criminosas e ao tr\u00e1fico de drogas, de armas e lavagem de dinheiro. De acordo [&hellip;]<\/p>\n","protected":false},"author":2,"featured_media":0,"comment_status":"open","ping_status":"closed","sticky":false,"template":"","format":"standard","meta":{"fifu_image_url":"","fifu_image_alt":"","footnotes":""},"categories":[73819,4703,13354,73820,7293,1428,69419,27609,56896,94,5905,73821,51421,745,47498,10174,73822,73823,73824,73825,73826,73827,73828,73829,1614,1764,73830,12154,73831,73,9962,3276],"tags":[],"class_list":["post-94756","post","type-post","status-publish","format-standard","hentry","category-adulteracao-entorpecentes","category-bdf","category-busca-e-apreensao","category-cameras-vigilancia","category-comando-vermelho","category-crime-organizado","category-estados-brasileiros","category-faccoes-criminosas","category-ficcos","category-geral","category-homicidios","category-insumos-quimicos","category-lavagem-de-capitais","category-lavagem-de-dinheiro","category-mandados-judiciais","category-medidas-cautelares","category-operacao-blend","category-operacao-conexao-amazonia","category-operacao-forca-integrada-iii","category-operacao-mandamus","category-operacao-ruptura","category-operacao-thalassa","category-operacao-torre-8","category-operacao-zip-lock","category-pcc","category-policia-federal","category-posse-ilegal-de-arma","category-prisao-preventiva","category-roubo-de-cargas","category-seguranca-publica","category-trafico-de-armas","category-trafico-de-drogas"],"_links":{"self":[{"href":"https:\/\/redept.com.br\/blogosfera\/wp-json\/wp\/v2\/posts\/94756","targetHints":{"allow":["GET"]}}],"collection":[{"href":"https:\/\/redept.com.br\/blogosfera\/wp-json\/wp\/v2\/posts"}],"about":[{"href":"https:\/\/redept.com.br\/blogosfera\/wp-json\/wp\/v2\/types\/post"}],"author":[{"embeddable":true,"href":"https:\/\/redept.com.br\/blogosfera\/wp-json\/wp\/v2\/users\/2"}],"replies":[{"embeddable":true,"href":"https:\/\/redept.com.br\/blogosfera\/wp-json\/wp\/v2\/comments?post=94756"}],"version-history":[{"count":0,"href":"https:\/\/redept.com.br\/blogosfera\/wp-json\/wp\/v2\/posts\/94756\/revisions"}],"wp:attachment":[{"href":"https:\/\/redept.com.br\/blogosfera\/wp-json\/wp\/v2\/media?parent=94756"}],"wp:term":[{"taxonomy":"category","embeddable":true,"href":"https:\/\/redept.com.br\/blogosfera\/wp-json\/wp\/v2\/categories?post=94756"},{"taxonomy":"post_tag","embeddable":true,"href":"https:\/\/redept.com.br\/blogosfera\/wp-json\/wp\/v2\/tags?post=94756"}],"curies":[{"name":"wp","href":"https:\/\/api.w.org\/{rel}","templated":true}]}}