{"id":94892,"date":"2026-07-08T18:12:00","date_gmt":"2026-07-08T21:12:00","guid":{"rendered":"https:\/\/redept.com.br\/blogosfera\/tera-o-brasil-embicado-a-direita\/"},"modified":"2026-07-08T18:12:00","modified_gmt":"2026-07-08T21:12:00","slug":"tera-o-brasil-embicado-a-direita","status":"publish","type":"post","link":"https:\/\/redept.com.br\/blogosfera\/tera-o-brasil-embicado-a-direita\/","title":{"rendered":"Ter\u00e1 o Brasil embicado \u00e0 direita?"},"content":{"rendered":"<figure><img fetchpriority=\"high\" decoding=\"async\" width=\"609\" height=\"402\"src=\"https:\/\/redept.com.br\/blogosfera\/wp-content\/uploads\/2026\/07\/Screenshot-2026-07-08-at-18-40-50-istockphoto-1778310852-612x612jpg-imagem-JPEG-612-408-pixels.jpg\" alt=\"\" srcset=\"https:\/\/redept.com.br\/blogosfera\/wp-content\/uploads\/2026\/07\/Screenshot-2026-07-08-at-18-40-50-istockphoto-1778310852-612x612jpg-imagem-JPEG-612-408-pixels.jpg 609w, https:\/\/outraspalavras.net\/wp-content\/uploads\/2026\/07\/Screenshot-2026-07-08-at-18-40-50-istockphoto-1778310852-612x612.jpg-imagem-JPEG-612-\u00d7-408-pixels-300x198.jpg 300w\" sizes=\"(max-width: 609px) 100vw, 609px\"><\/figure>\n<div>\n<div>\n<div>\n<div>\n<div>\n<div>\n<div>\n<h4>Boletim Outras Palavras<\/h4>\n<p>Receba por email, diariamente, todas as publica\u00e7\u00f5es do site<\/p>\n<\/p><\/div>\n<div>\n<div>\n<div>\n<div>\n<div><\/div>\n<\/p><\/div>\n<\/p><\/div>\n<div>\n                <button type=\"submit\">Assinar<\/button><br \/>\n                <button disabled type=\"button\"> <\/p>\n<div><\/div>\n<p> <span>Loading&#8230;<\/span> <\/button>\n              <\/div>\n<\/p><\/div>\n<\/p><\/div>\n<div>\n            <button type=\"submit\">Assinar<\/button><br \/>\n            <button disabled type=\"button\"> <\/p>\n<div><\/div>\n<p> <span>Loading&#8230;<\/span> <\/button>\n          <\/div>\n<\/p><\/div>\n<div>\n<div>\n<h4>Agradecemos!<\/h4>\n<p>Voc\u00ea j\u00e1 est\u00e1 inscrito e come\u00e7ar\u00e1 a receber os boletins em breve. Boa leitura!<\/p>\n<\/p><\/div>\n<\/p><\/div>\n<\/p><\/div>\n<\/p><\/div>\n<\/div>\n<p><imgsrc=\"\" width=\"1\" height=\"1\" alt=\".\" border=\"0\">\n<\/div>\n<\/div>\n<p>O Datafolha acaba de divulgar mais uma pesquisa da s\u00e9rie hist\u00f3rica iniciada em 2013 sobre o posicionamento ideol\u00f3gico dos brasileiros.<\/p>\n<p>No dado divulgado, 44% dos eleitores se identificam com direita e 39% com esquerda. Outros 17% foram classificados como de centro.<\/p>\n<p>O levantamento foi realizado nos dias 17 e 18 de junho e ouviu 2.004 eleitores em 139 munic\u00edpios, sendo que a margem de erro da pesquisa \u00e9 de dois pontos percentuais. A matriz ideol\u00f3gica n\u00e3o se baseia na autodeclara\u00e7\u00e3o dos entrevistados. O Datafolha apresenta 16 perguntas, sendo dez sobre comportamento e seis sobre pensamento econ\u00f4mico. A partir das respostas, o instituto classifica os entrevistados em cinco faixas: direita, centro-direita, centro, centro-esquerda e esquerda.<\/p>\n<div>\n<div><imgsrc=\"https:\/\/redept.com.br\/blogosfera\/wp-content\/uploads\/2026\/07\/14--12.png\" alt=\"\" srcset=\"https:\/\/redept.com.br\/blogosfera\/wp-content\/uploads\/2026\/07\/14--12.png 680w, https:\/\/outraspalavras.net\/wp-content\/uploads\/2025\/12\/14-1-300x110.png 300w\" sizes=\"(max-width: 680px) 100vw, 680px\" width=\"680\" height=\"250\"><\/div>\n<\/div>\n<div>\n<figure><img decoding=\"async\" width=\"675\" height=\"380\"src=\"https:\/\/redept.com.br\/blogosfera\/wp-content\/uploads\/2026\/07\/imagemm1.png\" alt=\"\" srcset=\"https:\/\/redept.com.br\/blogosfera\/wp-content\/uploads\/2026\/07\/imagemm1.png 675w, https:\/\/outraspalavras.net\/wp-content\/uploads\/2026\/07\/imagemm1-300x169.png 300w\" sizes=\"(max-width: 675px) 100vw, 675px\"><\/figure>\n<\/div>\n<p>O cen\u00e1rio representa uma invers\u00e3o em rela\u00e7\u00e3o a 2022, quando, durante o governo de Jair Bolsonaro, a esquerda somava 49% e a direita, 34%. Acontece que esta mudan\u00e7a ocorreu ao longo da d\u00e9cada, a partir da an\u00e1lise da s\u00e9rie hist\u00f3rica constru\u00edda pelo pr\u00f3prio Datafolha.<\/p>\n<div>\n<figure><img decoding=\"async\" width=\"568\" height=\"332\"src=\"https:\/\/redept.com.br\/blogosfera\/wp-content\/uploads\/2026\/07\/image-5.png\" alt=\"\" srcset=\"https:\/\/redept.com.br\/blogosfera\/wp-content\/uploads\/2026\/07\/image-5.png 568w, https:\/\/outraspalavras.net\/wp-content\/uploads\/2026\/07\/image-5-300x175.png 300w\" sizes=\"(max-width: 568px) 100vw, 568px\"><\/figure>\n<\/div>\n<p>A situa\u00e7\u00e3o \u00e9 mais definida no caso das mulheres. Elas s\u00e3o mais progressistas que os homens.<\/p>\n<p>Com efeito, entre mulheres, esquerda soma 44% e direita, 37%; entre homens, direita chega a 50%, ante 33% \u00e0 esquerda.<\/p>\n<p>A divis\u00e3o interna da escala mostra que, entre mulheres, 16% s\u00e3o classificadas como esquerda, e 28%, como centro-esquerda. Entre homens, os percentuais s\u00e3o de 10% e 24%, respectivamente.<\/p>\n<p>Na economia, a esquerda fica \u00e0 frente nos dois grupos, mas com vantagem maior entre mulheres. Entre elas, 51% s\u00e3o classificadas \u00e0 esquerda ou centro-esquerda, ante 24% \u00e0 direita ou centro-direita. Entre homens, a esquerda soma 40%, e a direita, 33%.<\/p>\n<p>O centro re\u00fane 18% das mulheres e 16% dos homens.<\/p>\n<p>A constata\u00e7\u00e3o de que mulheres brasileiras se encontram mais \u00e0 esquerda que homens segue uma tend\u00eancia mundial.<\/p>\n<div>\n<div><imgsrc=\"\" alt=\"\" width=\"728\" height=\"90\"><\/div>\n<\/div>\n<p>Dados da revista brit\u00e2nica The Economist que ganhou o t\u00edtulo \u201cWhy young men and women are drifting apart\u201d apontam que, globalmente, as mulheres jovens est\u00e3o se tornando o grupo social mais progressista, resultando em uma crescente diverg\u00eancia ideol\u00f3gica em rela\u00e7\u00e3o aos homens da mesma faixa et\u00e1ria. Especialmente nos Estados Unidos e na Europa, mulheres jovens est\u00e3o optando por pautas mais de esquerda, exigindo maior igualdade e direitos sociais.<\/p>\n<p>Em contrapartida, os homens jovens v\u00eam demonstrando uma inclina\u00e7\u00e3o maior a apoiar partidos conservadores ou de extrema-direita, distanciando-se das posi\u00e7\u00f5es de gera\u00e7\u00f5es anteriores.<\/p>\n<p>H\u00e1 muitos fatores que a mat\u00e9ria sugere como definidor desta mudan\u00e7a. Uma delas seria a disparidade nos n\u00edveis de educa\u00e7\u00e3o, com mais mulheres ingressando no ensino superior e se graduando, enquanto homens com menor n\u00edvel de educa\u00e7\u00e3o formal tendem a buscar ref\u00fagio em valores tradicionais.<\/p>\n<p>Estudos internacionais sugerem, contudo, que se trata de uma rea\u00e7\u00e3o ultraconservadora dos homens em virtude do aumento da participa\u00e7\u00e3o das mulheres no mercado de trabalho e maior independ\u00eancia financeira e sexual. Da\u00ed surgiriam coletivos masculinos de rejei\u00e7\u00e3o \u00e0 figura feminina, como os Incels (abrevia\u00e7\u00e3o em ingl\u00eas \u201cinvoluntary celibate\u201d que significaria \u201ccelibat\u00e1rio involunt\u00e1rio\u201d). Os Incels foram retratados na miniss\u00e9rie \u201cAdolesc\u00eancia\u201d como jovens que n\u00e3o conseguem estabelecer rela\u00e7\u00f5es amorosas ou sexuais, e frequentemente atribuem a culpa dessa frustra\u00e7\u00e3o \u00e0s mulheres e \u00e0 sociedade. A miniss\u00e9rie cita a teoria 80\/20, que sugere falsamente que 80% das mulheres se atraem por 20% dos homens, alimentando o radicalismo e o isolamento dos jovens.<\/p>\n<p>A mat\u00e9ria do The Economist indica que a partir de 2012 as mulheres em v\u00e1rios pa\u00edses desenvolvidos foram se destacando como segmento progressista.<\/p>\n<figure><img loading=\"lazy\" decoding=\"async\" width=\"1062\" height=\"831\"src=\"https:\/\/redept.com.br\/blogosfera\/wp-content\/uploads\/2026\/07\/imagemmm2.png\" alt=\"\" srcset=\"https:\/\/redept.com.br\/blogosfera\/wp-content\/uploads\/2026\/07\/imagemmm2.png 1062w, https:\/\/outraspalavras.net\/wp-content\/uploads\/2026\/07\/imagemmm2-300x235.png 300w, https:\/\/outraspalavras.net\/wp-content\/uploads\/2026\/07\/imagemmm2-768x601.png 768w\" sizes=\"(max-width: 1062px) 100vw, 1062px\"><\/figure>\n<div>\n<figure><img loading=\"lazy\" decoding=\"async\" width=\"679\" height=\"434\"src=\"https:\/\/redept.com.br\/blogosfera\/wp-content\/uploads\/2026\/07\/depoissss.jpg\" alt=\"\" srcset=\"https:\/\/redept.com.br\/blogosfera\/wp-content\/uploads\/2026\/07\/depoissss.jpg 679w, https:\/\/outraspalavras.net\/wp-content\/uploads\/2026\/07\/depoissss-300x192.jpg 300w\" sizes=\"(max-width: 679px) 100vw, 679px\"><\/figure>\n<\/div>\n<p>Dados do Estudo Cooperativo de Elei\u00e7\u00f5es (CES) revelam que, em m\u00e9dia, uma propor\u00e7\u00e3o maior de mulheres jovens se identifica como liberal em compara\u00e7\u00e3o com os homens jovens. Curiosamente, esses resultados tamb\u00e9m mostram que, para ambos os sexos, a propor\u00e7\u00e3o de jovens adultos liberais diminuiu em rela\u00e7\u00e3o \u00e0 propor\u00e7\u00e3o de jovens conservadores no in\u00edcio da d\u00e9cada de 2010 e, de modo geral, tem apresentado uma tend\u00eancia de alta desde aproximadamente 2017.<\/p>\n<p>Atualmente, a propor\u00e7\u00e3o de homens jovens liberais \u00e9 cerca de dez pontos percentuais maior do que a propor\u00e7\u00e3o de homens jovens conservadores. A representatividade de mulheres liberais \u00e9 ainda maior.<\/p>\n<p>Portanto, al\u00e9m da diferen\u00e7a de g\u00eanero, a ideologia tamb\u00e9m tem um fator geracional.<\/p>\n<figure><img loading=\"lazy\" decoding=\"async\" width=\"1024\" height=\"692\"src=\"https:\/\/redept.com.br\/blogosfera\/wp-content\/uploads\/2026\/07\/imagemm4-1.png\" alt=\"\" srcset=\"https:\/\/redept.com.br\/blogosfera\/wp-content\/uploads\/2026\/07\/imagemm4-1.png 1024w, https:\/\/outraspalavras.net\/wp-content\/uploads\/2026\/07\/imagemm4-1-300x203.png 300w, https:\/\/outraspalavras.net\/wp-content\/uploads\/2026\/07\/imagemm4-1-768x519.png 768w\" sizes=\"(max-width: 1024px) 100vw, 1024px\"><\/figure>\n<p>Retornando ao caso brasileiro, temos ind\u00edcios que somente uma \u00ednfima por\u00e7\u00e3o sabe exatamente do que est\u00e1 dizendo quando se autodefine como de esquerda ou direita.<\/p>\n<p>Pedro Henrique Marques, a partir de um amplo conjunto de dados colhidos em 2017 escreveu um interessante ensaio intitulado \u201cEstudo Dimens\u00e3o e Determinantes do Pensamento Ideol\u00f3gico entre os Brasileiros\u201d. O estudo, assim como no caso do Datafolha conceitua o espectro ideol\u00f3gico a partir de um sistema de cren\u00e7as pessoais para distinguir quem \u00e9 de esquerda ou direita. Trata-se de um crit\u00e9rio ex\u00f3geno muito empregado nos EUA.<\/p>\n<p>O primeiro crit\u00e9rios empregado se relacionava \u00e0 dimens\u00e3o econ\u00f4mica da ideologia, ou seja, posi\u00e7\u00f5es mais pr\u00f3ximas da defesa da presen\u00e7a reguladora do Estado na economia \u00e9 hoje mais associado \u00e0 esquerda. Um segundo crit\u00e9rio de distin\u00e7\u00e3o entre esquerda e direita, associava-se \u00e0 dimens\u00e3o ideol\u00f3gica dos costumes e valores morais tradicionais.<\/p>\n<div>\n<figure><img loading=\"lazy\" decoding=\"async\" width=\"700\" height=\"744\"src=\"https:\/\/redept.com.br\/blogosfera\/wp-content\/uploads\/2026\/07\/imagemm5.png\" alt=\"\" srcset=\"https:\/\/redept.com.br\/blogosfera\/wp-content\/uploads\/2026\/07\/imagemm5.png 700w, https:\/\/outraspalavras.net\/wp-content\/uploads\/2026\/07\/imagemm5-282x300.png 282w\" sizes=\"(max-width: 700px) 100vw, 700px\"><\/figure>\n<\/div>\n<p>Assim, para aqueles que se autolocalizaram na esquerda isso significa que algu\u00e9m que fosse (1) favor\u00e1vel \u00e0 propriedade estatal, (2) favor\u00e1vel \u00e0 expans\u00e3o ou pelo menos manuten\u00e7\u00e3o da quantidade de fam\u00edlias benefici\u00e1rias do programa Bolsa Fam\u00edlia e que (3) concordasse que o Estado brasileiro devesse implementar pol\u00edticas firmes para reduzir a desigualdade de renda, foi atribu\u00eddo o score mais alto, ou seja tr\u00eas, na nossa vari\u00e1vel de \u201cestrutura\u00e7\u00e3o ideol\u00f3gica do sistema de cren\u00e7as\u201d.<\/p>\n<p>Os resultados foram bem significativos e demonstraram o quanto os brasileiros dizem ser uma coisa e pensam o oposto em termos ideol\u00f3gicos.<\/p>\n<p>Dos 29,1% da popula\u00e7\u00e3o dos autolocalizados \u00e0 esquerda em 2017, 65% tinham mais opini\u00f5es compat\u00edveis com o corol\u00e1rio pr\u00f3-estado e igualit\u00e1rio do que opini\u00f5es contradit\u00f3rias, marcando, assim, um ou mais de um ponto na vari\u00e1vel \u201cestrutura\u00e7\u00e3o ideol\u00f3gica das cren\u00e7as\u201d. Isso d\u00e1, cerca de 18,91% da amostra total dos eleitores e \u00e9 talvez uma boa aproxima\u00e7\u00e3o do que deve ser o tamanho da esquerda economicamente consistente na popula\u00e7\u00e3o em 2017.<\/p>\n<p>Contudo, somados os eleitores autolocalizados \u00e0 esquerda e \u00e0 direita que possuem sistemas de cren\u00e7as ideologicamente estruturadas em rela\u00e7\u00e3o \u00e0 dimens\u00e3o econ\u00f4mica, mal chegavam a 23% da amostra total da popula\u00e7\u00e3o brasileira. Em outras palavras, pouco mais de 1\/5 dos brasileiros mant\u00e9m coer\u00eancia entre seus valores e a autoidentifica\u00e7\u00e3o ideol\u00f3gica que proferem. Os mais coerentes s\u00e3o os que se definem de esquerda, mas, mesmo assim, perfazendo um n\u00famero \u00ednfimo. Pol\u00edtica \u00e9 algo realmente estranho para a grande maioria.<\/p>\n<p>No caso dos costumes, entre os 21,9% daqueles que na amostra se autolocalizaram \u00e0 direita, 61% apresentam scores negativos na vari\u00e1vel de \u201cgrau de estrutura\u00e7\u00e3o ideol\u00f3gica das cren\u00e7as em rela\u00e7\u00e3o \u00e0 dimens\u00e3o moral\u201d, ou seja, sendo mais liberais nos costumes do que sendo conservadores, mesmo n\u00e3o percebendo isso.<\/p>\n<p>J\u00e1 entre os 29,1% da amostra que se autolocalizaram \u00e0 esquerda do espectro ideol\u00f3gico, 65% destes (ou 18,9% da amostra total) apresentaram scores positivos na vari\u00e1vel de grau de estrutura\u00e7\u00e3o ideol\u00f3gica dos sistemas de cren\u00e7as em rela\u00e7\u00e3o \u00e0 dimens\u00e3o dos costumes, adotando, desta maneira, mais posi\u00e7\u00f5es liberais nos costumes do que conservadoras<\/p>\n<p>Somados aqueles autolocalizados \u00e0 direita e \u00e0 esquerda, os eleitores que se autolocalizaram em um desses polos de forma consistente em rela\u00e7\u00e3o \u00e0 dimens\u00e3o moral representam 26,7% da amostra total do eleitorado brasileiro.<\/p>\n<p>A conclus\u00e3o que se chega \u00e9 que os homens s\u00e3o mais conservadores no mundo e no Brasil porque est\u00e3o acuados e reagindo \u00e0s mudan\u00e7as de comportamento, em especial, ao papel das mulheres na sociedade que os deixa sem o lugar de destaque e mando definido por s\u00e9culos.<\/p>\n<p>Com tanta confus\u00e3o, \u00e9 evidente que fica f\u00e1cil manipular opini\u00f5es pol\u00edticas. O que demonstra que sem educa\u00e7\u00e3o pol\u00edtica e clareza conceitual, as manobras de pol\u00edticos inescrupulosos e Big Techs continuar\u00e1 em voga.<\/p>\n<div>\n<div>\n<p><span><em>Outras Palavras \u00e9 feito por muitas m\u00e3os. Se voc\u00ea valoriza nossa produ\u00e7\u00e3o, seja nosso apoiador e fortale\u00e7a o jornalismo cr\u00edtico: <strong>apoia.se\/outraspalavras<\/strong><\/em><\/span><\/p>\n<\/div>\n<\/div>\n<p>The post Ter\u00e1 o Brasil embicado \u00e0 direita? appeared first on Outras Palavras.<\/p>\n<!-- Begin Yuzo --><div class='yuzo_related_post style-1'  data-version='5.12.89'><!-- without result --><div class='yuzo_clearfixed yuzo__title yuzo__title'><h3>Related Post<\/h3><\/div>\n\t\t\t\t\t\t  <div class=\"relatedthumb \" style=\"width:125px;float:left;overflow:hidden;\">  \n\t\t\t\t\t\t\t  \n\t\t\t\t\t\t\t  <a  href=\"https:\/\/redept.com.br\/blogosfera\/magisterio-e-servidores-de-curitiba-rejeitam-proposta-da-prefeitura-e-iniciam-greve-geral\/\"  >\n\t\t\t\t\t\t\t\t\t  <div class=\"yuzo-img-wrap \" style=\"width: 125px;height:90px;\">\n\t\t\t\t\t\t\t\t\t\t\n\t\t\t\t\t\t\t\t\t\t<div class=\"yuzo-img\" style=\"background:url('https:\/\/redept.org\/blogosfera\/wp-content\/plugins\/yuzo-related-post\/assets\/images\/default.png') 50% 50% no-repeat;width: 125px;height:90px;margin-bottom: 5px;background-size: cover; \"><\/div>\n\t\t\t\t\t\t\t\t\t  <\/div>\n\t\t\t\t\t\t\t\t\t  \n\t\t\t\t\t\t\t\t   <span class=\"yuzo__text--title\" style=\"font-size:13px;\">Magist\u00e9rio e servidores de Curitiba rejeitam propo...<\/span>\n\t\t\t\t\t\t\t  \n\t\t\t\t\t\t\t  \n\t\t\t\t\t\t\t  <\/a>\n\n\t\t\t\t\t\t  <\/div>\n\t\t\t\t\t\t  <div class=\"relatedthumb \" style=\"width:125px;float:left;overflow:hidden;\">  \n\t\t\t\t\t\t\t  \n\t\t\t\t\t\t\t  <a  href=\"https:\/\/www.pragmatismopolitico.com.br\/2026\/07\/hugo-motta-ataca-o-presidente-lula-por-apoiar-rival-politico-de-seu-pai-em-disputa-eleitoral-para-o-senado-na-paraiba.html\"  >\n\t\t\t\t\t\t\t\t\t  <div class=\"yuzo-img-wrap \" style=\"width: 125px;height:90px;\">\n\t\t\t\t\t\t\t\t\t\t\n\t\t\t\t\t\t\t\t\t\t<div class=\"yuzo-img\" style=\"background:url('https:\/\/redept.org\/blogosfera\/wp-content\/plugins\/yuzo-related-post\/assets\/images\/default.png') 50% 50% no-repeat;width: 125px;height:90px;margin-bottom: 5px;background-size: cover; \"><\/div>\n\t\t\t\t\t\t\t\t\t  <\/div>\n\t\t\t\t\t\t\t\t\t  \n\t\t\t\t\t\t\t\t   <span class=\"yuzo__text--title\" style=\"font-size:13px;\">Hugo Motta ataca o presidente Lula por apoiar riva...<\/span>\n\t\t\t\t\t\t\t  \n\t\t\t\t\t\t\t  \n\t\t\t\t\t\t\t  <\/a>\n\n\t\t\t\t\t\t  <\/div>\n\t\t\t\t\t\t  <div class=\"relatedthumb \" style=\"width:125px;float:left;overflow:hidden;\">  \n\t\t\t\t\t\t\t  \n\t\t\t\t\t\t\t  <a  href=\"https:\/\/redept.com.br\/blogosfera\/operacao-contra-fraudes-em-combustivel-pressiona-pela-aprovacao-da-lei-do-devedor-contumaz\/\"  >\n\t\t\t\t\t\t\t\t\t  <div class=\"yuzo-img-wrap \" style=\"width: 125px;height:90px;\">\n\t\t\t\t\t\t\t\t\t\t\n\t\t\t\t\t\t\t\t\t\t<div class=\"yuzo-img\" style=\"background:url('https:\/\/redept.org\/blogosfera\/wp-content\/plugins\/yuzo-related-post\/assets\/images\/default.png') 50% 50% no-repeat;width: 125px;height:90px;margin-bottom: 5px;background-size: cover; \"><\/div>\n\t\t\t\t\t\t\t\t\t  <\/div>\n\t\t\t\t\t\t\t\t\t  \n\t\t\t\t\t\t\t\t   <span class=\"yuzo__text--title\" style=\"font-size:13px;\">Opera\u00e7\u00e3o contra fraudes em combust\u00edvel pressiona p...<\/span>\n\t\t\t\t\t\t\t  \n\t\t\t\t\t\t\t  \n\t\t\t\t\t\t\t  <\/a>\n\n\t\t\t\t\t\t  <\/div>\n\t\t\t\t\t\t  <div class=\"relatedthumb \" style=\"width:125px;float:left;overflow:hidden;\">  \n\t\t\t\t\t\t\t  \n\t\t\t\t\t\t\t  <a  href=\"https:\/\/redept.com.br\/blogosfera\/trump-acusa-aliados-da-otan-de-covardes-por-falta-de-ajuda-no-estreito-de-ormuz\/\"  >\n\t\t\t\t\t\t\t\t\t  <div class=\"yuzo-img-wrap \" style=\"width: 125px;height:90px;\">\n\t\t\t\t\t\t\t\t\t\t\n\t\t\t\t\t\t\t\t\t\t<div class=\"yuzo-img\" style=\"background:url('https:\/\/redept.com.br\/blogosfera\/wp-content\/uploads\/2026\/03\/trump-150x150.jpg') 50% 50% no-repeat;width: 125px;height:90px;margin-bottom: 5px;background-size: cover; \"><\/div>\n\t\t\t\t\t\t\t\t\t  <\/div>\n\t\t\t\t\t\t\t\t\t  \n\t\t\t\t\t\t\t\t   <span class=\"yuzo__text--title\" style=\"font-size:13px;\">Trump acusa aliados da OTAN de \u2018covardes\u2019 por falt...<\/span>\n\t\t\t\t\t\t\t  \n\t\t\t\t\t\t\t  \n\t\t\t\t\t\t\t  <\/a>\n\n\t\t\t\t\t\t  <\/div>\n<\/div> <script>\n\t\t\t\t\t\t  jQuery(document).ready(function( $ ){\n\t\t\t\t\t\t\t\/\/jQuery('.yuzo_related_post').equalizer({ overflow : 'relatedthumb' });\n\t\t\t\t\t\t\tjQuery('.yuzo_related_post .yuzo_wraps').equalizer({ columns : '> div' });\n\t\t\t\t\t\t   })\n\t\t\t\t\t\t  <\/script> <!-- End Yuzo :) -->","protected":false},"excerpt":{"rendered":"<p>S\u00e9rie de pesquisas Datafolha iniciada em 2013 exp\u00f5e virada conservadora. Mas h\u00e1 clara clivagem de g\u00eanero: mulheres est\u00e3o muito mais \u00e0 esquerda. Na economia, h\u00e1 apoio \u00e0 coordena\u00e7\u00e3o estatal. Mas h\u00e1 enorme confus\u00e3o entre os r\u00f3tulos pol\u00edticos e seu sentido<\/p>\n<p>The post <a href=\"https:\/\/outraspalavras.net\/estadoemdisputa\/tera-brasil-embicado-a-direita\/\">Ter\u00e1 o Brasil embicado \u00e0 direita?<\/a> appeared first on <a href=\"https:\/\/outraspalavras.net\/\">Outras Palavras<\/a>.<\/p>\n","protected":false},"author":2,"featured_media":94893,"comment_status":"open","ping_status":"closed","sticky":false,"template":"","format":"standard","meta":{"fifu_image_url":"","fifu_image_alt":"","footnotes":""},"categories":[597,18734,7169,74013,603,74014,48843,221,50884,43823,3108,5509,74015,2036,35113,1583,5422,5017,4667,13749,53028,74016,8360],"tags":[],"class_list":["post-94892","post","type-post","status-publish","format-standard","has-post-thumbnail","hentry","category-big-techs","category-centro","category-conservadorismo","category-costumes","category-datafolha","category-dimensao-ideologica","category-divisao-politica","category-economia","category-educacao-politica","category-eleitores","category-esquerda","category-estado-em-disputa","category-homens-conservadores","category-ideologia","category-liberalismo","category-polarizacao","category-politica-brasileira","category-progressismo","category-the-economist","category-ultraconservadorismo","category-valores","category-valores-morai","category-valores-tradicionais"],"_links":{"self":[{"href":"https:\/\/redept.com.br\/blogosfera\/wp-json\/wp\/v2\/posts\/94892","targetHints":{"allow":["GET"]}}],"collection":[{"href":"https:\/\/redept.com.br\/blogosfera\/wp-json\/wp\/v2\/posts"}],"about":[{"href":"https:\/\/redept.com.br\/blogosfera\/wp-json\/wp\/v2\/types\/post"}],"author":[{"embeddable":true,"href":"https:\/\/redept.com.br\/blogosfera\/wp-json\/wp\/v2\/users\/2"}],"replies":[{"embeddable":true,"href":"https:\/\/redept.com.br\/blogosfera\/wp-json\/wp\/v2\/comments?post=94892"}],"version-history":[{"count":0,"href":"https:\/\/redept.com.br\/blogosfera\/wp-json\/wp\/v2\/posts\/94892\/revisions"}],"wp:featuredmedia":[{"embeddable":true,"href":"https:\/\/redept.com.br\/blogosfera\/wp-json\/wp\/v2\/media\/94893"}],"wp:attachment":[{"href":"https:\/\/redept.com.br\/blogosfera\/wp-json\/wp\/v2\/media?parent=94892"}],"wp:term":[{"taxonomy":"category","embeddable":true,"href":"https:\/\/redept.com.br\/blogosfera\/wp-json\/wp\/v2\/categories?post=94892"},{"taxonomy":"post_tag","embeddable":true,"href":"https:\/\/redept.com.br\/blogosfera\/wp-json\/wp\/v2\/tags?post=94892"}],"curies":[{"name":"wp","href":"https:\/\/api.w.org\/{rel}","templated":true}]}}