{"id":94961,"date":"2026-07-10T13:15:53","date_gmt":"2026-07-10T16:15:53","guid":{"rendered":"https:\/\/redept.com.br\/blogosfera\/valdemar-desviou-r-119-milhoes-em-emendas-aponta-pf\/"},"modified":"2026-07-10T13:15:53","modified_gmt":"2026-07-10T16:15:53","slug":"valdemar-desviou-r-119-milhoes-em-emendas-aponta-pf","status":"publish","type":"post","link":"https:\/\/redept.com.br\/blogosfera\/valdemar-desviou-r-119-milhoes-em-emendas-aponta-pf\/","title":{"rendered":"Valdemar desviou R$ 119 milh\u00f5es em emendas, aponta PF"},"content":{"rendered":"<p>A Pol\u00edcia Federal (PF) apontou ind\u00edcios de que o presidente nacional do PL, <strong>Valdemar Costa Neto<\/strong>, comandou um esquema de direcionamento irregular de emendas parlamentares que teria movimentado ao menos <strong>R$ 119,2 milh\u00f5es<\/strong> em recursos p\u00fablicos. Com base nas investiga\u00e7\u00f5es, o ministro <strong>Fl\u00e1vio Dino<\/strong>, do Supremo Tribunal Federal (STF), determinou o bloqueio de bens do dirigente partid\u00e1rio at\u00e9 esse valor e suspendeu a execu\u00e7\u00e3o das emendas sob suspeita. Saiba mais na\u00a0<strong><a href=\"https:\/\/tvtnews.com.br\/\">TVT News<\/a><\/strong>.<\/p>\n<p>A decis\u00e3o, tornada p\u00fablica nesta sexta-feira (10), integra os desdobramentos da <strong>Opera\u00e7\u00e3o Transpar\u00eancia<\/strong>, que apura um suposto esquema de desvio de verbas p\u00fablicas por meio de emendas parlamentares. Segundo a Pol\u00edcia Federal, Valdemar, embora n\u00e3o exer\u00e7a mandato parlamentar, teria atuado como verdadeiro respons\u00e1vel pela defini\u00e7\u00e3o e remanejamento de recursos destinados a minist\u00e9rios e munic\u00edpios, utilizando servidores da C\u00e2mara dos Deputados para operacionalizar o esquema.<\/p>\n<p>De acordo com o relat\u00f3rio encaminhado ao STF, a investiga\u00e7\u00e3o identificou que pelo menos <strong>21 emendas parlamentares<\/strong> foram empenhadas ou pagas com base em indica\u00e7\u00f5es atribu\u00eddas ao presidente do PL, totalizando <strong>R$ 119.216.703,15<\/strong>. Para a PF, os recursos foram destinados de forma irregular por meio de um mecanismo que simulava legalidade ao registrar deputados federais como falsos autores das indica\u00e7\u00f5es.<\/p>\n<p><a href=\"https:\/\/chat.whatsapp.com\/HC8TJaWXK8t4wNAG0oRwZI?mode=gi_t\" target=\"_blank\" rel=\"noreferrer noopener nofollow\">&gt;&gt; Siga o grupo da\u00a0<strong>TVT News\u00a0<\/strong>no WhatsApp<\/a><\/p>\n<p>Segundo os investigadores, a indica\u00e7\u00e3o de emendas parlamentares \u00e9 uma prerrogativa exclusiva de deputados e senadores. Como Valdemar n\u00e3o possui mandato, a corpora\u00e7\u00e3o sustenta que sua atua\u00e7\u00e3o configuraria um \u201carranjo decis\u00f3rio paralelo\u201d dentro da C\u00e2mara dos Deputados, permitindo que verbas p\u00fablicas fossem direcionadas conforme interesses particulares e pol\u00edticos.<\/p>\n<p>O relat\u00f3rio afirma que as emendas eram tratadas como uma esp\u00e9cie de \u201ccota pessoal\u201d do dirigente partid\u00e1rio. Para dar apar\u00eancia de regularidade ao procedimento, servidores da C\u00e2mara registravam parlamentares como \u201csolicitantes\u201d das emendas, embora, segundo a investiga\u00e7\u00e3o, as decis\u00f5es partissem de Valdemar.<\/p>\n<p>Em sua decis\u00e3o, Fl\u00e1vio Dino afirma que as investiga\u00e7\u00f5es revelam \u201cind\u00edcios contundentes\u201d de que recursos p\u00fablicos foram destinados em desacordo com a legisla\u00e7\u00e3o para beneficiar interesses de uma pessoa sem qualquer prerrogativa constitucional para administrar verbas do Or\u00e7amento.<\/p>\n<p>Leia tamb\u00e9m: <a href=\"https:\/\/tvtnews.com.br\/entre-a-rejeicao-a-polarizacao-da-eleicao-2026\/\">Entre a rejei\u00e7\u00e3o e a lideran\u00e7a: quem conseguir\u00e1 romper a polariza\u00e7\u00e3o da elei\u00e7\u00e3o 2026?<\/a><\/p>\n<p>O ministro criticou o que classificou como privatiza\u00e7\u00e3o da fun\u00e7\u00e3o parlamentar. Segundo escreveu na decis\u00e3o, \u201ca espantosa ascend\u00eancia que alguns servidores da C\u00e2mara dos Deputados parecem atribuir ao investigado Valdemar Costa Neto contrasta com a aus\u00eancia de t\u00edtulo jur\u00eddico que lhe permita dispor do or\u00e7amento p\u00fablico\u201d. Dino acrescentou que os mecanismos das emendas parlamentares \u201cn\u00e3o degradam o Er\u00e1rio \u00e0 condi\u00e7\u00e3o de patrim\u00f4nio privado, pass\u00edvel de aquisi\u00e7\u00e3o, transa\u00e7\u00e3o ou quotiza\u00e7\u00e3o entre agremia\u00e7\u00f5es partid\u00e1rias e seus dirigentes\u201d.<\/p>\n<h3>Bloqueio de bens e suspens\u00e3o das emendas<\/h3>\n<p>Al\u00e9m da indisponibilidade patrimonial de Valdemar at\u00e9 o limite de R$ 119,2 milh\u00f5es, Dino determinou a paralisa\u00e7\u00e3o imediata de qualquer ato de execu\u00e7\u00e3o or\u00e7ament\u00e1ria relacionado \u00e0s emendas investigadas, abrangendo as fases de empenho, liquida\u00e7\u00e3o e pagamento.<\/p>\n<p>O ministro tamb\u00e9m determinou que a C\u00e2mara dos Deputados, a Advocacia-Geral da Uni\u00e3o (AGU) e a Controladoria-Geral da Uni\u00e3o (CGU) adotem provid\u00eancias no prazo de dez dias. O presidente da C\u00e2mara, Hugo Motta (Republicanos-PB), dever\u00e1 apresentar toda a documenta\u00e7\u00e3o referente \u00e0 tramita\u00e7\u00e3o das emendas sob investiga\u00e7\u00e3o.<\/p>\n<p>Na avalia\u00e7\u00e3o da Pol\u00edcia Federal, ainda que se considere apenas os recursos j\u00e1 efetivamente pagos, o preju\u00edzo potencial ao er\u00e1rio ultrapassaria <strong>R$ 104 milh\u00f5es<\/strong>.<\/p>\n<h3>Servidores da C\u00e2mara s\u00e3o investigados<\/h3>\n<p>As investiga\u00e7\u00f5es tamb\u00e9m apontam a participa\u00e7\u00e3o de tr\u00eas servidores da C\u00e2mara dos Deputados: <strong>Mari\u00e2ngela Fialek<\/strong>, conhecida como \u201cTuca\u201d; <strong>Nara Benedetti Nicolau Brum<\/strong>; e <strong>Garigham Amarante Pinto<\/strong>, ligado \u00e0 lideran\u00e7a do PL.<\/p>\n<p>Segundo a PF, os tr\u00eas formariam um \u201carranjo funcional informal\u201d voltado a executar as determina\u00e7\u00f5es atribu\u00eddas a Valdemar. Eles seriam respons\u00e1veis por organizar planilhas, agendar reuni\u00f5es, cadastrar indica\u00e7\u00f5es e remanejar recursos entre minist\u00e9rios e munic\u00edpios.<\/p>\n<p>A investiga\u00e7\u00e3o sustenta que mensagens extra\u00eddas dos aparelhos celulares apreendidos durante a Opera\u00e7\u00e3o Transpar\u00eancia mostram conversas sobre distribui\u00e7\u00e3o de verbas para \u00e1reas como Sa\u00fade e Turismo, al\u00e9m de refer\u00eancias diretas a \u201cVCN\u201d ou \u201cValdemar\u201d como identifica\u00e7\u00e3o das cotas destinadas ao presidente do partido.<\/p>\n<p>Em uma das mensagens reproduzidas pela PF, Garigham pergunta a Mari\u00e2ngela se havia sido definido o \u201cvalor do pres Valdemar\u201d. Em seguida, s\u00e3o mencionadas altera\u00e7\u00f5es em indica\u00e7\u00f5es para o Minist\u00e9rio do Turismo e uma reserva de aproximadamente R$ 24 milh\u00f5es.<\/p>\n<p>Outra conversa citada na decis\u00e3o registra que \u201co Valdemar pediu para trocar algumas das indica\u00e7\u00f5es que ele fez ontem em Turismo porque os munic\u00edpios n\u00e3o iriam conseguir executar\u201d, refor\u00e7ando, segundo os investigadores, a hip\u00f3tese de que ele participava diretamente da escolha dos destinos dos recursos.<\/p>\n<h3>Opera\u00e7\u00e3o Transpar\u00eancia<\/h3>\n<p>A atual fase da investiga\u00e7\u00e3o decorre da <strong>Opera\u00e7\u00e3o Transpar\u00eancia<\/strong>, deflagrada pela Pol\u00edcia Federal em dezembro do ano passado. Na ocasi\u00e3o, Mari\u00e2ngela Fialek, ex-assessora da Presid\u00eancia da C\u00e2mara durante a gest\u00e3o de Arthur Lira (PP-AL), foi apontada como uma das principais respons\u00e1veis pela operacionaliza\u00e7\u00e3o do suposto esquema.<\/p>\n<p>Conforme a PF, a an\u00e1lise dos dados extra\u00eddos do celular da servidora revelou planilhas, mensagens e documentos que indicariam um sistema clandestino de controle de emendas parlamentares, com remanejamentos realizados fora dos procedimentos legais.<\/p>\n<p>A corpora\u00e7\u00e3o trabalha com a hip\u00f3tese de que Valdemar Costa Neto tenha cometido os crimes de <strong>peculato-desvio<\/strong> e <strong>associa\u00e7\u00e3o criminosa<\/strong>, em atua\u00e7\u00e3o cont\u00ednua entre junho de 2024 e mar\u00e7o de 2026.<\/p>\n<p>Segundo os investigadores, a atua\u00e7\u00e3o conjunta entre o dirigente partid\u00e1rio e os servidores p\u00fablicos teria permitido ocultar a verdadeira origem das indica\u00e7\u00f5es das emendas e direcionar recursos p\u00fablicos para atender interesses privados.<\/p>\n<h3>Defesa nega irregularidades<\/h3>\n<p>Procurado por diferentes ve\u00edculos de imprensa, Valdemar Costa Neto negou ter realizado indica\u00e7\u00f5es de emendas parlamentares. Segundo declarou, em determinados casos essa atribui\u00e7\u00e3o cabe ao l\u00edder do partido na C\u00e2mara dos Deputados.<\/p>\n<p>O presidente do PL informou ainda que sua defesa se manifestar\u00e1 formalmente no processo. At\u00e9 o momento, n\u00e3o houve decis\u00e3o sobre o m\u00e9rito das acusa\u00e7\u00f5es, e as investiga\u00e7\u00f5es seguem em andamento no Supremo Tribunal Federal.<\/p>\n<p>The post <a rel=\"nofollow\" href=\"https:\/\/tvtnews.com.br\/valdemar-desviou-r-119-milhoes-em-emendas-aponta-pf\/\">Valdemar desviou R$ 119 milh\u00f5es em emendas, aponta PF<\/a> appeared first on <a rel=\"nofollow\" href=\"https:\/\/tvtnews.com.br\/\">TVT News<\/a>.<\/p>\n<!-- Begin Yuzo --><div class='yuzo_related_post style-1'  data-version='5.12.89'><!-- without result --><div class='yuzo_clearfixed yuzo__title yuzo__title'><h3>Related Post<\/h3><\/div>\n\t\t\t\t\t\t  <div class=\"relatedthumb \" style=\"width:125px;float:left;overflow:hidden;\">  \n\t\t\t\t\t\t\t  \n\t\t\t\t\t\t\t  <a  href=\"https:\/\/redept.com.br\/blogosfera\/trabalho-infantil-mata-e-mutila-especialista-alerta-para-gravidade-e-naturalizacao-do-problema\/\"  >\n\t\t\t\t\t\t\t\t\t  <div class=\"yuzo-img-wrap \" style=\"width: 125px;height:90px;\">\n\t\t\t\t\t\t\t\t\t\t\n\t\t\t\t\t\t\t\t\t\t<div class=\"yuzo-img\" style=\"background:url('https:\/\/redept.org\/blogosfera\/wp-content\/plugins\/yuzo-related-post\/assets\/images\/default.png') 50% 50% no-repeat;width: 125px;height:90px;margin-bottom: 5px;background-size: cover; \"><\/div>\n\t\t\t\t\t\t\t\t\t  <\/div>\n\t\t\t\t\t\t\t\t\t  \n\t\t\t\t\t\t\t\t   <span class=\"yuzo__text--title\" style=\"font-size:13px;\">\u2018Trabalho infantil mata e mutila\u2019: especialista al...<\/span>\n\t\t\t\t\t\t\t  \n\t\t\t\t\t\t\t  \n\t\t\t\t\t\t\t  <\/a>\n\n\t\t\t\t\t\t  <\/div>\n\t\t\t\t\t\t  <div class=\"relatedthumb \" style=\"width:125px;float:left;overflow:hidden;\">  \n\t\t\t\t\t\t\t  \n\t\t\t\t\t\t\t  <a  href=\"https:\/\/redept.com.br\/blogosfera\/defesa-de-bolsonaro-recorre-contra-prisao-domiciliar\/\"  >\n\t\t\t\t\t\t\t\t\t  <div class=\"yuzo-img-wrap \" style=\"width: 125px;height:90px;\">\n\t\t\t\t\t\t\t\t\t\t\n\t\t\t\t\t\t\t\t\t\t<div class=\"yuzo-img\" style=\"background:url('https:\/\/redept.org\/blogosfera\/wp-content\/plugins\/yuzo-related-post\/assets\/images\/default.png') 50% 50% no-repeat;width: 125px;height:90px;margin-bottom: 5px;background-size: cover; \"><\/div>\n\t\t\t\t\t\t\t\t\t  <\/div>\n\t\t\t\t\t\t\t\t\t  \n\t\t\t\t\t\t\t\t   <span class=\"yuzo__text--title\" style=\"font-size:13px;\">Defesa de Bolsonaro recorre contra pris\u00e3o domicili...<\/span>\n\t\t\t\t\t\t\t  \n\t\t\t\t\t\t\t  \n\t\t\t\t\t\t\t  <\/a>\n\n\t\t\t\t\t\t  <\/div>\n\t\t\t\t\t\t  <div class=\"relatedthumb \" style=\"width:125px;float:left;overflow:hidden;\">  \n\t\t\t\t\t\t\t  \n\t\t\t\t\t\t\t  <a  href=\"https:\/\/redept.com.br\/blogosfera\/medicos-admitem-que-papa-francisco-nao-esta-fora-de-perigo\/\"  >\n\t\t\t\t\t\t\t\t\t  <div class=\"yuzo-img-wrap \" style=\"width: 125px;height:90px;\">\n\t\t\t\t\t\t\t\t\t\t\n\t\t\t\t\t\t\t\t\t\t<div class=\"yuzo-img\" style=\"background:url('https:\/\/redept.com.br\/blogosfera\/wp-content\/uploads\/2025\/02\/gemelli-150x150.jpg') 50% 50% no-repeat;width: 125px;height:90px;margin-bottom: 5px;background-size: cover; \"><\/div>\n\t\t\t\t\t\t\t\t\t  <\/div>\n\t\t\t\t\t\t\t\t\t  \n\t\t\t\t\t\t\t\t   <span class=\"yuzo__text--title\" style=\"font-size:13px;\">M\u00e9dicos admitem que papa Francisco \u2018n\u00e3o est\u00e1 fora ...<\/span>\n\t\t\t\t\t\t\t  \n\t\t\t\t\t\t\t  \n\t\t\t\t\t\t\t  <\/a>\n\n\t\t\t\t\t\t  <\/div>\n\t\t\t\t\t\t  <div class=\"relatedthumb \" style=\"width:125px;float:left;overflow:hidden;\">  \n\t\t\t\t\t\t\t  \n\t\t\t\t\t\t\t  <a  href=\"https:\/\/www.pragmatismopolitico.com.br\/2026\/08\/lutadores-mais-bem-pagos-mma-brazilian-jiu-jitsu.html\"  >\n\t\t\t\t\t\t\t\t\t  <div class=\"yuzo-img-wrap \" style=\"width: 125px;height:90px;\">\n\t\t\t\t\t\t\t\t\t\t\n\t\t\t\t\t\t\t\t\t\t<div class=\"yuzo-img\" style=\"background:url('https:\/\/www.pragmatismopolitico.com.br\/wp-content\/uploads\/2026\/08\/lutadores-mais-bem-pagos-mma-brazilian-jiu-jitsu.jpg') 50% 50% no-repeat;width: 125px;height:90px;margin-bottom: 5px;background-size: cover; \"><\/div>\n\t\t\t\t\t\t\t\t\t  <\/div>\n\t\t\t\t\t\t\t\t\t  \n\t\t\t\t\t\t\t\t   <span class=\"yuzo__text--title\" style=\"font-size:13px;\">Os lutadores brasileiros de MMA e astros do Jiu-Ji...<\/span>\n\t\t\t\t\t\t\t  \n\t\t\t\t\t\t\t  \n\t\t\t\t\t\t\t  <\/a>\n\n\t\t\t\t\t\t  <\/div>\n<\/div> <script>\n\t\t\t\t\t\t  jQuery(document).ready(function( $ ){\n\t\t\t\t\t\t\t\/\/jQuery('.yuzo_related_post').equalizer({ overflow : 'relatedthumb' });\n\t\t\t\t\t\t\tjQuery('.yuzo_related_post .yuzo_wraps').equalizer({ columns : '> div' });\n\t\t\t\t\t\t   })\n\t\t\t\t\t\t  <\/script> <!-- End Yuzo :) -->","protected":false},"excerpt":{"rendered":"<p>A Pol\u00edcia Federal (PF) apontou ind\u00edcios de que o presidente nacional do PL, Valdemar Costa Neto, comandou um esquema de direcionamento irregular de emendas parlamentares que teria movimentado ao menos R$ 119,2 milh\u00f5es em recursos p\u00fablicos. Com base nas investiga\u00e7\u00f5es, o ministro Fl\u00e1vio Dino, do Supremo Tribunal Federal (STF), determinou o bloqueio de bens do [&hellip;]<\/p>\n","protected":false},"author":2,"featured_media":0,"comment_status":"open","ping_status":"closed","sticky":false,"template":"","format":"standard","meta":{"fifu_image_url":"","fifu_image_alt":"","footnotes":""},"categories":[1327,472,1760,132],"tags":[],"class_list":["post-94961","post","type-post","status-publish","format-standard","hentry","category-bolsonaristas","category-destaque-ahome","category-eleicoes-2026","category-politica"],"_links":{"self":[{"href":"https:\/\/redept.com.br\/blogosfera\/wp-json\/wp\/v2\/posts\/94961","targetHints":{"allow":["GET"]}}],"collection":[{"href":"https:\/\/redept.com.br\/blogosfera\/wp-json\/wp\/v2\/posts"}],"about":[{"href":"https:\/\/redept.com.br\/blogosfera\/wp-json\/wp\/v2\/types\/post"}],"author":[{"embeddable":true,"href":"https:\/\/redept.com.br\/blogosfera\/wp-json\/wp\/v2\/users\/2"}],"replies":[{"embeddable":true,"href":"https:\/\/redept.com.br\/blogosfera\/wp-json\/wp\/v2\/comments?post=94961"}],"version-history":[{"count":0,"href":"https:\/\/redept.com.br\/blogosfera\/wp-json\/wp\/v2\/posts\/94961\/revisions"}],"wp:attachment":[{"href":"https:\/\/redept.com.br\/blogosfera\/wp-json\/wp\/v2\/media?parent=94961"}],"wp:term":[{"taxonomy":"category","embeddable":true,"href":"https:\/\/redept.com.br\/blogosfera\/wp-json\/wp\/v2\/categories?post=94961"},{"taxonomy":"post_tag","embeddable":true,"href":"https:\/\/redept.com.br\/blogosfera\/wp-json\/wp\/v2\/tags?post=94961"}],"curies":[{"name":"wp","href":"https:\/\/api.w.org\/{rel}","templated":true}]}}