{"id":95189,"date":"2026-07-13T15:46:57","date_gmt":"2026-07-13T18:46:57","guid":{"rendered":"https:\/\/redept.com.br\/blogosfera\/religiosos-do-mst-realizam-vigilia-em-solidariedade-ao-povo-da-venezuela\/"},"modified":"2026-07-13T15:46:57","modified_gmt":"2026-07-13T18:46:57","slug":"religiosos-do-mst-realizam-vigilia-em-solidariedade-ao-povo-da-venezuela","status":"publish","type":"post","link":"https:\/\/redept.com.br\/blogosfera\/religiosos-do-mst-realizam-vigilia-em-solidariedade-ao-povo-da-venezuela\/","title":{"rendered":"Religiosos do MST realizam vig\u00edlia em solidariedade ao povo da Venezuela"},"content":{"rendered":"<figure><img fetchpriority=\"high\" fetchpriority=\"high\" decoding=\"async\" width=\"800\" height=\"449\"src=\"https:\/\/redept.com.br\/blogosfera\/wp-content\/uploads\/2026\/07\/ca27e300-73e6-11f1-bb9e-33cb2da512b5jpg.webp\" alt=\"\" srcset=\"https:\/\/redept.com.br\/blogosfera\/wp-content\/uploads\/2026\/07\/ca27e300-73e6-11f1-bb9e-33cb2da512b5jpg.webp 800w, https:\/\/mst.org.br\/wp-content\/uploads\/2026\/07\/ca27e300-73e6-11f1-bb9e-33cb2da512b5.jpg-300x168.webp 300w, https:\/\/mst.org.br\/wp-content\/uploads\/2026\/07\/ca27e300-73e6-11f1-bb9e-33cb2da512b5.jpg-768x431.webp 768w\" sizes=\"(max-width: 800px) 100vw, 800px\"><figcaption><em>Terremoto na Venezuela. Foto: Getty Images<\/em><\/figcaption><\/figure>\n<p><em>Por Coletivo de Comunica\u00e7\u00e3o do MST na Bahia<br \/>Da P\u00e1gina do MST<\/em><\/p>\n<p>Evang\u00e9licos e evang\u00e9licas do Movimento dos Trabalhadores Rurais Sem Terra (MST) realizaram, na noite da \u00faltima quinta-feira (10), uma vig\u00edlia virtual em solidariedade ao povo venezuelano. O encontro reuniu militantes e lideran\u00e7as religiosas em um momento de ora\u00e7\u00e3o, reflex\u00e3o e compromisso com a\u00e7\u00f5es concretas de solidariedade.<\/p>\n<p>A atividade foi motivada pelo cen\u00e1rio vivido pela Venezuela, marcado pela intensifica\u00e7\u00e3o das ofensivas imperialistas, que resultaram no sequestro do presidente o pa\u00eds Nicol\u00e1s Maduro e a deputada e primeira-dama Cilia Flores, no dia 03 de janeiro deste ano e pelos impactos do terremoto que atingiu sete estados do pa\u00eds, especialmente o estado de La Guaira, no dia 24 de junho. As equipes de resgate seguem realizando buscas por sobreviventes e v\u00edtimas, enquanto 33 pa\u00edses participam das a\u00e7\u00f5es humanit\u00e1rias e da instala\u00e7\u00e3o de hospitais de campanha para atender a popula\u00e7\u00e3o afetada.<\/p>\n<p>Diante desse momento de dor, os participantes destacaram que a f\u00e9 fortalece a esperan\u00e7a, a luta e a m\u00edstica dos povos. O MST reafirma seu compromisso com o respeito \u00e0 diversidade religiosa e com a constru\u00e7\u00e3o de um projeto de sociedade baseado na justi\u00e7a social, na solidariedade e na defesa da vida.<\/p>\n<figure><img decoding=\"async\" width=\"1024\" height=\"575\"src=\"https:\/\/redept.com.br\/blogosfera\/wp-content\/uploads\/2026\/07\/carmemreyes-venezuela.jpg\" alt=\"\" srcset=\"https:\/\/mst.org.br\/wp-content\/uploads\/2026\/07\/carmemreyes-venezuela-1024x575.jpg 1024w, https:\/\/mst.org.br\/wp-content\/uploads\/2026\/07\/carmemreyes-venezuela-300x169.jpg 300w, https:\/\/mst.org.br\/wp-content\/uploads\/2026\/07\/carmemreyes-venezuela-768x432.jpg 768w, https:\/\/redept.com.br\/blogosfera\/wp-content\/uploads\/2026\/07\/carmemreyes-venezuela.jpg 1534w\" sizes=\"(max-width: 1024px) 100vw, 1024px\"><figcaption><em>Carmen Reyes, da Venezuela. Foto: Divulga\u00e7\u00e3o MST<\/em><\/figcaption><\/figure>\n<p>A vig\u00edlia teve in\u00edcio com uma reflex\u00e3o conduzida por Eliane Oliveira, da dire\u00e7\u00e3o nacional do MST, que questionou: \u201cVivemos tempos de guerra, fome, migra\u00e7\u00f5es, crise econ\u00f4mica, viol\u00eancias, bloqueios e sofrimento de muitos povos. Qual deve ser a resposta da Igreja diante de tantas situa\u00e7\u00f5es neste tempo?\u201d.<\/p>\n<p>Na sequ\u00eancia, Rosane Fernandes, coordenadora da Brigada Apol\u00f4nio de Carvalho do MST na Venezuela, apresentou um panorama da situa\u00e7\u00e3o no pa\u00eds e relatou as a\u00e7\u00f5es que v\u00eam sendo desenvolvidas pelas organiza\u00e7\u00f5es populares. Segundo ela, mais de 17 mil volunt\u00e1rios est\u00e3o mobilizados nas a\u00e7\u00f5es de solidariedade, organizados por meio das comunas e de equipes de trabalho, contando tamb\u00e9m com o apoio internacional e da solidariedade do povo brasileiro.<\/p>\n<figure><img decoding=\"async\" width=\"1024\" height=\"575\"src=\"https:\/\/redept.com.br\/blogosfera\/wp-content\/uploads\/2026\/07\/rosana-fernandes.jpg\" alt=\"\" srcset=\"https:\/\/mst.org.br\/wp-content\/uploads\/2026\/07\/rosana-fernandes-1024x575.jpg 1024w, https:\/\/mst.org.br\/wp-content\/uploads\/2026\/07\/rosana-fernandes-300x169.jpg 300w, https:\/\/mst.org.br\/wp-content\/uploads\/2026\/07\/rosana-fernandes-768x432.jpg 768w, https:\/\/redept.com.br\/blogosfera\/wp-content\/uploads\/2026\/07\/rosana-fernandes.jpg 1534w\" sizes=\"(max-width: 1024px) 100vw, 1024px\"><figcaption><em>Rosana Fernandes. Foto: Divulga\u00e7\u00e3o MST<\/em><\/figcaption><\/figure>\n<p>Durante a atividade, foi proposta a cria\u00e7\u00e3o de uma Brigada de Evang\u00e9licos e Evang\u00e9licas para atuar na Venezuela, contribuindo com a\u00e7\u00f5es de f\u00e9 e na reconstru\u00e7\u00e3o de moradias e espa\u00e7os p\u00fablicos destru\u00eddos pelo terremoto, fortalecendo as a\u00e7\u00f5es de solidariedade internacionalista.<\/p>\n<p>A vig\u00edlia contou com a participa\u00e7\u00e3o de evang\u00e9licos e evang\u00e9licas de acampamentos e assentamentos de todo o Brasil. Entre as lideran\u00e7as presentes estavam o pastor Valdemir, da Igreja Batista Peniel (MG); a pastora Iraci, da Igreja Assembleia Miss\u00e3o (BA); o pastor Oliver Costa, da Igreja Batista da Lagoa e da Coordena\u00e7\u00e3o Nacional dos Evang\u00e9licos do PT; a pastora Val\u00e9ria, coordenadora da Frente Evang\u00e9licos por Direitos; a pastora Odja, da Igreja Batista do Pinheiro e conselheira do ISER; al\u00e9m de Carmen Navas Reyes, da Venezuela. A media\u00e7\u00e3o foi realizada por Eliane Oliveira, da dire\u00e7\u00e3o nacional do MST e Rosane Fernandes, coordenadora da Brigada Apol\u00f4nio de Carvalho na Venezuela.<\/p>\n<p><em>Contribua com a campanha de solidariedade ao povo venezuelano:<\/em><\/p>\n<p><strong>Dados banc\u00e1rios:<\/strong><\/p>\n<p>Associa\u00e7\u00e3o Brasil Popular<br \/>CNPJ: 07.696.592\/0001-77<br \/>Caixa Econ\u00f4mica Federal<br \/>Ag\u00eancia: 7731<br \/>Conta Corrente: 000577559406-8<br \/>Opera\u00e7\u00e3o: 1292<\/p>\n<p><strong>Chave Pix<\/strong>: solidariedade@brasilpopular.org.br<\/p>\n<p><em>*Editado por Solange Engelmann<\/em><\/p>\n<p>O post <a href=\"https:\/\/mst.org.br\/2026\/07\/13\/religiosos-do-mst-realizam-vigilia-em-solidariedade-ao-povo-da-venezuela\/\">Religiosos do MST realizam vig\u00edlia em solidariedade ao povo da Venezuela<\/a> apareceu primeiro em <a href=\"https:\/\/mst.org.br\/\">MST<\/a>.<\/p>\n<!-- Begin Yuzo --><div class='yuzo_related_post style-1'  data-version='5.12.89'><!-- without result --><div class='yuzo_clearfixed yuzo__title yuzo__title'><h3>Related Post<\/h3><\/div>\n\t\t\t\t\t\t  <div class=\"relatedthumb \" style=\"width:125px;float:left;overflow:hidden;\">  \n\t\t\t\t\t\t\t  \n\t\t\t\t\t\t\t  <a  href=\"https:\/\/redept.com.br\/blogosfera\/governo-garante-abastecimento-de-diesel-em-meio-a-pressao-de-distribuidoras\/\"  >\n\t\t\t\t\t\t\t\t\t  <div class=\"yuzo-img-wrap \" style=\"width: 125px;height:90px;\">\n\t\t\t\t\t\t\t\t\t\t\n\t\t\t\t\t\t\t\t\t\t<div class=\"yuzo-img\" style=\"background:url('https:\/\/redept.org\/blogosfera\/wp-content\/plugins\/yuzo-related-post\/assets\/images\/default.png') 50% 50% no-repeat;width: 125px;height:90px;margin-bottom: 5px;background-size: cover; \"><\/div>\n\t\t\t\t\t\t\t\t\t  <\/div>\n\t\t\t\t\t\t\t\t\t  \n\t\t\t\t\t\t\t\t   <span class=\"yuzo__text--title\" style=\"font-size:13px;\">Governo garante abastecimento de diesel em meio a ...<\/span>\n\t\t\t\t\t\t\t  \n\t\t\t\t\t\t\t  \n\t\t\t\t\t\t\t  <\/a>\n\n\t\t\t\t\t\t  <\/div>\n\t\t\t\t\t\t  <div class=\"relatedthumb \" style=\"width:125px;float:left;overflow:hidden;\">  \n\t\t\t\t\t\t\t  \n\t\t\t\t\t\t\t  <a  href=\"https:\/\/redept.com.br\/blogosfera\/camara-debate-fim-da-escala-6x1-hoje\/\"  >\n\t\t\t\t\t\t\t\t\t  <div class=\"yuzo-img-wrap \" style=\"width: 125px;height:90px;\">\n\t\t\t\t\t\t\t\t\t\t\n\t\t\t\t\t\t\t\t\t\t<div class=\"yuzo-img\" style=\"background:url('https:\/\/redept.com.br\/blogosfera\/wp-content\/uploads\/2026\/04\/0d9a5870-scaled-e1775567400823-2048x1154-1-150x150.jpg') 50% 50% no-repeat;width: 125px;height:90px;margin-bottom: 5px;background-size: cover; \"><\/div>\n\t\t\t\t\t\t\t\t\t  <\/div>\n\t\t\t\t\t\t\t\t\t  \n\t\t\t\t\t\t\t\t   <span class=\"yuzo__text--title\" style=\"font-size:13px;\">C\u00e2mara debate fim da escala 6\u00d71 hoje<\/span>\n\t\t\t\t\t\t\t  \n\t\t\t\t\t\t\t  \n\t\t\t\t\t\t\t  <\/a>\n\n\t\t\t\t\t\t  <\/div>\n\t\t\t\t\t\t  <div class=\"relatedthumb \" style=\"width:125px;float:left;overflow:hidden;\">  \n\t\t\t\t\t\t\t  \n\t\t\t\t\t\t\t  <a  href=\"https:\/\/redept.com.br\/blogosfera\/trump-diz-sobre-groelandia-que-fechou-com-secretario-geral-da-otan-um-acordo-que-todos-estao-muito-felizes\/\"  >\n\t\t\t\t\t\t\t\t\t  <div class=\"yuzo-img-wrap \" style=\"width: 125px;height:90px;\">\n\t\t\t\t\t\t\t\t\t\t\n\t\t\t\t\t\t\t\t\t\t<div class=\"yuzo-img\" style=\"background:url('https:\/\/redept.org\/blogosfera\/wp-content\/plugins\/yuzo-related-post\/assets\/images\/default.png') 50% 50% no-repeat;width: 125px;height:90px;margin-bottom: 5px;background-size: cover; \"><\/div>\n\t\t\t\t\t\t\t\t\t  <\/div>\n\t\t\t\t\t\t\t\t\t  \n\t\t\t\t\t\t\t\t   <span class=\"yuzo__text--title\" style=\"font-size:13px;\">Trump diz sobre Groel\u00e2ndia que fechou com secret\u00e1r...<\/span>\n\t\t\t\t\t\t\t  \n\t\t\t\t\t\t\t  \n\t\t\t\t\t\t\t  <\/a>\n\n\t\t\t\t\t\t  <\/div>\n\t\t\t\t\t\t  <div class=\"relatedthumb \" style=\"width:125px;float:left;overflow:hidden;\">  \n\t\t\t\t\t\t\t  \n\t\t\t\t\t\t\t  <a  href=\"https:\/\/redept.com.br\/blogosfera\/argentina-firma-acordo-com-eua-e-aprofunda-dependencia\/\"  >\n\t\t\t\t\t\t\t\t\t  <div class=\"yuzo-img-wrap \" style=\"width: 125px;height:90px;\">\n\t\t\t\t\t\t\t\t\t\t\n\t\t\t\t\t\t\t\t\t\t<div class=\"yuzo-img\" style=\"background:url('https:\/\/redept.com.br\/blogosfera\/wp-content\/uploads\/2026\/02\/Captura-de-Tela-2025-12-28-as-153101-150x150.png') 50% 50% no-repeat;width: 125px;height:90px;margin-bottom: 5px;background-size: cover; \"><\/div>\n\t\t\t\t\t\t\t\t\t  <\/div>\n\t\t\t\t\t\t\t\t\t  \n\t\t\t\t\t\t\t\t   <span class=\"yuzo__text--title\" style=\"font-size:13px;\">Argentina firma acordo com EUA e aprofunda depend\u00ea...<\/span>\n\t\t\t\t\t\t\t  \n\t\t\t\t\t\t\t  \n\t\t\t\t\t\t\t  <\/a>\n\n\t\t\t\t\t\t  <\/div>\n<\/div> <script>\n\t\t\t\t\t\t  jQuery(document).ready(function( $ ){\n\t\t\t\t\t\t\t\/\/jQuery('.yuzo_related_post').equalizer({ overflow : 'relatedthumb' });\n\t\t\t\t\t\t\tjQuery('.yuzo_related_post .yuzo_wraps').equalizer({ columns : '> div' });\n\t\t\t\t\t\t   })\n\t\t\t\t\t\t  <\/script> <!-- End Yuzo :) -->","protected":false},"excerpt":{"rendered":"<p>Terremoto na Venezuela. Foto: Getty Images Por Coletivo de Comunica\u00e7\u00e3o do MST na BahiaDa P\u00e1gina do MST Evang\u00e9licos e evang\u00e9licas do Movimento dos Trabalhadores Rurais Sem Terra (MST) realizaram, na noite da \u00faltima quinta-feira (10), uma vig\u00edlia virtual em solidariedade ao povo venezuelano. O encontro reuniu militantes e lideran\u00e7as religiosas em um momento de ora\u00e7\u00e3o, [&hellip;]<\/p>\n","protected":false},"author":2,"featured_media":0,"comment_status":"open","ping_status":"closed","sticky":false,"template":"","format":"standard","meta":{"fifu_image_url":"","fifu_image_alt":"","footnotes":""},"categories":[191,203,431,3761,32909],"tags":[],"class_list":["post-95189","post","type-post","status-publish","format-standard","hentry","category-noticias","category-religiosidade","category-solidariedade","category-terremoto","category-venezuela-resiste"],"_links":{"self":[{"href":"https:\/\/redept.com.br\/blogosfera\/wp-json\/wp\/v2\/posts\/95189","targetHints":{"allow":["GET"]}}],"collection":[{"href":"https:\/\/redept.com.br\/blogosfera\/wp-json\/wp\/v2\/posts"}],"about":[{"href":"https:\/\/redept.com.br\/blogosfera\/wp-json\/wp\/v2\/types\/post"}],"author":[{"embeddable":true,"href":"https:\/\/redept.com.br\/blogosfera\/wp-json\/wp\/v2\/users\/2"}],"replies":[{"embeddable":true,"href":"https:\/\/redept.com.br\/blogosfera\/wp-json\/wp\/v2\/comments?post=95189"}],"version-history":[{"count":0,"href":"https:\/\/redept.com.br\/blogosfera\/wp-json\/wp\/v2\/posts\/95189\/revisions"}],"wp:attachment":[{"href":"https:\/\/redept.com.br\/blogosfera\/wp-json\/wp\/v2\/media?parent=95189"}],"wp:term":[{"taxonomy":"category","embeddable":true,"href":"https:\/\/redept.com.br\/blogosfera\/wp-json\/wp\/v2\/categories?post=95189"},{"taxonomy":"post_tag","embeddable":true,"href":"https:\/\/redept.com.br\/blogosfera\/wp-json\/wp\/v2\/tags?post=95189"}],"curies":[{"name":"wp","href":"https:\/\/api.w.org\/{rel}","templated":true}]}}