{"id":95195,"date":"2026-07-13T15:54:30","date_gmt":"2026-07-13T18:54:30","guid":{"rendered":"https:\/\/redept.com.br\/blogosfera\/michelle-teme-que-flavio-tenha-selado-volta-de-bolsonaro-a-prisao-com-carta\/"},"modified":"2026-07-13T15:54:30","modified_gmt":"2026-07-13T18:54:30","slug":"michelle-teme-que-flavio-tenha-selado-volta-de-bolsonaro-a-prisao-com-carta","status":"publish","type":"post","link":"https:\/\/redept.com.br\/blogosfera\/michelle-teme-que-flavio-tenha-selado-volta-de-bolsonaro-a-prisao-com-carta\/","title":{"rendered":"Michelle teme que Fl\u00e1vio tenha selado volta de Bolsonaro \u00e0 pris\u00e3o com carta"},"content":{"rendered":"<p><img width=\"150\" height=\"105\"src=\"https:\/\/i0.wp.com\/urbsmagna.com\/wp-content\/uploads\/2026\/07\/Jair-Bolsonaro-e-Michelle-ao-fundo-a-Papudinha.webp?w=2400&amp;ssl=1\" alt=\"Michelle e Jair Bolsonaro \/ imagem reprodu\u00e7\u00e3o via CNN | O fundo, entrada da Papudinha \/ Reprodu\u00e7\u00e3o via Metr\u00f3poles || Arte UrbsMagna\" decoding=\"async\" srcset=\"https:\/\/i0.wp.com\/urbsmagna.com\/wp-content\/uploads\/2026\/07\/Jair-Bolsonaro-e-Michelle-ao-fundo-a-Papudinha.webp?w=2400&amp;ssl=1 2400w, https:\/\/i0.wp.com\/urbsmagna.com\/wp-content\/uploads\/2026\/07\/Jair-Bolsonaro-e-Michelle-ao-fundo-a-Papudinha.webp?resize=300%2C210&amp;ssl=1 300w, https:\/\/i0.wp.com\/urbsmagna.com\/wp-content\/uploads\/2026\/07\/Jair-Bolsonaro-e-Michelle-ao-fundo-a-Papudinha.webp?resize=1024%2C717&amp;ssl=1 1024w, https:\/\/i0.wp.com\/urbsmagna.com\/wp-content\/uploads\/2026\/07\/Jair-Bolsonaro-e-Michelle-ao-fundo-a-Papudinha.webp?resize=150%2C105&amp;ssl=1 150w, https:\/\/i0.wp.com\/urbsmagna.com\/wp-content\/uploads\/2026\/07\/Jair-Bolsonaro-e-Michelle-ao-fundo-a-Papudinha.webp?resize=768%2C538&amp;ssl=1 768w, https:\/\/i0.wp.com\/urbsmagna.com\/wp-content\/uploads\/2026\/07\/Jair-Bolsonaro-e-Michelle-ao-fundo-a-Papudinha.webp?resize=1536%2C1075&amp;ssl=1 1536w, https:\/\/i0.wp.com\/urbsmagna.com\/wp-content\/uploads\/2026\/07\/Jair-Bolsonaro-e-Michelle-ao-fundo-a-Papudinha.webp?resize=2048%2C1434&amp;ssl=1 2048w, https:\/\/i0.wp.com\/urbsmagna.com\/wp-content\/uploads\/2026\/07\/Jair-Bolsonaro-e-Michelle-ao-fundo-a-Papudinha.webp?resize=1320%2C924&amp;ssl=1 1320w\" sizes=\"(max-width: 150px) 100vw, 150px\" data-attachment-id=\"316670\" data-permalink=\"https:\/\/urbsmagna.com\/michelle-bolsonaro-teme-volta-bolsonaro-prisao-carta-flavio\/jair-bolsonaro-e-michelle-ao-fundo-a-papudinha\/\" data-orig-file=\"https:\/\/i0.wp.com\/urbsmagna.com\/wp-content\/uploads\/2026\/07\/Jair-Bolsonaro-e-Michelle-ao-fundo-a-Papudinha.webp?fit=2400%2C1680&amp;ssl=1\" data-orig-size=\"2400,1680\" data-comments-opened=\"1\" data-image-meta='{\"aperture\":\"0\",\"credit\":\"\",\"camera\":\"\",\"caption\":\"\",\"created_timestamp\":\"0\",\"copyright\":\"\",\"focal_length\":\"0\",\"iso\":\"0\",\"shutter_speed\":\"0\",\"title\":\"\",\"orientation\":\"0\",\"alt\":\"\"}' data-image-title=\"Michelle e Jair Bolsonaro \/ imagem reprodu\u00e7\u00e3o via CNN | O fundo, entrada da Papudinha \/ Reprodu\u00e7\u00e3o via Metr\u00f3poles || Arte UrbsMagna\" data-image-description=\"&lt;p&gt;Michelle e Jair Bolsonaro \/ imagem reprodu\u00e7\u00e3o via CNN | O fundo, entrada da Papudinha \/ Reprodu\u00e7\u00e3o via Metr\u00f3poles || Arte UrbsMagna&lt;\/p&gt;\n\" data-image-caption=\"&lt;p&gt;Michelle e Jair Bolsonaro \/ imagem reprodu\u00e7\u00e3o via CNN | O fundo, entrada da Papudinha \/ Reprodu\u00e7\u00e3o via Metr\u00f3poles || Arte UrbsMagna&lt;\/p&gt;\n\" data-large-file=\"https:\/\/i0.wp.com\/urbsmagna.com\/wp-content\/uploads\/2026\/07\/Jair-Bolsonaro-e-Michelle-ao-fundo-a-Papudinha.webp?fit=1024%2C717&amp;ssl=1\">Ex-primeira-dama pede ora\u00e7\u00f5es ap\u00f3s senador divulgar mensagem em que pai indica filho como porta-voz e candidato \u00e0 Presid\u00eancia, reacendendo risco de revoga\u00e7\u00e3o de regime domiciliar pelo STF<\/p>\n<p>O post Michelle teme que Fl\u00e1vio tenha selado volta de Bolsonaro \u00e0 pris\u00e3o com carta apareceu primeiro em Urbs Magna.<\/p>\n<!-- Begin Yuzo --><div class='yuzo_related_post style-1'  data-version='5.12.89'><!-- without result --><div class='yuzo_clearfixed yuzo__title yuzo__title'><h3>Related Post<\/h3><\/div>\n\t\t\t\t\t\t  <div class=\"relatedthumb \" style=\"width:125px;float:left;overflow:hidden;\">  \n\t\t\t\t\t\t\t  \n\t\t\t\t\t\t\t  <a  href=\"https:\/\/redept.com.br\/blogosfera\/ao-cafe-pt-luzi-borges-fala-sobre-politica-para-povos-de-terreiro\/\"  >\n\t\t\t\t\t\t\t\t\t  <div class=\"yuzo-img-wrap \" style=\"width: 125px;height:90px;\">\n\t\t\t\t\t\t\t\t\t\t\n\t\t\t\t\t\t\t\t\t\t<div class=\"yuzo-img\" style=\"background:url('https:\/\/redept.org\/blogosfera\/wp-content\/plugins\/yuzo-related-post\/assets\/images\/default.png') 50% 50% no-repeat;width: 125px;height:90px;margin-bottom: 5px;background-size: cover; \"><\/div>\n\t\t\t\t\t\t\t\t\t  <\/div>\n\t\t\t\t\t\t\t\t\t  \n\t\t\t\t\t\t\t\t   <span class=\"yuzo__text--title\" style=\"font-size:13px;\">Ao Caf\u00e9 PT, Luzi Borges fala sobre pol\u00edtica para p...<\/span>\n\t\t\t\t\t\t\t  \n\t\t\t\t\t\t\t  \n\t\t\t\t\t\t\t  <\/a>\n\n\t\t\t\t\t\t  <\/div>\n\t\t\t\t\t\t  <div class=\"relatedthumb \" style=\"width:125px;float:left;overflow:hidden;\">  \n\t\t\t\t\t\t\t  \n\t\t\t\t\t\t\t  <a  href=\"https:\/\/redept.com.br\/blogosfera\/ainda-estou-aqui-e-fernanda-torres-sao-indicados-ao-globo-de-ouro-2025\/\"  >\n\t\t\t\t\t\t\t\t\t  <div class=\"yuzo-img-wrap \" style=\"width: 125px;height:90px;\">\n\t\t\t\t\t\t\t\t\t\t\n\t\t\t\t\t\t\t\t\t\t<div class=\"yuzo-img\" style=\"background:url('https:\/\/redept.com.br\/blogosfera\/wp-content\/uploads\/2024\/12\/ainda-estou-aqui-150x150.jpeg') 50% 50% no-repeat;width: 125px;height:90px;margin-bottom: 5px;background-size: cover; \"><\/div>\n\t\t\t\t\t\t\t\t\t  <\/div>\n\t\t\t\t\t\t\t\t\t  \n\t\t\t\t\t\t\t\t   <span class=\"yuzo__text--title\" style=\"font-size:13px;\">Ainda Estou Aqui e Fernanda Torres s\u00e3o indicados a...<\/span>\n\t\t\t\t\t\t\t  \n\t\t\t\t\t\t\t  \n\t\t\t\t\t\t\t  <\/a>\n\n\t\t\t\t\t\t  <\/div>\n\t\t\t\t\t\t  <div class=\"relatedthumb \" style=\"width:125px;float:left;overflow:hidden;\">  \n\t\t\t\t\t\t\t  \n\t\t\t\t\t\t\t  <a  href=\"https:\/\/redept.com.br\/blogosfera\/sus-tera-transplante-de-membrana-amniotica-para-tratamento-de-queimaduras\/\"  >\n\t\t\t\t\t\t\t\t\t  <div class=\"yuzo-img-wrap \" style=\"width: 125px;height:90px;\">\n\t\t\t\t\t\t\t\t\t\t\n\t\t\t\t\t\t\t\t\t\t<div class=\"yuzo-img\" style=\"background:url('https:\/\/redept.org\/blogosfera\/wp-content\/plugins\/yuzo-related-post\/assets\/images\/default.png') 50% 50% no-repeat;width: 125px;height:90px;margin-bottom: 5px;background-size: cover; \"><\/div>\n\t\t\t\t\t\t\t\t\t  <\/div>\n\t\t\t\t\t\t\t\t\t  \n\t\t\t\t\t\t\t\t   <span class=\"yuzo__text--title\" style=\"font-size:13px;\">SUS ter\u00e1 transplante de membrana amni\u00f3tica para tr...<\/span>\n\t\t\t\t\t\t\t  \n\t\t\t\t\t\t\t  \n\t\t\t\t\t\t\t  <\/a>\n\n\t\t\t\t\t\t  <\/div>\n\t\t\t\t\t\t  <div class=\"relatedthumb \" style=\"width:125px;float:left;overflow:hidden;\">  \n\t\t\t\t\t\t\t  \n\t\t\t\t\t\t\t  <a  href=\"https:\/\/redept.com.br\/blogosfera\/quais-sao-os-jogos-hoje-2-da-copa-do-mundo-horarios-onde-ver-escalacoes\/\"  >\n\t\t\t\t\t\t\t\t\t  <div class=\"yuzo-img-wrap \" style=\"width: 125px;height:90px;\">\n\t\t\t\t\t\t\t\t\t\t\n\t\t\t\t\t\t\t\t\t\t<div class=\"yuzo-img\" style=\"background:url('https:\/\/redept.com.br\/blogosfera\/wp-content\/uploads\/2026\/07\/Lamine-Yamal-estrela-do-Barcelona-e-da-selecao-da-Espanha-tem-nacionalidade-marroquina-2048x1365-1-150x150.webp') 50% 50% no-repeat;width: 125px;height:90px;margin-bottom: 5px;background-size: cover; \"><\/div>\n\t\t\t\t\t\t\t\t\t  <\/div>\n\t\t\t\t\t\t\t\t\t  \n\t\t\t\t\t\t\t\t   <span class=\"yuzo__text--title\" style=\"font-size:13px;\">Quais s\u00e3o os jogos hoje (2) da Copa do Mundo; hor\u00e1...<\/span>\n\t\t\t\t\t\t\t  \n\t\t\t\t\t\t\t  \n\t\t\t\t\t\t\t  <\/a>\n\n\t\t\t\t\t\t  <\/div>\n<\/div> <script>\n\t\t\t\t\t\t  jQuery(document).ready(function( $ ){\n\t\t\t\t\t\t\t\/\/jQuery('.yuzo_related_post').equalizer({ overflow : 'relatedthumb' });\n\t\t\t\t\t\t\tjQuery('.yuzo_related_post .yuzo_wraps').equalizer({ columns : '> div' });\n\t\t\t\t\t\t   })\n\t\t\t\t\t\t  <\/script> <!-- End Yuzo :) -->","protected":false},"excerpt":{"rendered":"<p><img decoding=\"async\" width=\"150\" height=\"105\" src=\"https:\/\/i0.wp.com\/urbsmagna.com\/wp-content\/uploads\/2026\/07\/Jair-Bolsonaro-e-Michelle-ao-fundo-a-Papudinha.webp?fit=150%2C105&amp;ssl=1\" alt=\"Michelle e Jair Bolsonaro \/ imagem reprodu\u00e7\u00e3o via CNN | O fundo, entrada da Papudinha \/ Reprodu\u00e7\u00e3o via Metr\u00f3poles || Arte UrbsMagna\" data-attachment-id=\"316670\" data-permalink=\"https:\/\/urbsmagna.com\/michelle-bolsonaro-teme-volta-bolsonaro-prisao-carta-flavio\/jair-bolsonaro-e-michelle-ao-fundo-a-papudinha\/\" data-orig-file=\"https:\/\/i0.wp.com\/urbsmagna.com\/wp-content\/uploads\/2026\/07\/Jair-Bolsonaro-e-Michelle-ao-fundo-a-Papudinha.webp?fit=2400%2C1680&amp;ssl=1\" data-orig-size=\"2400,1680\" data-comments-opened=\"1\" data-image-meta=\"{&quot;aperture&quot;:&quot;0&quot;,&quot;credit&quot;:&quot;&quot;,&quot;camera&quot;:&quot;&quot;,&quot;caption&quot;:&quot;&quot;,&quot;created_timestamp&quot;:&quot;0&quot;,&quot;copyright&quot;:&quot;&quot;,&quot;focal_length&quot;:&quot;0&quot;,&quot;iso&quot;:&quot;0&quot;,&quot;shutter_speed&quot;:&quot;0&quot;,&quot;title&quot;:&quot;&quot;,&quot;orientation&quot;:&quot;0&quot;,&quot;alt&quot;:&quot;&quot;}\" data-image-title=\"Michelle e Jair Bolsonaro \/ imagem reprodu\u00e7\u00e3o via CNN | O fundo, entrada da Papudinha \/ Reprodu\u00e7\u00e3o via Metr\u00f3poles || Arte UrbsMagna\" data-image-description=\"&lt;p&gt;Michelle e Jair Bolsonaro \/ imagem reprodu\u00e7\u00e3o via CNN | O fundo, entrada da Papudinha \/ Reprodu\u00e7\u00e3o via Metr\u00f3poles || Arte UrbsMagna&lt;\/p&gt;\n\" data-image-caption=\"&lt;p&gt;Michelle e Jair Bolsonaro \/ imagem reprodu\u00e7\u00e3o via CNN | O fundo, entrada da Papudinha \/ Reprodu\u00e7\u00e3o via Metr\u00f3poles || Arte UrbsMagna&lt;\/p&gt;\n\" data-large-file=\"https:\/\/i0.wp.com\/urbsmagna.com\/wp-content\/uploads\/2026\/07\/Jair-Bolsonaro-e-Michelle-ao-fundo-a-Papudinha.webp?fit=1024%2C717&amp;ssl=1\">Ex-primeira-dama pede ora\u00e7\u00f5es ap\u00f3s senador divulgar mensagem em que pai indica filho como porta-voz e candidato \u00e0 Presid\u00eancia, reacendendo risco de revoga\u00e7\u00e3o de regime domiciliar pelo STF<\/p>\n<p>O post <a href=\"https:\/\/urbsmagna.com\/michelle-bolsonaro-teme-volta-bolsonaro-prisao-carta-flavio\/\">Michelle teme que Fl\u00e1vio tenha selado volta de Bolsonaro \u00e0 pris\u00e3o com carta<\/a> apareceu primeiro em <a href=\"https:\/\/urbsmagna.com\/\">Urbs Magna<\/a>.<\/p>\n","protected":false},"author":2,"featured_media":0,"comment_status":"open","ping_status":"closed","sticky":false,"template":"","format":"standard","meta":{"fifu_image_url":"","fifu_image_alt":"","footnotes":""},"categories":[1261,114,74407,536,1760,2427,2129,824,288,7463,9510,191,132,5471,5318,260,12623,74408],"tags":[],"class_list":["post-95195","post","type-post","status-publish","format-standard","hentry","category-alexandre-de-moraes","category-bolsonarismo","category-carta-bolsonaro","category-democracia","category-eleicoes-2026","category-flavio-bolsonaro","category-golpe-de-estado","category-jair-bolsonaro","category-justica","category-lindbergh-farias","category-michelle-bolsonaro","category-noticias","category-politica","category-politica-nacional","category-prisao-domiciliar","category-stf","category-supremo-tribunal-federal-stf","category-volta-a-prisao"],"_links":{"self":[{"href":"https:\/\/redept.com.br\/blogosfera\/wp-json\/wp\/v2\/posts\/95195","targetHints":{"allow":["GET"]}}],"collection":[{"href":"https:\/\/redept.com.br\/blogosfera\/wp-json\/wp\/v2\/posts"}],"about":[{"href":"https:\/\/redept.com.br\/blogosfera\/wp-json\/wp\/v2\/types\/post"}],"author":[{"embeddable":true,"href":"https:\/\/redept.com.br\/blogosfera\/wp-json\/wp\/v2\/users\/2"}],"replies":[{"embeddable":true,"href":"https:\/\/redept.com.br\/blogosfera\/wp-json\/wp\/v2\/comments?post=95195"}],"version-history":[{"count":0,"href":"https:\/\/redept.com.br\/blogosfera\/wp-json\/wp\/v2\/posts\/95195\/revisions"}],"wp:attachment":[{"href":"https:\/\/redept.com.br\/blogosfera\/wp-json\/wp\/v2\/media?parent=95195"}],"wp:term":[{"taxonomy":"category","embeddable":true,"href":"https:\/\/redept.com.br\/blogosfera\/wp-json\/wp\/v2\/categories?post=95195"},{"taxonomy":"post_tag","embeddable":true,"href":"https:\/\/redept.com.br\/blogosfera\/wp-json\/wp\/v2\/tags?post=95195"}],"curies":[{"name":"wp","href":"https:\/\/api.w.org\/{rel}","templated":true}]}}