{"id":95237,"date":"2026-07-13T17:45:42","date_gmt":"2026-07-13T20:45:42","guid":{"rendered":"https:\/\/redept.com.br\/blogosfera\/apos-carta-de-bolsonaro-stf-suspende-visitas-de-flavio-ao-pai-e-agrava-crise-na-campanha\/"},"modified":"2026-07-13T17:45:42","modified_gmt":"2026-07-13T20:45:42","slug":"apos-carta-de-bolsonaro-stf-suspende-visitas-de-flavio-ao-pai-e-agrava-crise-na-campanha","status":"publish","type":"post","link":"https:\/\/redept.com.br\/blogosfera\/apos-carta-de-bolsonaro-stf-suspende-visitas-de-flavio-ao-pai-e-agrava-crise-na-campanha\/","title":{"rendered":"Ap\u00f3s carta de Bolsonaro, STF suspende visitas de Fl\u00e1vio ao pai e agrava crise na campanha"},"content":{"rendered":"<p>A carta divulgada para reafirmar a autoridade de Fl\u00e1vio Bolsonaro dentro da extrema direita acabou produzindo uma nova restri\u00e7\u00e3o judicial sobre a campanha do senador. O ministro Alexandre de Moraes, do Supremo Tribunal Federal (STF), suspendeu nesta segunda-feira, 13 de julho, por 90 dias, as visitas do pr\u00e9-candidato do PL ao pai, o ex-presidente Jair Bolsonaro, que cumpre pena em pris\u00e3o domiciliar.<\/p>\n<p>A decis\u00e3o foi tomada depois que Fl\u00e1vio publicou nas redes sociais, no s\u00e1bado, 11, um v\u00eddeo no qual leu uma carta escrita pelo ex-presidente durante uma visita familiar. No documento, Bolsonaro reafirmou o filho como seu candidato \u00e0 Presid\u00eancia da Rep\u00fablica e o apresentou como \u201cporta-voz\u201d, numa tentativa de conter as divis\u00f5es que se aprofundaram nas \u00faltimas semanas dentro da fam\u00edlia e do campo pol\u00edtico bolsonarista.<\/p>\n<p>Moraes entendeu que a publica\u00e7\u00e3o desrespeitou a proibi\u00e7\u00e3o imposta a Jair Bolsonaro de utilizar as redes sociais, diretamente ou por interm\u00e9dio de terceiros. O ministro deu 48 horas para que a defesa do ex-presidente se manifeste e determinou o envio do caso ao Minist\u00e9rio P\u00fablico Eleitoral, que dever\u00e1 avaliar poss\u00edveis provid\u00eancias diante do car\u00e1ter eleitoral da mensagem.<\/p>\n<p>\u201cN\u00e3o h\u00e1 d\u00favidas, portanto, que a conduta irregular de Fl\u00e1vio Nantes Bolsonaro desrespeitou expressa veda\u00e7\u00e3o judicial e configurou ostensivo desvio de finalidade no exerc\u00edcio de seu direito de visita\u201d, escreveu Moraes. O ministro aplicou a previs\u00e3o da Lei de Execu\u00e7\u00e3o Penal que permite a suspens\u00e3o imediata das visitas quando o direito \u00e9 utilizado para descumprir restri\u00e7\u00f5es judiciais.<\/p>\n<p>A medida alcan\u00e7a praticamente todo o per\u00edodo eleitoral at\u00e9 o primeiro turno, marcado para 4 de outubro. Na pr\u00e1tica, Fl\u00e1vio fica impedido de manter encontros presenciais com aquele que continua sendo seu principal avalista pol\u00edtico justamente quando a candidatura entra na fase decisiva. A conven\u00e7\u00e3o nacional do PL para formalizar o nome do senador est\u00e1 marcada para 25 de julho, em S\u00e3o Paulo.<\/p>\n<h4>Uma carta para tentar unificar o bolsonarismo<\/h4>\n<p>Na mensagem, Jair Bolsonaro classificou Fl\u00e1vio como a \u201cmelhor op\u00e7\u00e3o\u201d para representar seu grupo pol\u00edtico e pediu que apoiadores e aliados deixassem de lado as \u201cposs\u00edveis diferen\u00e7as\u201d. O ex-presidente tamb\u00e9m afirmou que o momento exigia \u201carrega\u00e7ar as mangas\u201d em favor da candidatura.<\/p>\n<p>Durante a transmiss\u00e3o, Fl\u00e1vio disse que a defini\u00e7\u00e3o do pai como seu porta-voz serviria para evitar \u201cfalas conflituosas ou dire\u00e7\u00f5es diferentes\u201d dentro da direita. O senador afirmou ainda que setores estariam boicotando sua pr\u00e9-campanha e convocou seguidores a defender seu nome nas redes sociais.<\/p>\n<p>A carta, portanto, n\u00e3o foi apenas uma manifesta\u00e7\u00e3o familiar. O documento cumpria uma fun\u00e7\u00e3o eleitoral imediata: tentar estabelecer uma linha de comando dentro do bolsonarismo e encerrar as d\u00favidas sobre quem fala em nome do ex-presidente, condenado a 27 anos e tr\u00eas meses de pris\u00e3o pela trama golpista.<\/p>\n<p>Jair Bolsonaro j\u00e1 havia indicado o filho como seu sucessor em dezembro de 2025. Desde ent\u00e3o, Fl\u00e1vio tenta transformar o apoio do pai em uma candidatura nacional, ao mesmo tempo em que busca construir uma imagem mais moderada para dialogar com setores empresariais, partidos do centro e eleitores que rejeitaram o ex-presidente em 2022. A necessidade de uma nova carta, a menos de tr\u00eas meses da elei\u00e7\u00e3o, mostrou que a transfer\u00eancia de autoridade ainda n\u00e3o estava conclu\u00edda.<\/p>\n<p>O pr\u00e9-candidato Ronaldo Caiado, do PSD, afirmou que o documento evidenciou a \u201cfragilidade\u201d da candidatura de Fl\u00e1vio. Para o ex-governador de Goi\u00e1s, os candidatos precisam responder diretamente por suas posi\u00e7\u00f5es, sem depender da manifesta\u00e7\u00e3o de terceiros.<\/p>\n<h4>Racha com Michelle exp\u00f4s disputa pelo legado<\/h4>\n<p>A carta foi divulgada ap\u00f3s semanas de confronto entre Fl\u00e1vio e a ex-primeira-dama Michelle Bolsonaro. O conflito ganhou for\u00e7a em 24 de junho, quando Michelle criticou publicamente a articula\u00e7\u00e3o do PL em torno da candidatura de Ciro Gomes ao governo do Cear\u00e1 e afirmou ter sido desrespeitada pelo enteado depois de defender outro nome para a disputa estadual.<\/p>\n<p>O epis\u00f3dio ultrapassou uma diverg\u00eancia regional. Michelle acusou Fl\u00e1vio de t\u00ea-la atingido com uma \u201cpunhalada\u201d e deixou, em 30 de junho, a presid\u00eancia nacional do PL Mulher, estrutura que comandava desde 2023. A sa\u00edda retirou da campanha uma das principais pontes do bolsonarismo com mulheres evang\u00e9licas e conservadoras.<\/p>\n<p>A crise aumentou quando Michelle compartilhou um v\u00eddeo sobre festas promovidas pelo empres\u00e1rio Daniel Vorcaro, fundador do Banco Master. Fl\u00e1vio reagiu afirmando que a ex-primeira-dama estava \u201ccompletamente desinformada\u201d e negou ter participado dos eventos. Valdemar Costa Neto, presidente do PL, tamb\u00e9m criticou a publica\u00e7\u00e3o e chegou a declarar que Michelle n\u00e3o desejava participar da campanha do senador. A assessoria da ex-primeira-dama contestou a afirma\u00e7\u00e3o e disse que ela entraria na campanha \u201cna hora certa\u201d.<\/p>\n<p>O desgaste levou a equipe de Fl\u00e1vio a ampliar a exposi\u00e7\u00e3o de sua esposa, Fernanda Bolsonaro. A estrat\u00e9gia prev\u00ea mais v\u00eddeos e agendas voltadas ao eleitorado feminino, com a tentativa de apresentar o senador como um \u201cBolsonaro moderado\u201d. O movimento ganhou urg\u00eancia depois do afastamento de Michelle e da declara\u00e7\u00e3o do influenciador bolsonarista Paulo Figueiredo de que mulheres, especialmente as solteiras, \u201cvotam muito mal\u201d. Fl\u00e1vio repudiou a fala e passou a participar de encontros organizados por parlamentares do partido.<\/p>\n<p>A disputa familiar exp\u00f4s uma dificuldade antiga da extrema direita. Pesquisa e an\u00e1lises eleitorais indicam que o desempenho entre as mulheres continua sendo um obst\u00e1culo para Fl\u00e1vio. Michelle, que construiu uma atua\u00e7\u00e3o pr\u00f3pria no PL e mant\u00e9m influ\u00eancia entre o eleitorado evang\u00e9lico, poderia funcionar como uma das principais pe\u00e7as para reduzir essa resist\u00eancia. Sua aus\u00eancia ou participa\u00e7\u00e3o limitada enfraquece essa estrat\u00e9gia.<\/p>\n<h4>O peso do caso Dark Horse<\/h4>\n<p>A crise com Michelle se somou ao epis\u00f3dio que alterou o rumo da pr\u00e9-campanha no in\u00edcio de maio. \u00c1udios revelaram que Fl\u00e1vio negociou com Daniel Vorcaro um pagamento de US$ 24 milh\u00f5es, cerca de R$ 134 milh\u00f5es pela cota\u00e7\u00e3o da \u00e9poca, para financiar o filme\u00a0<em>Dark Horse<\/em>, sobre a trajet\u00f3ria de Jair Bolsonaro.<\/p>\n<p>O senador sustenta que se tratava de uma opera\u00e7\u00e3o comercial para uma produ\u00e7\u00e3o audiovisual e nega qualquer irregularidade. A repercuss\u00e3o, por\u00e9m, colocou a candidatura no centro das investiga\u00e7\u00f5es e controv\u00e9rsias relacionadas ao Banco Master. A liga\u00e7\u00e3o com Vorcaro passou a ser explorada por advers\u00e1rios e abriu uma disputa dentro da pr\u00f3pria fam\u00edlia.<\/p>\n<p>A pr\u00e9-campanha tenta demonstrar que o epis\u00f3dio foi superado, mas seus integrantes reconhecem que a candidatura passou cerca de dois meses cercada por uma agenda negativa. Al\u00e9m do caso Dark Horse e do conflito com Michelle, o grupo enfrentou questionamentos sobre a casa de R$ 14 milh\u00f5es utilizada como sede informal da campanha. O im\u00f3vel teve R$ 10,5 milh\u00f5es financiados por uma institui\u00e7\u00e3o banc\u00e1ria, o que levou o deputado Lindbergh Farias a pedir que a Pol\u00edcia Federal investigasse a opera\u00e7\u00e3o.<\/p>\n<p>Para recuperar a iniciativa, Fl\u00e1vio lan\u00e7ou em junho o plano \u201cBrasil sem Medo\u201d, com propostas para a seguran\u00e7a p\u00fablica. O documento prev\u00ea a classifica\u00e7\u00e3o de organiza\u00e7\u00f5es como PCC, Comando Vermelho e mil\u00edcias como grupos terroristas, a constru\u00e7\u00e3o de pres\u00eddios federais e mudan\u00e7as na legisla\u00e7\u00e3o penal. Especialistas ouvidos pela imprensa apontaram problemas jur\u00eddicos e desconhecimento sobre a divis\u00e3o de responsabilidades entre Uni\u00e3o, estados e munic\u00edpios em parte das propostas.<\/p>\n<h4>Trump, tarifas e soberania<\/h4>\n<p>Outro ponto de desgaste foi a tentativa de Fl\u00e1vio de utilizar sua proximidade com o governo de Donald Trump como ativo eleitoral. O senador viajou a Washington e participou de audi\u00eancia do Escrit\u00f3rio do Representante Comercial dos Estados Unidos, que avalia impor uma tarifa adicional de 25% sobre produtos brasileiros.<\/p>\n<p>Fl\u00e1vio pediu que uma eventual decis\u00e3o fosse adiada e argumentou que a medida poderia beneficiar eleitoralmente o presidente Luiz In\u00e1cio Lula da Silva. O senador tamb\u00e9m defendeu o Pix diante das cr\u00edticas americanas, mas prop\u00f4s impedir que o sistema brasileiro se integrasse a redes de pagamento internacionais n\u00e3o ocidentais, sugest\u00e3o criticada pelo governo por subordinar uma infraestrutura nacional \u00e0s press\u00f5es de Washington.<\/p>\n<p>A iniciativa gerou rea\u00e7\u00e3o at\u00e9 mesmo entre candidatos da direita. Caiado acusou Fl\u00e1vio de agir de acordo com seus interesses eleitorais e afirmou que o senador havia \u201cconspirado contra a economia\u201d brasileira. Romeu Zema, do Novo, declarou que negocia\u00e7\u00f5es comerciais com outros pa\u00edses s\u00e3o atribui\u00e7\u00e3o do governo federal, e n\u00e3o de um candidato.<\/p>\n<p>A rela\u00e7\u00e3o com Trump, apresentada inicialmente como demonstra\u00e7\u00e3o de influ\u00eancia internacional, tornou-se um problema para a campanha. Ao pedir que o governo americano considerasse o calend\u00e1rio eleitoral brasileiro, Fl\u00e1vio refor\u00e7ou a cr\u00edtica de que integrantes da fam\u00edlia Bolsonaro utilizam interlocutores estrangeiros para interferir na pol\u00edtica interna.<\/p>\n<h4>Pesquisas mostram Lula \u00e0 frente<\/h4>\n<p>Os levantamentos eleitorais mais recentes n\u00e3o apresentam um cen\u00e1rio \u00fanico, mas mant\u00eam Lula numericamente \u00e0 frente de Fl\u00e1vio nas simula\u00e7\u00f5es de segundo turno.<\/p>\n<p>A pesquisa AtlasIntel\/Bloomberg divulgada em 1\u00ba de julho registrou 48,8% para Lula e 42,3% para Fl\u00e1vio, diferen\u00e7a de 6,5 pontos percentuais. O levantamento ouviu 4.999 pessoas entre 26 e 30 de junho e tem margem de erro de um ponto.<\/p>\n<p>O PoderData\/Aya, divulgado em 25 de junho, mostrou uma disputa mais apertada: Lula com 46% e Fl\u00e1vio com 43%, dentro da margem de erro de dois pontos percentuais. J\u00e1 a pesquisa BTG\/Nexus publicada nesta segunda-feira apontou 47% para o presidente e 44% para o senador, reduzindo de seis para tr\u00eas pontos a diferen\u00e7a registrada na rodada anterior.<\/p>\n<p>A campanha de Fl\u00e1vio utiliza os n\u00fameros mais pr\u00f3ximos para sustentar que o pr\u00e9-candidato voltou a crescer depois dos desgastes. Pesquisadores ouvidos pela CNN, entretanto, ressaltam que os levantamentos p\u00fablicos continuam indicando vantagem de Lula, que varia entre tr\u00eas e seis pontos no segundo turno.<\/p>\n<p>A aproxima\u00e7\u00e3o com o governador de S\u00e3o Paulo, Tarc\u00edsio de Freitas, tamb\u00e9m \u00e9 considerada decisiva. Embora tenha feito gestos p\u00fablicos de apoio, Tarc\u00edsio mant\u00e9m interesses pr\u00f3prios e \u00e9 apontado por setores empresariais e partid\u00e1rios como poss\u00edvel candidato presidencial em 2030. Seu n\u00edvel de envolvimento na campanha de Fl\u00e1vio poder\u00e1 determinar a capacidade do PL de construir um palanque competitivo no maior col\u00e9gio eleitoral do pa\u00eds.<\/p>\n<h4>Pedido para revogar a pris\u00e3o domiciliar<\/h4>\n<p>Antes da decis\u00e3o de Moraes, Lindbergh Farias protocolou no STF um pedido para revogar a pris\u00e3o domiciliar de Jair Bolsonaro. O l\u00edder do PT na C\u00e2mara argumentou que a elabora\u00e7\u00e3o e a divulga\u00e7\u00e3o da carta representaram descumprimento objetivo das medidas impostas ao ex-presidente.<\/p>\n<p>\u201cO descumprimento \u00e9 objetivo, deliberado e confessado. Objetivo, porque a manifesta\u00e7\u00e3o do apenado foi efetivamente veiculada em rede social, alcan\u00e7ando audi\u00eancia massiva. Deliberado, porque a carta foi redigida na manh\u00e3 do mesmo dia da divulga\u00e7\u00e3o, no curso de visita familiar autorizada\u201d, afirmou o deputado no documento.<\/p>\n<p>Para Lindbergh, o regime de visitas foi usado como instrumento para permitir que Bolsonaro interferisse diretamente na campanha eleitoral. O parlamentar defendeu o retorno do ex-presidente ao regime fechado e afirmou que a carta transformava Fl\u00e1vio de candidato em simples porta-voz do pai.<\/p>\n<p>Moraes n\u00e3o decidiu, at\u00e9 o momento, sobre a revoga\u00e7\u00e3o da pris\u00e3o domiciliar. A defesa ter\u00e1 de explicar a produ\u00e7\u00e3o e a entrega da carta, enquanto o Minist\u00e9rio P\u00fablico Eleitoral avaliar\u00e1 seus poss\u00edveis efeitos sobre o processo eleitoral.<\/p>\n<p>A suspens\u00e3o das visitas n\u00e3o retira Fl\u00e1vio da disputa, mas interrompe o contato presencial com Jair Bolsonaro durante praticamente toda a campanha at\u00e9 o primeiro turno. A decis\u00e3o chega \u00e0s v\u00e9speras da conven\u00e7\u00e3o do PL e obriga o senador a conduzir uma candidatura que ainda busca demonstrar autonomia, enquanto depende da palavra do pai para conter as divis\u00f5es dentro da pr\u00f3pria fam\u00edlia e de sua base pol\u00edtica.<\/p>\n<!-- Begin Yuzo --><div class='yuzo_related_post style-1'  data-version='5.12.89'><!-- without result --><div class='yuzo_clearfixed yuzo__title yuzo__title'><h3>Related Post<\/h3><\/div>\n\t\t\t\t\t\t  <div class=\"relatedthumb \" style=\"width:125px;float:left;overflow:hidden;\">  \n\t\t\t\t\t\t\t  \n\t\t\t\t\t\t\t  <a  href=\"https:\/\/redept.com.br\/blogosfera\/argentina-ministerio-publico-investiga-registros-telefonicos-de-milei-no-escandalo-das-criptomoedas\/\"  >\n\t\t\t\t\t\t\t\t\t  <div class=\"yuzo-img-wrap \" style=\"width: 125px;height:90px;\">\n\t\t\t\t\t\t\t\t\t\t\n\t\t\t\t\t\t\t\t\t\t<div class=\"yuzo-img\" style=\"background:url('https:\/\/redept.com.br\/blogosfera\/wp-content\/uploads\/2025\/03\/javier_milei_viva_24_3-2-150x150.jpg') 50% 50% no-repeat;width: 125px;height:90px;margin-bottom: 5px;background-size: cover; \"><\/div>\n\t\t\t\t\t\t\t\t\t  <\/div>\n\t\t\t\t\t\t\t\t\t  \n\t\t\t\t\t\t\t\t   <span class=\"yuzo__text--title\" style=\"font-size:13px;\">Argentina: Minist\u00e9rio P\u00fablico investiga registros ...<\/span>\n\t\t\t\t\t\t\t  \n\t\t\t\t\t\t\t  \n\t\t\t\t\t\t\t  <\/a>\n\n\t\t\t\t\t\t  <\/div>\n\t\t\t\t\t\t  <div class=\"relatedthumb \" style=\"width:125px;float:left;overflow:hidden;\">  \n\t\t\t\t\t\t\t  \n\t\t\t\t\t\t\t  <a  href=\"https:\/\/redept.com.br\/blogosfera\/ativistas-denunciam-ameacas-de-israel-contra-embarcacoes-humanitarias-rumo-a-gaza\/\"  >\n\t\t\t\t\t\t\t\t\t  <div class=\"yuzo-img-wrap \" style=\"width: 125px;height:90px;\">\n\t\t\t\t\t\t\t\t\t\t\n\t\t\t\t\t\t\t\t\t\t<div class=\"yuzo-img\" style=\"background:url('https:\/\/redept.com.br\/blogosfera\/wp-content\/uploads\/2025\/09\/fl-150x150.jpg') 50% 50% no-repeat;width: 125px;height:90px;margin-bottom: 5px;background-size: cover; \"><\/div>\n\t\t\t\t\t\t\t\t\t  <\/div>\n\t\t\t\t\t\t\t\t\t  \n\t\t\t\t\t\t\t\t   <span class=\"yuzo__text--title\" style=\"font-size:13px;\">Ativistas denunciam amea\u00e7as de Israel contra embar...<\/span>\n\t\t\t\t\t\t\t  \n\t\t\t\t\t\t\t  \n\t\t\t\t\t\t\t  <\/a>\n\n\t\t\t\t\t\t  <\/div>\n\t\t\t\t\t\t  <div class=\"relatedthumb \" style=\"width:125px;float:left;overflow:hidden;\">  \n\t\t\t\t\t\t\t  \n\t\t\t\t\t\t\t  <a  href=\"https:\/\/redept.com.br\/blogosfera\/escalada-dos-eua-contra-o-ira-abre-nova-frente-no-mar-vermelho\/\"  >\n\t\t\t\t\t\t\t\t\t  <div class=\"yuzo-img-wrap \" style=\"width: 125px;height:90px;\">\n\t\t\t\t\t\t\t\t\t\t\n\t\t\t\t\t\t\t\t\t\t<div class=\"yuzo-img\" style=\"background:url('https:\/\/redept.com.br\/blogosfera\/wp-content\/uploads\/2026\/07\/-\u0639\u0627\u0645\u0631-e1721572541569.jpg') 50% 50% no-repeat;width: 125px;height:90px;margin-bottom: 5px;background-size: cover; \"><\/div>\n\t\t\t\t\t\t\t\t\t  <\/div>\n\t\t\t\t\t\t\t\t\t  \n\t\t\t\t\t\t\t\t   <span class=\"yuzo__text--title\" style=\"font-size:13px;\">Escalada dos EUA contra o Ir\u00e3 abre nova frente no ...<\/span>\n\t\t\t\t\t\t\t  \n\t\t\t\t\t\t\t  \n\t\t\t\t\t\t\t  <\/a>\n\n\t\t\t\t\t\t  <\/div>\n\t\t\t\t\t\t  <div class=\"relatedthumb \" style=\"width:125px;float:left;overflow:hidden;\">  \n\t\t\t\t\t\t\t  \n\t\t\t\t\t\t\t  <a  href=\"https:\/\/redept.com.br\/blogosfera\/lider-espanhol-diz-que-lideranca-do-brasil-na-cop30-e-inspiradora\/\"  >\n\t\t\t\t\t\t\t\t\t  <div class=\"yuzo-img-wrap \" style=\"width: 125px;height:90px;\">\n\t\t\t\t\t\t\t\t\t\t\n\t\t\t\t\t\t\t\t\t\t<div class=\"yuzo-img\" style=\"background:url('https:\/\/redept.org\/blogosfera\/wp-content\/plugins\/yuzo-related-post\/assets\/images\/default.png') 50% 50% no-repeat;width: 125px;height:90px;margin-bottom: 5px;background-size: cover; \"><\/div>\n\t\t\t\t\t\t\t\t\t  <\/div>\n\t\t\t\t\t\t\t\t\t  \n\t\t\t\t\t\t\t\t   <span class=\"yuzo__text--title\" style=\"font-size:13px;\">L\u00edder espanhol diz que lideran\u00e7a do Brasil na COP3...<\/span>\n\t\t\t\t\t\t\t  \n\t\t\t\t\t\t\t  \n\t\t\t\t\t\t\t  <\/a>\n\n\t\t\t\t\t\t  <\/div>\n<\/div> <script>\n\t\t\t\t\t\t  jQuery(document).ready(function( $ ){\n\t\t\t\t\t\t\t\/\/jQuery('.yuzo_related_post').equalizer({ overflow : 'relatedthumb' });\n\t\t\t\t\t\t\tjQuery('.yuzo_related_post .yuzo_wraps').equalizer({ columns : '> div' });\n\t\t\t\t\t\t   })\n\t\t\t\t\t\t  <\/script> <!-- End Yuzo :) -->","protected":false},"excerpt":{"rendered":"<p>A carta divulgada para reafirmar a autoridade de Fl\u00e1vio Bolsonaro dentro da extrema direita acabou produzindo uma nova restri\u00e7\u00e3o judicial sobre a campanha do senador. O ministro Alexandre de Moraes, do Supremo Tribunal Federal (STF), suspendeu nesta segunda-feira, 13 de julho, por 90 dias, as visitas do pr\u00e9-candidato do PL ao pai, o ex-presidente Jair [&hellip;]<\/p>\n","protected":false},"author":2,"featured_media":0,"comment_status":"open","ping_status":"closed","sticky":false,"template":"","format":"standard","meta":{"fifu_image_url":"","fifu_image_alt":"","footnotes":""},"categories":[8620],"tags":[],"class_list":["post-95237","post","type-post","status-publish","format-standard","hentry","category-noticia"],"_links":{"self":[{"href":"https:\/\/redept.com.br\/blogosfera\/wp-json\/wp\/v2\/posts\/95237","targetHints":{"allow":["GET"]}}],"collection":[{"href":"https:\/\/redept.com.br\/blogosfera\/wp-json\/wp\/v2\/posts"}],"about":[{"href":"https:\/\/redept.com.br\/blogosfera\/wp-json\/wp\/v2\/types\/post"}],"author":[{"embeddable":true,"href":"https:\/\/redept.com.br\/blogosfera\/wp-json\/wp\/v2\/users\/2"}],"replies":[{"embeddable":true,"href":"https:\/\/redept.com.br\/blogosfera\/wp-json\/wp\/v2\/comments?post=95237"}],"version-history":[{"count":0,"href":"https:\/\/redept.com.br\/blogosfera\/wp-json\/wp\/v2\/posts\/95237\/revisions"}],"wp:attachment":[{"href":"https:\/\/redept.com.br\/blogosfera\/wp-json\/wp\/v2\/media?parent=95237"}],"wp:term":[{"taxonomy":"category","embeddable":true,"href":"https:\/\/redept.com.br\/blogosfera\/wp-json\/wp\/v2\/categories?post=95237"},{"taxonomy":"post_tag","embeddable":true,"href":"https:\/\/redept.com.br\/blogosfera\/wp-json\/wp\/v2\/tags?post=95237"}],"curies":[{"name":"wp","href":"https:\/\/api.w.org\/{rel}","templated":true}]}}