{"id":95240,"date":"2026-07-13T17:56:47","date_gmt":"2026-07-13T20:56:47","guid":{"rendered":"https:\/\/redept.com.br\/blogosfera\/agencia-climatica-eleva-chance-de-super-el-nino-e-governo-investe-em-prevencao-dos-impactos\/"},"modified":"2026-07-13T17:56:47","modified_gmt":"2026-07-13T20:56:47","slug":"agencia-climatica-eleva-chance-de-super-el-nino-e-governo-investe-em-prevencao-dos-impactos","status":"publish","type":"post","link":"https:\/\/redept.com.br\/blogosfera\/agencia-climatica-eleva-chance-de-super-el-nino-e-governo-investe-em-prevencao-dos-impactos\/","title":{"rendered":"Ag\u00eancia clim\u00e1tica eleva chance de \u201csuper El Ni\u00f1o\u201d e governo investe em preven\u00e7\u00e3o dos impactos"},"content":{"rendered":"<p>Nos \u00faltimos meses, <strong>as previs\u00f5es dos cientistas<\/strong> alertam sobre a probabilidade de ocorr\u00eancia do fen\u00f4meno <strong>El Ni\u00f1o em alta intensidade<\/strong> a partir de outubro deste ano com preval\u00eancia at\u00e9 o in\u00edcio do ano que vem. Na \u00faltima quinta-feira (9), o aviso ganhou contornos ainda mais preocupantes.\u00a0<\/p>\n<p>O Centro de Previs\u00e3o Clim\u00e1tica (CPC) dos Estados Unidos, vinculado \u00e0 <strong>Ag\u00eancia Oce\u00e2nica e Atmosf\u00e9rica Norte-americana<\/strong> (NOAA), divulgou que a expectativa do fen\u00f4meno atingir a categoria \u201cmuito forte\u201d chega, agora, a 81% de chance; o \u00faltimo boletim apontava 63%.\u00a0<\/p>\n<p>O El Ni\u00f1o \u00e9 caracterizado pelo <strong>aquecimento das \u00e1guas do Oceano Pac\u00edfico Equatorial<\/strong>, o que altera a circula\u00e7\u00e3o dos ventos e o padr\u00e3o de chuvas em diferentes regi\u00f5es do planeta. No contexto atual, onde as mudan\u00e7as clim\u00e1ticas s\u00e3o uma realidade, h\u00e1 ainda a preocupa\u00e7\u00e3o com o desequil\u00edbrio nas temperaturas, em especial, com as ondas de calor extremo observadas no ver\u00e3o europeu.\u00a0<\/p>\n<p>De acordo com a NOAA, o fen\u00f4meno dever\u00e1 atingir um dos patamares mais intensos desde 1950. A classifica\u00e7\u00e3o entre os n\u00edveis fraco, moderado, forte e muito forte acontece a partir da medi\u00e7\u00e3o da temperatura do aquecimento. Por exemplo, quando as \u00e1guas se aquecem em mais de dois graus acima da temperatura habitual, \u00e9 considerado que o fen\u00f4meno atingiu a classifica\u00e7\u00e3o de \u201cmuito forte\u201d e, assim, acaba apontado como um <strong>\u201csuper El Ni\u00f1o\u201d<\/strong>.\u00a0<\/p>\n<p>No Brasil, as principais consequ\u00eancias observadas s\u00e3o o aumento do volume de chuvas na regi\u00e3o Sul e as secas enfrentadas na regi\u00e3o Norte. Entre o final de 2023 e o in\u00edcio de 2024, de acordo com a Organiza\u00e7\u00e3o Meteorol\u00f3gica Mundial, foi registrado um dos cinco fen\u00f4menos mais fortes desde o in\u00edcio das medi\u00e7\u00f5es.<\/p>\n<p>Nesse per\u00edodo, o pa\u00eds sofreu com as enchentes no Vale do Taquari, no Rio Grande do Sul, e a seca hist\u00f3rica do Rio Madeira. As previs\u00f5es dos cientistas naquele momento eram de que ocorreria um El Ni\u00f1o moderado e, mesmo assim, os efeitos foram destruidores, segundo o climatologista Carlos Nobre, que afirma ser necess\u00e1rio \u201cestarmos ainda mais preparados para os efeitos neste ano, com as previs\u00f5es de ocorr\u00eancia de um El Ni\u00f1o categorizado como forte ou muito forte\u201d.\u00a0<\/p>\n<p>Ganhador do pr\u00eamio Nobel da Paz em 2007 junto com um grupo de cientistas do Painel Intergovernamental sobre Mudan\u00e7as Clim\u00e1ticas, <strong>Carlos Nobre<\/strong> \u00e9 um pesquisador renomado, que atualmente tem atua\u00e7\u00e3o no Instituto de Estudos Avan\u00e7ados da Universidade de S\u00e3o Paulo e j\u00e1 dirigiu o Centro de Previs\u00e3o de Tempo e Estudos Clim\u00e1ticos (CPTEC) e o Centro de Ci\u00eancia do Sistema Terrestre (CCST).\u00a0<\/p>\n<h4><strong>Pol\u00edticas P\u00fablicas\u00a0<\/strong><\/h4>\n<p>\u201cN\u00e3o consigo lembrar de nenhum outro momento em que uma boa previs\u00e3o clim\u00e1tica, meteorol\u00f3gica, hidrol\u00f3gica foi levada muito a s\u00e9rio no n\u00edvel dos governos e se buscou evitar os impactos, essa \u00e9 a primeira vez\u201d, afirma Nobre.\u00a0\u00a0<\/p>\n<p>O governo federal demandou, com um prazo de 30 dias, aos estados e munic\u00edpios a apresenta\u00e7\u00e3o de planos de enfrentamento aos efeitos do El Ni\u00f1o, com foco, especialmente, no combate aos inc\u00eandios florestais.\u00a0<\/p>\n<p>Em um boletim oficial sobre o El Ni\u00f1o 2026\/2027, que foi elaborado em conjunto por \u00f3rg\u00e3os como Instituto Nacional de Pesquisas Espaciais (Inpe), Instituto Nacional de Meteorologia (Inmet), Centro Nacional de Monitoramento e Alertas de Desastres Naturais (Cemaden), Ag\u00eancia Nacional de \u00c1guas (ANA) e Defesa Civil Nacional, foi apontada tamb\u00e9m a preocupa\u00e7\u00e3o com o aumento da umidade do solo no centro-sul do pa\u00eds, com maior risco de enchentes caso ocorram epis\u00f3dios de chuva intensa durante a primavera.\u00a0<\/p>\n<p>\u201cNo caso das chuvas na regi\u00e3o Sul, o que acontece \u00e9 que muitas pessoas precisam deixar suas casas em beiras de rios, nas encostas. O deslizamento de encostas \u00e9 o que mais leva \u00e0 morte nos casos de chuvas excessivas, ent\u00e3o \u00e9 preciso que haja uma grande prepara\u00e7\u00e3o. Por exemplo, o CEMADEN [Centro Nacional de Monitoramento e Alertas de Desastres Naturais] faz previs\u00f5es excelentes sobre essa eventos que envolvem riscos\u201d, comenta o cientista.\u00a0<\/p>\n<p>O <strong>Minist\u00e9rio da Sa\u00fade<\/strong> lan\u00e7ou, no fim do m\u00eas passado, um conjunto de medidas para preparar o Sistema \u00danico de Sa\u00fade, o <strong>SUS<\/strong>, para os impactos de um El Ni\u00f1o intenso. O plano est\u00e1 inserido no programa AdaptaSUS com investimentos de quase R$ 10 bilh\u00f5es at\u00e9 2035 para aumentar a capacidade de resposta da rede p\u00fablica diante de eventos clim\u00e1ticos extremos.<\/p>\n<p>De acordo com a pasta, o programa ser\u00e1 baseado em cinco frentes: vigil\u00e2ncia e alertas, coordena\u00e7\u00e3o entre governos, comunica\u00e7\u00e3o com gestores e popula\u00e7\u00e3o, fortalecimento da capacidade de atendimento e refor\u00e7o de medicamentos, vacinas, \u00e1gua pot\u00e1vel e outros insumos.\u00a0<\/p>\n<h4><strong>Consequ\u00eancias<\/strong><\/h4>\n<p>Al\u00e9m da forte preocupa\u00e7\u00e3o com os riscos \u00e0 vida das popula\u00e7\u00f5es das \u00e1reas afetadas, h\u00e1 tamb\u00e9m outros impactos, principalmente, sobre a <strong>agricultura<\/strong>. Um dos insumos que podem ser mais afetados \u00e9 o arroz, um dos mais consumidos. Cerca de 70% da produ\u00e7\u00e3o brasileira est\u00e1 concentrada no Rio Grande do Sul. No cen\u00e1rio global, a situa\u00e7\u00e3o tamb\u00e9m \u00e9 delicada, j\u00e1 que outras regi\u00f5es produtoras, como o leste e sudeste asi\u00e1tico, est\u00e3o marcadas por previs\u00f5es de eventos clim\u00e1ticos adversos.\u00a0<\/p>\n<p>Al\u00e9m disso, do ponto de vista da economia, as produ\u00e7\u00f5es das principais <strong>commodities brasileiras<\/strong> como soja, milho, caf\u00e9 e laranja devem ser afetadas, com queda entre 7% e 10%, segundo especialistas da Funda\u00e7\u00e3o Get\u00falio Vargas.\u00a0<\/p>\n<p>Outro ponto \u00e9 o risco de alta no pre\u00e7o da energia el\u00e9trica. Com os <strong>reservat\u00f3rios das hidrel\u00e9tricas<\/strong> mais secos em decorr\u00eancia da seca e a maior demanda por energia para refrigera\u00e7\u00e3o, o acionamento de termel\u00e9tricas a combust\u00edveis f\u00f3sseis deve aumentar nos pr\u00f3ximos meses, encarecendo a conta de luz dos brasileiros.\u00a0<\/p>\n<figure><img fetchpriority=\"high\" data-dominant-color=\"a27c62\" data-has-transparency=\"false\" fetchpriority=\"high\" decoding=\"async\" width=\"919\" height=\"532\" sizes=\"(max-width: 919px) 100vw, 919px\"src=\"https:\/\/redept.com.br\/blogosfera\/wp-content\/uploads\/2026\/07\/NOOA_el-nino.webp\" alt=\"\" srcset=\"https:\/\/redept.com.br\/blogosfera\/wp-content\/uploads\/2026\/07\/NOOA_el-nino.webp 919w, https:\/\/fpabramo.org.br\/wp-content\/uploads\/2026\/07\/NOOA_el-nino-300x174.webp 300w, https:\/\/fpabramo.org.br\/wp-content\/uploads\/2026\/07\/NOOA_el-nino-150x87.webp 150w, https:\/\/fpabramo.org.br\/wp-content\/uploads\/2026\/07\/NOOA_el-nino-768x445.webp 768w\"><figcaption>cr\u00e9dito: NOAA <\/figcaption><\/figure>\n<p>\u201cN\u00f3s cientistas clim\u00e1ticos estamos alertando sobre esses riscos h\u00e1 d\u00e9cadas, sobre a gravidade do aquecimento global e que, se n\u00f3s n\u00e3o agirmos r\u00e1pido em rela\u00e7\u00e3o \u00e0 redu\u00e7\u00e3o dos gases do efeito estufa, vamos caminhar para um ecoc\u00eddio, um suic\u00eddio ecol\u00f3gico do planeta, com um aumento de temperatura que vai levar a uma situa\u00e7\u00e3o de perda dos nossos biomas, al\u00e9m do derretimento dos solos congelados\u201d, destaca o climatologista.\u00a0<\/p>\n<p>Neste contexto, o cientista lembra da import\u00e2ncia do <strong>mapa do caminho<\/strong> para zerar o uso de combust\u00edveis f\u00f3sseis e o desmatamento, com a perspectiva de restaura\u00e7\u00e3o dos biomas, especialmente, das florestas tropicais. \u201cInfelizmente, ainda n\u00e3o atingimos o consenso, mas vamos torcer para que a COP 31 alcance esses objetivos\u201d, completa Nobre.<\/p>\n<!-- Begin Yuzo --><div class='yuzo_related_post style-1'  data-version='5.12.89'><!-- without result --><div class='yuzo_clearfixed yuzo__title yuzo__title'><h3>Related Post<\/h3><\/div>\n\t\t\t\t\t\t  <div class=\"relatedthumb \" style=\"width:125px;float:left;overflow:hidden;\">  \n\t\t\t\t\t\t\t  \n\t\t\t\t\t\t\t  <a  href=\"https:\/\/redept.com.br\/blogosfera\/paim-destaca-resultados-da-viagem-de-lula-a-asia\/\"  >\n\t\t\t\t\t\t\t\t\t  <div class=\"yuzo-img-wrap \" style=\"width: 125px;height:90px;\">\n\t\t\t\t\t\t\t\t\t\t\n\t\t\t\t\t\t\t\t\t\t<div class=\"yuzo-img\" style=\"background:url('https:\/\/redept.org\/blogosfera\/wp-content\/plugins\/yuzo-related-post\/assets\/images\/default.png') 50% 50% no-repeat;width: 125px;height:90px;margin-bottom: 5px;background-size: cover; \"><\/div>\n\t\t\t\t\t\t\t\t\t  <\/div>\n\t\t\t\t\t\t\t\t\t  \n\t\t\t\t\t\t\t\t   <span class=\"yuzo__text--title\" style=\"font-size:13px;\">Paim destaca resultados da viagem de Lula \u00e0 \u00c1sia<\/span>\n\t\t\t\t\t\t\t  \n\t\t\t\t\t\t\t  \n\t\t\t\t\t\t\t  <\/a>\n\n\t\t\t\t\t\t  <\/div>\n\t\t\t\t\t\t  <div class=\"relatedthumb \" style=\"width:125px;float:left;overflow:hidden;\">  \n\t\t\t\t\t\t\t  \n\t\t\t\t\t\t\t  <a  href=\"https:\/\/redept.com.br\/blogosfera\/apos-avancar-com-conversivel-contra-indigenas-vereador-vira-alvo-de-impeachment\/\"  >\n\t\t\t\t\t\t\t\t\t  <div class=\"yuzo-img-wrap \" style=\"width: 125px;height:90px;\">\n\t\t\t\t\t\t\t\t\t\t\n\t\t\t\t\t\t\t\t\t\t<div class=\"yuzo-img\" style=\"background:url('https:\/\/redept.org\/blogosfera\/wp-content\/plugins\/yuzo-related-post\/assets\/images\/default.png') 50% 50% no-repeat;width: 125px;height:90px;margin-bottom: 5px;background-size: cover; \"><\/div>\n\t\t\t\t\t\t\t\t\t  <\/div>\n\t\t\t\t\t\t\t\t\t  \n\t\t\t\t\t\t\t\t   <span class=\"yuzo__text--title\" style=\"font-size:13px;\">Ap\u00f3s avan\u00e7ar com convers\u00edvel contra ind\u00edgenas, ver...<\/span>\n\t\t\t\t\t\t\t  \n\t\t\t\t\t\t\t  \n\t\t\t\t\t\t\t  <\/a>\n\n\t\t\t\t\t\t  <\/div>\n\t\t\t\t\t\t  <div class=\"relatedthumb \" style=\"width:125px;float:left;overflow:hidden;\">  \n\t\t\t\t\t\t\t  \n\t\t\t\t\t\t\t  <a  href=\"https:\/\/redept.com.br\/blogosfera\/langston-hughes-o-poeta-da-resistencia-negra\/\"  >\n\t\t\t\t\t\t\t\t\t  <div class=\"yuzo-img-wrap \" style=\"width: 125px;height:90px;\">\n\t\t\t\t\t\t\t\t\t\t\n\t\t\t\t\t\t\t\t\t\t<div class=\"yuzo-img\" style=\"background:url('https:\/\/redept.com.br\/blogosfera\/wp-content\/uploads\/2026\/05\/langston_hughes_by_carl_van_vechten_trim-150x150.jpg') 50% 50% no-repeat;width: 125px;height:90px;margin-bottom: 5px;background-size: cover; \"><\/div>\n\t\t\t\t\t\t\t\t\t  <\/div>\n\t\t\t\t\t\t\t\t\t  \n\t\t\t\t\t\t\t\t   <span class=\"yuzo__text--title\" style=\"font-size:13px;\">Langston Hughes, o poeta da resist\u00eancia negra<\/span>\n\t\t\t\t\t\t\t  \n\t\t\t\t\t\t\t  \n\t\t\t\t\t\t\t  <\/a>\n\n\t\t\t\t\t\t  <\/div>\n\t\t\t\t\t\t  <div class=\"relatedthumb \" style=\"width:125px;float:left;overflow:hidden;\">  \n\t\t\t\t\t\t\t  \n\t\t\t\t\t\t\t  <a  href=\"https:\/\/redept.com.br\/blogosfera\/quem-e-essa-mulher-marias-anas-e-franciscas\/\"  >\n\t\t\t\t\t\t\t\t\t  <div class=\"yuzo-img-wrap \" style=\"width: 125px;height:90px;\">\n\t\t\t\t\t\t\t\t\t\t\n\t\t\t\t\t\t\t\t\t\t<div class=\"yuzo-img\" style=\"background:url('https:\/\/redept.com.br\/blogosfera\/wp-content\/uploads\/2026\/03\/image-10-150x150.png') 50% 50% no-repeat;width: 125px;height:90px;margin-bottom: 5px;background-size: cover; \"><\/div>\n\t\t\t\t\t\t\t\t\t  <\/div>\n\t\t\t\t\t\t\t\t\t  \n\t\t\t\t\t\t\t\t   <span class=\"yuzo__text--title\" style=\"font-size:13px;\">Quem \u00e9 essa mulher? Marias, Anas e Franciscas<\/span>\n\t\t\t\t\t\t\t  \n\t\t\t\t\t\t\t  \n\t\t\t\t\t\t\t  <\/a>\n\n\t\t\t\t\t\t  <\/div>\n<\/div> <script>\n\t\t\t\t\t\t  jQuery(document).ready(function( $ ){\n\t\t\t\t\t\t\t\/\/jQuery('.yuzo_related_post').equalizer({ overflow : 'relatedthumb' });\n\t\t\t\t\t\t\tjQuery('.yuzo_related_post .yuzo_wraps').equalizer({ columns : '> div' });\n\t\t\t\t\t\t   })\n\t\t\t\t\t\t  <\/script> <!-- End Yuzo :) -->","protected":false},"excerpt":{"rendered":"<p>Nos \u00faltimos meses, as previs\u00f5es dos cientistas alertam sobre a probabilidade de ocorr\u00eancia do fen\u00f4meno El Ni\u00f1o em alta intensidade a partir de outubro deste ano com preval\u00eancia at\u00e9 o in\u00edcio do ano que vem. Na \u00faltima quinta-feira (9), o aviso ganhou contornos ainda mais preocupantes.\u00a0 O Centro de Previs\u00e3o Clim\u00e1tica (CPC) dos Estados Unidos, [&hellip;]<\/p>\n","protected":false},"author":2,"featured_media":0,"comment_status":"open","ping_status":"closed","sticky":false,"template":"","format":"standard","meta":{"fifu_image_url":"","fifu_image_alt":"","footnotes":""},"categories":[8620],"tags":[],"class_list":["post-95240","post","type-post","status-publish","format-standard","hentry","category-noticia"],"_links":{"self":[{"href":"https:\/\/redept.com.br\/blogosfera\/wp-json\/wp\/v2\/posts\/95240","targetHints":{"allow":["GET"]}}],"collection":[{"href":"https:\/\/redept.com.br\/blogosfera\/wp-json\/wp\/v2\/posts"}],"about":[{"href":"https:\/\/redept.com.br\/blogosfera\/wp-json\/wp\/v2\/types\/post"}],"author":[{"embeddable":true,"href":"https:\/\/redept.com.br\/blogosfera\/wp-json\/wp\/v2\/users\/2"}],"replies":[{"embeddable":true,"href":"https:\/\/redept.com.br\/blogosfera\/wp-json\/wp\/v2\/comments?post=95240"}],"version-history":[{"count":0,"href":"https:\/\/redept.com.br\/blogosfera\/wp-json\/wp\/v2\/posts\/95240\/revisions"}],"wp:attachment":[{"href":"https:\/\/redept.com.br\/blogosfera\/wp-json\/wp\/v2\/media?parent=95240"}],"wp:term":[{"taxonomy":"category","embeddable":true,"href":"https:\/\/redept.com.br\/blogosfera\/wp-json\/wp\/v2\/categories?post=95240"},{"taxonomy":"post_tag","embeddable":true,"href":"https:\/\/redept.com.br\/blogosfera\/wp-json\/wp\/v2\/tags?post=95240"}],"curies":[{"name":"wp","href":"https:\/\/api.w.org\/{rel}","templated":true}]}}