{"id":95258,"date":"2026-07-13T18:38:51","date_gmt":"2026-07-13T21:38:51","guid":{"rendered":"https:\/\/redept.com.br\/blogosfera\/empresarios-bancam-anuncios-de-ate-r-3405-mil-contra-o-fim-da-escala-6x1\/"},"modified":"2026-07-13T18:38:51","modified_gmt":"2026-07-13T21:38:51","slug":"empresarios-bancam-anuncios-de-ate-r-3405-mil-contra-o-fim-da-escala-6x1","status":"publish","type":"post","link":"https:\/\/redept.com.br\/blogosfera\/empresarios-bancam-anuncios-de-ate-r-3405-mil-contra-o-fim-da-escala-6x1\/","title":{"rendered":"Empres\u00e1rios bancam an\u00fancios de at\u00e9 R$ 340,5 mil contra o fim da escala 6\u00d71"},"content":{"rendered":"<p>A press\u00e3o empresarial contra o fim da escala 6\u00d71 saiu dos gabinetes e passou a ocupar de forma paga as redes sociais. Segundo informa\u00e7\u00f5es obtidas pelo jornalista Raphael Di Cunto e publicadas na coluna\u00a0<em>Painel<\/em>, da\u00a0<em>Folha de S.Paulo<\/em>, a Associa\u00e7\u00e3o Brasileira de Bares e Restaurantes (Abrasel) gastou entre R$ 28,1 mil e R$ 33,2 mil para impulsionar 19 publica\u00e7\u00f5es em defesa do presidente do Senado, Davi Alcolumbre (Uni\u00e3o-AP), por n\u00e3o acelerar a tramita\u00e7\u00e3o da PEC 221\/2019.<\/p>\n<p>Os an\u00fancios foram exibidos entre 2,6 milh\u00f5es e 3,2 milh\u00f5es de vezes no Instagram e no Facebook. Parte da campanha foi direcionada exclusivamente ao Amap\u00e1, estado de Alcolumbre. A entidade gastou pelo menos R$ 9,2 mil para obter entre 880 mil e 1 milh\u00e3o de impress\u00f5es no estado, n\u00famero superior \u00e0 popula\u00e7\u00e3o amapaense. Uma das pe\u00e7as trazia uma fotografia do senador acompanhada da frase \u201co trabalhador est\u00e1 com voc\u00ea\u201d.<\/p>\n<p>Desde fevereiro, a Abrasel investiu entre R$ 261,6 mil e R$ 340,5 mil em 299 publica\u00e7\u00f5es contra a proposta. Os conte\u00fados somaram entre 34,6 milh\u00f5es e 35,9 milh\u00f5es de impress\u00f5es. A entidade tamb\u00e9m contratou cerca de 300 an\u00fancios no Google, mas a plataforma n\u00e3o informa os valores desembolsados nem o alcance obtido.<\/p>\n<h4>Press\u00e3o pelo adiamento<\/h4>\n<p>A ofensiva digital acompanha a movimenta\u00e7\u00e3o de representantes da ind\u00fastria, do com\u00e9rcio, dos transportes, da agropecu\u00e1ria, da sa\u00fade e da educa\u00e7\u00e3o no Congresso. Em maio, dirigentes empresariais procuraram Alcolumbre para defender que a discuss\u00e3o fosse adiada para depois das elei\u00e7\u00f5es. O presidente da Fiesp, Paulo Skaf, afirmou que o tema deveria ser tratado por meio de negocia\u00e7\u00e3o coletiva, e n\u00e3o por uma mudan\u00e7a constitucional.<\/p>\n<p>O presidente da Abrasel, Paulo Solmucci, declarou ao\u00a0<em>Painel<\/em>\u00a0que os an\u00fancios foram uma resposta \u00e0 campanha institucional do governo e ao que chamou de ataques digitais da esquerda. Segundo ele, o objetivo era proteger senadores que resistiam \u00e0 vota\u00e7\u00e3o e defender um debate mais longo sobre os impactos da redu\u00e7\u00e3o da jornada.<\/p>\n<p>A associa\u00e7\u00e3o tamb\u00e9m impulsionou conte\u00fados favor\u00e1veis \u00e0 PEC 12\/2026, apresentada por Rog\u00e9rio Marinho (PL-RN) como alternativa ao texto aprovado pela C\u00e2mara. A proposta cria um regime flex\u00edvel no qual o empregado poderia receber apenas pelas horas efetivamente trabalhadas. Ao contr\u00e1rio da PEC 221, o texto n\u00e3o garante a manuten\u00e7\u00e3o da remunera\u00e7\u00e3o mensal com a redu\u00e7\u00e3o da jornada.<\/p>\n<p>A PEC que acaba com a escala 6\u00d71 foi aprovada na C\u00e2mara com 461 votos favor\u00e1veis e 19 contr\u00e1rios no segundo turno. O texto reduz a jornada para 40 horas semanais, distribu\u00eddas em cinco dias de trabalho, garante dois dias de descanso e impede a redu\u00e7\u00e3o dos sal\u00e1rios.<\/p>\n<!-- Begin Yuzo --><div class='yuzo_related_post style-1'  data-version='5.12.89'><!-- without result --><div class='yuzo_clearfixed yuzo__title yuzo__title'><h3>Related Post<\/h3><\/div>\n\t\t\t\t\t\t  <div class=\"relatedthumb \" style=\"width:125px;float:left;overflow:hidden;\">  \n\t\t\t\t\t\t\t  \n\t\t\t\t\t\t\t  <a  href=\"https:\/\/redept.com.br\/blogosfera\/prisao-de-bolsonaro-repercute-na-imprensa-internacional-e-e-comemorada-por-politicos-veja\/\"  >\n\t\t\t\t\t\t\t\t\t  <div class=\"yuzo-img-wrap \" style=\"width: 125px;height:90px;\">\n\t\t\t\t\t\t\t\t\t\t\n\t\t\t\t\t\t\t\t\t\t<div class=\"yuzo-img\" style=\"background:url('https:\/\/redept.com.br\/blogosfera\/wp-content\/uploads\/2025\/08\/wall-150x150.png') 50% 50% no-repeat;width: 125px;height:90px;margin-bottom: 5px;background-size: cover; \"><\/div>\n\t\t\t\t\t\t\t\t\t  <\/div>\n\t\t\t\t\t\t\t\t\t  \n\t\t\t\t\t\t\t\t   <span class=\"yuzo__text--title\" style=\"font-size:13px;\">Pris\u00e3o de Bolsonaro repercute na imprensa internac...<\/span>\n\t\t\t\t\t\t\t  \n\t\t\t\t\t\t\t  \n\t\t\t\t\t\t\t  <\/a>\n\n\t\t\t\t\t\t  <\/div>\n\t\t\t\t\t\t  <div class=\"relatedthumb \" style=\"width:125px;float:left;overflow:hidden;\">  \n\t\t\t\t\t\t\t  \n\t\t\t\t\t\t\t  <a  href=\"https:\/\/sul21.com.br\/noticias\/geral\/2025\/11\/melo-fala-sobre-acoes-de-resiliencia-na-cop30\/\"  >\n\t\t\t\t\t\t\t\t\t  <div class=\"yuzo-img-wrap \" style=\"width: 125px;height:90px;\">\n\t\t\t\t\t\t\t\t\t\t\n\t\t\t\t\t\t\t\t\t\t<div class=\"yuzo-img\" style=\"background:url('https:\/\/redept.org\/blogosfera\/wp-content\/plugins\/yuzo-related-post\/assets\/images\/default.png') 50% 50% no-repeat;width: 125px;height:90px;margin-bottom: 5px;background-size: cover; \"><\/div>\n\t\t\t\t\t\t\t\t\t  <\/div>\n\t\t\t\t\t\t\t\t\t  \n\t\t\t\t\t\t\t\t   <span class=\"yuzo__text--title\" style=\"font-size:13px;\">Melo fala sobre a\u00e7\u00f5es de resili\u00eancia na COP30<\/span>\n\t\t\t\t\t\t\t  \n\t\t\t\t\t\t\t  \n\t\t\t\t\t\t\t  <\/a>\n\n\t\t\t\t\t\t  <\/div>\n\t\t\t\t\t\t  <div class=\"relatedthumb \" style=\"width:125px;float:left;overflow:hidden;\">  \n\t\t\t\t\t\t\t  \n\t\t\t\t\t\t\t  <a  href=\"https:\/\/redept.com.br\/blogosfera\/japao-pressiona-brasil-para-prender-e-extraditar-ambientalista-canadense-entenda\/\"  >\n\t\t\t\t\t\t\t\t\t  <div class=\"yuzo-img-wrap \" style=\"width: 125px;height:90px;\">\n\t\t\t\t\t\t\t\t\t\t\n\t\t\t\t\t\t\t\t\t\t<div class=\"yuzo-img\" style=\"background:url('https:\/\/redept.com.br\/blogosfera\/wp-content\/uploads\/2025\/11\/watson-150x150.jpg') 50% 50% no-repeat;width: 125px;height:90px;margin-bottom: 5px;background-size: cover; \"><\/div>\n\t\t\t\t\t\t\t\t\t  <\/div>\n\t\t\t\t\t\t\t\t\t  \n\t\t\t\t\t\t\t\t   <span class=\"yuzo__text--title\" style=\"font-size:13px;\">Jap\u00e3o pressiona Brasil para prender e extraditar a...<\/span>\n\t\t\t\t\t\t\t  \n\t\t\t\t\t\t\t  \n\t\t\t\t\t\t\t  <\/a>\n\n\t\t\t\t\t\t  <\/div>\n\t\t\t\t\t\t  <div class=\"relatedthumb \" style=\"width:125px;float:left;overflow:hidden;\">  \n\t\t\t\t\t\t\t  \n\t\t\t\t\t\t\t  <a  href=\"https:\/\/redept.com.br\/blogosfera\/israel-diz-que-matou-comandante-da-marinha-do-ira-que-fechou-estreito-de-ormuz\/\"  >\n\t\t\t\t\t\t\t\t\t  <div class=\"yuzo-img-wrap \" style=\"width: 125px;height:90px;\">\n\t\t\t\t\t\t\t\t\t\t\n\t\t\t\t\t\t\t\t\t\t<div class=\"yuzo-img\" style=\"background:url('https:\/\/redept.org\/blogosfera\/wp-content\/plugins\/yuzo-related-post\/assets\/images\/default.png') 50% 50% no-repeat;width: 125px;height:90px;margin-bottom: 5px;background-size: cover; \"><\/div>\n\t\t\t\t\t\t\t\t\t  <\/div>\n\t\t\t\t\t\t\t\t\t  \n\t\t\t\t\t\t\t\t   <span class=\"yuzo__text--title\" style=\"font-size:13px;\">Israel diz que matou comandante da marinha do Ir\u00e3 ...<\/span>\n\t\t\t\t\t\t\t  \n\t\t\t\t\t\t\t  \n\t\t\t\t\t\t\t  <\/a>\n\n\t\t\t\t\t\t  <\/div>\n<\/div> <script>\n\t\t\t\t\t\t  jQuery(document).ready(function( $ ){\n\t\t\t\t\t\t\t\/\/jQuery('.yuzo_related_post').equalizer({ overflow : 'relatedthumb' });\n\t\t\t\t\t\t\tjQuery('.yuzo_related_post .yuzo_wraps').equalizer({ columns : '> div' });\n\t\t\t\t\t\t   })\n\t\t\t\t\t\t  <\/script> <!-- End Yuzo :) -->","protected":false},"excerpt":{"rendered":"<p>A press\u00e3o empresarial contra o fim da escala 6\u00d71 saiu dos gabinetes e passou a ocupar de forma paga as redes sociais. Segundo informa\u00e7\u00f5es obtidas pelo jornalista Raphael Di Cunto e publicadas na coluna\u00a0Painel, da\u00a0Folha de S.Paulo, a Associa\u00e7\u00e3o Brasileira de Bares e Restaurantes (Abrasel) gastou entre R$ 28,1 mil e R$ 33,2 mil para [&hellip;]<\/p>\n","protected":false},"author":2,"featured_media":0,"comment_status":"open","ping_status":"closed","sticky":false,"template":"","format":"standard","meta":{"fifu_image_url":"","fifu_image_alt":"","footnotes":""},"categories":[8620],"tags":[],"class_list":["post-95258","post","type-post","status-publish","format-standard","hentry","category-noticia"],"_links":{"self":[{"href":"https:\/\/redept.com.br\/blogosfera\/wp-json\/wp\/v2\/posts\/95258","targetHints":{"allow":["GET"]}}],"collection":[{"href":"https:\/\/redept.com.br\/blogosfera\/wp-json\/wp\/v2\/posts"}],"about":[{"href":"https:\/\/redept.com.br\/blogosfera\/wp-json\/wp\/v2\/types\/post"}],"author":[{"embeddable":true,"href":"https:\/\/redept.com.br\/blogosfera\/wp-json\/wp\/v2\/users\/2"}],"replies":[{"embeddable":true,"href":"https:\/\/redept.com.br\/blogosfera\/wp-json\/wp\/v2\/comments?post=95258"}],"version-history":[{"count":0,"href":"https:\/\/redept.com.br\/blogosfera\/wp-json\/wp\/v2\/posts\/95258\/revisions"}],"wp:attachment":[{"href":"https:\/\/redept.com.br\/blogosfera\/wp-json\/wp\/v2\/media?parent=95258"}],"wp:term":[{"taxonomy":"category","embeddable":true,"href":"https:\/\/redept.com.br\/blogosfera\/wp-json\/wp\/v2\/categories?post=95258"},{"taxonomy":"post_tag","embeddable":true,"href":"https:\/\/redept.com.br\/blogosfera\/wp-json\/wp\/v2\/tags?post=95258"}],"curies":[{"name":"wp","href":"https:\/\/api.w.org\/{rel}","templated":true}]}}