{"id":95274,"date":"2026-07-13T21:00:44","date_gmt":"2026-07-14T00:00:44","guid":{"rendered":"https:\/\/redept.com.br\/blogosfera\/agora-e-greve-naovendaaminhaescola\/"},"modified":"2026-07-13T21:00:44","modified_gmt":"2026-07-14T00:00:44","slug":"agora-e-greve-naovendaaminhaescola","status":"publish","type":"post","link":"https:\/\/redept.com.br\/blogosfera\/agora-e-greve-naovendaaminhaescola\/","title":{"rendered":"Agora \u00e9 greve! #N\u00e3ovendaaminhaescola"},"content":{"rendered":"<p>Tr\u00eas frentes apontam a problem\u00e1tica da tentativa de privatiza\u00e7\u00e3o das escolas estaduais levada a cabo pelo Governo Leite\/Gabriel: a de modelo e projeto de Estado para a Educa\u00e7\u00e3o, a de natureza econ\u00f4mica e financeira e a de ordem jur\u00eddica. Em v\u00eddeo postado nas redes sociais (prefer\u00edvel ao di\u00e1logo ou ao debate com a sociedade), o [\u2026]<\/p>\n<p><a href=\"https:\/\/www.brasildefato.com.br\/2026\/07\/13\/agora-e-greve-naovendaaminhaescola\/\" rel=\"nofollow\">Fonte<\/a><\/p>\n<!-- Begin Yuzo --><div class='yuzo_related_post style-1'  data-version='5.12.89'><!-- without result --><div class='yuzo_clearfixed yuzo__title yuzo__title'><h3>Related Post<\/h3><\/div>\n\t\t\t\t\t\t  <div class=\"relatedthumb \" style=\"width:125px;float:left;overflow:hidden;\">  \n\t\t\t\t\t\t\t  \n\t\t\t\t\t\t\t  <a  href=\"https:\/\/redept.com.br\/blogosfera\/lula-diz-que-abertura-da-fabrica-da-byd-recupera-dignidade-do-povo-baiano\/\"  >\n\t\t\t\t\t\t\t\t\t  <div class=\"yuzo-img-wrap \" style=\"width: 125px;height:90px;\">\n\t\t\t\t\t\t\t\t\t\t\n\t\t\t\t\t\t\t\t\t\t<div class=\"yuzo-img\" style=\"background:url('https:\/\/redept.com.br\/blogosfera\/wp-content\/uploads\/2025\/10\/BYD-150x150.jpg') 50% 50% no-repeat;width: 125px;height:90px;margin-bottom: 5px;background-size: cover; \"><\/div>\n\t\t\t\t\t\t\t\t\t  <\/div>\n\t\t\t\t\t\t\t\t\t  \n\t\t\t\t\t\t\t\t   <span class=\"yuzo__text--title\" style=\"font-size:13px;\">Lula diz que abertura da f\u00e1brica da BYD recupera d...<\/span>\n\t\t\t\t\t\t\t  \n\t\t\t\t\t\t\t  \n\t\t\t\t\t\t\t  <\/a>\n\n\t\t\t\t\t\t  <\/div>\n\t\t\t\t\t\t  <div class=\"relatedthumb \" style=\"width:125px;float:left;overflow:hidden;\">  \n\t\t\t\t\t\t\t  \n\t\t\t\t\t\t\t  <a  href=\"https:\/\/redept.com.br\/blogosfera\/quais-sao-as-chances-do-brasil-no-oscar-cerimonia-sera-neste-domingo-15\/\"  >\n\t\t\t\t\t\t\t\t\t  <div class=\"yuzo-img-wrap \" style=\"width: 125px;height:90px;\">\n\t\t\t\t\t\t\t\t\t\t\n\t\t\t\t\t\t\t\t\t\t<div class=\"yuzo-img\" style=\"background:url('https:\/\/redept.org\/blogosfera\/wp-content\/plugins\/yuzo-related-post\/assets\/images\/default.png') 50% 50% no-repeat;width: 125px;height:90px;margin-bottom: 5px;background-size: cover; \"><\/div>\n\t\t\t\t\t\t\t\t\t  <\/div>\n\t\t\t\t\t\t\t\t\t  \n\t\t\t\t\t\t\t\t   <span class=\"yuzo__text--title\" style=\"font-size:13px;\">Quais s\u00e3o as chances do Brasil no Oscar? Cerim\u00f4nia...<\/span>\n\t\t\t\t\t\t\t  \n\t\t\t\t\t\t\t  \n\t\t\t\t\t\t\t  <\/a>\n\n\t\t\t\t\t\t  <\/div>\n\t\t\t\t\t\t  <div class=\"relatedthumb \" style=\"width:125px;float:left;overflow:hidden;\">  \n\t\t\t\t\t\t\t  \n\t\t\t\t\t\t\t  <a  href=\"https:\/\/redept.com.br\/blogosfera\/deputados-do-df-cobram-investigacao-de-recursos-publicos-para-socorrer-banco-master\/\"  >\n\t\t\t\t\t\t\t\t\t  <div class=\"yuzo-img-wrap \" style=\"width: 125px;height:90px;\">\n\t\t\t\t\t\t\t\t\t\t\n\t\t\t\t\t\t\t\t\t\t<div class=\"yuzo-img\" style=\"background:url('https:\/\/redept.org\/blogosfera\/wp-content\/plugins\/yuzo-related-post\/assets\/images\/default.png') 50% 50% no-repeat;width: 125px;height:90px;margin-bottom: 5px;background-size: cover; \"><\/div>\n\t\t\t\t\t\t\t\t\t  <\/div>\n\t\t\t\t\t\t\t\t\t  \n\t\t\t\t\t\t\t\t   <span class=\"yuzo__text--title\" style=\"font-size:13px;\">Deputados do DF cobram investiga\u00e7\u00e3o de recursos p\u00fa...<\/span>\n\t\t\t\t\t\t\t  \n\t\t\t\t\t\t\t  \n\t\t\t\t\t\t\t  <\/a>\n\n\t\t\t\t\t\t  <\/div>\n\t\t\t\t\t\t  <div class=\"relatedthumb \" style=\"width:125px;float:left;overflow:hidden;\">  \n\t\t\t\t\t\t\t  \n\t\t\t\t\t\t\t  <a  href=\"https:\/\/redept.com.br\/blogosfera\/movimento-de-mulheres-olga-benario-lanca-site\/\"  >\n\t\t\t\t\t\t\t\t\t  <div class=\"yuzo-img-wrap \" style=\"width: 125px;height:90px;\">\n\t\t\t\t\t\t\t\t\t\t\n\t\t\t\t\t\t\t\t\t\t<div class=\"yuzo-img\" style=\"background:url('https:\/\/redept.com.br\/blogosfera\/wp-content\/uploads\/2025\/11\/54385379880_8d86310522_o-150x150.jpg') 50% 50% no-repeat;width: 125px;height:90px;margin-bottom: 5px;background-size: cover; \"><\/div>\n\t\t\t\t\t\t\t\t\t  <\/div>\n\t\t\t\t\t\t\t\t\t  \n\t\t\t\t\t\t\t\t   <span class=\"yuzo__text--title\" style=\"font-size:13px;\">Movimento de Mulheres Olga Benario lan\u00e7a site<\/span>\n\t\t\t\t\t\t\t  \n\t\t\t\t\t\t\t  \n\t\t\t\t\t\t\t  <\/a>\n\n\t\t\t\t\t\t  <\/div>\n<\/div> <script>\n\t\t\t\t\t\t  jQuery(document).ready(function( $ ){\n\t\t\t\t\t\t\t\/\/jQuery('.yuzo_related_post').equalizer({ overflow : 'relatedthumb' });\n\t\t\t\t\t\t\tjQuery('.yuzo_related_post .yuzo_wraps').equalizer({ columns : '> div' });\n\t\t\t\t\t\t   })\n\t\t\t\t\t\t  <\/script> <!-- End Yuzo :) -->","protected":false},"excerpt":{"rendered":"<p>Tr\u00eas frentes apontam a problem\u00e1tica da tentativa de privatiza\u00e7\u00e3o das escolas estaduais levada a cabo pelo Governo Leite\/Gabriel: a de modelo e projeto de Estado para a Educa\u00e7\u00e3o, a de natureza econ\u00f4mica e financeira e a de ordem jur\u00eddica. Em v\u00eddeo postado nas redes sociais (prefer\u00edvel ao di\u00e1logo ou ao debate com a sociedade), o [&hellip;]<\/p>\n","protected":false},"author":2,"featured_media":0,"comment_status":"open","ping_status":"closed","sticky":false,"template":"","format":"standard","meta":{"fifu_image_url":"","fifu_image_alt":"","footnotes":""},"categories":[74505,74506,3398,74507,51869,74508,1029,7106,16,52522,29567,4349,74509,74510,7374,5132,59002,74511,2706,34918,10576,46336,362,72129,153,22491,74512,74513,71855,74514,39871],"tags":[],"class_list":["post-95274","post","type-post","status-publish","format-standard","hentry","category-naovendaaminhaescola","category-argumentos-juridicos-contra-ppps","category-bolsa-de-valores","category-campanha-contra-privatizacao","category-cpers-sindicato","category-crise-educacional-no-rs","category-dieese","category-direito-a-educacao","category-eduardo-leite","category-educacao-como-direito","category-escola-publica","category-especulacao-financeira","category-falacias-do-governo-leite","category-gestao-privada-de-escolas","category-governo-do-rio-grande-do-sul","category-greve-dos-professores","category-greve-geral-da-educacao","category-leilao-de-escolas-estaduais","category-luta-sindical","category-mercantilizacao-do-ensino","category-mobilizacao-social","category-modelo-neoliberal","category-movimento-estudantil","category-neoliberalismo-na-educacao","category-opiniao","category-parceria-publico-privada","category-ppps-na-educacao","category-privatizacao-das-escolas-no-rs","category-reforma-educacional","category-trabalhadores-em-educacao","category-tribunal-de-contas-do-estado"],"_links":{"self":[{"href":"https:\/\/redept.com.br\/blogosfera\/wp-json\/wp\/v2\/posts\/95274","targetHints":{"allow":["GET"]}}],"collection":[{"href":"https:\/\/redept.com.br\/blogosfera\/wp-json\/wp\/v2\/posts"}],"about":[{"href":"https:\/\/redept.com.br\/blogosfera\/wp-json\/wp\/v2\/types\/post"}],"author":[{"embeddable":true,"href":"https:\/\/redept.com.br\/blogosfera\/wp-json\/wp\/v2\/users\/2"}],"replies":[{"embeddable":true,"href":"https:\/\/redept.com.br\/blogosfera\/wp-json\/wp\/v2\/comments?post=95274"}],"version-history":[{"count":0,"href":"https:\/\/redept.com.br\/blogosfera\/wp-json\/wp\/v2\/posts\/95274\/revisions"}],"wp:attachment":[{"href":"https:\/\/redept.com.br\/blogosfera\/wp-json\/wp\/v2\/media?parent=95274"}],"wp:term":[{"taxonomy":"category","embeddable":true,"href":"https:\/\/redept.com.br\/blogosfera\/wp-json\/wp\/v2\/categories?post=95274"},{"taxonomy":"post_tag","embeddable":true,"href":"https:\/\/redept.com.br\/blogosfera\/wp-json\/wp\/v2\/tags?post=95274"}],"curies":[{"name":"wp","href":"https:\/\/api.w.org\/{rel}","templated":true}]}}