{"id":95409,"date":"2026-07-14T17:36:36","date_gmt":"2026-07-14T20:36:36","guid":{"rendered":"https:\/\/redept.com.br\/blogosfera\/sem-lei-contra-misoginia-jandira-diz-que-nao-ha-como-punir-o-odio-que-mata\/"},"modified":"2026-07-14T17:36:36","modified_gmt":"2026-07-14T20:36:36","slug":"sem-lei-contra-misoginia-jandira-diz-que-nao-ha-como-punir-o-odio-que-mata","status":"publish","type":"post","link":"https:\/\/redept.com.br\/blogosfera\/sem-lei-contra-misoginia-jandira-diz-que-nao-ha-como-punir-o-odio-que-mata\/","title":{"rendered":"Sem lei contra misoginia, Jandira diz que n\u00e3o h\u00e1 como punir o \u00f3dio que mata"},"content":{"rendered":"<p><img fetchpriority=\"high\" width=\"1024\" height=\"667\"src=\"https:\/\/redept.com.br\/blogosfera\/wp-content\/uploads\/2026\/07\/Jandira-misoginia.jpg\" alt=\"\" decoding=\"async\" srcset=\"https:\/\/vermelho.org.br\/wp-content\/uploads\/2026\/07\/Jandira-misoginia-1024x667.jpg 1024w, https:\/\/vermelho.org.br\/wp-content\/uploads\/2026\/07\/Jandira-misoginia-300x195.jpg 300w, https:\/\/vermelho.org.br\/wp-content\/uploads\/2026\/07\/Jandira-misoginia-768x500.jpg 768w, https:\/\/redept.com.br\/blogosfera\/wp-content\/uploads\/2026\/07\/Jandira-misoginia.jpg 1393w\" sizes=\"(max-width: 1024px) 100vw, 1024px\"><\/p>\n<p>Parlamentares da bancada feminina realizaram ato nesta ter\u00e7a-feira (14), no Sal\u00e3o Verde da C\u00e2mara dos Deputados, para pressionar o presidente da Casa, Hugo Motta (Republicanos-PB), a pautar o projeto de lei que criminaliza a misoginia, o \u00f3dio ou a avers\u00e3o \u00e0s mulheres.<\/p>\n<p>A l\u00edder do PCdoB na C\u00e2mara, deputada Jandira Feghali (RJ), cobrou a vota\u00e7\u00e3o da mat\u00e9ria antes do recesso parlamentar, previsto para ocorrer entre os pr\u00f3ximos dias 18 e 31 de julho.<\/p>\n<p>\u201cSem essa lei, o Brasil segue sem instrumento para punir o \u00f3dio que mata. O recesso est\u00e1 batendo na porta e n\u00e3o podemos deixar essa pauta ficar pra depois. Toda semana de atraso \u00e9 mais uma mulher desprotegida. Press\u00e3o agora. Antes do recesso. Sem meio termo\u201d, disse Jandira.<\/p>\n<p>Ela diz que, enquanto mulheres continuam sendo violentadas pelo simples fato de serem mulheres, o projeto que criminaliza a misoginia trava na C\u00e2mara.<\/p>\n<p><strong>Leia tamb\u00e9m:<\/strong> <a href=\"https:\/\/vermelho.org.br\/2026\/07\/01\/camara-aprova-urgencia-para-projeto-que-criminaliza-a-misoginia\/\">C\u00e2mara aprova urg\u00eancia para projeto que criminaliza a misoginia<\/a><\/p>\n<p>\u201cComo relatora da Lei Maria da Penha, sei como \u00e9 frustrante ver que 20 anos depois, ainda h\u00e1 uma parcela do parlamento que n\u00e3o consegue reconhecer a misoginia como crime (\u2026) O que a gente quer \u00e9 que os l\u00edderes fa\u00e7am um acordo para que a gente possa ter em plen\u00e1rio esta vota\u00e7\u00e3o, que teve urg\u00eancia aprovada\u201d, cobra.<\/p>\n<p>O deputado In\u00e1cio Arruda (PCdoB-CE) disse que a mat\u00e9ria \u00e9 uma quest\u00e3o dos homens. \u201cPorque toda a viol\u00eancia e todo o debate de \u00f3dio tem como alvo fortalecer o machismo estrutural da nossa sociedade, mas \u00e9 um fen\u00f4meno mundial e que tem que ser intensamente combatido\u201d, afirma o deputado, para quem o parlamento tem obriga\u00e7\u00e3o de votar a mat\u00e9ria.<\/p>\n<p>\u201cN\u00e3o tem mat\u00e9ria mais importante, n\u00e3o tem problema nenhum de ser votada essa mat\u00e9ria. Voc\u00eas t\u00eam consci\u00eancia, as mulheres que aqui est\u00e3o t\u00eam consci\u00eancia e sabem que n\u00e3o h\u00e1 nenhum embara\u00e7o que possa impedir essa mat\u00e9ria de ser votada imediatamente\u201d, observa.<\/p>\n<p>A presidente da Uni\u00e3o Brasileira de Mulheres no Distrito Federal (UBM-DF), Maria das Neves Filha, diz que o parlamento tem oportunidade de fazer hist\u00f3ria. \u201cAp\u00f3s a aprova\u00e7\u00e3o da Lei Maria da Penha e recentemente aprova\u00e7\u00e3o do sistema de enfrentamento \u00e0 viol\u00eancia contra as mulheres, esse projeto de lei representar\u00e1 uma vit\u00f3ria hist\u00f3rica para as mulheres brasileiras\u201d, afirma.<\/p>\n<p>O post <a href=\"https:\/\/vermelho.org.br\/2026\/07\/14\/sem-lei-contra-misoginia-jandira-diz-que-nao-ha-como-punir-o-odio-que-mata\/\">Sem lei contra misoginia, Jandira diz que n\u00e3o h\u00e1 como punir o \u00f3dio que mata<\/a> apareceu primeiro em <a href=\"https:\/\/vermelho.org.br\/\">Vermelho<\/a>.<\/p>\n<!-- Begin Yuzo --><div class='yuzo_related_post style-1'  data-version='5.12.89'><!-- without result --><div class='yuzo_clearfixed yuzo__title yuzo__title'><h3>Related Post<\/h3><\/div>\n\t\t\t\t\t\t  <div class=\"relatedthumb \" style=\"width:125px;float:left;overflow:hidden;\">  \n\t\t\t\t\t\t\t  \n\t\t\t\t\t\t\t  <a  href=\"https:\/\/redept.com.br\/blogosfera\/agu-vai-analisar-resposta-da-meta-sobre-mudancas-em-reuniao-nesta-terca-14\/\"  >\n\t\t\t\t\t\t\t\t\t  <div class=\"yuzo-img-wrap \" style=\"width: 125px;height:90px;\">\n\t\t\t\t\t\t\t\t\t\t\n\t\t\t\t\t\t\t\t\t\t<div class=\"yuzo-img\" style=\"background:url('https:\/\/redept.org\/blogosfera\/wp-content\/plugins\/yuzo-related-post\/assets\/images\/default.png') 50% 50% no-repeat;width: 125px;height:90px;margin-bottom: 5px;background-size: cover; \"><\/div>\n\t\t\t\t\t\t\t\t\t  <\/div>\n\t\t\t\t\t\t\t\t\t  \n\t\t\t\t\t\t\t\t   <span class=\"yuzo__text--title\" style=\"font-size:13px;\">AGU vai analisar resposta da Meta sobre mudan\u00e7as e...<\/span>\n\t\t\t\t\t\t\t  \n\t\t\t\t\t\t\t  \n\t\t\t\t\t\t\t  <\/a>\n\n\t\t\t\t\t\t  <\/div>\n\t\t\t\t\t\t  <div class=\"relatedthumb \" style=\"width:125px;float:left;overflow:hidden;\">  \n\t\t\t\t\t\t\t  \n\t\t\t\t\t\t\t  <a  href=\"https:\/\/redept.com.br\/blogosfera\/projeto-afrourbana-promove-festa-de-arrecadacao-para-producao-audiovisual-focada-no-publico-negro-e-lgbtqia-em-porto-alegre\/\"  >\n\t\t\t\t\t\t\t\t\t  <div class=\"yuzo-img-wrap \" style=\"width: 125px;height:90px;\">\n\t\t\t\t\t\t\t\t\t\t\n\t\t\t\t\t\t\t\t\t\t<div class=\"yuzo-img\" style=\"background:url('https:\/\/redept.org\/blogosfera\/wp-content\/plugins\/yuzo-related-post\/assets\/images\/default.png') 50% 50% no-repeat;width: 125px;height:90px;margin-bottom: 5px;background-size: cover; \"><\/div>\n\t\t\t\t\t\t\t\t\t  <\/div>\n\t\t\t\t\t\t\t\t\t  \n\t\t\t\t\t\t\t\t   <span class=\"yuzo__text--title\" style=\"font-size:13px;\">Projeto Afrourbana promove festa de arrecada\u00e7\u00e3o pa...<\/span>\n\t\t\t\t\t\t\t  \n\t\t\t\t\t\t\t  \n\t\t\t\t\t\t\t  <\/a>\n\n\t\t\t\t\t\t  <\/div>\n\t\t\t\t\t\t  <div class=\"relatedthumb \" style=\"width:125px;float:left;overflow:hidden;\">  \n\t\t\t\t\t\t\t  \n\t\t\t\t\t\t\t  <a  href=\"https:\/\/redept.com.br\/blogosfera\/camara-legislativa-do-df-retoma-trabalhos-com-foco-no-pdot-e-debate-sobre-prisao-bolsonaro-ibaneis-e-celina-nao-comparecem\/\"  >\n\t\t\t\t\t\t\t\t\t  <div class=\"yuzo-img-wrap \" style=\"width: 125px;height:90px;\">\n\t\t\t\t\t\t\t\t\t\t\n\t\t\t\t\t\t\t\t\t\t<div class=\"yuzo-img\" style=\"background:url('https:\/\/redept.com.br\/blogosfera\/wp-content\/uploads\/2025\/08\/2512504AA-2-114-1000x570-1-150x150.jpg') 50% 50% no-repeat;width: 125px;height:90px;margin-bottom: 5px;background-size: cover; \"><\/div>\n\t\t\t\t\t\t\t\t\t  <\/div>\n\t\t\t\t\t\t\t\t\t  \n\t\t\t\t\t\t\t\t   <span class=\"yuzo__text--title\" style=\"font-size:13px;\">C\u00e2mara Legislativa do DF retoma trabalhos com foco...<\/span>\n\t\t\t\t\t\t\t  \n\t\t\t\t\t\t\t  \n\t\t\t\t\t\t\t  <\/a>\n\n\t\t\t\t\t\t  <\/div>\n\t\t\t\t\t\t  <div class=\"relatedthumb \" style=\"width:125px;float:left;overflow:hidden;\">  \n\t\t\t\t\t\t\t  \n\t\t\t\t\t\t\t  <a  href=\"https:\/\/redept.com.br\/blogosfera\/sem-resposta-da-prefeitura-moradores-da-ocupacao-dos-queixadas-protestam-na-sede-do-psd-contra-despejo-em-cajamar-sp\/\"  >\n\t\t\t\t\t\t\t\t\t  <div class=\"yuzo-img-wrap \" style=\"width: 125px;height:90px;\">\n\t\t\t\t\t\t\t\t\t\t\n\t\t\t\t\t\t\t\t\t\t<div class=\"yuzo-img\" style=\"background:url('https:\/\/redept.org\/blogosfera\/wp-content\/plugins\/yuzo-related-post\/assets\/images\/default.png') 50% 50% no-repeat;width: 125px;height:90px;margin-bottom: 5px;background-size: cover; \"><\/div>\n\t\t\t\t\t\t\t\t\t  <\/div>\n\t\t\t\t\t\t\t\t\t  \n\t\t\t\t\t\t\t\t   <span class=\"yuzo__text--title\" style=\"font-size:13px;\">Sem resposta da prefeitura, moradores da Ocupa\u00e7\u00e3o ...<\/span>\n\t\t\t\t\t\t\t  \n\t\t\t\t\t\t\t  \n\t\t\t\t\t\t\t  <\/a>\n\n\t\t\t\t\t\t  <\/div>\n<\/div> <script>\n\t\t\t\t\t\t  jQuery(document).ready(function( $ ){\n\t\t\t\t\t\t\t\/\/jQuery('.yuzo_related_post').equalizer({ overflow : 'relatedthumb' });\n\t\t\t\t\t\t\tjQuery('.yuzo_related_post .yuzo_wraps').equalizer({ columns : '> div' });\n\t\t\t\t\t\t   })\n\t\t\t\t\t\t  <\/script> <!-- End Yuzo :) -->","protected":false},"excerpt":{"rendered":"<p>Parlamentares da bancada feminina realizaram ato nesta ter\u00e7a-feira (14), no Sal\u00e3o Verde da C\u00e2mara dos Deputados, para pressionar o presidente da Casa, Hugo Motta (Republicanos-PB), a pautar o projeto de lei que criminaliza a misoginia, o \u00f3dio ou a avers\u00e3o \u00e0s mulheres. A l\u00edder do PCdoB na C\u00e2mara, deputada Jandira Feghali (RJ), cobrou a vota\u00e7\u00e3o [&hellip;]<\/p>\n","protected":false},"author":2,"featured_media":0,"comment_status":"open","ping_status":"closed","sticky":false,"template":"","format":"standard","meta":{"fifu_image_url":"","fifu_image_alt":"","footnotes":""},"categories":[298,674,1782,3826,132,1276,2759],"tags":[],"class_list":["post-95409","post","type-post","status-publish","format-standard","hentry","category-camara-dos-deputados","category-jandira-feghali","category-misoginia","category-pauta","category-politica","category-projeto","category-recesso"],"_links":{"self":[{"href":"https:\/\/redept.com.br\/blogosfera\/wp-json\/wp\/v2\/posts\/95409","targetHints":{"allow":["GET"]}}],"collection":[{"href":"https:\/\/redept.com.br\/blogosfera\/wp-json\/wp\/v2\/posts"}],"about":[{"href":"https:\/\/redept.com.br\/blogosfera\/wp-json\/wp\/v2\/types\/post"}],"author":[{"embeddable":true,"href":"https:\/\/redept.com.br\/blogosfera\/wp-json\/wp\/v2\/users\/2"}],"replies":[{"embeddable":true,"href":"https:\/\/redept.com.br\/blogosfera\/wp-json\/wp\/v2\/comments?post=95409"}],"version-history":[{"count":0,"href":"https:\/\/redept.com.br\/blogosfera\/wp-json\/wp\/v2\/posts\/95409\/revisions"}],"wp:attachment":[{"href":"https:\/\/redept.com.br\/blogosfera\/wp-json\/wp\/v2\/media?parent=95409"}],"wp:term":[{"taxonomy":"category","embeddable":true,"href":"https:\/\/redept.com.br\/blogosfera\/wp-json\/wp\/v2\/categories?post=95409"},{"taxonomy":"post_tag","embeddable":true,"href":"https:\/\/redept.com.br\/blogosfera\/wp-json\/wp\/v2\/tags?post=95409"}],"curies":[{"name":"wp","href":"https:\/\/api.w.org\/{rel}","templated":true}]}}