{"id":95458,"date":"2026-07-14T22:05:22","date_gmt":"2026-07-15T01:05:22","guid":{"rendered":"https:\/\/redept.com.br\/blogosfera\/governo-milei-apoia-veto-da-fifa-a-bandeiras-com-alusao-as-malvinas-durante-partida-inglaterra-x-argentina\/"},"modified":"2026-07-14T22:05:22","modified_gmt":"2026-07-15T01:05:22","slug":"governo-milei-apoia-veto-da-fifa-a-bandeiras-com-alusao-as-malvinas-durante-partida-inglaterra-x-argentina","status":"publish","type":"post","link":"https:\/\/redept.com.br\/blogosfera\/governo-milei-apoia-veto-da-fifa-a-bandeiras-com-alusao-as-malvinas-durante-partida-inglaterra-x-argentina\/","title":{"rendered":"Governo Milei apoia veto da Fifa a bandeiras com alus\u00e3o \u00e0s Malvinas durante partida Inglaterra x Argentina"},"content":{"rendered":"<p>Governo argentino apoia veto a bandeiras com alus\u00e3o \u00e0s Malvinas em partida contra Inglaterra<\/p>\n<p><a href=\"https:\/\/www.brasildefato.com.br\/2026\/07\/14\/governo-milei-apoia-veto-da-fifa-a-bandeiras-com-alusao-as-malvinas-durante-partida-inglaterra-x-argentina\/\" rel=\"nofollow\">Fonte<\/a><\/p>\n<!-- Begin Yuzo --><div class='yuzo_related_post style-1'  data-version='5.12.89'><!-- without result --><div class='yuzo_clearfixed yuzo__title yuzo__title'><h3>Related Post<\/h3><\/div>\n\t\t\t\t\t\t  <div class=\"relatedthumb \" style=\"width:125px;float:left;overflow:hidden;\">  \n\t\t\t\t\t\t\t  \n\t\t\t\t\t\t\t  <a  href=\"https:\/\/redept.com.br\/blogosfera\/cuba-abre-investigacao-apos-manifestante-invadirem-sede-do-partido-comunista\/\"  >\n\t\t\t\t\t\t\t\t\t  <div class=\"yuzo-img-wrap \" style=\"width: 125px;height:90px;\">\n\t\t\t\t\t\t\t\t\t\t\n\t\t\t\t\t\t\t\t\t\t<div class=\"yuzo-img\" style=\"background:url('https:\/\/redept.org\/blogosfera\/wp-content\/plugins\/yuzo-related-post\/assets\/images\/default.png') 50% 50% no-repeat;width: 125px;height:90px;margin-bottom: 5px;background-size: cover; \"><\/div>\n\t\t\t\t\t\t\t\t\t  <\/div>\n\t\t\t\t\t\t\t\t\t  \n\t\t\t\t\t\t\t\t   <span class=\"yuzo__text--title\" style=\"font-size:13px;\">Cuba abre investiga\u00e7\u00e3o ap\u00f3s manifestante invadirem...<\/span>\n\t\t\t\t\t\t\t  \n\t\t\t\t\t\t\t  \n\t\t\t\t\t\t\t  <\/a>\n\n\t\t\t\t\t\t  <\/div>\n\t\t\t\t\t\t  <div class=\"relatedthumb \" style=\"width:125px;float:left;overflow:hidden;\">  \n\t\t\t\t\t\t\t  \n\t\t\t\t\t\t\t  <a  href=\"https:\/\/redept.com.br\/blogosfera\/paulo-figueiredo-doou-r-54-mil-a-deputada-dos-eua-que-propos-lei-contra-moraes\/\"  >\n\t\t\t\t\t\t\t\t\t  <div class=\"yuzo-img-wrap \" style=\"width: 125px;height:90px;\">\n\t\t\t\t\t\t\t\t\t\t\n\t\t\t\t\t\t\t\t\t\t<div class=\"yuzo-img\" style=\"background:url('https:\/\/redept.org\/blogosfera\/wp-content\/plugins\/yuzo-related-post\/assets\/images\/default.png') 50% 50% no-repeat;width: 125px;height:90px;margin-bottom: 5px;background-size: cover; \"><\/div>\n\t\t\t\t\t\t\t\t\t  <\/div>\n\t\t\t\t\t\t\t\t\t  \n\t\t\t\t\t\t\t\t   <span class=\"yuzo__text--title\" style=\"font-size:13px;\">Paulo Figueiredo doou R$ 54 mil a deputada dos EUA...<\/span>\n\t\t\t\t\t\t\t  \n\t\t\t\t\t\t\t  \n\t\t\t\t\t\t\t  <\/a>\n\n\t\t\t\t\t\t  <\/div>\n\t\t\t\t\t\t  <div class=\"relatedthumb \" style=\"width:125px;float:left;overflow:hidden;\">  \n\t\t\t\t\t\t\t  \n\t\t\t\t\t\t\t  <a  href=\"https:\/\/redept.com.br\/blogosfera\/virada-sustentavel-celebra-15-anos-com-programacao-diversa-e-gratuita\/\"  >\n\t\t\t\t\t\t\t\t\t  <div class=\"yuzo-img-wrap \" style=\"width: 125px;height:90px;\">\n\t\t\t\t\t\t\t\t\t\t\n\t\t\t\t\t\t\t\t\t\t<div class=\"yuzo-img\" style=\"background:url('https:\/\/redept.org\/blogosfera\/wp-content\/plugins\/yuzo-related-post\/assets\/images\/default.png') 50% 50% no-repeat;width: 125px;height:90px;margin-bottom: 5px;background-size: cover; \"><\/div>\n\t\t\t\t\t\t\t\t\t  <\/div>\n\t\t\t\t\t\t\t\t\t  \n\t\t\t\t\t\t\t\t   <span class=\"yuzo__text--title\" style=\"font-size:13px;\">Virada Sustent\u00e1vel celebra 15 anos com programa\u00e7\u00e3o...<\/span>\n\t\t\t\t\t\t\t  \n\t\t\t\t\t\t\t  \n\t\t\t\t\t\t\t  <\/a>\n\n\t\t\t\t\t\t  <\/div>\n\t\t\t\t\t\t  <div class=\"relatedthumb \" style=\"width:125px;float:left;overflow:hidden;\">  \n\t\t\t\t\t\t\t  \n\t\t\t\t\t\t\t  <a  href=\"https:\/\/redept.com.br\/blogosfera\/fmi-eleva-previsao-de-crescimento-global-mas-alerta-para-guerra-comercial-eua-china\/\"  >\n\t\t\t\t\t\t\t\t\t  <div class=\"yuzo-img-wrap \" style=\"width: 125px;height:90px;\">\n\t\t\t\t\t\t\t\t\t\t\n\t\t\t\t\t\t\t\t\t\t<div class=\"yuzo-img\" style=\"background:url('https:\/\/redept.com.br\/blogosfera\/wp-content\/uploads\/2025\/10\/FOREIGN1760510513097606WK2FTEZ-150x150.png') 50% 50% no-repeat;width: 125px;height:90px;margin-bottom: 5px;background-size: cover; \"><\/div>\n\t\t\t\t\t\t\t\t\t  <\/div>\n\t\t\t\t\t\t\t\t\t  \n\t\t\t\t\t\t\t\t   <span class=\"yuzo__text--title\" style=\"font-size:13px;\">FMI eleva previs\u00e3o de crescimento global, mas aler...<\/span>\n\t\t\t\t\t\t\t  \n\t\t\t\t\t\t\t  \n\t\t\t\t\t\t\t  <\/a>\n\n\t\t\t\t\t\t  <\/div>\n<\/div> <script>\n\t\t\t\t\t\t  jQuery(document).ready(function( $ ){\n\t\t\t\t\t\t\t\/\/jQuery('.yuzo_related_post').equalizer({ overflow : 'relatedthumb' });\n\t\t\t\t\t\t\tjQuery('.yuzo_related_post .yuzo_wraps').equalizer({ columns : '> div' });\n\t\t\t\t\t\t   })\n\t\t\t\t\t\t  <\/script> <!-- End Yuzo :) -->","protected":false},"excerpt":{"rendered":"<p>Governo argentino apoia veto a bandeiras com alus\u00e3o \u00e0s Malvinas em partida contra Inglaterra Fonte Related Post Marcha das Mulheres Negras re\u00fane mais de 300 mil e&#8230; Papa Le\u00e3o 14 pede cessar-fogo nas guerras de Israe&#8230; \u201cN\u00e3o seremos subservientes a empreendimentos hegem&#8230; Toffoli vota para responsabilizar big techs por co&#8230;<\/p>\n","protected":false},"author":2,"featured_media":0,"comment_status":"open","ping_status":"closed","sticky":false,"template":"","format":"standard","meta":{"fifu_image_url":"","fifu_image_alt":"","footnotes":""},"categories":[272,8111,273,74738,11800,74739,74740,1507,2796,74741,39777,40008,74742,74233,741,274,74743,74744,74745,14062,74746,74747,74748,47335,1048,13433],"tags":[],"class_list":["post-95458","post","type-post","status-publish","format-standard","hentry","category-argentina","category-atlanta","category-censura","category-colonialismo-britanico","category-copa-do-mundo-2026","category-desmalvinizacao","category-diego-maradona","category-esportes","category-fifa","category-gol-do-seculo","category-governo-milei","category-guerra-das-malvinas","category-historia-das-malvinas","category-ilhas-malvinas","category-inglaterra","category-javier-milei","category-la-cuarta-estrella","category-malvinas","category-mano-de-dios","category-memoria-coletiva","category-mercedes-benz-stadium","category-proibicao-de-bandeiras","category-rivalidade-argentina-x-inglaterra","category-semifinal","category-soberania","category-torcedores"],"_links":{"self":[{"href":"https:\/\/redept.com.br\/blogosfera\/wp-json\/wp\/v2\/posts\/95458","targetHints":{"allow":["GET"]}}],"collection":[{"href":"https:\/\/redept.com.br\/blogosfera\/wp-json\/wp\/v2\/posts"}],"about":[{"href":"https:\/\/redept.com.br\/blogosfera\/wp-json\/wp\/v2\/types\/post"}],"author":[{"embeddable":true,"href":"https:\/\/redept.com.br\/blogosfera\/wp-json\/wp\/v2\/users\/2"}],"replies":[{"embeddable":true,"href":"https:\/\/redept.com.br\/blogosfera\/wp-json\/wp\/v2\/comments?post=95458"}],"version-history":[{"count":0,"href":"https:\/\/redept.com.br\/blogosfera\/wp-json\/wp\/v2\/posts\/95458\/revisions"}],"wp:attachment":[{"href":"https:\/\/redept.com.br\/blogosfera\/wp-json\/wp\/v2\/media?parent=95458"}],"wp:term":[{"taxonomy":"category","embeddable":true,"href":"https:\/\/redept.com.br\/blogosfera\/wp-json\/wp\/v2\/categories?post=95458"},{"taxonomy":"post_tag","embeddable":true,"href":"https:\/\/redept.com.br\/blogosfera\/wp-json\/wp\/v2\/tags?post=95458"}],"curies":[{"name":"wp","href":"https:\/\/api.w.org\/{rel}","templated":true}]}}