{"id":95628,"date":"2026-07-14T17:37:32","date_gmt":"2026-07-14T20:37:32","guid":{"rendered":"https:\/\/redept.com.br\/blogosfera\/o-brasil-e-campeao-de-juros\/"},"modified":"2026-07-14T17:37:32","modified_gmt":"2026-07-14T20:37:32","slug":"o-brasil-e-campeao-de-juros","status":"publish","type":"post","link":"https:\/\/redept.com.br\/blogosfera\/o-brasil-e-campeao-de-juros\/","title":{"rendered":"O Brasil \u00e9 campe\u00e3o! (de juros)"},"content":{"rendered":"<figure><img loading=\"lazy\" loading=\"lazy\" decoding=\"async\" width=\"827\" height=\"433\"src=\"https:\/\/redept.com.br\/blogosfera\/wp-content\/uploads\/2026\/07\/WhatsApp-Image-2023-01-16-at-51314-PM.jpeg\" alt=\"\" srcset=\"https:\/\/redept.com.br\/blogosfera\/wp-content\/uploads\/2026\/07\/WhatsApp-Image-2023-01-16-at-51314-PM.jpeg 827w, https:\/\/outraspalavras.net\/wp-content\/uploads\/2026\/07\/WhatsApp-Image-2023-01-16-at-5.13.14-PM-300x157.jpeg 300w, https:\/\/outraspalavras.net\/wp-content\/uploads\/2026\/07\/WhatsApp-Image-2023-01-16-at-5.13.14-PM-768x402.jpeg 768w\" sizes=\"auto, (max-width: 827px) 100vw, 827px\"><figcaption>Imagem: Reprodu\u00e7\u00e3o\/Esfera Brasil<\/figcaption><\/figure>\n<div>\n<div>\n<div>\n<div>\n<div>\n<div>\n<div>\n<h4>Boletim Outras Palavras<\/h4>\n<p>Receba por email, diariamente, todas as publica\u00e7\u00f5es do site<\/p>\n<\/p><\/div>\n<div>\n<div>\n<div>\n<div>\n<div><\/div>\n<\/p><\/div>\n<\/p><\/div>\n<div>\n                <button type=\"submit\">Assinar<\/button><br \/>\n                <button disabled type=\"button\"> <\/p>\n<div><\/div>\n<p> <span>Loading&#8230;<\/span> <\/button>\n              <\/div>\n<\/p><\/div>\n<\/p><\/div>\n<div>\n            <button type=\"submit\">Assinar<\/button><br \/>\n            <button disabled type=\"button\"> <\/p>\n<div><\/div>\n<p> <span>Loading&#8230;<\/span> <\/button>\n          <\/div>\n<\/p><\/div>\n<div>\n<div>\n<h4>Agradecemos!<\/h4>\n<p>Voc\u00ea j\u00e1 est\u00e1 inscrito e come\u00e7ar\u00e1 a receber os boletins em breve. Boa leitura!<\/p>\n<\/p><\/div>\n<\/p><\/div>\n<\/p><\/div>\n<\/p><\/div>\n<\/div>\n<\/div>\n<\/div>\n<p>Alguns dias antes de a sele\u00e7\u00e3o masculina de futebol da Confedera\u00e7\u00e3o Brasileira de Futebol (CBF) ter sido eliminada da Copa do Mundo de 2026, o Brasil j\u00e1 erguia uma outra ta\u00e7a de campe\u00e3o mundial. No dia 5 de julho, a equipe da Noruega derrotou o Brasil com 2 gols de Haaland e o sonho do hexa foi convertido em um verdadeiro pesadelo da elimina\u00e7\u00e3o antecipada. A realidade \u00e9 que desde 2002 os grandes meios de comunica\u00e7\u00e3o, os neg\u00f3cios biliard\u00e1rios envolvidos com o futebol e os esquemas criminosos da CBF tentam iludir a popula\u00e7\u00e3o de que a sele\u00e7\u00e3o tem todas as condi\u00e7\u00f5es de se sair campe\u00e3 pela sexta vez. Mas a tarefa \u00e9 complexa, pois o futebol brasileiro n\u00e3o tem conseguido acompanhar a evolu\u00e7\u00e3o da qualidade futebol\u00edstica no jogo coletivo dos demais pa\u00edses, a exemplo de Fran\u00e7a, Espanha, Inglaterra e Argentina. Ali\u00e1s, n\u00e3o por acaso os quatro semifinalistas desse certame. Por aqui, mudan\u00e7as estruturais s\u00e3o necess\u00e1rias para que o hexa seja poss\u00edvel.<\/p>\n<p>Pois o fato \u00e9 que no dia 16 de junho, a p\u00e1gina da consultoria Moneyou divulgou mais uma edi\u00e7\u00e3o de sua tradicional classifica\u00e7\u00e3o de 40 pa\u00edses com um ordenamento decrescente em rela\u00e7\u00e3o \u00e0s respectivas taxas reais de juros do planeta. E, infelizmente, o Brasil sempre vem ocupando uma posi\u00e7\u00e3o de destaque no tr\u00e1gico ranking. Na vers\u00e3o atual, mais uma vez, o nosso Pa\u00eds voltou ao topo do topo. Estamos exibindo uma taxa de 10,1% ao ano. Uma loucura! A metodologia de c\u00e1lculo da taxa real de juros envolve a subtra\u00e7\u00e3o da infla\u00e7\u00e3o do per\u00edodo da taxa oficial de juros \u2013 no nosso caso, a SELIC.<\/p>\n<p><strong>Lista de pa\u00edses por taxa real de juros \u2013 % ao ano <\/strong>(jun\/26)<\/p>\n<div>\n<div><img loading=\"lazy\" loading=\"lazy\" decoding=\"async\"src=\"https:\/\/redept.com.br\/blogosfera\/wp-content\/uploads\/2026\/07\/1-12.png\" alt=\"\" srcset=\"https:\/\/redept.com.br\/blogosfera\/wp-content\/uploads\/2026\/07\/1-12.png 680w, https:\/\/outraspalavras.net\/wp-content\/uploads\/2025\/12\/15-300x110.png 300w\" sizes=\"auto, (max-width: 680px) 100vw, 680px\" width=\"680\" height=\"250\"><\/div>\n<\/div>\n<figure><img loading=\"lazy\" loading=\"lazy\" decoding=\"async\" width=\"1500\" height=\"868\"src=\"https:\/\/redept.com.br\/blogosfera\/wp-content\/uploads\/2026\/07\/imgg11.png\" alt=\"\" srcset=\"https:\/\/outraspalavras.net\/wp-content\/uploads\/2026\/07\/imgg11-1500x868.png 1500w, https:\/\/outraspalavras.net\/wp-content\/uploads\/2026\/07\/imgg11-300x174.png 300w, https:\/\/outraspalavras.net\/wp-content\/uploads\/2026\/07\/imgg11-768x444.png 768w, https:\/\/outraspalavras.net\/wp-content\/uploads\/2026\/07\/imgg11-1536x889.png 1536w, https:\/\/redept.com.br\/blogosfera\/wp-content\/uploads\/2026\/07\/imgg11.png 2045w\" sizes=\"auto, (max-width: 1500px) 100vw, 1500px\"><\/figure>\n<p>Fonte: Moneyou<\/p>\n<p>Chama aten\u00e7\u00e3o o fato de o Brasil estar quase sempre \u201cdisputando\u201d as primeiras coloca\u00e7\u00f5es ao longo dos anos. No ranqueamento mais recente estamos \u00e0 frente do bloco com a R\u00fassia, ambos com taxas superiores a 9%. Na sequ\u00eancia aparece um segundo pelot\u00e3o com Turquia e M\u00e9xico apresentando taxas em torno de 5%. Depois, surge outro grupo de 8 pa\u00edses com taxas entre 2% e 3%. Em seguida, podemos identificar outro agrupamento de 7 pa\u00edses com taxas em torno de 1%. Mais \u00e0 frente, entre a 20\u00aa e a 34\u00aa posi\u00e7\u00e3o, surgem na\u00e7\u00f5es com taxas entre 0% e 1%. Finalmente, 6 pa\u00edses oferecem taxas levemente negativas.<\/p>\n<h3><strong>Brasil: triste campe\u00e3o de juros<\/strong><\/h3>\n<p>Ora, tal disparidade cristaliza claramente uma verdadeira distor\u00e7\u00e3o. N\u00e3o existe motivo algum para que a taxa real de juros do Brasil seja t\u00e3o mais elevada do que as demais, fazendo companhia apenas \u00e0 R\u00fassia. Aquele pa\u00eds est\u00e1 envolvido em uma guerra e tem sofrido toda a sorte de san\u00e7\u00f5es econ\u00f4micas e comerciais perpetradas pelos Estados Unidos, pela Uni\u00e3o Europeia e por boa parte da comunidade financeira internacional. Tudo leva a crer que exista uma tend\u00eancia \u00e0 \u201cnaturaliza\u00e7\u00e3o\u201d por parte das elites dirigentes de nosso Pa\u00eds de tal discrep\u00e2ncia. Ali\u00e1s, movimento semelhante ao que ocorria com as elevad\u00edssimas taxas de infla\u00e7\u00e3o no passado ou com as mortes violentas que persistem em crescer a cada ano. Os dirigentes pol\u00edticos fazem cara de paisagem e consideram cada um desses dramas nacionais como um n\u00e3o-problema.<\/p>\n<p>Mas essa condi\u00e7\u00e3o de pol\u00edtica econ\u00f4mica que opera com taxas elevad\u00edssimas n\u00e3o \u00e9 apenas do ano atual. Em junho de 2025, o Brasil ocupava a segunda posi\u00e7\u00e3o com 9,6%, atr\u00e1s da Turquia com 14,4% e na frente da R\u00fassia com 7,6%. J\u00e1 em novembro de 2024, est\u00e1vamos no terceiro posto com 8,1%, atr\u00e1s de Turquia com15,2% e R\u00fassia com12,2%. Em agosto de 2023, o Brasil exibia a primeira coloca\u00e7\u00e3o com 7,5%, seguido de M\u00e9xico com 6,6% e de Col\u00f4mbia com 6,2%.<\/p>\n<p>Em maio de 2022, o Brasil ainda estava \u00e0 frente dos 40 pa\u00edses da pesquisa, com a taxa de 6,7%. Em seguida, com valores bem abaixo, apareciam Col\u00f4mbia e M\u00e9xico, com respectivamente, 3,9% e 3,6%. Em outubro de 2021, em plena pandemia, quando as taxas de juros haviam baixado por todo o mundo, mesmo assim, teim\u00e1vamos em disputar a medalha de ouro. Est\u00e1vamos empatados com a R\u00fassia no primeiro lugar com 4,8% e a Turquia surgia em terceiro lugar com 3,5%. Entre 2019 e 2018 a taxa real de juros brasileira baixou de forma inesperada na s\u00e9rie hist\u00f3rica. Em 2018 ficamos na sexta posi\u00e7\u00e3o com 2,5% e em 2019 ocupamos a s\u00e9tima coloca\u00e7\u00e3o com 2,4%. Durante estes dois anos, os primeiros lugares estavam com Turquia, Argentina, M\u00e9xico e R\u00fassia.<\/p>\n<h3><strong>N\u00e3o h\u00e1 raz\u00e3o econ\u00f4mica para tais juros reais<\/strong><\/h3>\n<p>Se voltarmos 12 anos atr\u00e1s, em maio de 2014 o Brasil tamb\u00e9m estava na frente de todos os demais pa\u00edses, com taxa real de juros de 4,4% anuais. Em seguida, apareciam China com 4,1% e Hungria com 2,6%. Um pouco menos de um ano antes, em agosto de 2013, ocup\u00e1vamos a terceira coloca\u00e7\u00e3o com 2,6%, atr\u00e1s apenas da China com 3,2% e do Chile com 2,7% ao ano. Enfim, o caso \u00e9 recorrente e vem de longe.<\/p>\n<p>Assim, se considerarmos os 13 anos da s\u00e9rie 2013\/2026 (para 2020 n\u00e3o h\u00e1 dados dispon\u00edveis), o Brasil aparece em 11 deles na lista dos 3 maiores quanto \u00e0 taxa real de juros. Em 7 deles, ocupava o primeiro lugar. Em um ano est\u00e1 com a segunda posi\u00e7\u00e3o, ao passo que surge em terceira coloca\u00e7\u00e3o em outros 3 exerc\u00edcios. O interessante \u00e9 que o per\u00edodo analisado atravessa diferentes governos, incluindo Dilma, Temer, Bolsonaro e agora o terceiro mandato de Lula. E em todos eles pode ser claramente identificada a continuidade da pol\u00edtica monet\u00e1ria arrochada, com a manuten\u00e7\u00e3o da taxa de juros real em n\u00edveis tamb\u00e9m estratosf\u00e9ricos. Esse fato \u00e9 ainda agravado se levarmos em considera\u00e7\u00e3o a compara\u00e7\u00e3o internacional de tal vari\u00e1vel relevante para o desempenho da macroeconomia.<\/p>\n<div>\n<div><img loading=\"lazy\" loading=\"lazy\" decoding=\"async\"src=\"https:\/\/redept.com.br\/blogosfera\/wp-content\/uploads\/2026\/07\/Arte-2_banner-site-outras-palavras_IC-na-Unesp_728x90-2.png\" alt=\"\" srcset=\"https:\/\/redept.com.br\/blogosfera\/wp-content\/uploads\/2026\/07\/Arte-2_banner-site-outras-palavras_IC-na-Unesp_728x90-2.png 728w, https:\/\/outraspalavras.net\/wp-content\/uploads\/2025\/02\/Arte-2_banner-site-outras-palavras_IC-na-Unesp_728x90-300x37.png 300w\" sizes=\"auto, (max-width: 728px) 100vw, 728px\" width=\"728\" height=\"90\"><\/div>\n<\/div>\n<p><strong>Lista de pa\u00edses por taxa real de juros \u2013 2013 a 2026<\/strong><\/p>\n<figure><img loading=\"lazy\" loading=\"lazy\" decoding=\"async\" width=\"1500\" height=\"220\"src=\"https:\/\/redept.com.br\/blogosfera\/wp-content\/uploads\/2026\/07\/image22-2048x301.png\" alt=\"\" srcset=\"https:\/\/outraspalavras.net\/wp-content\/uploads\/2026\/07\/image22-1500x220.png 1500w, https:\/\/outraspalavras.net\/wp-content\/uploads\/2026\/07\/image22-300x44.png 300w, https:\/\/outraspalavras.net\/wp-content\/uploads\/2026\/07\/image22-768x113.png 768w, https:\/\/outraspalavras.net\/wp-content\/uploads\/2026\/07\/image22-1536x226.png 1536w, https:\/\/redept.com.br\/blogosfera\/wp-content\/uploads\/2026\/07\/image22-2048x301.png 2048w\" sizes=\"auto, (max-width: 1500px) 100vw, 1500px\"><\/figure>\n<p>Fonte: Moneyou<\/p>\n<p>Esses dados confirmam a fal\u00e1cia da abordagem dos manuais de economia neocl\u00e1ssica e do receitu\u00e1rio neoliberal a respeito da suposta import\u00e2ncia da taxa de juros para combater a infla\u00e7\u00e3o. O per\u00edodo comporta anos com n\u00edveis maiores e menores da taxa de crescimento dos pre\u00e7os, mas o impacto da taxa de juros opera basicamente em todos eles para reduzir a demanda agregada, com consequ\u00eancias graves para o emprego, a renda e a atividade produtiva. Mesmo com taxas de juros elevadas (seja na dimens\u00e3o nominal ou real), os pre\u00e7os resistiram em boa parte do per\u00edodo, uma vez que n\u00e3o se trata de infla\u00e7\u00e3o de demanda. Assim, manter a SELIC nas alturas pouco atua para promover a redu\u00e7\u00e3o dos pre\u00e7os de produtos estrat\u00e9gicos importados que s\u00e3o afetados por varia\u00e7\u00f5es no c\u00e2mbio. Esse \u00e9 caso, por exemplo, do trigo e do petr\u00f3leo, dentre outros. O mesmo ocorre para outros pre\u00e7os fundamentais na din\u00e2mica econ\u00f4mica que n\u00e3o s\u00e3o afetados por redu\u00e7\u00e3o da demanda agregada, a exemplo dos pre\u00e7os e das tarifas administradas pelo setor p\u00fablico. Esse \u00e9 o caso da tarifa de energia el\u00e9trica ou os pre\u00e7os dos derivados de petr\u00f3leo.<\/p>\n<p>Outro aspecto relevante da pol\u00edtica de juros elevada \u00e9 o impacto que esse instrumento de pol\u00edtica econ\u00f4mica exerce sobre a pol\u00edtica fiscal. Apesar de os organismos multilaterais, influenciados pelas regras do Consenso de Washington, terem obrigado os pa\u00edses a s\u00f3 levarem em considera\u00e7\u00e3o as despesas prim\u00e1rias, a realidade concreta das contas or\u00e7ament\u00e1rias \u00e9 bem diferente. Afinal, os gastos financeiros (ditos n\u00e3o-prim\u00e1rios na metodologia do Fundo Monet\u00e1rio Internacional \u2013 FMU e Banco Mundial \u2013 BM, por exemplo) impactam o equil\u00edbrio or\u00e7ament\u00e1rio da mesma maneira que as despesas com sa\u00fade, educa\u00e7\u00e3o e previd\u00eancia, dentre tantas outras. O resultado \u00e9 que a o volume elevado de tais disp\u00eandios representa um percentual elevado sobre o Produto Interno Bruto (PIB), comprimindo os outros componentes do mesmo, que poderiam alavancar um processo de desenvolvimento. Ainda em termos de compara\u00e7\u00e3o internacional, os dados abaixo demonstram que o Brasil tem liderado a lista de pa\u00edses integrantes do G20, segundo informa\u00e7\u00f5es dispon\u00edveis para 2023 e 2024. Ou seja, al\u00e9m de sermos campe\u00f5es no quesito taxa real de juros, somos imbat\u00edveis tamb\u00e9m naquela informa\u00e7\u00e3o que mede o impacto dos gastos com juros sobre o PIB.<\/p>\n<p><strong>Pa\u00edses do G20 \u2013 Despesas com Juros sobre o PIB (%)<\/strong><\/p>\n<p><strong>Pa\u00edses 2023 2024<\/strong><\/p>\n<figure><img loading=\"lazy\" loading=\"lazy\" decoding=\"async\" width=\"775\" height=\"945\"src=\"https:\/\/redept.com.br\/blogosfera\/wp-content\/uploads\/2026\/07\/imgg3-1.png\" alt=\"\" srcset=\"https:\/\/redept.com.br\/blogosfera\/wp-content\/uploads\/2026\/07\/imgg3-1.png 775w, https:\/\/outraspalavras.net\/wp-content\/uploads\/2026\/07\/imgg3-1-246x300.png 246w, https:\/\/outraspalavras.net\/wp-content\/uploads\/2026\/07\/imgg3-1-768x936.png 768w\" sizes=\"auto, (max-width: 775px) 100vw, 775px\"><\/figure>\n<p>Fonte: Poder 360<\/p>\n<h3><strong>Lula 4 precisa mudar a pol\u00edtica econ\u00f4mica<\/strong><\/h3>\n<p>O in\u00edcio do debate eleitoral deve incluir um balan\u00e7o s\u00e9rio e honesto a respeito dos equ\u00edvocos presentes na pol\u00edtica econ\u00f4mica desenvolvida ao longo do terceiro mandato do Presidente Lula. Parece inevit\u00e1vel a conclus\u00e3o de que ocorreu uma continuidade dos desacertos da estrat\u00e9gia de orienta\u00e7\u00e3o neoliberal no comando da economia que se arrasta em nosso Pa\u00eds h\u00e1 d\u00e9cadas. Para um eventual quarto mandato \u00e9 fundamental que o candidato \u00e0 reelei\u00e7\u00e3o se comprometa mais objetivamente com a revers\u00e3o dos eixos fundantes daquilo que o Banco Central e os Minist\u00e9rios da Fazenda e do Planejamento vieram implementando at\u00e9 agora.<\/p>\n<p>Um dos pontos centrais de tal mudan\u00e7a de orienta\u00e7\u00e3o se relaciona justamente \u00e0 taxa real de juros. Para que o Brasil encontre o caminho do desenvolvimento econ\u00f4mico, social e ambiental \u00e9 essencial a conviv\u00eancia dos chamados atores econ\u00f4micos em cen\u00e1rio de juros mais baixos. E o governo tem um papel fundamental a desempenhar nesse processo, bem como na revoga\u00e7\u00e3o do Novo Arcabou\u00e7o Fiscal e no abandono da obedi\u00eancia burra e cega aos ditames da austeridade fiscal irrespons\u00e1vel. Assim, o que se espera \u00e9 que no pr\u00f3ximo quadri\u00eanio, o Brasil abandone de forma inequ\u00edvoca essa vergonhosa coloca\u00e7\u00e3o dentre os pa\u00edses com maiores taxas de juros reais do globo.<\/p>\n<p>Esperamos que as mudan\u00e7as necess\u00e1rias na CBF permitam \u00e0 sele\u00e7\u00e3o trabalhar duro at\u00e9 2030 e que o Brasil chegue em condi\u00e7\u00f5es de trazer o t\u00e3o esperado hexa. Da mesma forma, que as mudan\u00e7as t\u00e3o essenciais na pol\u00edtica econ\u00f4mica retirem do nosso querido Pa\u00eds essa triste presen\u00e7a no p\u00f3dio das maiores taxas reais de juros. Afinal, neste quesito, n\u00e3o queremos mais permanecer como campe\u00f5es.<\/p>\n<figure><img loading=\"lazy\" loading=\"lazy\" decoding=\"async\" width=\"775\" height=\"945\"src=\"https:\/\/redept.com.br\/blogosfera\/wp-content\/uploads\/2026\/07\/imgg4.png\" alt=\"\" srcset=\"https:\/\/redept.com.br\/blogosfera\/wp-content\/uploads\/2026\/07\/imgg4.png 775w, https:\/\/outraspalavras.net\/wp-content\/uploads\/2026\/07\/imgg4-246x300.png 246w, https:\/\/outraspalavras.net\/wp-content\/uploads\/2026\/07\/imgg4-768x936.png 768w\" sizes=\"auto, (max-width: 775px) 100vw, 775px\"><\/figure>\n<div>\n<div>\n<p><span><em>Outras Palavras \u00e9 feito por muitas m\u00e3os. Se voc\u00ea valoriza nossa produ\u00e7\u00e3o, contribua com um PIX para <strong>outrosquinhentos@outraspalavras.net<\/strong> e fortale\u00e7a o jornalismo cr\u00edtico.<\/em><\/span><\/p>\n<\/div>\n<\/div>\n<p>The post O Brasil \u00e9 campe\u00e3o! (de juros) appeared first on Outras Palavras.<\/p>\n<!-- Begin Yuzo --><div class='yuzo_related_post style-1'  data-version='5.12.89'><!-- without result --><div class='yuzo_clearfixed yuzo__title yuzo__title'><h3>Related Post<\/h3><\/div>\n\t\t\t\t\t\t  <div class=\"relatedthumb \" style=\"width:125px;float:left;overflow:hidden;\">  \n\t\t\t\t\t\t\t  \n\t\t\t\t\t\t\t  <a  href=\"https:\/\/redept.com.br\/blogosfera\/gas-do-povo-beneficio-com-toques-de-anacronismo\/\"  >\n\t\t\t\t\t\t\t\t\t  <div class=\"yuzo-img-wrap \" style=\"width: 125px;height:90px;\">\n\t\t\t\t\t\t\t\t\t\t\n\t\t\t\t\t\t\t\t\t\t<div class=\"yuzo-img\" style=\"background:url('https:\/\/redept.com.br\/blogosfera\/wp-content\/uploads\/2026\/05\/WhatsApp-Image-2021-05-01-at-124802-3-150x150.jpeg') 50% 50% no-repeat;width: 125px;height:90px;margin-bottom: 5px;background-size: cover; \"><\/div>\n\t\t\t\t\t\t\t\t\t  <\/div>\n\t\t\t\t\t\t\t\t\t  \n\t\t\t\t\t\t\t\t   <span class=\"yuzo__text--title\" style=\"font-size:13px;\">\u201cG\u00e1s do Povo\u201d: benef\u00edcio com toques de anacronismo...<\/span>\n\t\t\t\t\t\t\t  \n\t\t\t\t\t\t\t  \n\t\t\t\t\t\t\t  <\/a>\n\n\t\t\t\t\t\t  <\/div>\n\t\t\t\t\t\t  <div class=\"relatedthumb \" style=\"width:125px;float:left;overflow:hidden;\">  \n\t\t\t\t\t\t\t  \n\t\t\t\t\t\t\t  <a  href=\"https:\/\/redept.com.br\/blogosfera\/una-lgbt-10-anos-de-luta-resistencia-e-transformacao-socialista-em-sao-paulo\/\"  >\n\t\t\t\t\t\t\t\t\t  <div class=\"yuzo-img-wrap \" style=\"width: 125px;height:90px;\">\n\t\t\t\t\t\t\t\t\t\t\n\t\t\t\t\t\t\t\t\t\t<div class=\"yuzo-img\" style=\"background:url('https:\/\/redept.com.br\/blogosfera\/wp-content\/uploads\/2025\/10\/WhatsApp-Image-2025-10-27-at-161803-150x150.jpeg') 50% 50% no-repeat;width: 125px;height:90px;margin-bottom: 5px;background-size: cover; \"><\/div>\n\t\t\t\t\t\t\t\t\t  <\/div>\n\t\t\t\t\t\t\t\t\t  \n\t\t\t\t\t\t\t\t   <span class=\"yuzo__text--title\" style=\"font-size:13px;\">UNA-LGBT: 10 anos de luta, resist\u00eancia e transform...<\/span>\n\t\t\t\t\t\t\t  \n\t\t\t\t\t\t\t  \n\t\t\t\t\t\t\t  <\/a>\n\n\t\t\t\t\t\t  <\/div>\n\t\t\t\t\t\t  <div class=\"relatedthumb \" style=\"width:125px;float:left;overflow:hidden;\">  \n\t\t\t\t\t\t\t  \n\t\t\t\t\t\t\t  <a  href=\"https:\/\/redept.com.br\/blogosfera\/festival-povos-originarios-marca-o-dia-internacional-dos-povos-indigenas-em-porto-alegre\/\"  >\n\t\t\t\t\t\t\t\t\t  <div class=\"yuzo-img-wrap \" style=\"width: 125px;height:90px;\">\n\t\t\t\t\t\t\t\t\t\t\n\t\t\t\t\t\t\t\t\t\t<div class=\"yuzo-img\" style=\"background:url('https:\/\/redept.com.br\/blogosfera\/wp-content\/uploads\/2025\/08\/bdf-20250811-183829-575a3e-150x150.jpeg') 50% 50% no-repeat;width: 125px;height:90px;margin-bottom: 5px;background-size: cover; \"><\/div>\n\t\t\t\t\t\t\t\t\t  <\/div>\n\t\t\t\t\t\t\t\t\t  \n\t\t\t\t\t\t\t\t   <span class=\"yuzo__text--title\" style=\"font-size:13px;\">Festival Povos Origin\u00e1rios marca o Dia Internacion...<\/span>\n\t\t\t\t\t\t\t  \n\t\t\t\t\t\t\t  \n\t\t\t\t\t\t\t  <\/a>\n\n\t\t\t\t\t\t  <\/div>\n\t\t\t\t\t\t  <div class=\"relatedthumb \" style=\"width:125px;float:left;overflow:hidden;\">  \n\t\t\t\t\t\t\t  \n\t\t\t\t\t\t\t  <a  href=\"https:\/\/redept.com.br\/blogosfera\/iraniano-processa-fifa-por-discriminacao-contra-pais-na-copa-e-pede-indenizacao-de-us-1-bilhao\/\"  >\n\t\t\t\t\t\t\t\t\t  <div class=\"yuzo-img-wrap \" style=\"width: 125px;height:90px;\">\n\t\t\t\t\t\t\t\t\t\t\n\t\t\t\t\t\t\t\t\t\t<div class=\"yuzo-img\" style=\"background:url('https:\/\/redept.org\/blogosfera\/wp-content\/plugins\/yuzo-related-post\/assets\/images\/default.png') 50% 50% no-repeat;width: 125px;height:90px;margin-bottom: 5px;background-size: cover; \"><\/div>\n\t\t\t\t\t\t\t\t\t  <\/div>\n\t\t\t\t\t\t\t\t\t  \n\t\t\t\t\t\t\t\t   <span class=\"yuzo__text--title\" style=\"font-size:13px;\">Iraniano processa FIFA por \u2018discrimina\u00e7\u00e3o\u2019 contra ...<\/span>\n\t\t\t\t\t\t\t  \n\t\t\t\t\t\t\t  \n\t\t\t\t\t\t\t  <\/a>\n\n\t\t\t\t\t\t  <\/div>\n<\/div> <script>\n\t\t\t\t\t\t  jQuery(document).ready(function( $ ){\n\t\t\t\t\t\t\t\/\/jQuery('.yuzo_related_post').equalizer({ overflow : 'relatedthumb' });\n\t\t\t\t\t\t\tjQuery('.yuzo_related_post .yuzo_wraps').equalizer({ columns : '> div' });\n\t\t\t\t\t\t   })\n\t\t\t\t\t\t  <\/script> <!-- End Yuzo :) -->","protected":false},"excerpt":{"rendered":"<p>Foi justamente antes da elimina\u00e7\u00e3o precoce que pa\u00eds voltou ao topo entre os pa\u00edses com as maiores taxas de juros do planeta. No ranking, faz companhia \u00e0 R\u00fassia \u2013 pa\u00eds envolvido em guerra e sob san\u00e7\u00f5es. N\u00e3o h\u00e1 justificativa econ\u00f4mica. Poss\u00edvel Lula 4 enfrentar\u00e1 este esc\u00e2ndalo?<\/p>\n<p>The post <a href=\"https:\/\/outraspalavras.net\/mercadovsdemocracia\/o-brasil-e-campeao-de-juros\/\">O Brasil \u00e9 campe\u00e3o! (de juros)<\/a> appeared first on <a href=\"https:\/\/outraspalavras.net\/\">Outras Palavras<\/a>.<\/p>\n","protected":false},"author":2,"featured_media":95629,"comment_status":"open","ping_status":"closed","sticky":false,"template":"","format":"standard","meta":{"fifu_image_url":"","fifu_image_alt":"","footnotes":""},"categories":[119,45,75002,4561,2700,75003,16450,124,11242,34455,6021,2269,578,4992,66672,2623,75004,75005,602,548],"tags":[],"class_list":["post-95628","post","type-post","status-publish","format-standard","has-post-thumbnail","hentry","category-banco-central","category-brasil","category-brasil-campeao","category-cbf","category-copa-do-mundo","category-equilibrio-orcamentario","category-futebol-brasileiro","category-juros","category-lula-4","category-macroeconomia","category-mercado-x-democracia","category-novo-arcabouco-fiscal","category-pib","category-politica-economica","category-politica-macroeconomica","category-politica-monetaria","category-qualidade-futebolistica","category-receituario-neoliberal","category-selic","category-taxa-de-juros"],"_links":{"self":[{"href":"https:\/\/redept.com.br\/blogosfera\/wp-json\/wp\/v2\/posts\/95628","targetHints":{"allow":["GET"]}}],"collection":[{"href":"https:\/\/redept.com.br\/blogosfera\/wp-json\/wp\/v2\/posts"}],"about":[{"href":"https:\/\/redept.com.br\/blogosfera\/wp-json\/wp\/v2\/types\/post"}],"author":[{"embeddable":true,"href":"https:\/\/redept.com.br\/blogosfera\/wp-json\/wp\/v2\/users\/2"}],"replies":[{"embeddable":true,"href":"https:\/\/redept.com.br\/blogosfera\/wp-json\/wp\/v2\/comments?post=95628"}],"version-history":[{"count":0,"href":"https:\/\/redept.com.br\/blogosfera\/wp-json\/wp\/v2\/posts\/95628\/revisions"}],"wp:featuredmedia":[{"embeddable":true,"href":"https:\/\/redept.com.br\/blogosfera\/wp-json\/wp\/v2\/media\/95629"}],"wp:attachment":[{"href":"https:\/\/redept.com.br\/blogosfera\/wp-json\/wp\/v2\/media?parent=95628"}],"wp:term":[{"taxonomy":"category","embeddable":true,"href":"https:\/\/redept.com.br\/blogosfera\/wp-json\/wp\/v2\/categories?post=95628"},{"taxonomy":"post_tag","embeddable":true,"href":"https:\/\/redept.com.br\/blogosfera\/wp-json\/wp\/v2\/tags?post=95628"}],"curies":[{"name":"wp","href":"https:\/\/api.w.org\/{rel}","templated":true}]}}