{"id":95765,"date":"2026-07-16T16:04:30","date_gmt":"2026-07-16T19:04:30","guid":{"rendered":"https:\/\/redept.com.br\/blogosfera\/analista-defende-pl-da-misoginia-nao-e-liberdade-de-expressao-se-submete-mulheres-a-violencia\/"},"modified":"2026-07-16T16:04:30","modified_gmt":"2026-07-16T19:04:30","slug":"analista-defende-pl-da-misoginia-nao-e-liberdade-de-expressao-se-submete-mulheres-a-violencia","status":"publish","type":"post","link":"https:\/\/redept.com.br\/blogosfera\/analista-defende-pl-da-misoginia-nao-e-liberdade-de-expressao-se-submete-mulheres-a-violencia\/","title":{"rendered":"Analista defende PL da Misoginia: \u2018N\u00e3o \u00e9 liberdade de express\u00e3o se submete mulheres \u00e0 viol\u00eancia\u2019"},"content":{"rendered":"<p>O Projeto de Lei (PL) que criminaliza a misoginia segue em disputa na C\u00e2mara dos Deputados. Na ter\u00e7a-feira (14), a Comiss\u00e3o de Seguran\u00e7a P\u00fablica da Casa aprovou uma emenda proposta pelo deputado federal Capit\u00e3o Alden (PL-BA), que isenta de crime a discrimina\u00e7\u00e3o por \u201copini\u00e3o, convic\u00e7\u00e3o religiosa, filos\u00f3fica, cient\u00edfica ou pol\u00edtica\u201d. O texto passou a tramitar [\u2026]<\/p>\n<p><a href=\"https:\/\/www.brasildefato.com.br\/2026\/07\/16\/analista-defende-pl-da-misoginia-nao-e-liberdade-de-expressao-se-submete-mulheres-a-violencia\/\" rel=\"nofollow\">Fonte<\/a><\/p>\n<!-- Begin Yuzo --><div class='yuzo_related_post style-1'  data-version='5.12.89'><!-- without result --><div class='yuzo_clearfixed yuzo__title yuzo__title'><h3>Related Post<\/h3><\/div>\n\t\t\t\t\t\t  <div class=\"relatedthumb \" style=\"width:125px;float:left;overflow:hidden;\">  \n\t\t\t\t\t\t\t  \n\t\t\t\t\t\t\t  <a  href=\"https:\/\/redept.com.br\/blogosfera\/resultado-da-mega-sena-2892-acumulada-premio-de-35-milhoes\/\"  >\n\t\t\t\t\t\t\t\t\t  <div class=\"yuzo-img-wrap \" style=\"width: 125px;height:90px;\">\n\t\t\t\t\t\t\t\t\t\t\n\t\t\t\t\t\t\t\t\t\t<div class=\"yuzo-img\" style=\"background:url('https:\/\/redept.com.br\/blogosfera\/wp-content\/uploads\/2025\/07\/Mega-Sena-novamente-sem-ganhador-premio-sobe-para-R-55-milhoes--4-150x150.jpg') 50% 50% no-repeat;width: 125px;height:90px;margin-bottom: 5px;background-size: cover; \"><\/div>\n\t\t\t\t\t\t\t\t\t  <\/div>\n\t\t\t\t\t\t\t\t\t  \n\t\t\t\t\t\t\t\t   <span class=\"yuzo__text--title\" style=\"font-size:13px;\">Resultado da Mega Sena 2892 acumulada; pr\u00eamio de 3...<\/span>\n\t\t\t\t\t\t\t  \n\t\t\t\t\t\t\t  \n\t\t\t\t\t\t\t  <\/a>\n\n\t\t\t\t\t\t  <\/div>\n\t\t\t\t\t\t  <div class=\"relatedthumb \" style=\"width:125px;float:left;overflow:hidden;\">  \n\t\t\t\t\t\t\t  \n\t\t\t\t\t\t\t  <a  href=\"https:\/\/redept.com.br\/blogosfera\/brasilia-tera-primeira-clinica-de-cannabis-medicinal-para-pacientes-inscritos-no-cadunico\/\"  >\n\t\t\t\t\t\t\t\t\t  <div class=\"yuzo-img-wrap \" style=\"width: 125px;height:90px;\">\n\t\t\t\t\t\t\t\t\t\t\n\t\t\t\t\t\t\t\t\t\t<div class=\"yuzo-img\" style=\"background:url('https:\/\/redept.org\/blogosfera\/wp-content\/plugins\/yuzo-related-post\/assets\/images\/default.png') 50% 50% no-repeat;width: 125px;height:90px;margin-bottom: 5px;background-size: cover; \"><\/div>\n\t\t\t\t\t\t\t\t\t  <\/div>\n\t\t\t\t\t\t\t\t\t  \n\t\t\t\t\t\t\t\t   <span class=\"yuzo__text--title\" style=\"font-size:13px;\">Bras\u00edlia ter\u00e1 primeira cl\u00ednica de cannabis medicin...<\/span>\n\t\t\t\t\t\t\t  \n\t\t\t\t\t\t\t  \n\t\t\t\t\t\t\t  <\/a>\n\n\t\t\t\t\t\t  <\/div>\n\t\t\t\t\t\t  <div class=\"relatedthumb \" style=\"width:125px;float:left;overflow:hidden;\">  \n\t\t\t\t\t\t\t  \n\t\t\t\t\t\t\t  <a  href=\"https:\/\/redept.com.br\/blogosfera\/whatsapp-vai-parar-de-funcionar-em-alguns-celulares-neste-mes-veja-se-seu-aparelho-esta-na-lista\/\"  >\n\t\t\t\t\t\t\t\t\t  <div class=\"yuzo-img-wrap \" style=\"width: 125px;height:90px;\">\n\t\t\t\t\t\t\t\t\t\t\n\t\t\t\t\t\t\t\t\t\t<div class=\"yuzo-img\" style=\"background:url('https:\/\/redept.org\/blogosfera\/wp-content\/plugins\/yuzo-related-post\/assets\/images\/default.png') 50% 50% no-repeat;width: 125px;height:90px;margin-bottom: 5px;background-size: cover; \"><\/div>\n\t\t\t\t\t\t\t\t\t  <\/div>\n\t\t\t\t\t\t\t\t\t  \n\t\t\t\t\t\t\t\t   <span class=\"yuzo__text--title\" style=\"font-size:13px;\">WhatsApp vai parar de funcionar em alguns celulare...<\/span>\n\t\t\t\t\t\t\t  \n\t\t\t\t\t\t\t  \n\t\t\t\t\t\t\t  <\/a>\n\n\t\t\t\t\t\t  <\/div>\n\t\t\t\t\t\t  <div class=\"relatedthumb \" style=\"width:125px;float:left;overflow:hidden;\">  \n\t\t\t\t\t\t\t  \n\t\t\t\t\t\t\t  <a  href=\"https:\/\/redept.com.br\/blogosfera\/um-dos-maiores-erros-dos-eua-foi-reeleger-o-criminoso-e-condenado-trump-diz-seu-ex-advogado-video\/\"  >\n\t\t\t\t\t\t\t\t\t  <div class=\"yuzo-img-wrap \" style=\"width: 125px;height:90px;\">\n\t\t\t\t\t\t\t\t\t\t\n\t\t\t\t\t\t\t\t\t\t<div class=\"yuzo-img\" style=\"background:url('https:\/\/redept.org\/blogosfera\/wp-content\/plugins\/yuzo-related-post\/assets\/images\/default.png') 50% 50% no-repeat;width: 125px;height:90px;margin-bottom: 5px;background-size: cover; \"><\/div>\n\t\t\t\t\t\t\t\t\t  <\/div>\n\t\t\t\t\t\t\t\t\t  \n\t\t\t\t\t\t\t\t   <span class=\"yuzo__text--title\" style=\"font-size:13px;\">\u201cUm dos maiores erros dos EUA foi reeleger o \u201ccrim...<\/span>\n\t\t\t\t\t\t\t  \n\t\t\t\t\t\t\t  \n\t\t\t\t\t\t\t  <\/a>\n\n\t\t\t\t\t\t  <\/div>\n<\/div> <script>\n\t\t\t\t\t\t  jQuery(document).ready(function( $ ){\n\t\t\t\t\t\t\t\/\/jQuery('.yuzo_related_post').equalizer({ overflow : 'relatedthumb' });\n\t\t\t\t\t\t\tjQuery('.yuzo_related_post .yuzo_wraps').equalizer({ columns : '> div' });\n\t\t\t\t\t\t   })\n\t\t\t\t\t\t  <\/script> <!-- End Yuzo :) -->","protected":false},"excerpt":{"rendered":"<p>O Projeto de Lei (PL) que criminaliza a misoginia segue em disputa na C\u00e2mara dos Deputados. Na ter\u00e7a-feira (14), a Comiss\u00e3o de Seguran\u00e7a P\u00fablica da Casa aprovou uma emenda proposta pelo deputado federal Capit\u00e3o Alden (PL-BA), que isenta de crime a discrimina\u00e7\u00e3o por \u201copini\u00e3o, convic\u00e7\u00e3o religiosa, filos\u00f3fica, cient\u00edfica ou pol\u00edtica\u201d. O texto passou a tramitar [&hellip;]<\/p>\n","protected":false},"author":2,"featured_media":0,"comment_status":"open","ping_status":"closed","sticky":false,"template":"","format":"standard","meta":{"fifu_image_url":"","fifu_image_alt":"","footnotes":""},"categories":[46772,6773,75167,298,74170,75168,75169,299,444,3103,1864,423,13097,2427,8076,75170,1781,1782,5332,75171,6068,229,4704,2138,1090],"tags":[],"class_list":["post-95765","post","type-post","status-publish","format-standard","hentry","category-bancada-progressista","category-brasil-de-fato","category-bruna-camilo","category-camara-dos-deputados","category-capitao-alden","category-comissao-de-seguranca-publica","category-conviccao-religiosa","category-criminalizacao","category-direitos-das-mulheres","category-discurso-de-odio","category-emenda","category-extrema-direita","category-filosofia","category-flavio-bolsonaro","category-fundamentalismo-religioso","category-isencao-de-crime","category-liberdade-de-expressao","category-misoginia","category-partido-liberal","category-pesquisadora-genero","category-projeto-de-lei","category-racismo","category-radio-brasil-de-fato","category-violencia-contra-mulher","category-violencia-de-genero"],"_links":{"self":[{"href":"https:\/\/redept.com.br\/blogosfera\/wp-json\/wp\/v2\/posts\/95765","targetHints":{"allow":["GET"]}}],"collection":[{"href":"https:\/\/redept.com.br\/blogosfera\/wp-json\/wp\/v2\/posts"}],"about":[{"href":"https:\/\/redept.com.br\/blogosfera\/wp-json\/wp\/v2\/types\/post"}],"author":[{"embeddable":true,"href":"https:\/\/redept.com.br\/blogosfera\/wp-json\/wp\/v2\/users\/2"}],"replies":[{"embeddable":true,"href":"https:\/\/redept.com.br\/blogosfera\/wp-json\/wp\/v2\/comments?post=95765"}],"version-history":[{"count":0,"href":"https:\/\/redept.com.br\/blogosfera\/wp-json\/wp\/v2\/posts\/95765\/revisions"}],"wp:attachment":[{"href":"https:\/\/redept.com.br\/blogosfera\/wp-json\/wp\/v2\/media?parent=95765"}],"wp:term":[{"taxonomy":"category","embeddable":true,"href":"https:\/\/redept.com.br\/blogosfera\/wp-json\/wp\/v2\/categories?post=95765"},{"taxonomy":"post_tag","embeddable":true,"href":"https:\/\/redept.com.br\/blogosfera\/wp-json\/wp\/v2\/tags?post=95765"}],"curies":[{"name":"wp","href":"https:\/\/api.w.org\/{rel}","templated":true}]}}