{"id":95860,"date":"2026-07-16T15:00:40","date_gmt":"2026-07-16T18:00:40","guid":{"rendered":"https:\/\/redept.com.br\/blogosfera\/equador-mantem-modelo-insustentavel-de-encarceramento-em-massa-diz-sociologa\/"},"modified":"2026-07-16T15:00:40","modified_gmt":"2026-07-16T18:00:40","slug":"equador-mantem-modelo-insustentavel-de-encarceramento-em-massa-diz-sociologa","status":"publish","type":"post","link":"https:\/\/redept.com.br\/blogosfera\/equador-mantem-modelo-insustentavel-de-encarceramento-em-massa-diz-sociologa\/","title":{"rendered":"Equador mant\u00e9m modelo insustent\u00e1vel de encarceramento em massa, diz soci\u00f3loga"},"content":{"rendered":"<p>Em toda a Am\u00e9rica Latina, a pauta da criminalidade ocupa o mesmo n\u00edvel de relev\u00e2ncia. Para a soci\u00f3loga Mariana Chies Santos, a medida tem seu ponto fraco na quest\u00e3o do or\u00e7amento. Grande parte dos pa\u00edses da regi\u00e3o apresentam problemas econ\u00f4micos e o custo operacional anual de uma mega pris\u00e3o \u00e9 de $150 milh\u00f5es (cerca de R$ 770 milh\u00f5es).<\/p>\n<p>A militariza\u00e7\u00e3o da seguran\u00e7a p\u00fablica no Equador n\u00e3o extinguiu a economia il\u00edcita, apenas mudou seus operadores. Detentos relatam que soldados passaram a vender celulares por valores entre 500 e 1.500 d\u00f3lares (entre R$ 2,6 mil a R$ 8 mil), enquanto as fac\u00e7\u00f5es mant\u00eam o controle da alimenta\u00e7\u00e3o, extorquindo fam\u00edlias para que seus parentes n\u00e3o morram de fome.<\/p>\n<p>A especialista tamb\u00e9m observa que n\u00e3o h\u00e1 perspectiva de que esses presos voltem ao regime aberto ressocializados. \u201cOs respons\u00e1veis pelo modelo n\u00e3o est\u00e3o preocupados com isso. Os presos n\u00e3o t\u00eam nenhum tipo de garantia constitucional\u201d.<\/p>\n<p>\u201cO custo \u00e9 alto apenas para manter a vitrine da redu\u00e7\u00e3o dos homic\u00eddios\u201d, enfatiza a acad\u00eamica, que, ao analisar o problema do alto investimento junto ao da falta de perspectiva de reintegra\u00e7\u00e3o dos presos, faz um alerta: \u201ca hip\u00f3tese \u00e9 de que essa conta n\u00e3o vai fechar, mas s\u00f3 veremos as consequ\u00eancias disso em dez ou 15 anos\u201d.<\/p>\n<p>A jornalista Karol Noro\u00f1a criticou a comunidade internacional, especificamente Uni\u00e3o Europeia e Embaixada do Canad\u00e1. Segundo ela, essas institui\u00e7\u00f5es mant\u00eam linhas de coopera\u00e7\u00e3o que acabam por avalizar a pol\u00edtica de seguran\u00e7a de Noboa, ignorando as evid\u00eancias de graves viola\u00e7\u00f5es cometidas por militares. Procuradas por <strong>Opera Mundi<\/strong>, nenhuma das embaixadas se pronunciou at\u00e9 o fechamento desta reportagem.<\/p>\n<p>A gravidade das den\u00fancias j\u00e1 mobiliza inst\u00e2ncias jur\u00eddicas fora do Equador. Em 5 de junho de 2026, o Comit\u00ea Permanente pela Defesa dos Direitos Humanos (CDH) de Guayaquil apresentou formalmente os achados da investiga\u00e7\u00e3o em uma reuni\u00e3o de trabalho com a Comiss\u00e3o Interamericana de Direitos Humanos (CIDH).<\/p>\n<p>O encontro reuniu tamb\u00e9m o Coletivo de Mulheres Buscadoras, que investiga desaparecimentos for\u00e7ados cometidos por militares e familiares de detentos. O objetivo \u00e9 de dar visibilidade ao exterm\u00ednio e refor\u00e7ar as demandas por medidas cautelares, algumas das quais j\u00e1 foram emitidas pelo \u00f3rg\u00e3o internacional em resposta \u00e0 crise.<\/p>\n<figure aria-describedby=\"caption-attachment-260482\"><img loading=\"lazy\" loading=\"lazy\" decoding=\"async\"src=\"https:\/\/redept.com.br\/blogosfera\/wp-content\/uploads\/2026\/07\/g5a5hcox0aa927f.jpg\" alt=\"presos em penitenci\u00e1ria no equador\" width=\"1024\" height=\"682\" srcset=\"https:\/\/operamundi.uol.com.br\/wp-content\/uploads\/2026\/07\/g5a5hcox0aa927f-1024x682.jpg 1024w, https:\/\/operamundi.uol.com.br\/wp-content\/uploads\/2026\/07\/g5a5hcox0aa927f-300x200.jpg 300w, https:\/\/operamundi.uol.com.br\/wp-content\/uploads\/2026\/07\/g5a5hcox0aa927f-768x512.jpg 768w, https:\/\/operamundi.uol.com.br\/wp-content\/uploads\/2026\/07\/g5a5hcox0aa927f-1536x1023.jpg 1536w, https:\/\/operamundi.uol.com.br\/wp-content\/uploads\/2026\/07\/g5a5hcox0aa927f-150x100.jpg 150w, https:\/\/operamundi.uol.com.br\/wp-content\/uploads\/2026\/07\/g5a5hcox0aa927f-750x500.jpg 750w, https:\/\/operamundi.uol.com.br\/wp-content\/uploads\/2026\/07\/g5a5hcox0aa927f-1140x760.jpg 1140w, https:\/\/redept.com.br\/blogosfera\/wp-content\/uploads\/2026\/07\/g5a5hcox0aa927f.jpg 1600w\" sizes=\"auto, (max-width: 1024px) 100vw, 1024px\"><figcaption>Governo Noboa acata \u2018Modelo Bukele\u2019 como pol\u00edtica de seguran\u00e7a no Equador <br \/>Reprodu\u00e7\u00e3o \/ @DanielNoboaOk<\/figcaption><\/figure>\n<h3>Jornalismo de exce\u00e7\u00e3o<\/h3>\n<p>Reportar essa realidade no pa\u00eds tornou-se uma atividade de risco extremo. Noro\u00f1a descreve um Equador onde jornalistas e familiares s\u00e3o perseguidos frontalmente e sofrem repres\u00e1lias. Alguns profissionais, incluindo a pr\u00f3pria autora do estudo, tiveram que deixar o pa\u00eds temporariamente por raz\u00f5es de seguran\u00e7a.<\/p>\n<p>Em cidades como Dur\u00e1n, considerada uma das mais perigosas do pa\u00eds, a gest\u00e3o dos cemit\u00e9rios foi suplantada pela autoridade das fac\u00e7\u00f5es, tornando o trabalho de campo ainda mais arriscado. Para documentar a exist\u00eancia de valas comuns e o descarte de corpos, a equipe de reportagem precisou negociar diretamente com grupos armados. Foi preciso esclarecer que o foco da apura\u00e7\u00e3o era a neglig\u00eancia do Estado e n\u00e3o as atividades il\u00edcitas da gangue local.<\/p>\n<p>Em um dos epis\u00f3dios, a jornalista recebeu um ultimato de um membro de fac\u00e7\u00e3o: \u201cvoc\u00eas t\u00eam dez minutos para fazer o que for e caiam fora daqui\u201d. Em certas regi\u00f5es, como na cidade de Quevedo, o risco foi proibitivo ao ponto de os pr\u00f3prios administradores do cemit\u00e9rio alertarem que a vida da jornalista n\u00e3o poderia ser assegurada caso ela entrasse no local.<\/p>\n<p>Para as fam\u00edlias, que n\u00e3o s\u00e3o notificadas oficialmente sobre os \u00f3bitos, esse controle dos cemit\u00e9rios por parte de quadrilhas representa a barreira final do direito ao luto. O resultado \u00e9 uma busca desesperada por restos mortais que, muitas vezes, s\u00e3o enterrados em lotes coletivos antes mesmo de serem identificados pelos parentes.<\/p>\n<p>A pol\u00edtica de sigilo e o monitoramento de dados sob o governo de Daniel Noboa s\u00e3o apontados como pilares fundamentais da estrat\u00e9gia de ocultamento da crise carcer\u00e1ria no Equador. O \u00f3rg\u00e3o de administra\u00e7\u00e3o penitenci\u00e1ria (Servi\u00e7o Nacional de Atendimento Integral a Adultos Privados de Liberdade e Adolescentes Infratores, SNAI) tem se recusado sistematicamente a entregar informa\u00e7\u00f5es oficiais sobre a mortalidade nas pris\u00f5es, alegando que est\u00e1 em um processo de \u201cdepura\u00e7\u00e3o de suas bases de dados\u201d, que s\u00f3 ser\u00e1 conclu\u00edda em 2029.<\/p>\n<p>Para contornar o apag\u00e3o de dados imposto pelo SNAI, a investiga\u00e7\u00e3o fundamentou-se em uma triangula\u00e7\u00e3o de fontes extraoficiais. A equipe obteve acesso a cerca de 30 relat\u00f3rios institucionais reservados e listas filtradas por fontes que permitiram dimensionar a mortalidade real em cada unidade carcer\u00e1ria.<\/p>\n<p>O levantamento foi cruzado com a an\u00e1lise de centenas de processos judiciais de habeas corpus e laudos forenses. Al\u00e9m das entrevistas com mais de 50 fontes, o trabalho de campo em necrot\u00e9rios e o acesso ao arquivo de fotografias e v\u00eddeos clandestinos foram essenciais para dar rosto e prova documental ao exterm\u00ednio que o governo tenta invisibilizar.<\/p>\n<p>O Portal de Transpar\u00eancia, ferramenta que poderia ser utilizada para solicitar formalmente o acesso a dados oficiais, exige o fornecimento de dados pessoais detalhados, incluindo nome completo, n\u00famero da c\u00e9dula de identidade e o endere\u00e7o residencial do solicitante.<\/p>\n<p>Segundo Noro\u00f1a, essa exig\u00eancia \u00e9 vista como mais uma forma deliberada de monitoramento, permitindo que o Estado saiba exatamente onde vivem aqueles que o investigam.<\/p>\n<p>A reportagem de <strong>Opera Mundi<\/strong> entrou em contato com o SNAI para saber se o \u00f3rg\u00e3o gostaria de comentar o assunto. At\u00e9 a publica\u00e7\u00e3o, n\u00e3o houve resposta.<\/p>\n<p>O post Equador mant\u00e9m modelo insustent\u00e1vel de encarceramento em massa, diz soci\u00f3loga apareceu primeiro em Opera Mundi.<\/p>\n<!-- Begin Yuzo --><div class='yuzo_related_post style-1'  data-version='5.12.89'><!-- without result --><div class='yuzo_clearfixed yuzo__title yuzo__title'><h3>Related Post<\/h3><\/div>\n\t\t\t\t\t\t  <div class=\"relatedthumb \" style=\"width:125px;float:left;overflow:hidden;\">  \n\t\t\t\t\t\t\t  \n\t\t\t\t\t\t\t  <a  href=\"https:\/\/redept.com.br\/blogosfera\/frida-kahlo-quebra-recorde-historico-o-sonho-e-arrematado-por-us-546-milhoes-em-leilao\/\"  >\n\t\t\t\t\t\t\t\t\t  <div class=\"yuzo-img-wrap \" style=\"width: 125px;height:90px;\">\n\t\t\t\t\t\t\t\t\t\t\n\t\t\t\t\t\t\t\t\t\t<div class=\"yuzo-img\" style=\"background:url('https:\/\/redept.org\/blogosfera\/wp-content\/plugins\/yuzo-related-post\/assets\/images\/default.png') 50% 50% no-repeat;width: 125px;height:90px;margin-bottom: 5px;background-size: cover; \"><\/div>\n\t\t\t\t\t\t\t\t\t  <\/div>\n\t\t\t\t\t\t\t\t\t  \n\t\t\t\t\t\t\t\t   <span class=\"yuzo__text--title\" style=\"font-size:13px;\">Frida Kahlo quebra recorde hist\u00f3rico: \u201cO Sonho\u201d \u00e9 ...<\/span>\n\t\t\t\t\t\t\t  \n\t\t\t\t\t\t\t  \n\t\t\t\t\t\t\t  <\/a>\n\n\t\t\t\t\t\t  <\/div>\n\t\t\t\t\t\t  <div class=\"relatedthumb \" style=\"width:125px;float:left;overflow:hidden;\">  \n\t\t\t\t\t\t\t  \n\t\t\t\t\t\t\t  <a  href=\"https:\/\/redept.com.br\/blogosfera\/afinal-de-contas-de-quem-e-a-bola\/\"  >\n\t\t\t\t\t\t\t\t\t  <div class=\"yuzo-img-wrap \" style=\"width: 125px;height:90px;\">\n\t\t\t\t\t\t\t\t\t\t\n\t\t\t\t\t\t\t\t\t\t<div class=\"yuzo-img\" style=\"background:url('https:\/\/redept.org\/blogosfera\/wp-content\/plugins\/yuzo-related-post\/assets\/images\/default.png') 50% 50% no-repeat;width: 125px;height:90px;margin-bottom: 5px;background-size: cover; \"><\/div>\n\t\t\t\t\t\t\t\t\t  <\/div>\n\t\t\t\t\t\t\t\t\t  \n\t\t\t\t\t\t\t\t   <span class=\"yuzo__text--title\" style=\"font-size:13px;\">Afinal de contas, de quem \u00e9 a bola?<\/span>\n\t\t\t\t\t\t\t  \n\t\t\t\t\t\t\t  \n\t\t\t\t\t\t\t  <\/a>\n\n\t\t\t\t\t\t  <\/div>\n\t\t\t\t\t\t  <div class=\"relatedthumb \" style=\"width:125px;float:left;overflow:hidden;\">  \n\t\t\t\t\t\t\t  \n\t\t\t\t\t\t\t  <a  href=\"https:\/\/redept.com.br\/blogosfera\/conselho-noruegues-da-paz-cancela-cerimonia-do-nobel-concedido-a-maria-corina-machado\/\"  >\n\t\t\t\t\t\t\t\t\t  <div class=\"yuzo-img-wrap \" style=\"width: 125px;height:90px;\">\n\t\t\t\t\t\t\t\t\t\t\n\t\t\t\t\t\t\t\t\t\t<div class=\"yuzo-img\" style=\"background:url('https:\/\/redept.com.br\/blogosfera\/wp-content\/uploads\/2025\/10\/image_processing20250110-4033574-vpmmmh-750x497-1-960x540-1-150x150.webp') 50% 50% no-repeat;width: 125px;height:90px;margin-bottom: 5px;background-size: cover; \"><\/div>\n\t\t\t\t\t\t\t\t\t  <\/div>\n\t\t\t\t\t\t\t\t\t  \n\t\t\t\t\t\t\t\t   <span class=\"yuzo__text--title\" style=\"font-size:13px;\">Conselho Noruegu\u00eas da Paz cancela cerim\u00f4nia do Nob...<\/span>\n\t\t\t\t\t\t\t  \n\t\t\t\t\t\t\t  \n\t\t\t\t\t\t\t  <\/a>\n\n\t\t\t\t\t\t  <\/div>\n\t\t\t\t\t\t  <div class=\"relatedthumb \" style=\"width:125px;float:left;overflow:hidden;\">  \n\t\t\t\t\t\t\t  \n\t\t\t\t\t\t\t  <a  href=\"https:\/\/redept.com.br\/blogosfera\/2-anos-de-reconstrucao-novo-pac-impulsionou-o-desenvolvimento-gerando-novos-empregos\/\"  >\n\t\t\t\t\t\t\t\t\t  <div class=\"yuzo-img-wrap \" style=\"width: 125px;height:90px;\">\n\t\t\t\t\t\t\t\t\t\t\n\t\t\t\t\t\t\t\t\t\t<div class=\"yuzo-img\" style=\"background:url('https:\/\/redept.org\/blogosfera\/wp-content\/plugins\/yuzo-related-post\/assets\/images\/default.png') 50% 50% no-repeat;width: 125px;height:90px;margin-bottom: 5px;background-size: cover; \"><\/div>\n\t\t\t\t\t\t\t\t\t  <\/div>\n\t\t\t\t\t\t\t\t\t  \n\t\t\t\t\t\t\t\t   <span class=\"yuzo__text--title\" style=\"font-size:13px;\">2 anos de reconstru\u00e7\u00e3o: Novo PAC impulsionou o des...<\/span>\n\t\t\t\t\t\t\t  \n\t\t\t\t\t\t\t  \n\t\t\t\t\t\t\t  <\/a>\n\n\t\t\t\t\t\t  <\/div>\n<\/div> <script>\n\t\t\t\t\t\t  jQuery(document).ready(function( $ ){\n\t\t\t\t\t\t\t\/\/jQuery('.yuzo_related_post').equalizer({ overflow : 'relatedthumb' });\n\t\t\t\t\t\t\tjQuery('.yuzo_related_post .yuzo_wraps').equalizer({ columns : '> div' });\n\t\t\t\t\t\t   })\n\t\t\t\t\t\t  <\/script> <!-- End Yuzo :) -->","protected":false},"excerpt":{"rendered":"<p>Em toda a Am\u00e9rica Latina, a pauta da criminalidade ocupa o mesmo n\u00edvel de relev\u00e2ncia. Para a soci\u00f3loga Mariana Chies Santos, a medida tem seu ponto fraco na quest\u00e3o do or\u00e7amento. Grande parte dos pa\u00edses da regi\u00e3o apresentam problemas econ\u00f4micos e o custo operacional anual de uma mega pris\u00e3o \u00e9 de $150 milh\u00f5es (cerca de [\u2026]<\/p>\n<p>O post <a href=\"https:\/\/operamundi.uol.com.br\/america-latina\/equador-mantem-modelo-insustentavel-de-encarceramento-em-massa-diz-sociologa\/\">Equador mant\u00e9m modelo insustent\u00e1vel de encarceramento em massa, diz soci\u00f3loga<\/a> apareceu primeiro em <a href=\"https:\/\/operamundi.uol.com.br\/\">Opera Mundi<\/a>.<\/p>\n","protected":false},"author":2,"featured_media":95861,"comment_status":"closed","ping_status":"closed","sticky":false,"template":"","format":"standard","meta":{"fifu_image_url":"","fifu_image_alt":"","footnotes":""},"categories":[347,1077,22099,655,75304,75305,3735,15058,70479,5053,75306,75307],"tags":[],"class_list":["post-95860","post","type-post","status-publish","format-standard","has-post-thumbnail","hentry","category-america-latina","category-el-salvador","category-encarceramento-em-massa","category-equador","category-karol-norona","category-mariana-chies-santos","category-militarizacao","category-noboa","category-populismo-penal","category-rafael-correa","category-rafael-villa","category-snai"],"_links":{"self":[{"href":"https:\/\/redept.com.br\/blogosfera\/wp-json\/wp\/v2\/posts\/95860","targetHints":{"allow":["GET"]}}],"collection":[{"href":"https:\/\/redept.com.br\/blogosfera\/wp-json\/wp\/v2\/posts"}],"about":[{"href":"https:\/\/redept.com.br\/blogosfera\/wp-json\/wp\/v2\/types\/post"}],"author":[{"embeddable":true,"href":"https:\/\/redept.com.br\/blogosfera\/wp-json\/wp\/v2\/users\/2"}],"replies":[{"embeddable":true,"href":"https:\/\/redept.com.br\/blogosfera\/wp-json\/wp\/v2\/comments?post=95860"}],"version-history":[{"count":0,"href":"https:\/\/redept.com.br\/blogosfera\/wp-json\/wp\/v2\/posts\/95860\/revisions"}],"wp:featuredmedia":[{"embeddable":true,"href":"https:\/\/redept.com.br\/blogosfera\/wp-json\/wp\/v2\/media\/95861"}],"wp:attachment":[{"href":"https:\/\/redept.com.br\/blogosfera\/wp-json\/wp\/v2\/media?parent=95860"}],"wp:term":[{"taxonomy":"category","embeddable":true,"href":"https:\/\/redept.com.br\/blogosfera\/wp-json\/wp\/v2\/categories?post=95860"},{"taxonomy":"post_tag","embeddable":true,"href":"https:\/\/redept.com.br\/blogosfera\/wp-json\/wp\/v2\/tags?post=95860"}],"curies":[{"name":"wp","href":"https:\/\/api.w.org\/{rel}","templated":true}]}}