{"id":95986,"date":"2026-07-17T18:18:49","date_gmt":"2026-07-17T21:18:49","guid":{"rendered":"https:\/\/redept.com.br\/blogosfera\/faca-o-que-tiver-que-ser-feito-nao-tenha-medo-nao-se-assuste-voce-e-a-chance-de-deus-a-esse-povo-diz-lula-a-couto-video\/"},"modified":"2026-07-17T18:18:49","modified_gmt":"2026-07-17T21:18:49","slug":"faca-o-que-tiver-que-ser-feito-nao-tenha-medo-nao-se-assuste-voce-e-a-chance-de-deus-a-esse-povo-diz-lula-a-couto-video","status":"publish","type":"post","link":"https:\/\/redept.com.br\/blogosfera\/faca-o-que-tiver-que-ser-feito-nao-tenha-medo-nao-se-assuste-voce-e-a-chance-de-deus-a-esse-povo-diz-lula-a-couto-video\/","title":{"rendered":"\u201cFa\u00e7a o que tiver que ser feito, n\u00e3o tenha medo, n\u00e3o se assuste; voc\u00ea \u00e9 a chance de Deus a esse povo\u201d, diz Lula a Couto (V\u00cdDEO)"},"content":{"rendered":"<p><img width=\"150\" height=\"105\"src=\"https:\/\/i0.wp.com\/urbsmagna.com\/wp-content\/uploads\/2026\/07\/LULA-AND-COUTO.webp?w=2400&amp;ssl=1\" alt=\"Presidente Lula conversa com o governador interino do Estado do Rio de Janeiro, Ricardo Couto, durante visita \u00e0 Carreta da Sa\u00fade da Mulher, na Escola Nacional de Sa\u00fade P\u00fablica (ENSP\/Fiocruz), no campus de Manguinhos, na Zona Norte do Rio de Janeiro |\u2022| Foto: Imagem reprodu\u00e7\u00e3o \/ Lula\/YouTube |\u2022| ARTE URBS MAGNA\" decoding=\"async\" srcset=\"https:\/\/i0.wp.com\/urbsmagna.com\/wp-content\/uploads\/2026\/07\/LULA-AND-COUTO.webp?w=2400&amp;ssl=1 2400w, https:\/\/i0.wp.com\/urbsmagna.com\/wp-content\/uploads\/2026\/07\/LULA-AND-COUTO.webp?resize=300%2C210&amp;ssl=1 300w, https:\/\/i0.wp.com\/urbsmagna.com\/wp-content\/uploads\/2026\/07\/LULA-AND-COUTO.webp?resize=1024%2C717&amp;ssl=1 1024w, https:\/\/i0.wp.com\/urbsmagna.com\/wp-content\/uploads\/2026\/07\/LULA-AND-COUTO.webp?resize=150%2C105&amp;ssl=1 150w, https:\/\/i0.wp.com\/urbsmagna.com\/wp-content\/uploads\/2026\/07\/LULA-AND-COUTO.webp?resize=768%2C538&amp;ssl=1 768w, https:\/\/i0.wp.com\/urbsmagna.com\/wp-content\/uploads\/2026\/07\/LULA-AND-COUTO.webp?resize=1536%2C1075&amp;ssl=1 1536w, https:\/\/i0.wp.com\/urbsmagna.com\/wp-content\/uploads\/2026\/07\/LULA-AND-COUTO.webp?resize=2048%2C1434&amp;ssl=1 2048w, https:\/\/i0.wp.com\/urbsmagna.com\/wp-content\/uploads\/2026\/07\/LULA-AND-COUTO.webp?resize=1320%2C924&amp;ssl=1 1320w\" sizes=\"(max-width: 150px) 100vw, 150px\" data-attachment-id=\"317196\" data-permalink=\"https:\/\/urbsmagna.com\/lula-governador-rio-ricardo-couto-crime-organizado\/lula-and-couto\/\" data-orig-file=\"https:\/\/i0.wp.com\/urbsmagna.com\/wp-content\/uploads\/2026\/07\/LULA-AND-COUTO.webp?fit=2400%2C1680&amp;ssl=1\" data-orig-size=\"2400,1680\" data-comments-opened=\"1\" data-image-meta='{\"aperture\":\"0\",\"credit\":\"\",\"camera\":\"\",\"caption\":\"\",\"created_timestamp\":\"0\",\"copyright\":\"\",\"focal_length\":\"0\",\"iso\":\"0\",\"shutter_speed\":\"0\",\"title\":\"\",\"orientation\":\"0\",\"alt\":\"\"}' data-image-title=\"Presidente Lula conversa com o governador interino do Estado do Rio de Janeiro, Ricardo Couto, durante visita \u00e0 Carreta da Sa\u00fade da Mulher, na Escola Nacional de Sa\u00fade P\u00fablica (ENSP\/Fiocruz), no campus de Manguinhos, na Zona Norte do Rio de Janeiro |\u2022| Foto: Imagem reprodu\u00e7\u00e3o \/ Lula\/YouTube |\u2022| ARTE URBS MAGNA\" data-image-description=\"&lt;p&gt;Presidente Lula conversa com o governador interino do Estado do Rio de Janeiro, Ricardo Couto, durante visita \u00e0 Carreta da Sa\u00fade da Mulher, na Escola Nacional de Sa\u00fade P\u00fablica (ENSP\/Fiocruz), no campus de Manguinhos, na Zona Norte do Rio de Janeiro |\u2022| Foto: Imagem reprodu\u00e7\u00e3o \/ Lula\/YouTube |\u2022| ARTE URBS MAGNA&lt;\/p&gt;\n\" data-image-caption=\"&lt;p&gt;Presidente Lula conversa com o governador interino do Estado do Rio de Janeiro, Ricardo Couto, durante visita \u00e0 Carreta da Sa\u00fade da Mulher, na Escola Nacional de Sa\u00fade P\u00fablica (ENSP\/Fiocruz), no campus de Manguinhos, na Zona Norte do Rio de Janeiro |\u2022| Foto: Imagem reprodu\u00e7\u00e3o \/ Lula\/YouTube |\u2022| ARTE URBS MAGNA&lt;\/p&gt;\n\" data-large-file=\"https:\/\/i0.wp.com\/urbsmagna.com\/wp-content\/uploads\/2026\/07\/LULA-AND-COUTO.webp?fit=1024%2C717&amp;ssl=1\">\u00a0&#8220;N\u00e3o \u00e9 poss\u00edvel esse estado, essa cidade, que s\u00e3o s\u00edmbolo desse pa\u00eds no mundo, ser dominado por gente que n\u00e3o presta&#8221;, afirmou o Presidente ao governador interino do Estado do RJ &#8211; ASSISTA E SAIBA MAIS<\/p>\n<p>O post \u201cFa\u00e7a o que tiver que ser feito, n\u00e3o tenha medo, n\u00e3o se assuste; voc\u00ea \u00e9 a chance de Deus a esse povo\u201d, diz Lula a Couto (V\u00cdDEO) apareceu primeiro em Urbs Magna.<\/p>\n<!-- Begin Yuzo --><div class='yuzo_related_post style-1'  data-version='5.12.89'><!-- without result --><div class='yuzo_clearfixed yuzo__title yuzo__title'><h3>Related Post<\/h3><\/div>\n\t\t\t\t\t\t  <div class=\"relatedthumb \" style=\"width:125px;float:left;overflow:hidden;\">  \n\t\t\t\t\t\t\t  \n\t\t\t\t\t\t\t  <a  href=\"https:\/\/redept.com.br\/blogosfera\/crise-na-fifa-poe-mulheres-a-frente-da-oposicao-a-infantino\/\"  >\n\t\t\t\t\t\t\t\t\t  <div class=\"yuzo-img-wrap \" style=\"width: 125px;height:90px;\">\n\t\t\t\t\t\t\t\t\t\t\n\t\t\t\t\t\t\t\t\t\t<div class=\"yuzo-img\" style=\"background:url('https:\/\/redept.com.br\/blogosfera\/wp-content\/uploads\/2026\/08\/Captura-de-tela-2026-08-06-175230-150x150.png') 50% 50% no-repeat;width: 125px;height:90px;margin-bottom: 5px;background-size: cover; \"><\/div>\n\t\t\t\t\t\t\t\t\t  <\/div>\n\t\t\t\t\t\t\t\t\t  \n\t\t\t\t\t\t\t\t   <span class=\"yuzo__text--title\" style=\"font-size:13px;\">Crise na Fifa p\u00f5e mulheres \u00e0 frente da oposi\u00e7\u00e3o a ...<\/span>\n\t\t\t\t\t\t\t  \n\t\t\t\t\t\t\t  \n\t\t\t\t\t\t\t  <\/a>\n\n\t\t\t\t\t\t  <\/div>\n\t\t\t\t\t\t  <div class=\"relatedthumb \" style=\"width:125px;float:left;overflow:hidden;\">  \n\t\t\t\t\t\t\t  \n\t\t\t\t\t\t\t  <a  href=\"https:\/\/redept.com.br\/blogosfera\/sus-passa-a-oferecer-tratamento-inovador-de-atrofia-muscular-espinhal\/\"  >\n\t\t\t\t\t\t\t\t\t  <div class=\"yuzo-img-wrap \" style=\"width: 125px;height:90px;\">\n\t\t\t\t\t\t\t\t\t\t\n\t\t\t\t\t\t\t\t\t\t<div class=\"yuzo-img\" style=\"background:url('https:\/\/redept.org\/blogosfera\/wp-content\/plugins\/yuzo-related-post\/assets\/images\/default.png') 50% 50% no-repeat;width: 125px;height:90px;margin-bottom: 5px;background-size: cover; \"><\/div>\n\t\t\t\t\t\t\t\t\t  <\/div>\n\t\t\t\t\t\t\t\t\t  \n\t\t\t\t\t\t\t\t   <span class=\"yuzo__text--title\" style=\"font-size:13px;\">SUS passa a oferecer tratamento inovador de atrofi...<\/span>\n\t\t\t\t\t\t\t  \n\t\t\t\t\t\t\t  \n\t\t\t\t\t\t\t  <\/a>\n\n\t\t\t\t\t\t  <\/div>\n\t\t\t\t\t\t  <div class=\"relatedthumb \" style=\"width:125px;float:left;overflow:hidden;\">  \n\t\t\t\t\t\t\t  \n\t\t\t\t\t\t\t  <a  href=\"https:\/\/redept.com.br\/blogosfera\/after-occupying-land-for-decades-thousands-of-brazilian-families-have-the-chance-to-put-down-roots\/\"  >\n\t\t\t\t\t\t\t\t\t  <div class=\"yuzo-img-wrap \" style=\"width: 125px;height:90px;\">\n\t\t\t\t\t\t\t\t\t\t\n\t\t\t\t\t\t\t\t\t\t<div class=\"yuzo-img\" style=\"background:url('https:\/\/redept.com.br\/blogosfera\/wp-content\/uploads\/2026\/03\/image-1-11-150x150.jpg') 50% 50% no-repeat;width: 125px;height:90px;margin-bottom: 5px;background-size: cover; \"><\/div>\n\t\t\t\t\t\t\t\t\t  <\/div>\n\t\t\t\t\t\t\t\t\t  \n\t\t\t\t\t\t\t\t   <span class=\"yuzo__text--title\" style=\"font-size:13px;\">After occupying land for decades, thousands of Bra...<\/span>\n\t\t\t\t\t\t\t  \n\t\t\t\t\t\t\t  \n\t\t\t\t\t\t\t  <\/a>\n\n\t\t\t\t\t\t  <\/div>\n\t\t\t\t\t\t  <div class=\"relatedthumb \" style=\"width:125px;float:left;overflow:hidden;\">  \n\t\t\t\t\t\t\t  \n\t\t\t\t\t\t\t  <a  href=\"https:\/\/redept.com.br\/blogosfera\/pt-retoma-discussao-da-reforma-politica-com-promessa-de-colocar-pauta-no-centro-dos-debates-a-partir-de-2027\/\"  >\n\t\t\t\t\t\t\t\t\t  <div class=\"yuzo-img-wrap \" style=\"width: 125px;height:90px;\">\n\t\t\t\t\t\t\t\t\t\t\n\t\t\t\t\t\t\t\t\t\t<div class=\"yuzo-img\" style=\"background:url('https:\/\/redept.org\/blogosfera\/wp-content\/plugins\/yuzo-related-post\/assets\/images\/default.png') 50% 50% no-repeat;width: 125px;height:90px;margin-bottom: 5px;background-size: cover; \"><\/div>\n\t\t\t\t\t\t\t\t\t  <\/div>\n\t\t\t\t\t\t\t\t\t  \n\t\t\t\t\t\t\t\t   <span class=\"yuzo__text--title\" style=\"font-size:13px;\">PT retoma discuss\u00e3o da reforma pol\u00edtica com promes...<\/span>\n\t\t\t\t\t\t\t  \n\t\t\t\t\t\t\t  \n\t\t\t\t\t\t\t  <\/a>\n\n\t\t\t\t\t\t  <\/div>\n<\/div> <script>\n\t\t\t\t\t\t  jQuery(document).ready(function( $ ){\n\t\t\t\t\t\t\t\/\/jQuery('.yuzo_related_post').equalizer({ overflow : 'relatedthumb' });\n\t\t\t\t\t\t\tjQuery('.yuzo_related_post .yuzo_wraps').equalizer({ columns : '> div' });\n\t\t\t\t\t\t   })\n\t\t\t\t\t\t  <\/script> <!-- End Yuzo :) -->","protected":false},"excerpt":{"rendered":"<p><img decoding=\"async\" width=\"150\" height=\"105\" src=\"https:\/\/i0.wp.com\/urbsmagna.com\/wp-content\/uploads\/2026\/07\/LULA-AND-COUTO.webp?fit=150%2C105&amp;ssl=1\" alt=\"Presidente Lula conversa com o governador interino do Estado do Rio de Janeiro, Ricardo Couto, durante visita \u00e0 Carreta da Sa\u00fade da Mulher, na Escola Nacional de Sa\u00fade P\u00fablica (ENSP\/Fiocruz), no campus de Manguinhos, na Zona Norte do Rio de Janeiro |\u2022| Foto: Imagem reprodu\u00e7\u00e3o \/ Lula\/YouTube |\u2022| ARTE URBS MAGNA\" data-attachment-id=\"317196\" data-permalink=\"https:\/\/urbsmagna.com\/lula-governador-rio-ricardo-couto-crime-organizado\/lula-and-couto\/\" data-orig-file=\"https:\/\/i0.wp.com\/urbsmagna.com\/wp-content\/uploads\/2026\/07\/LULA-AND-COUTO.webp?fit=2400%2C1680&amp;ssl=1\" data-orig-size=\"2400,1680\" data-comments-opened=\"1\" data-image-meta=\"{&quot;aperture&quot;:&quot;0&quot;,&quot;credit&quot;:&quot;&quot;,&quot;camera&quot;:&quot;&quot;,&quot;caption&quot;:&quot;&quot;,&quot;created_timestamp&quot;:&quot;0&quot;,&quot;copyright&quot;:&quot;&quot;,&quot;focal_length&quot;:&quot;0&quot;,&quot;iso&quot;:&quot;0&quot;,&quot;shutter_speed&quot;:&quot;0&quot;,&quot;title&quot;:&quot;&quot;,&quot;orientation&quot;:&quot;0&quot;,&quot;alt&quot;:&quot;&quot;}\" data-image-title=\"Presidente Lula conversa com o governador interino do Estado do Rio de Janeiro, Ricardo Couto, durante visita \u00e0 Carreta da Sa\u00fade da Mulher, na Escola Nacional de Sa\u00fade P\u00fablica (ENSP\/Fiocruz), no campus de Manguinhos, na Zona Norte do Rio de Janeiro |\u2022| Foto: Imagem reprodu\u00e7\u00e3o \/ Lula\/YouTube |\u2022| ARTE URBS MAGNA\" data-image-description=\"&lt;p&gt;Presidente Lula conversa com o governador interino do Estado do Rio de Janeiro, Ricardo Couto, durante visita \u00e0 Carreta da Sa\u00fade da Mulher, na Escola Nacional de Sa\u00fade P\u00fablica (ENSP\/Fiocruz), no campus de Manguinhos, na Zona Norte do Rio de Janeiro |\u2022| Foto: Imagem reprodu\u00e7\u00e3o \/ Lula\/YouTube |\u2022| ARTE URBS MAGNA&lt;\/p&gt;\n\" data-image-caption=\"&lt;p&gt;Presidente Lula conversa com o governador interino do Estado do Rio de Janeiro, Ricardo Couto, durante visita \u00e0 Carreta da Sa\u00fade da Mulher, na Escola Nacional de Sa\u00fade P\u00fablica (ENSP\/Fiocruz), no campus de Manguinhos, na Zona Norte do Rio de Janeiro |\u2022| Foto: Imagem reprodu\u00e7\u00e3o \/ Lula\/YouTube |\u2022| ARTE URBS MAGNA&lt;\/p&gt;\n\" data-large-file=\"https:\/\/i0.wp.com\/urbsmagna.com\/wp-content\/uploads\/2026\/07\/LULA-AND-COUTO.webp?fit=1024%2C717&amp;ssl=1\">\u00a0&#8220;N\u00e3o \u00e9 poss\u00edvel esse estado, essa cidade, que s\u00e3o s\u00edmbolo desse pa\u00eds no mundo, ser dominado por gente que n\u00e3o presta&#8221;, afirmou o Presidente ao governador interino do Estado do RJ &#8211; ASSISTA E SAIBA MAIS<\/p>\n<p>O post <a href=\"https:\/\/urbsmagna.com\/lula-governador-rio-ricardo-couto-crime-organizado\/\">\u201cFa\u00e7a o que tiver que ser feito, n\u00e3o tenha medo, n\u00e3o se assuste; voc\u00ea \u00e9 a chance de Deus a esse povo\u201d, diz Lula a Couto (V\u00cdDEO)<\/a> apareceu primeiro em <a href=\"https:\/\/urbsmagna.com\/\">Urbs Magna<\/a>.<\/p>\n","protected":false},"author":2,"featured_media":0,"comment_status":"open","ping_status":"closed","sticky":false,"template":"","format":"standard","meta":{"fifu_image_url":"","fifu_image_alt":"","footnotes":""},"categories":[75415,74645,307,75416,1819,11042,59584,17,112,1876,191,4000,132,5471,7173],"tags":[],"class_list":["post-95986","post","type-post","status-publish","format-standard","hentry","category-ataque-ira-escola","category-bloqueio-cuba","category-direitos-humanos","category-extrema-direita-transnacional","category-fascismo","category-genocidio-gaza","category-geopolitica-internacional","category-governo-lula","category-lula","category-miguel-diaz-canel","category-noticias","category-operacao-condor","category-politica","category-politica-nacional","category-ultradireita"],"_links":{"self":[{"href":"https:\/\/redept.com.br\/blogosfera\/wp-json\/wp\/v2\/posts\/95986","targetHints":{"allow":["GET"]}}],"collection":[{"href":"https:\/\/redept.com.br\/blogosfera\/wp-json\/wp\/v2\/posts"}],"about":[{"href":"https:\/\/redept.com.br\/blogosfera\/wp-json\/wp\/v2\/types\/post"}],"author":[{"embeddable":true,"href":"https:\/\/redept.com.br\/blogosfera\/wp-json\/wp\/v2\/users\/2"}],"replies":[{"embeddable":true,"href":"https:\/\/redept.com.br\/blogosfera\/wp-json\/wp\/v2\/comments?post=95986"}],"version-history":[{"count":0,"href":"https:\/\/redept.com.br\/blogosfera\/wp-json\/wp\/v2\/posts\/95986\/revisions"}],"wp:attachment":[{"href":"https:\/\/redept.com.br\/blogosfera\/wp-json\/wp\/v2\/media?parent=95986"}],"wp:term":[{"taxonomy":"category","embeddable":true,"href":"https:\/\/redept.com.br\/blogosfera\/wp-json\/wp\/v2\/categories?post=95986"},{"taxonomy":"post_tag","embeddable":true,"href":"https:\/\/redept.com.br\/blogosfera\/wp-json\/wp\/v2\/tags?post=95986"}],"curies":[{"name":"wp","href":"https:\/\/api.w.org\/{rel}","templated":true}]}}