{"id":95987,"date":"2026-07-17T18:10:14","date_gmt":"2026-07-17T21:10:14","guid":{"rendered":"https:\/\/redept.com.br\/blogosfera\/reducao-da-jornada-de-trabalho-eleva-produtividade-diz-nobel-de-economia\/"},"modified":"2026-07-17T18:10:14","modified_gmt":"2026-07-17T21:10:14","slug":"reducao-da-jornada-de-trabalho-eleva-produtividade-diz-nobel-de-economia","status":"publish","type":"post","link":"https:\/\/redept.com.br\/blogosfera\/reducao-da-jornada-de-trabalho-eleva-produtividade-diz-nobel-de-economia\/","title":{"rendered":"Redu\u00e7\u00e3o da jornada de trabalho eleva produtividade, diz Nobel de Economia"},"content":{"rendered":"<p><img loading=\"lazy\" width=\"818\" height=\"419\"src=\"https:\/\/redept.com.br\/blogosfera\/wp-content\/uploads\/2026\/07\/Christopher-Pissarides.jpg\" alt=\"\" decoding=\"async\" loading=\"lazy\" srcset=\"https:\/\/redept.com.br\/blogosfera\/wp-content\/uploads\/2026\/07\/Christopher-Pissarides.jpg 818w, https:\/\/vermelho.org.br\/wp-content\/uploads\/2026\/07\/Christopher-Pissarides-300x154.jpg 300w, https:\/\/vermelho.org.br\/wp-content\/uploads\/2026\/07\/Christopher-Pissarides-768x393.jpg 768w\" sizes=\"auto, (max-width: 818px) 100vw, 818px\"><\/p>\n<p>O economista Christopher Pissarides avalia como prov\u00e1vel o aumento da produtividade no Brasil em raz\u00e3o da redu\u00e7\u00e3o da jornada de trabalho de 44 para 40 horas semanais e o fim da escala 6\u00d71 (seis dias de trabalho com apenas um de descanso).<\/p>\n<p>No Brasil, o vencedor do Pr\u00eamio Nobel de Economia de 2010 citou o caso da Fran\u00e7a, onde a jornada de trabalho foi reduzida para 35 horas semanais.<\/p>\n<p>\u201cNa verdade, n\u00e3o \u00e9 incomum que a produtividade por hora aumente quando voc\u00ea reduz as horas [de trabalho]. Penso que essa foi a experi\u00eancia na Fran\u00e7a. Diria que, mais do que poss\u00edvel, \u00e9 prov\u00e1vel que a produtividade aumente se voc\u00ea souber que tem menos horas para trabalhar\u201d, disse o economista em entrevista \u00e0<em> Folha de S.Paulo<\/em>.<\/p>\n<p><strong>Leia tamb\u00e9m:<\/strong> <a href=\"https:\/\/vermelho.org.br\/coluna\/reducao-da-jornada-e-eleicoes-pautam-agenda-sindical-do-semestre\/\">Redu\u00e7\u00e3o da jornada e elei\u00e7\u00f5es pautam agenda sindical do semestre<\/a><\/p>\n<p>Para ele, a Fran\u00e7a \u00e9 um dos melhores exemplos. \u201cInicialmente houve hostilidade, ou cr\u00edticas, \u00e0 pol\u00edtica francesa de redu\u00e7\u00e3o de horas. Mas se percebeu que [a medida] poderia ser acomodada no mercado de trabalho muito mais facilmente do que as pessoas esperavam\u201d, observa.<\/p>\n<p>Questionado sobre as cr\u00edticas relacionadas ao aumento da infla\u00e7\u00e3o e comprometimento com o crescimento do PIB, Pissarides diz n\u00e3o acreditar nessas hip\u00f3teses caso se reduza a jornada.<\/p>\n<p>\u201cRealmente n\u00e3o acredito que geraria infla\u00e7\u00e3o. Pode gerar algum realinhamento de pre\u00e7os, mas n\u00e3o seria significativo. J\u00e1 ouvi o argumento da infla\u00e7\u00e3o antes. Nunca acreditei realmente. Infla\u00e7\u00e3o \u00e9 uma quest\u00e3o diferente. \u00c9 uma quest\u00e3o para o banco central gerenciar com sua pol\u00edtica monet\u00e1ria\u201d, argumenta.<\/p>\n<p>Segundo ele, a infla\u00e7\u00e3o depende do custo de mat\u00e9rias-primas como petr\u00f3leo, por exemplo, cujo pre\u00e7o internacional pode subir por causa do que est\u00e1 acontecendo no Oriente M\u00e9dio.<\/p>\n<p>\u201cEsse tipo de coisa vai causar infla\u00e7\u00e3o. Mas reduzir horas de trabalho em um pa\u00eds n\u00e3o acho que v\u00e1 gerar infla\u00e7\u00e3o. O banco central deveria ser capaz de gerenciar os pre\u00e7os nessa situa\u00e7\u00e3o\u201d, acrescenta.<\/p>\n<p><strong>Brasil<\/strong><\/p>\n<p>O economista diz que est\u00e1 ciente e acompanha o desenrolar dos debates no Brasil. \u201cComo voc\u00ea divide essas horas \u00e9 uma quest\u00e3o de escolhas sociais, \u00e9 uma quest\u00e3o de pol\u00edtica. Estou ciente das controv\u00e9rsias no Brasil\u201d, diz.<\/p>\n<p>Para ele, esse n\u00e3o \u00e9 um tema pelo qual pode se dizer que \u00e9 bom ou ruim, pois depende de outras condi\u00e7\u00f5es. Todavia, ele prop\u00f5e um olhar na hist\u00f3ria.<\/p>\n<p>\u201cN\u00e3o h\u00e1 d\u00favida de que, historicamente, as horas de trabalho t\u00eam ca\u00eddo. H\u00e1 20 anos costum\u00e1vamos trabalhar mais horas durante o ano. H\u00e1 50 anos, muito mais\u201d, lembra.<\/p>\n<p>O post <a href=\"https:\/\/vermelho.org.br\/2026\/07\/17\/reducao-da-jornada-de-trabalho-eleva-produtividade-diz-nobel-de-economia\/\">Redu\u00e7\u00e3o da jornada de trabalho eleva produtividade, diz Nobel de Economia<\/a> apareceu primeiro em <a href=\"https:\/\/vermelho.org.br\/\">Vermelho<\/a>.<\/p>\n<!-- Begin Yuzo --><div class='yuzo_related_post style-1'  data-version='5.12.89'><!-- without result --><div class='yuzo_clearfixed yuzo__title yuzo__title'><h3>Related Post<\/h3><\/div>\n\t\t\t\t\t\t  <div class=\"relatedthumb \" style=\"width:125px;float:left;overflow:hidden;\">  \n\t\t\t\t\t\t\t  \n\t\t\t\t\t\t\t  <a  href=\"https:\/\/redept.com.br\/blogosfera\/governo-acelera-plano-nacional-para-tarifa-zero\/\"  >\n\t\t\t\t\t\t\t\t\t  <div class=\"yuzo-img-wrap \" style=\"width: 125px;height:90px;\">\n\t\t\t\t\t\t\t\t\t\t\n\t\t\t\t\t\t\t\t\t\t<div class=\"yuzo-img\" style=\"background:url('https:\/\/redept.com.br\/blogosfera\/wp-content\/uploads\/2025\/10\/tarifa-zero-150x150.webp') 50% 50% no-repeat;width: 125px;height:90px;margin-bottom: 5px;background-size: cover; \"><\/div>\n\t\t\t\t\t\t\t\t\t  <\/div>\n\t\t\t\t\t\t\t\t\t  \n\t\t\t\t\t\t\t\t   <span class=\"yuzo__text--title\" style=\"font-size:13px;\">Governo acelera plano nacional para Tarifa Zero<\/span>\n\t\t\t\t\t\t\t  \n\t\t\t\t\t\t\t  \n\t\t\t\t\t\t\t  <\/a>\n\n\t\t\t\t\t\t  <\/div>\n\t\t\t\t\t\t  <div class=\"relatedthumb \" style=\"width:125px;float:left;overflow:hidden;\">  \n\t\t\t\t\t\t\t  \n\t\t\t\t\t\t\t  <a  href=\"https:\/\/redept.com.br\/blogosfera\/e-possivel-reformar-a-esquerda\/\"  >\n\t\t\t\t\t\t\t\t\t  <div class=\"yuzo-img-wrap \" style=\"width: 125px;height:90px;\">\n\t\t\t\t\t\t\t\t\t\t\n\t\t\t\t\t\t\t\t\t\t<div class=\"yuzo-img\" style=\"background:url('https:\/\/redept.com.br\/blogosfera\/wp-content\/uploads\/2026\/04\/unnamed-3-150x150.jpg') 50% 50% no-repeat;width: 125px;height:90px;margin-bottom: 5px;background-size: cover; \"><\/div>\n\t\t\t\t\t\t\t\t\t  <\/div>\n\t\t\t\t\t\t\t\t\t  \n\t\t\t\t\t\t\t\t   <span class=\"yuzo__text--title\" style=\"font-size:13px;\">\u00c9 poss\u00edvel reformar a esquerda?<\/span>\n\t\t\t\t\t\t\t  \n\t\t\t\t\t\t\t  \n\t\t\t\t\t\t\t  <\/a>\n\n\t\t\t\t\t\t  <\/div>\n\t\t\t\t\t\t  <div class=\"relatedthumb \" style=\"width:125px;float:left;overflow:hidden;\">  \n\t\t\t\t\t\t\t  \n\t\t\t\t\t\t\t  <a  href=\"https:\/\/redept.com.br\/blogosfera\/aviao-com-67-pessoas-cai-no-cazaquistao-ha-32-sobreviventes\/\"  >\n\t\t\t\t\t\t\t\t\t  <div class=\"yuzo-img-wrap \" style=\"width: 125px;height:90px;\">\n\t\t\t\t\t\t\t\t\t\t\n\t\t\t\t\t\t\t\t\t\t<div class=\"yuzo-img\" style=\"background:url('https:\/\/redept.org\/blogosfera\/wp-content\/plugins\/yuzo-related-post\/assets\/images\/default.png') 50% 50% no-repeat;width: 125px;height:90px;margin-bottom: 5px;background-size: cover; \"><\/div>\n\t\t\t\t\t\t\t\t\t  <\/div>\n\t\t\t\t\t\t\t\t\t  \n\t\t\t\t\t\t\t\t   <span class=\"yuzo__text--title\" style=\"font-size:13px;\">Avi\u00e3o com 67 pessoas cai no Cazaquist\u00e3o; h\u00e1 32 sob...<\/span>\n\t\t\t\t\t\t\t  \n\t\t\t\t\t\t\t  \n\t\t\t\t\t\t\t  <\/a>\n\n\t\t\t\t\t\t  <\/div>\n\t\t\t\t\t\t  <div class=\"relatedthumb \" style=\"width:125px;float:left;overflow:hidden;\">  \n\t\t\t\t\t\t\t  \n\t\t\t\t\t\t\t  <a  href=\"https:\/\/redept.com.br\/blogosfera\/premie-do-haiti-conhece-melhor-washington-do-que-o-proprio-pais-afirma-correspondente-do-bdf\/\"  >\n\t\t\t\t\t\t\t\t\t  <div class=\"yuzo-img-wrap \" style=\"width: 125px;height:90px;\">\n\t\t\t\t\t\t\t\t\t\t\n\t\t\t\t\t\t\t\t\t\t<div class=\"yuzo-img\" style=\"background:url('https:\/\/redept.org\/blogosfera\/wp-content\/plugins\/yuzo-related-post\/assets\/images\/default.png') 50% 50% no-repeat;width: 125px;height:90px;margin-bottom: 5px;background-size: cover; \"><\/div>\n\t\t\t\t\t\t\t\t\t  <\/div>\n\t\t\t\t\t\t\t\t\t  \n\t\t\t\t\t\t\t\t   <span class=\"yuzo__text--title\" style=\"font-size:13px;\">Premi\u00ea do Haiti conhece \u2018melhor Washington do que ...<\/span>\n\t\t\t\t\t\t\t  \n\t\t\t\t\t\t\t  \n\t\t\t\t\t\t\t  <\/a>\n\n\t\t\t\t\t\t  <\/div>\n<\/div> <script>\n\t\t\t\t\t\t  jQuery(document).ready(function( $ ){\n\t\t\t\t\t\t\t\/\/jQuery('.yuzo_related_post').equalizer({ overflow : 'relatedthumb' });\n\t\t\t\t\t\t\tjQuery('.yuzo_related_post .yuzo_wraps').equalizer({ columns : '> div' });\n\t\t\t\t\t\t   })\n\t\t\t\t\t\t  <\/script> <!-- End Yuzo :) -->","protected":false},"excerpt":{"rendered":"<p>O economista Christopher Pissarides avalia como prov\u00e1vel o aumento da produtividade no Brasil em raz\u00e3o da redu\u00e7\u00e3o da jornada de trabalho de 44 para 40 horas semanais e o fim da escala 6\u00d71 (seis dias de trabalho com apenas um de descanso). No Brasil, o vencedor do Pr\u00eamio Nobel de Economia de 2010 citou o [&hellip;]<\/p>\n","protected":false},"author":2,"featured_media":0,"comment_status":"open","ping_status":"closed","sticky":false,"template":"","format":"standard","meta":{"fifu_image_url":"","fifu_image_alt":"","footnotes":""},"categories":[75491,221,75504,23524,2482],"tags":[],"class_list":["post-95987","post","type-post","status-publish","format-standard","hentry","category-christopher-pissarides","category-economia","category-nobel-de-economia-2010","category-produtividade","category-reducao-da-jornada"],"_links":{"self":[{"href":"https:\/\/redept.com.br\/blogosfera\/wp-json\/wp\/v2\/posts\/95987","targetHints":{"allow":["GET"]}}],"collection":[{"href":"https:\/\/redept.com.br\/blogosfera\/wp-json\/wp\/v2\/posts"}],"about":[{"href":"https:\/\/redept.com.br\/blogosfera\/wp-json\/wp\/v2\/types\/post"}],"author":[{"embeddable":true,"href":"https:\/\/redept.com.br\/blogosfera\/wp-json\/wp\/v2\/users\/2"}],"replies":[{"embeddable":true,"href":"https:\/\/redept.com.br\/blogosfera\/wp-json\/wp\/v2\/comments?post=95987"}],"version-history":[{"count":0,"href":"https:\/\/redept.com.br\/blogosfera\/wp-json\/wp\/v2\/posts\/95987\/revisions"}],"wp:attachment":[{"href":"https:\/\/redept.com.br\/blogosfera\/wp-json\/wp\/v2\/media?parent=95987"}],"wp:term":[{"taxonomy":"category","embeddable":true,"href":"https:\/\/redept.com.br\/blogosfera\/wp-json\/wp\/v2\/categories?post=95987"},{"taxonomy":"post_tag","embeddable":true,"href":"https:\/\/redept.com.br\/blogosfera\/wp-json\/wp\/v2\/tags?post=95987"}],"curies":[{"name":"wp","href":"https:\/\/api.w.org\/{rel}","templated":true}]}}