{"id":96062,"date":"2026-07-18T13:05:19","date_gmt":"2026-07-18T16:05:19","guid":{"rendered":"https:\/\/redept.com.br\/blogosfera\/ministro-afirma-que-flavio-bolsonaro-prejudicou-negociacoes-entre-brasil-e-eua-sobre-tarifaco\/"},"modified":"2026-07-18T13:05:19","modified_gmt":"2026-07-18T16:05:19","slug":"ministro-afirma-que-flavio-bolsonaro-prejudicou-negociacoes-entre-brasil-e-eua-sobre-tarifaco","status":"publish","type":"post","link":"https:\/\/redept.com.br\/blogosfera\/ministro-afirma-que-flavio-bolsonaro-prejudicou-negociacoes-entre-brasil-e-eua-sobre-tarifaco\/","title":{"rendered":"Ministro afirma que Fl\u00e1vio Bolsonaro prejudicou negocia\u00e7\u00f5es entre Brasil e EUA sobre tarifa\u00e7o"},"content":{"rendered":"<p>M\u00e1rcio Elias Rosa, titular da Ind\u00fastria, garantiu que o Brasil seguir\u00e1 na mesa de negocia\u00e7\u00f5es com a Casa Branca<\/p>\n<p><a href=\"https:\/\/www.brasildefato.com.br\/2026\/07\/18\/ministro-afirma-que-flavio-bolsonaro-prejudicou-negociacoes-entre-brasil-e-eua-sobre-tarifaco\/\" rel=\"nofollow\">Fonte<\/a><\/p>\n<!-- Begin Yuzo --><div class='yuzo_related_post style-1'  data-version='5.12.89'><!-- without result --><div class='yuzo_clearfixed yuzo__title yuzo__title'><h3>Related Post<\/h3><\/div>\n\t\t\t\t\t\t  <div class=\"relatedthumb \" style=\"width:125px;float:left;overflow:hidden;\">  \n\t\t\t\t\t\t\t  \n\t\t\t\t\t\t\t  <a  href=\"https:\/\/redept.com.br\/blogosfera\/anvisa-obriga-retencao-de-receita-para-venda-de-canetas-como-ozempic\/\"  >\n\t\t\t\t\t\t\t\t\t  <div class=\"yuzo-img-wrap \" style=\"width: 125px;height:90px;\">\n\t\t\t\t\t\t\t\t\t\t\n\t\t\t\t\t\t\t\t\t\t<div class=\"yuzo-img\" style=\"background:url('https:\/\/redept.org\/blogosfera\/wp-content\/plugins\/yuzo-related-post\/assets\/images\/default.png') 50% 50% no-repeat;width: 125px;height:90px;margin-bottom: 5px;background-size: cover; \"><\/div>\n\t\t\t\t\t\t\t\t\t  <\/div>\n\t\t\t\t\t\t\t\t\t  \n\t\t\t\t\t\t\t\t   <span class=\"yuzo__text--title\" style=\"font-size:13px;\">Anvisa obriga reten\u00e7\u00e3o de receita para venda de ca...<\/span>\n\t\t\t\t\t\t\t  \n\t\t\t\t\t\t\t  \n\t\t\t\t\t\t\t  <\/a>\n\n\t\t\t\t\t\t  <\/div>\n\t\t\t\t\t\t  <div class=\"relatedthumb \" style=\"width:125px;float:left;overflow:hidden;\">  \n\t\t\t\t\t\t\t  \n\t\t\t\t\t\t\t  <a  href=\"https:\/\/redept.com.br\/blogosfera\/servidores-publicos-comecam-serie-de-atos-pelo-interior-do-rs-em-defesa-do-ipe-saude\/\"  >\n\t\t\t\t\t\t\t\t\t  <div class=\"yuzo-img-wrap \" style=\"width: 125px;height:90px;\">\n\t\t\t\t\t\t\t\t\t\t\n\t\t\t\t\t\t\t\t\t\t<div class=\"yuzo-img\" style=\"background:url('https:\/\/redept.org\/blogosfera\/wp-content\/plugins\/yuzo-related-post\/assets\/images\/default.png') 50% 50% no-repeat;width: 125px;height:90px;margin-bottom: 5px;background-size: cover; \"><\/div>\n\t\t\t\t\t\t\t\t\t  <\/div>\n\t\t\t\t\t\t\t\t\t  \n\t\t\t\t\t\t\t\t   <span class=\"yuzo__text--title\" style=\"font-size:13px;\">Servidores P\u00fablicos come\u00e7am s\u00e9rie de atos pelo int...<\/span>\n\t\t\t\t\t\t\t  \n\t\t\t\t\t\t\t  \n\t\t\t\t\t\t\t  <\/a>\n\n\t\t\t\t\t\t  <\/div>\n\t\t\t\t\t\t  <div class=\"relatedthumb \" style=\"width:125px;float:left;overflow:hidden;\">  \n\t\t\t\t\t\t\t  \n\t\t\t\t\t\t\t  <a  href=\"https:\/\/redept.com.br\/blogosfera\/obras-da-bienal-dividem-espaco-da-usina-com-coquetel-de-abertura-do-south-summit\/\"  >\n\t\t\t\t\t\t\t\t\t  <div class=\"yuzo-img-wrap \" style=\"width: 125px;height:90px;\">\n\t\t\t\t\t\t\t\t\t\t\n\t\t\t\t\t\t\t\t\t\t<div class=\"yuzo-img\" style=\"background:url('https:\/\/redept.com.br\/blogosfera\/wp-content\/uploads\/2025\/04\/WhatsApp-Image-2025-04-09-at-174332-150x150.jpeg') 50% 50% no-repeat;width: 125px;height:90px;margin-bottom: 5px;background-size: cover; \"><\/div>\n\t\t\t\t\t\t\t\t\t  <\/div>\n\t\t\t\t\t\t\t\t\t  \n\t\t\t\t\t\t\t\t   <span class=\"yuzo__text--title\" style=\"font-size:13px;\">Obras da Bienal dividem espa\u00e7o da Usina com coquet...<\/span>\n\t\t\t\t\t\t\t  \n\t\t\t\t\t\t\t  \n\t\t\t\t\t\t\t  <\/a>\n\n\t\t\t\t\t\t  <\/div>\n\t\t\t\t\t\t  <div class=\"relatedthumb \" style=\"width:125px;float:left;overflow:hidden;\">  \n\t\t\t\t\t\t\t  \n\t\t\t\t\t\t\t  <a  href=\"https:\/\/redept.com.br\/blogosfera\/a-foz-do-amazonas-nao-e-o-problema-nem-a-solucao\/\"  >\n\t\t\t\t\t\t\t\t\t  <div class=\"yuzo-img-wrap \" style=\"width: 125px;height:90px;\">\n\t\t\t\t\t\t\t\t\t\t\n\t\t\t\t\t\t\t\t\t\t<div class=\"yuzo-img\" style=\"background:url('https:\/\/redept.com.br\/blogosfera\/wp-content\/uploads\/2025\/02\/margem-equatorial-150x150.webp') 50% 50% no-repeat;width: 125px;height:90px;margin-bottom: 5px;background-size: cover; \"><\/div>\n\t\t\t\t\t\t\t\t\t  <\/div>\n\t\t\t\t\t\t\t\t\t  \n\t\t\t\t\t\t\t\t   <span class=\"yuzo__text--title\" style=\"font-size:13px;\">A Foz do Amazonas n\u00e3o \u00e9 o problema, nem a solu\u00e7\u00e3o...<\/span>\n\t\t\t\t\t\t\t  \n\t\t\t\t\t\t\t  \n\t\t\t\t\t\t\t  <\/a>\n\n\t\t\t\t\t\t  <\/div>\n<\/div> <script>\n\t\t\t\t\t\t  jQuery(document).ready(function( $ ){\n\t\t\t\t\t\t\t\/\/jQuery('.yuzo_related_post').equalizer({ overflow : 'relatedthumb' });\n\t\t\t\t\t\t\tjQuery('.yuzo_related_post .yuzo_wraps').equalizer({ columns : '> div' });\n\t\t\t\t\t\t   })\n\t\t\t\t\t\t  <\/script> <!-- End Yuzo :) -->","protected":false},"excerpt":{"rendered":"<p>M\u00e1rcio Elias Rosa, titular da Ind\u00fastria, garantiu que o Brasil seguir\u00e1 na mesa de negocia\u00e7\u00f5es com a Casa Branca Fonte Related Post O massacre da Porteira da Capivara, oito d\u00e9cadas d&#8230; Em greve, terceirizados da educa\u00e7\u00e3o de BH sofrem c&#8230; O que \u00e9 not\u00edcia no Jornal TVT News Primeira Edi\u00e7\u00e3o&#8230; \u2018Polui\u00e7\u00e3o luminosa\u2019: Justi\u00e7a suspende instala\u00e7\u00e3o [&hellip;]<\/p>\n","protected":false},"author":2,"featured_media":0,"comment_status":"open","ping_status":"closed","sticky":false,"template":"","format":"standard","meta":{"fifu_image_url":"","fifu_image_alt":"","footnotes":""},"categories":[75656,1793,7293,2207,50973,3000,1023,54415,3242,2427,5281,1312,2768,49387,50,75657,25102,59935,75658,75659,5332,1614,75660,33292,336,4289,75661,36997,3641,3664,4959],"tags":[],"class_list":["post-96062","post","type-post","status-publish","format-standard","hentry","category-brasil-vitima","category-casa-branca","category-comando-vermelho","category-corrupcao","category-crime-transnacional","category-deficit-comercial","category-donald-trump","category-eleicoes-brasileiras","category-exportacoes-brasileiras","category-flavio-bolsonaro","category-folha-de-s-paulo","category-geopolitica","category-industria-nacional","category-interesses-nacionais","category-internacional","category-investigacao-dos-eua","category-manufatura","category-marcio-elias-rosa","category-ministro-do-desenvolvimento","category-negociacoes-brasil-eua","category-partido-liberal","category-pcc","category-praticas-desleais","category-pre-candidatura-presidencial","category-protecionismo","category-reciprocidade","category-sancao-politica","category-secao-301","category-tarifaco","category-tarifas-de-importacao","category-tarifas-dos-eua"],"_links":{"self":[{"href":"https:\/\/redept.com.br\/blogosfera\/wp-json\/wp\/v2\/posts\/96062","targetHints":{"allow":["GET"]}}],"collection":[{"href":"https:\/\/redept.com.br\/blogosfera\/wp-json\/wp\/v2\/posts"}],"about":[{"href":"https:\/\/redept.com.br\/blogosfera\/wp-json\/wp\/v2\/types\/post"}],"author":[{"embeddable":true,"href":"https:\/\/redept.com.br\/blogosfera\/wp-json\/wp\/v2\/users\/2"}],"replies":[{"embeddable":true,"href":"https:\/\/redept.com.br\/blogosfera\/wp-json\/wp\/v2\/comments?post=96062"}],"version-history":[{"count":0,"href":"https:\/\/redept.com.br\/blogosfera\/wp-json\/wp\/v2\/posts\/96062\/revisions"}],"wp:attachment":[{"href":"https:\/\/redept.com.br\/blogosfera\/wp-json\/wp\/v2\/media?parent=96062"}],"wp:term":[{"taxonomy":"category","embeddable":true,"href":"https:\/\/redept.com.br\/blogosfera\/wp-json\/wp\/v2\/categories?post=96062"},{"taxonomy":"post_tag","embeddable":true,"href":"https:\/\/redept.com.br\/blogosfera\/wp-json\/wp\/v2\/tags?post=96062"}],"curies":[{"name":"wp","href":"https:\/\/api.w.org\/{rel}","templated":true}]}}