{"id":96079,"date":"2026-07-18T19:05:16","date_gmt":"2026-07-18T22:05:16","guid":{"rendered":"https:\/\/redept.com.br\/blogosfera\/copa-do-mundo-argentina-busca-titulo-historico-contra-a-espanha-inglaterra-e-franca-decidem-3o-lugar\/"},"modified":"2026-07-18T19:05:16","modified_gmt":"2026-07-18T22:05:16","slug":"copa-do-mundo-argentina-busca-titulo-historico-contra-a-espanha-inglaterra-e-franca-decidem-3o-lugar","status":"publish","type":"post","link":"https:\/\/redept.com.br\/blogosfera\/copa-do-mundo-argentina-busca-titulo-historico-contra-a-espanha-inglaterra-e-franca-decidem-3o-lugar\/","title":{"rendered":"Copa do Mundo: Argentina busca t\u00edtulo hist\u00f3rico contra a Espanha; Inglaterra e Fran\u00e7a decidem 3\u00ba lugar"},"content":{"rendered":"<p>A final re\u00fane as duas sele\u00e7\u00f5es com melhor desempenho internacional nos \u00faltimos anos. <\/p>\n<p><a href=\"https:\/\/www.brasildefato.com.br\/2026\/07\/18\/copa-do-mundo-argentina-busca-titulo-historico-contra-a-espanha-inglaterra-e-franca-decidem-3o-lugar\/\" rel=\"nofollow\">Fonte<\/a><\/p>\n<!-- Begin Yuzo --><div class='yuzo_related_post style-1'  data-version='5.12.89'><!-- without result --><div class='yuzo_clearfixed yuzo__title yuzo__title'><h3>Related Post<\/h3><\/div>\n\t\t\t\t\t\t  <div class=\"relatedthumb \" style=\"width:125px;float:left;overflow:hidden;\">  \n\t\t\t\t\t\t\t  \n\t\t\t\t\t\t\t  <a  href=\"https:\/\/redept.com.br\/blogosfera\/stf-retoma-julgamento-sobre-legalidade-da-revista-intima-em-presidios\/\"  >\n\t\t\t\t\t\t\t\t\t  <div class=\"yuzo-img-wrap \" style=\"width: 125px;height:90px;\">\n\t\t\t\t\t\t\t\t\t\t\n\t\t\t\t\t\t\t\t\t\t<div class=\"yuzo-img\" style=\"background:url('https:\/\/redept.com.br\/blogosfera\/wp-content\/uploads\/2025\/02\/whatsapp-image-2024-06-06-at-22.54.10-150x150.avif') 50% 50% no-repeat;width: 125px;height:90px;margin-bottom: 5px;background-size: cover; \"><\/div>\n\t\t\t\t\t\t\t\t\t  <\/div>\n\t\t\t\t\t\t\t\t\t  \n\t\t\t\t\t\t\t\t   <span class=\"yuzo__text--title\" style=\"font-size:13px;\">STF retoma julgamento sobre legalidade da revista ...<\/span>\n\t\t\t\t\t\t\t  \n\t\t\t\t\t\t\t  \n\t\t\t\t\t\t\t  <\/a>\n\n\t\t\t\t\t\t  <\/div>\n\t\t\t\t\t\t  <div class=\"relatedthumb \" style=\"width:125px;float:left;overflow:hidden;\">  \n\t\t\t\t\t\t\t  \n\t\t\t\t\t\t\t  <a  href=\"https:\/\/redept.com.br\/blogosfera\/flavio-bolsonaro-queria-sangrar-o-brasil-para-prejudicar-imagem-de-lula-afirma-especialista\/\"  >\n\t\t\t\t\t\t\t\t\t  <div class=\"yuzo-img-wrap \" style=\"width: 125px;height:90px;\">\n\t\t\t\t\t\t\t\t\t\t\n\t\t\t\t\t\t\t\t\t\t<div class=\"yuzo-img\" style=\"background:url('https:\/\/redept.org\/blogosfera\/wp-content\/plugins\/yuzo-related-post\/assets\/images\/default.png') 50% 50% no-repeat;width: 125px;height:90px;margin-bottom: 5px;background-size: cover; \"><\/div>\n\t\t\t\t\t\t\t\t\t  <\/div>\n\t\t\t\t\t\t\t\t\t  \n\t\t\t\t\t\t\t\t   <span class=\"yuzo__text--title\" style=\"font-size:13px;\">Fl\u00e1vio Bolsonaro queria sangrar o Brasil para prej...<\/span>\n\t\t\t\t\t\t\t  \n\t\t\t\t\t\t\t  \n\t\t\t\t\t\t\t  <\/a>\n\n\t\t\t\t\t\t  <\/div>\n\t\t\t\t\t\t  <div class=\"relatedthumb \" style=\"width:125px;float:left;overflow:hidden;\">  \n\t\t\t\t\t\t\t  \n\t\t\t\t\t\t\t  <a  href=\"https:\/\/redept.com.br\/blogosfera\/ato-em-porto-alegre-cobra-fim-da-escala-6x1-e-reducao-da-jornada-sem-corte-salarial\/\"  >\n\t\t\t\t\t\t\t\t\t  <div class=\"yuzo-img-wrap \" style=\"width: 125px;height:90px;\">\n\t\t\t\t\t\t\t\t\t\t\n\t\t\t\t\t\t\t\t\t\t<div class=\"yuzo-img\" style=\"background:url('https:\/\/redept.org\/blogosfera\/wp-content\/plugins\/yuzo-related-post\/assets\/images\/default.png') 50% 50% no-repeat;width: 125px;height:90px;margin-bottom: 5px;background-size: cover; \"><\/div>\n\t\t\t\t\t\t\t\t\t  <\/div>\n\t\t\t\t\t\t\t\t\t  \n\t\t\t\t\t\t\t\t   <span class=\"yuzo__text--title\" style=\"font-size:13px;\">Ato em Porto Alegre cobra fim da escala 6\u00d71 e redu...<\/span>\n\t\t\t\t\t\t\t  \n\t\t\t\t\t\t\t  \n\t\t\t\t\t\t\t  <\/a>\n\n\t\t\t\t\t\t  <\/div>\n\t\t\t\t\t\t  <div class=\"relatedthumb \" style=\"width:125px;float:left;overflow:hidden;\">  \n\t\t\t\t\t\t\t  \n\t\t\t\t\t\t\t  <a  href=\"https:\/\/redept.com.br\/blogosfera\/investigacao-sobre-vorcaro-sugere-trafico-de-influencia-envolvendo-os-tres-poderes-diz-cientista-politico\/\"  >\n\t\t\t\t\t\t\t\t\t  <div class=\"yuzo-img-wrap \" style=\"width: 125px;height:90px;\">\n\t\t\t\t\t\t\t\t\t\t\n\t\t\t\t\t\t\t\t\t\t<div class=\"yuzo-img\" style=\"background:url('https:\/\/redept.org\/blogosfera\/wp-content\/plugins\/yuzo-related-post\/assets\/images\/default.png') 50% 50% no-repeat;width: 125px;height:90px;margin-bottom: 5px;background-size: cover; \"><\/div>\n\t\t\t\t\t\t\t\t\t  <\/div>\n\t\t\t\t\t\t\t\t\t  \n\t\t\t\t\t\t\t\t   <span class=\"yuzo__text--title\" style=\"font-size:13px;\">Investiga\u00e7\u00e3o sobre Vorcaro sugere tr\u00e1fico de influ...<\/span>\n\t\t\t\t\t\t\t  \n\t\t\t\t\t\t\t  \n\t\t\t\t\t\t\t  <\/a>\n\n\t\t\t\t\t\t  <\/div>\n<\/div> <script>\n\t\t\t\t\t\t  jQuery(document).ready(function( $ ){\n\t\t\t\t\t\t\t\/\/jQuery('.yuzo_related_post').equalizer({ overflow : 'relatedthumb' });\n\t\t\t\t\t\t\tjQuery('.yuzo_related_post .yuzo_wraps').equalizer({ columns : '> div' });\n\t\t\t\t\t\t   })\n\t\t\t\t\t\t  <\/script> <!-- End Yuzo :) -->","protected":false},"excerpt":{"rendered":"<p>A final re\u00fane as duas sele\u00e7\u00f5es com melhor desempenho internacional nos \u00faltimos anos. Fonte Related Post 20 anos do assassinato de Irm\u00e3 Dorothy, m\u00e1rtir da &#8230; Minist\u00e9rio P\u00fablico do DF investiga mortes de beb\u00eas&#8230; Gasolina e alimentos pressionam, e pr\u00e9via da infla&#8230; Prazo para solicitar voto em tr\u00e2nsito termina nest&#8230;<\/p>\n","protected":false},"author":2,"featured_media":0,"comment_status":"open","ping_status":"closed","sticky":false,"template":"","format":"standard","meta":{"fifu_image_url":"","fifu_image_alt":"","footnotes":""},"categories":[272,73679,2700,11800,75737,4664,75738,231,1507,75739,2796,75740,22,75741,227,75742,741,56610,68457,5566,70417,31060,6524,67659,67679,75743,75744,64956,75745,65718],"tags":[],"class_list":["post-96079","post","type-post","status-publish","format-standard","hentry","category-argentina","category-artilheiro-da-copa","category-copa-do-mundo","category-copa-do-mundo-2026","category-de-la-fuente","category-decisao","category-despedida-de-messi","category-espanha","category-esportes","category-eua-2026","category-fifa","category-final-da-copa","category-franca","category-franca-x-inglaterra-disputa","category-futebol","category-gols-nos-acrescimos","category-inglaterra","category-lamine-yamal","category-lionel-messi","category-maracana","category-mbappe","category-miami","category-mundial","category-nova-jersey","category-ranking-fifa","category-scaloni","category-selecoes-campeas","category-terceiro-lugar","category-uruguai-1950","category-virada-historica"],"_links":{"self":[{"href":"https:\/\/redept.com.br\/blogosfera\/wp-json\/wp\/v2\/posts\/96079","targetHints":{"allow":["GET"]}}],"collection":[{"href":"https:\/\/redept.com.br\/blogosfera\/wp-json\/wp\/v2\/posts"}],"about":[{"href":"https:\/\/redept.com.br\/blogosfera\/wp-json\/wp\/v2\/types\/post"}],"author":[{"embeddable":true,"href":"https:\/\/redept.com.br\/blogosfera\/wp-json\/wp\/v2\/users\/2"}],"replies":[{"embeddable":true,"href":"https:\/\/redept.com.br\/blogosfera\/wp-json\/wp\/v2\/comments?post=96079"}],"version-history":[{"count":0,"href":"https:\/\/redept.com.br\/blogosfera\/wp-json\/wp\/v2\/posts\/96079\/revisions"}],"wp:attachment":[{"href":"https:\/\/redept.com.br\/blogosfera\/wp-json\/wp\/v2\/media?parent=96079"}],"wp:term":[{"taxonomy":"category","embeddable":true,"href":"https:\/\/redept.com.br\/blogosfera\/wp-json\/wp\/v2\/categories?post=96079"},{"taxonomy":"post_tag","embeddable":true,"href":"https:\/\/redept.com.br\/blogosfera\/wp-json\/wp\/v2\/tags?post=96079"}],"curies":[{"name":"wp","href":"https:\/\/api.w.org\/{rel}","templated":true}]}}