{"id":96136,"date":"2026-07-19T17:05:28","date_gmt":"2026-07-19T20:05:28","guid":{"rendered":"https:\/\/redept.com.br\/blogosfera\/primeiro-curso-do-pronera-qualifica-assentados-e-quilombolas-para-transicao-energetica-fora-da-logica-do-capital\/"},"modified":"2026-07-19T17:05:28","modified_gmt":"2026-07-19T20:05:28","slug":"primeiro-curso-do-pronera-qualifica-assentados-e-quilombolas-para-transicao-energetica-fora-da-logica-do-capital","status":"publish","type":"post","link":"https:\/\/redept.com.br\/blogosfera\/primeiro-curso-do-pronera-qualifica-assentados-e-quilombolas-para-transicao-energetica-fora-da-logica-do-capital\/","title":{"rendered":"Primeiro curso do Pronera qualifica assentados e quilombolas para transi\u00e7\u00e3o energ\u00e9tica fora da l\u00f3gica do capital"},"content":{"rendered":"<p>Procurar caminhos para uma transi\u00e7\u00e3o energ\u00e9tica justa e diferente da l\u00f3gica do capital. Esse \u00e9 um dos objetivos do Curso Superior de Tecnologia em Energias Renov\u00e1veis, realizado pelo Programa Nacional de Educa\u00e7\u00e3o na Reforma Agr\u00e1ria (Pronera), na Para\u00edba, e que come\u00e7a seu segundo ciclo no dia 27 de julho. Trata-se da primeira iniciativa de forma\u00e7\u00e3o [\u2026]<\/p>\n<p><a href=\"https:\/\/www.brasildefato.com.br\/2026\/07\/19\/primeiro-curso-do-pronera-qualifica-assentados-e-quilombolas-para-transicao-energetica-fora-da-logica-do-capital\/\" rel=\"nofollow\">Fonte<\/a><\/p>\n<!-- Begin Yuzo --><div class='yuzo_related_post style-1'  data-version='5.12.89'><!-- without result --><div class='yuzo_clearfixed yuzo__title yuzo__title'><h3>Related Post<\/h3><\/div>\n\t\t\t\t\t\t  <div class=\"relatedthumb \" style=\"width:125px;float:left;overflow:hidden;\">  \n\t\t\t\t\t\t\t  \n\t\t\t\t\t\t\t  <a  href=\"https:\/\/redept.com.br\/blogosfera\/lula-sanciona-lei-descongela-e-devolve-direitos-a-servidores-publicos\/\"  >\n\t\t\t\t\t\t\t\t\t  <div class=\"yuzo-img-wrap \" style=\"width: 125px;height:90px;\">\n\t\t\t\t\t\t\t\t\t\t\n\t\t\t\t\t\t\t\t\t\t<div class=\"yuzo-img\" style=\"background:url('https:\/\/redept.com.br\/blogosfera\/wp-content\/uploads\/2026\/01\/funcionario-publico-lei-descongela-150x150.jpeg') 50% 50% no-repeat;width: 125px;height:90px;margin-bottom: 5px;background-size: cover; \"><\/div>\n\t\t\t\t\t\t\t\t\t  <\/div>\n\t\t\t\t\t\t\t\t\t  \n\t\t\t\t\t\t\t\t   <span class=\"yuzo__text--title\" style=\"font-size:13px;\">Lula sanciona \u201cLei Descongela\u201d e devolve direitos ...<\/span>\n\t\t\t\t\t\t\t  \n\t\t\t\t\t\t\t  \n\t\t\t\t\t\t\t  <\/a>\n\n\t\t\t\t\t\t  <\/div>\n\t\t\t\t\t\t  <div class=\"relatedthumb \" style=\"width:125px;float:left;overflow:hidden;\">  \n\t\t\t\t\t\t\t  \n\t\t\t\t\t\t\t  <a  href=\"https:\/\/redept.com.br\/blogosfera\/camara-pauta-projeto-que-regula-redes-sociais-para-criancas\/\"  >\n\t\t\t\t\t\t\t\t\t  <div class=\"yuzo-img-wrap \" style=\"width: 125px;height:90px;\">\n\t\t\t\t\t\t\t\t\t\t\n\t\t\t\t\t\t\t\t\t\t<div class=\"yuzo-img\" style=\"background:url('https:\/\/redept.org\/blogosfera\/wp-content\/plugins\/yuzo-related-post\/assets\/images\/default.png') 50% 50% no-repeat;width: 125px;height:90px;margin-bottom: 5px;background-size: cover; \"><\/div>\n\t\t\t\t\t\t\t\t\t  <\/div>\n\t\t\t\t\t\t\t\t\t  \n\t\t\t\t\t\t\t\t   <span class=\"yuzo__text--title\" style=\"font-size:13px;\">C\u00e2mara pauta projeto que regula redes sociais para...<\/span>\n\t\t\t\t\t\t\t  \n\t\t\t\t\t\t\t  \n\t\t\t\t\t\t\t  <\/a>\n\n\t\t\t\t\t\t  <\/div>\n\t\t\t\t\t\t  <div class=\"relatedthumb \" style=\"width:125px;float:left;overflow:hidden;\">  \n\t\t\t\t\t\t\t  \n\t\t\t\t\t\t\t  <a  href=\"https:\/\/redept.com.br\/blogosfera\/braskem-crise-financeira-recuperacao-extrajudicial-e-os-impactos-sobre-trabalhadores-e-setor-petroquimico\/\"  >\n\t\t\t\t\t\t\t\t\t  <div class=\"yuzo-img-wrap \" style=\"width: 125px;height:90px;\">\n\t\t\t\t\t\t\t\t\t\t\n\t\t\t\t\t\t\t\t\t\t<div class=\"yuzo-img\" style=\"background:url('https:\/\/redept.com.br\/blogosfera\/wp-content\/uploads\/2026\/08\/bairro_ruinas-150x150.jpg') 50% 50% no-repeat;width: 125px;height:90px;margin-bottom: 5px;background-size: cover; \"><\/div>\n\t\t\t\t\t\t\t\t\t  <\/div>\n\t\t\t\t\t\t\t\t\t  \n\t\t\t\t\t\t\t\t   <span class=\"yuzo__text--title\" style=\"font-size:13px;\">Braskem: crise financeira, recupera\u00e7\u00e3o extrajudici...<\/span>\n\t\t\t\t\t\t\t  \n\t\t\t\t\t\t\t  \n\t\t\t\t\t\t\t  <\/a>\n\n\t\t\t\t\t\t  <\/div>\n\t\t\t\t\t\t  <div class=\"relatedthumb \" style=\"width:125px;float:left;overflow:hidden;\">  \n\t\t\t\t\t\t\t  \n\t\t\t\t\t\t\t  <a  href=\"https:\/\/redept.com.br\/blogosfera\/correios-lancam-serie-de-selos-sobre-obras-desaparecidas-de-portinari\/\"  >\n\t\t\t\t\t\t\t\t\t  <div class=\"yuzo-img-wrap \" style=\"width: 125px;height:90px;\">\n\t\t\t\t\t\t\t\t\t\t\n\t\t\t\t\t\t\t\t\t\t<div class=\"yuzo-img\" style=\"background:url('https:\/\/redept.com.br\/blogosfera\/wp-content\/uploads\/2024\/12\/selos-obras-desaparecidas-de-candido-portinari-150x150.jpeg') 50% 50% no-repeat;width: 125px;height:90px;margin-bottom: 5px;background-size: cover; \"><\/div>\n\t\t\t\t\t\t\t\t\t  <\/div>\n\t\t\t\t\t\t\t\t\t  \n\t\t\t\t\t\t\t\t   <span class=\"yuzo__text--title\" style=\"font-size:13px;\">Correios lan\u00e7am s\u00e9rie de selos sobre obras desapar...<\/span>\n\t\t\t\t\t\t\t  \n\t\t\t\t\t\t\t  \n\t\t\t\t\t\t\t  <\/a>\n\n\t\t\t\t\t\t  <\/div>\n<\/div> <script>\n\t\t\t\t\t\t  jQuery(document).ready(function( $ ){\n\t\t\t\t\t\t\t\/\/jQuery('.yuzo_related_post').equalizer({ overflow : 'relatedthumb' });\n\t\t\t\t\t\t\tjQuery('.yuzo_related_post .yuzo_wraps').equalizer({ columns : '> div' });\n\t\t\t\t\t\t   })\n\t\t\t\t\t\t  <\/script> <!-- End Yuzo :) -->","protected":false},"excerpt":{"rendered":"<p>Procurar caminhos para uma transi\u00e7\u00e3o energ\u00e9tica justa e diferente da l\u00f3gica do capital. Esse \u00e9 um dos objetivos do Curso Superior de Tecnologia em Energias Renov\u00e1veis, realizado pelo Programa Nacional de Educa\u00e7\u00e3o na Reforma Agr\u00e1ria (Pronera), na Para\u00edba, e que come\u00e7a seu segundo ciclo no dia 27 de julho. Trata-se da primeira iniciativa de forma\u00e7\u00e3o [&hellip;]<\/p>\n","protected":false},"author":2,"featured_media":0,"comment_status":"open","ping_status":"closed","sticky":false,"template":"","format":"standard","meta":{"fifu_image_url":"","fifu_image_alt":"","footnotes":""},"categories":[2461,306,219,978,45722,19552,75927,407,75928,1640,2583,7141,38407,55313,3984,38819,1689,302,968,1641,75929,55314,1374,75930,34,195,3964,5437,35,553],"tags":[],"class_list":["post-96136","post","type-post","status-publish","format-standard","hentry","category-agricultura-familiar","category-agroecologia","category-assentados","category-capitalismo","category-conflitos-territoriais","category-curso-superior","category-donos-do-vento","category-educacao-do-campo","category-energia-descentralizada","category-energia-eolica","category-energia-solar","category-energias-renovaveis","category-estrangeirizacao-da-terra","category-ifpb","category-justica-climatica","category-marcha-pela-vida-das-mulheres","category-movimentos-sociais","category-mst","category-paraiba","category-parques-eolicos","category-plano-nacional-de-transicao-energetica","category-polo-da-borborema","category-pronera","category-quilombo-do-cumbe","category-quilombolas","category-reforma-agraria","category-sem-terra","category-semiarido","category-tecnologia","category-transicao-energetica"],"_links":{"self":[{"href":"https:\/\/redept.com.br\/blogosfera\/wp-json\/wp\/v2\/posts\/96136","targetHints":{"allow":["GET"]}}],"collection":[{"href":"https:\/\/redept.com.br\/blogosfera\/wp-json\/wp\/v2\/posts"}],"about":[{"href":"https:\/\/redept.com.br\/blogosfera\/wp-json\/wp\/v2\/types\/post"}],"author":[{"embeddable":true,"href":"https:\/\/redept.com.br\/blogosfera\/wp-json\/wp\/v2\/users\/2"}],"replies":[{"embeddable":true,"href":"https:\/\/redept.com.br\/blogosfera\/wp-json\/wp\/v2\/comments?post=96136"}],"version-history":[{"count":0,"href":"https:\/\/redept.com.br\/blogosfera\/wp-json\/wp\/v2\/posts\/96136\/revisions"}],"wp:attachment":[{"href":"https:\/\/redept.com.br\/blogosfera\/wp-json\/wp\/v2\/media?parent=96136"}],"wp:term":[{"taxonomy":"category","embeddable":true,"href":"https:\/\/redept.com.br\/blogosfera\/wp-json\/wp\/v2\/categories?post=96136"},{"taxonomy":"post_tag","embeddable":true,"href":"https:\/\/redept.com.br\/blogosfera\/wp-json\/wp\/v2\/tags?post=96136"}],"curies":[{"name":"wp","href":"https:\/\/api.w.org\/{rel}","templated":true}]}}