{"id":9615,"date":"2024-12-31T08:50:18","date_gmt":"2024-12-31T11:50:18","guid":{"rendered":"https:\/\/redept.org\/blogosfera\/virada-no-rj-tera-acoes-de-combate-a-violencia-contra-a-mulher\/"},"modified":"2024-12-31T08:50:18","modified_gmt":"2024-12-31T11:50:18","slug":"virada-no-rj-tera-acoes-de-combate-a-violencia-contra-a-mulher","status":"publish","type":"post","link":"https:\/\/redept.com.br\/blogosfera\/virada-no-rj-tera-acoes-de-combate-a-violencia-contra-a-mulher\/","title":{"rendered":"Virada no RJ ter\u00e1 a\u00e7\u00f5es de combate \u00e0 viol\u00eancia contra a mulher"},"content":{"rendered":"<p>O<a href=\"https:\/\/tvtnews.com.br\/governo-lula-divulga-lista-de-feriados-nacionais-de-2025\/\"> R\u00e9veillon<\/a> da Praia de Copacabana, no Rio de Janeiro, contar\u00e1 com medidas de combate \u00e0 viol\u00eancia contra a mulher e de apoio a eventuais v\u00edtimas.<\/p>\n<p>Distribu\u00eddos ao longo da orla, banheiros qu\u00edmicos receberam adesivos com telefones \u00fateis para atendimento de emerg\u00eancia, como o 190, da Pol\u00edcia Militar, o 180, da Central de Atendimento \u00e0 Mulher, do governo federal, e o 197, da Delegacia de Atendimento \u00e0 Mulher.<\/p>\n<p>A a\u00e7\u00e3o \u00e9 para a noite da virada que contar\u00e1 com 13 palcos espalhados pela orla e que receber\u00e3o atra\u00e7\u00f5es musicais para apresenta\u00e7\u00f5es gratuitas, al\u00e9m da tradicional queima de fogos. A festa deve atrair 2 milh\u00f5es de pessoas \u00e0 Copacabana, segundo a prefeitura da cidade.<\/p>\n<h2>Combate \u00e0 viol\u00eancia<\/h2>\n<p>A iniciativa de fazer e colar os adesivos \u00e9 do Sesc RJ, um dos patrocinadores da festa, e visa permitir que as v\u00edtimas recebam ajuda r\u00e1pida, alertar e impedir esse tipo de viol\u00eancia. \u201cEssa a\u00e7\u00e3o n\u00e3o serve apenas como suporte \u00e0s v\u00edtimas e testemunhas desses crimes\u201d, disse o presidente do Sesc RJ, Antonio Florencio de Queiroz. \u201cEla tem um car\u00e1ter preventivo, na medida em que d\u00e1 elementos \u00e0 popula\u00e7\u00e3o e desencoraja poss\u00edveis agressores\u201d, completou.<\/p>\n<p>Os adesivos com os n\u00fameros de emerg\u00eancia tamb\u00e9m exibem um QR Code que pode ser lido por c\u00e2meras de smartphones e direciona o leitor \u00e0 uma p\u00e1gina na internet em que explica sobre os tipos de viol\u00eancia contra a mulher, seja sexual, f\u00edsica, moral, psicol\u00f3gica e patrimonial. Ele indica ainda os endere\u00e7os regulares de centros de atendimento espalhados por toda a cidade do Rio de Janeiro.<\/p>\n<p>Para acolher eventuais v\u00edtimas e testemunhas, tamb\u00e9m vai funcionar na Avenida Atl\u00e2ntica, no n\u00famero 1.976, pr\u00f3ximo \u00e0 praia, um Centro de Atendimento \u00e0 Mulher, da prefeitura, dentro da Escola Municipal Doutor C\u00edcero Penna.<\/p>\n<p>A viol\u00eancia contra a mulher \u00e9 qualquer agress\u00e3o por causa do g\u00eanero feminino que gere morte, dano, sofrimento f\u00edsico, sexual ou psicol\u00f3gico e nem sempre come\u00e7a com um ataque f\u00edsico. Procure ajuda se estiver em uma dessa situa\u00e7\u00f5es.<\/p>\n<p><a href=\"https:\/\/agenciabrasil.ebc.com.br\/direitos-humanos\/noticia\/2024-12\/virada-em-copacabana-tera-acoes-de-combate-violencia-contra-mulher\" target=\"_blank\" rel=\"noopener noreferrer nofollow\"><em>Por Ag\u00eancia Brasil<\/em><\/a><\/p>\n<p>The post <a rel=\"nofollow\" href=\"https:\/\/tvtnews.com.br\/virada-no-rj-tera-acoes-de-combate-a-violencia-contra-a-mulher\/\">Virada no RJ ter\u00e1 a\u00e7\u00f5es de combate \u00e0 viol\u00eancia contra a mulher<\/a> appeared first on <a rel=\"nofollow\" href=\"https:\/\/tvtnews.com.br\/\">TVT News<\/a>.<\/p>\n<!-- Begin Yuzo --><div class='yuzo_related_post style-1'  data-version='5.12.89'><!-- without result --><div class='yuzo_clearfixed yuzo__title yuzo__title'><h3>Related Post<\/h3><\/div>\n\t\t\t\t\t\t  <div class=\"relatedthumb \" style=\"width:125px;float:left;overflow:hidden;\">  \n\t\t\t\t\t\t\t  \n\t\t\t\t\t\t\t  <a  href=\"https:\/\/redept.com.br\/blogosfera\/eua-e-israel-atacam-principal-universidade-de-tecnologia-do-ira\/\"  >\n\t\t\t\t\t\t\t\t\t  <div class=\"yuzo-img-wrap \" style=\"width: 125px;height:90px;\">\n\t\t\t\t\t\t\t\t\t\t\n\t\t\t\t\t\t\t\t\t\t<div class=\"yuzo-img\" style=\"background:url('https:\/\/redept.org\/blogosfera\/wp-content\/plugins\/yuzo-related-post\/assets\/images\/default.png') 50% 50% no-repeat;width: 125px;height:90px;margin-bottom: 5px;background-size: cover; \"><\/div>\n\t\t\t\t\t\t\t\t\t  <\/div>\n\t\t\t\t\t\t\t\t\t  \n\t\t\t\t\t\t\t\t   <span class=\"yuzo__text--title\" style=\"font-size:13px;\">EUA e Israel atacam principal universidade de tecn...<\/span>\n\t\t\t\t\t\t\t  \n\t\t\t\t\t\t\t  \n\t\t\t\t\t\t\t  <\/a>\n\n\t\t\t\t\t\t  <\/div>\n\t\t\t\t\t\t  <div class=\"relatedthumb \" style=\"width:125px;float:left;overflow:hidden;\">  \n\t\t\t\t\t\t\t  \n\t\t\t\t\t\t\t  <a  href=\"https:\/\/redept.com.br\/blogosfera\/mpf-abre-investigacao-sobre-possivel-conexao-de-jeffrey-epstein-com-o-brasil\/\"  >\n\t\t\t\t\t\t\t\t\t  <div class=\"yuzo-img-wrap \" style=\"width: 125px;height:90px;\">\n\t\t\t\t\t\t\t\t\t\t\n\t\t\t\t\t\t\t\t\t\t<div class=\"yuzo-img\" style=\"background:url('https:\/\/redept.org\/blogosfera\/wp-content\/plugins\/yuzo-related-post\/assets\/images\/default.png') 50% 50% no-repeat;width: 125px;height:90px;margin-bottom: 5px;background-size: cover; \"><\/div>\n\t\t\t\t\t\t\t\t\t  <\/div>\n\t\t\t\t\t\t\t\t\t  \n\t\t\t\t\t\t\t\t   <span class=\"yuzo__text--title\" style=\"font-size:13px;\">MPF abre investiga\u00e7\u00e3o sobre poss\u00edvel conex\u00e3o de Je...<\/span>\n\t\t\t\t\t\t\t  \n\t\t\t\t\t\t\t  \n\t\t\t\t\t\t\t  <\/a>\n\n\t\t\t\t\t\t  <\/div>\n\t\t\t\t\t\t  <div class=\"relatedthumb \" style=\"width:125px;float:left;overflow:hidden;\">  \n\t\t\t\t\t\t\t  \n\t\t\t\t\t\t\t  <a  href=\"https:\/\/redept.com.br\/blogosfera\/china-aposta-em-abertura-com-a-africa-enquanto-eua-endurecem-jogo-comercial\/\"  >\n\t\t\t\t\t\t\t\t\t  <div class=\"yuzo-img-wrap \" style=\"width: 125px;height:90px;\">\n\t\t\t\t\t\t\t\t\t\t\n\t\t\t\t\t\t\t\t\t\t<div class=\"yuzo-img\" style=\"background:url('https:\/\/redept.com.br\/blogosfera\/wp-content\/uploads\/2025\/06\/Captura-de-Tela-2025-06-12-as-155306-150x150.png') 50% 50% no-repeat;width: 125px;height:90px;margin-bottom: 5px;background-size: cover; \"><\/div>\n\t\t\t\t\t\t\t\t\t  <\/div>\n\t\t\t\t\t\t\t\t\t  \n\t\t\t\t\t\t\t\t   <span class=\"yuzo__text--title\" style=\"font-size:13px;\">China aposta em abertura com a \u00c1frica enquanto EUA...<\/span>\n\t\t\t\t\t\t\t  \n\t\t\t\t\t\t\t  \n\t\t\t\t\t\t\t  <\/a>\n\n\t\t\t\t\t\t  <\/div>\n\t\t\t\t\t\t  <div class=\"relatedthumb \" style=\"width:125px;float:left;overflow:hidden;\">  \n\t\t\t\t\t\t\t  \n\t\t\t\t\t\t\t  <a  href=\"https:\/\/redept.com.br\/blogosfera\/londres-e-paris-anunciam-acordo-inedito-desde-brexit-sobre-fluxo-imigratorio\/\"  >\n\t\t\t\t\t\t\t\t\t  <div class=\"yuzo-img-wrap \" style=\"width: 125px;height:90px;\">\n\t\t\t\t\t\t\t\t\t\t\n\t\t\t\t\t\t\t\t\t\t<div class=\"yuzo-img\" style=\"background:url('https:\/\/redept.com.br\/blogosfera\/wp-content\/uploads\/2025\/07\/reproducao-x-emmanuelmacron-150x150.jpg') 50% 50% no-repeat;width: 125px;height:90px;margin-bottom: 5px;background-size: cover; \"><\/div>\n\t\t\t\t\t\t\t\t\t  <\/div>\n\t\t\t\t\t\t\t\t\t  \n\t\t\t\t\t\t\t\t   <span class=\"yuzo__text--title\" style=\"font-size:13px;\">Londres e Paris anunciam acordo in\u00e9dito desde Brex...<\/span>\n\t\t\t\t\t\t\t  \n\t\t\t\t\t\t\t  \n\t\t\t\t\t\t\t  <\/a>\n\n\t\t\t\t\t\t  <\/div>\n<\/div> <script>\n\t\t\t\t\t\t  jQuery(document).ready(function( $ ){\n\t\t\t\t\t\t\t\/\/jQuery('.yuzo_related_post').equalizer({ overflow : 'relatedthumb' });\n\t\t\t\t\t\t\tjQuery('.yuzo_related_post .yuzo_wraps').equalizer({ columns : '> div' });\n\t\t\t\t\t\t   })\n\t\t\t\t\t\t  <\/script> <!-- End Yuzo :) -->","protected":false},"excerpt":{"rendered":"<p>O R\u00e9veillon da Praia de Copacabana, no Rio de Janeiro, contar\u00e1 com medidas de combate \u00e0 viol\u00eancia contra a mulher e de apoio a eventuais v\u00edtimas. Distribu\u00eddos ao longo da orla, banheiros qu\u00edmicos receberam adesivos com telefones \u00fateis para atendimento de emerg\u00eancia, como o 190, da Pol\u00edcia Militar, o 180, da Central de Atendimento \u00e0 [&hellip;]<\/p>\n","protected":false},"author":2,"featured_media":0,"comment_status":"closed","ping_status":"closed","sticky":false,"template":"","format":"standard","meta":{"fifu_image_url":"","fifu_image_alt":"","footnotes":""},"categories":[264,489,82],"tags":[],"class_list":["post-9615","post","type-post","status-publish","format-standard","hentry","category-cidadania","category-destaque-pequeno","category-mulheres"],"_links":{"self":[{"href":"https:\/\/redept.com.br\/blogosfera\/wp-json\/wp\/v2\/posts\/9615","targetHints":{"allow":["GET"]}}],"collection":[{"href":"https:\/\/redept.com.br\/blogosfera\/wp-json\/wp\/v2\/posts"}],"about":[{"href":"https:\/\/redept.com.br\/blogosfera\/wp-json\/wp\/v2\/types\/post"}],"author":[{"embeddable":true,"href":"https:\/\/redept.com.br\/blogosfera\/wp-json\/wp\/v2\/users\/2"}],"replies":[{"embeddable":true,"href":"https:\/\/redept.com.br\/blogosfera\/wp-json\/wp\/v2\/comments?post=9615"}],"version-history":[{"count":0,"href":"https:\/\/redept.com.br\/blogosfera\/wp-json\/wp\/v2\/posts\/9615\/revisions"}],"wp:attachment":[{"href":"https:\/\/redept.com.br\/blogosfera\/wp-json\/wp\/v2\/media?parent=9615"}],"wp:term":[{"taxonomy":"category","embeddable":true,"href":"https:\/\/redept.com.br\/blogosfera\/wp-json\/wp\/v2\/categories?post=9615"},{"taxonomy":"post_tag","embeddable":true,"href":"https:\/\/redept.com.br\/blogosfera\/wp-json\/wp\/v2\/tags?post=9615"}],"curies":[{"name":"wp","href":"https:\/\/api.w.org\/{rel}","templated":true}]}}