{"id":9616,"date":"2024-12-31T09:00:00","date_gmt":"2024-12-31T12:00:00","guid":{"rendered":"https:\/\/redept.org\/blogosfera\/apoio-do-bndes-a-pequenas-empresas-cresceu-46-em-2024\/"},"modified":"2024-12-31T09:00:00","modified_gmt":"2024-12-31T12:00:00","slug":"apoio-do-bndes-a-pequenas-empresas-cresceu-46-em-2024","status":"publish","type":"post","link":"https:\/\/redept.com.br\/blogosfera\/apoio-do-bndes-a-pequenas-empresas-cresceu-46-em-2024\/","title":{"rendered":"Apoio do BNDES a pequenas empresas cresceu 46% em 2024"},"content":{"rendered":"<p>Entre janeiro e novembro de 2024, o apoio do Banco Nacional de Desenvolvimento Econ\u00f4mico e Social (<a href=\"https:\/\/tvtnews.com.br\/bndes-e-fbb-anunciam-21-projetos-selecionados-do-edital-novo-cataforte-na-expocatadores\/\">BNDES<\/a>) para micro, pequenas e m\u00e9dias empresas (MPME), por meio de opera\u00e7\u00f5es indiretas, cresceu 46% em rela\u00e7\u00e3o ao mesmo per\u00edodo de 2023. Ao todo, foram aprovados cr\u00e9ditos no montante de R$ 80,1 bilh\u00f5es, ante R$ 54,8 bilh\u00f5es no ano anterior.<\/p>\n<p>Nesses 11 meses, os agentes financeiros parceiros do Banco foram respons\u00e1veis pela aprova\u00e7\u00e3o de cr\u00e9dito no valor global de R$ 100,4 bilh\u00f5es para empresas de todos os portes. Apenas para MPMEs, os recursos representaram 80% do valor. No mesmo per\u00edodo de 2023, quando os agentes financeiros operaram R$ 74,5 bilh\u00f5es no total, 73% do valor foi destinado a micro, pequenas e m\u00e9dias empresas.<\/p>\n<h2>BNDES em parceria<\/h2>\n<p>\u201cA parceria do BNDES com os agentes financeiros permite que o Banco alcance mais de 90% dos munic\u00edpios brasileiros, contribuindo com a amplia\u00e7\u00e3o do acesso ao cr\u00e9dito a micro, pequenas e m\u00e9dias empresas, um segmento fundamental para a economia do pa\u00eds e para a gera\u00e7\u00e3o de empregos, al\u00e9m de reduzir as desigualdades regionais\u201d, afirma o presidente da institui\u00e7\u00e3o, Aloizio Mercadante.<\/p>\n<p>Os n\u00fameros foram apresentados no F\u00f3rum dos Agentes Financeiros, realizado neste m\u00eas, na sede do Banco, no Rio de Janeiro (RJ), que contou com a presen\u00e7a de 145 representes de 46 agentes financeiros parceiros da institui\u00e7\u00e3o.<\/p>\n<p><a href=\"https:\/\/agenciadenoticias.bndes.gov.br\/detalhe\/noticia\/Apoio-do-BNDES-a-micro-pequenas-e-medias-empresas-cresceu-46-em-2024\/\" target=\"_blank\" rel=\"noopener noreferrer nofollow\"><em>Por Ag\u00eancia BNDES<\/em><\/a><\/p>\n<p>The post <a rel=\"nofollow\" href=\"https:\/\/tvtnews.com.br\/apoio-do-bndes-a-pequenas-empresas-cresceu-46-em-2024\/\">Apoio do BNDES a pequenas empresas cresceu 46% em 2024<\/a> appeared first on <a rel=\"nofollow\" href=\"https:\/\/tvtnews.com.br\/\">TVT News<\/a>.<\/p>\n<!-- Begin Yuzo --><div class='yuzo_related_post style-1'  data-version='5.12.89'><!-- without result --><div class='yuzo_clearfixed yuzo__title yuzo__title'><h3>Related Post<\/h3><\/div>\n\t\t\t\t\t\t  <div class=\"relatedthumb \" style=\"width:125px;float:left;overflow:hidden;\">  \n\t\t\t\t\t\t\t  \n\t\t\t\t\t\t\t  <a  href=\"https:\/\/redept.com.br\/blogosfera\/comite-do-governo-para-discutir-resposta-a-tarifa-de-trump-inicia-trabalhos-e-tem-reunioes-com-industria-e-agro-nesta-terca-15\/\"  >\n\t\t\t\t\t\t\t\t\t  <div class=\"yuzo-img-wrap \" style=\"width: 125px;height:90px;\">\n\t\t\t\t\t\t\t\t\t\t\n\t\t\t\t\t\t\t\t\t\t<div class=\"yuzo-img\" style=\"background:url('https:\/\/redept.org\/blogosfera\/wp-content\/plugins\/yuzo-related-post\/assets\/images\/default.png') 50% 50% no-repeat;width: 125px;height:90px;margin-bottom: 5px;background-size: cover; \"><\/div>\n\t\t\t\t\t\t\t\t\t  <\/div>\n\t\t\t\t\t\t\t\t\t  \n\t\t\t\t\t\t\t\t   <span class=\"yuzo__text--title\" style=\"font-size:13px;\">Comit\u00ea do governo para discutir resposta \u00e0 tarifa ...<\/span>\n\t\t\t\t\t\t\t  \n\t\t\t\t\t\t\t  \n\t\t\t\t\t\t\t  <\/a>\n\n\t\t\t\t\t\t  <\/div>\n\t\t\t\t\t\t  <div class=\"relatedthumb \" style=\"width:125px;float:left;overflow:hidden;\">  \n\t\t\t\t\t\t\t  \n\t\t\t\t\t\t\t  <a  href=\"https:\/\/redept.com.br\/blogosfera\/congresso-aprova-ldo-com-aumento-real-do-salario-minimo-que-vai-a-r-1-502\/\"  >\n\t\t\t\t\t\t\t\t\t  <div class=\"yuzo-img-wrap \" style=\"width: 125px;height:90px;\">\n\t\t\t\t\t\t\t\t\t\t\n\t\t\t\t\t\t\t\t\t\t<div class=\"yuzo-img\" style=\"background:url('https:\/\/redept.org\/blogosfera\/wp-content\/plugins\/yuzo-related-post\/assets\/images\/default.png') 50% 50% no-repeat;width: 125px;height:90px;margin-bottom: 5px;background-size: cover; \"><\/div>\n\t\t\t\t\t\t\t\t\t  <\/div>\n\t\t\t\t\t\t\t\t\t  \n\t\t\t\t\t\t\t\t   <span class=\"yuzo__text--title\" style=\"font-size:13px;\">Congresso aprova LDO com aumento real do sal\u00e1rio m...<\/span>\n\t\t\t\t\t\t\t  \n\t\t\t\t\t\t\t  \n\t\t\t\t\t\t\t  <\/a>\n\n\t\t\t\t\t\t  <\/div>\n\t\t\t\t\t\t  <div class=\"relatedthumb \" style=\"width:125px;float:left;overflow:hidden;\">  \n\t\t\t\t\t\t\t  \n\t\t\t\t\t\t\t  <a  href=\"https:\/\/redept.com.br\/blogosfera\/bolsonaro-volta-a-sala-de-cirurgia-por-crise-de-solucos-sem-fim-o-que-esta-acontecendo\/\"  >\n\t\t\t\t\t\t\t\t\t  <div class=\"yuzo-img-wrap \" style=\"width: 125px;height:90px;\">\n\t\t\t\t\t\t\t\t\t\t\n\t\t\t\t\t\t\t\t\t\t<div class=\"yuzo-img\" style=\"background:url('https:\/\/redept.org\/blogosfera\/wp-content\/plugins\/yuzo-related-post\/assets\/images\/default.png') 50% 50% no-repeat;width: 125px;height:90px;margin-bottom: 5px;background-size: cover; \"><\/div>\n\t\t\t\t\t\t\t\t\t  <\/div>\n\t\t\t\t\t\t\t\t\t  \n\t\t\t\t\t\t\t\t   <span class=\"yuzo__text--title\" style=\"font-size:13px;\">Bolsonaro volta \u00e0 sala de cirurgia por crise de so...<\/span>\n\t\t\t\t\t\t\t  \n\t\t\t\t\t\t\t  \n\t\t\t\t\t\t\t  <\/a>\n\n\t\t\t\t\t\t  <\/div>\n\t\t\t\t\t\t  <div class=\"relatedthumb \" style=\"width:125px;float:left;overflow:hidden;\">  \n\t\t\t\t\t\t\t  \n\t\t\t\t\t\t\t  <a  href=\"https:\/\/redept.com.br\/blogosfera\/greve-de-entregadores-poe-em-xeque-precarizacao-do-trabalho-por-plataformas\/\"  >\n\t\t\t\t\t\t\t\t\t  <div class=\"yuzo-img-wrap \" style=\"width: 125px;height:90px;\">\n\t\t\t\t\t\t\t\t\t\t\n\t\t\t\t\t\t\t\t\t\t<div class=\"yuzo-img\" style=\"background:url('https:\/\/redept.com.br\/blogosfera\/wp-content\/uploads\/2025\/04\/pint8044-2048x1365-1-150x150.jpg') 50% 50% no-repeat;width: 125px;height:90px;margin-bottom: 5px;background-size: cover; \"><\/div>\n\t\t\t\t\t\t\t\t\t  <\/div>\n\t\t\t\t\t\t\t\t\t  \n\t\t\t\t\t\t\t\t   <span class=\"yuzo__text--title\" style=\"font-size:13px;\">Greve de entregadores p\u00f5e em xeque precariza\u00e7\u00e3o do...<\/span>\n\t\t\t\t\t\t\t  \n\t\t\t\t\t\t\t  \n\t\t\t\t\t\t\t  <\/a>\n\n\t\t\t\t\t\t  <\/div>\n<\/div> <script>\n\t\t\t\t\t\t  jQuery(document).ready(function( $ ){\n\t\t\t\t\t\t\t\/\/jQuery('.yuzo_related_post').equalizer({ overflow : 'relatedthumb' });\n\t\t\t\t\t\t\tjQuery('.yuzo_related_post .yuzo_wraps').equalizer({ columns : '> div' });\n\t\t\t\t\t\t   })\n\t\t\t\t\t\t  <\/script> <!-- End Yuzo :) -->","protected":false},"excerpt":{"rendered":"<p>Entre janeiro e novembro de 2024, o apoio do Banco Nacional de Desenvolvimento Econ\u00f4mico e Social (BNDES) para micro, pequenas e m\u00e9dias empresas (MPME), por meio de opera\u00e7\u00f5es indiretas, cresceu 46% em rela\u00e7\u00e3o ao mesmo per\u00edodo de 2023. Ao todo, foram aprovados cr\u00e9ditos no montante de R$ 80,1 bilh\u00f5es, ante R$ 54,8 bilh\u00f5es no ano [&hellip;]<\/p>\n","protected":false},"author":2,"featured_media":0,"comment_status":"closed","ping_status":"closed","sticky":false,"template":"","format":"standard","meta":{"fifu_image_url":"","fifu_image_alt":"","footnotes":""},"categories":[633,473,221,1258,1030],"tags":[],"class_list":["post-9616","post","type-post","status-publish","format-standard","hentry","category-bndes","category-destaque-medio","category-economia","category-empreendedorismo","category-emprego"],"_links":{"self":[{"href":"https:\/\/redept.com.br\/blogosfera\/wp-json\/wp\/v2\/posts\/9616","targetHints":{"allow":["GET"]}}],"collection":[{"href":"https:\/\/redept.com.br\/blogosfera\/wp-json\/wp\/v2\/posts"}],"about":[{"href":"https:\/\/redept.com.br\/blogosfera\/wp-json\/wp\/v2\/types\/post"}],"author":[{"embeddable":true,"href":"https:\/\/redept.com.br\/blogosfera\/wp-json\/wp\/v2\/users\/2"}],"replies":[{"embeddable":true,"href":"https:\/\/redept.com.br\/blogosfera\/wp-json\/wp\/v2\/comments?post=9616"}],"version-history":[{"count":0,"href":"https:\/\/redept.com.br\/blogosfera\/wp-json\/wp\/v2\/posts\/9616\/revisions"}],"wp:attachment":[{"href":"https:\/\/redept.com.br\/blogosfera\/wp-json\/wp\/v2\/media?parent=9616"}],"wp:term":[{"taxonomy":"category","embeddable":true,"href":"https:\/\/redept.com.br\/blogosfera\/wp-json\/wp\/v2\/categories?post=9616"},{"taxonomy":"post_tag","embeddable":true,"href":"https:\/\/redept.com.br\/blogosfera\/wp-json\/wp\/v2\/tags?post=9616"}],"curies":[{"name":"wp","href":"https:\/\/api.w.org\/{rel}","templated":true}]}}