{"id":96167,"date":"2026-07-19T23:45:17","date_gmt":"2026-07-20T02:45:17","guid":{"rendered":"https:\/\/redept.com.br\/blogosfera\/jogador-da-espanha-tira-sarro-de-trump-imitando-sua-dancinha-segundos-antes-do-time-erguer-a-taca-video\/"},"modified":"2026-07-19T23:45:17","modified_gmt":"2026-07-20T02:45:17","slug":"jogador-da-espanha-tira-sarro-de-trump-imitando-sua-dancinha-segundos-antes-do-time-erguer-a-taca-video","status":"publish","type":"post","link":"https:\/\/redept.com.br\/blogosfera\/jogador-da-espanha-tira-sarro-de-trump-imitando-sua-dancinha-segundos-antes-do-time-erguer-a-taca-video\/","title":{"rendered":"Jogador da Espanha tira sarro de Trump imitando sua dancinha segundos antes do time erguer a ta\u00e7a (v\u00eddeo)"},"content":{"rendered":"<p><img width=\"150\" height=\"105\"src=\"https:\/\/i0.wp.com\/urbsmagna.com\/wp-content\/uploads\/2026\/07\/Jogador-Trump.webp?w=1133&amp;ssl=1\" alt=\"Mikel Merino gesticula e dan\u00e7a imitando a performance coreogr\u00e1fica de Trump, ap\u00f3s ele entregar a Ta\u00e7a \u00e0 sele\u00e7\u00e3o Roja, em Nova Jersey |\u2022| Imagem reprodu\u00e7\u00e3o FIFA\" decoding=\"async\" srcset=\"https:\/\/i0.wp.com\/urbsmagna.com\/wp-content\/uploads\/2026\/07\/Jogador-Trump.webp?w=1133&amp;ssl=1 1133w, https:\/\/i0.wp.com\/urbsmagna.com\/wp-content\/uploads\/2026\/07\/Jogador-Trump.webp?resize=300%2C210&amp;ssl=1 300w, https:\/\/i0.wp.com\/urbsmagna.com\/wp-content\/uploads\/2026\/07\/Jogador-Trump.webp?resize=1024%2C717&amp;ssl=1 1024w, https:\/\/i0.wp.com\/urbsmagna.com\/wp-content\/uploads\/2026\/07\/Jogador-Trump.webp?resize=150%2C105&amp;ssl=1 150w, https:\/\/i0.wp.com\/urbsmagna.com\/wp-content\/uploads\/2026\/07\/Jogador-Trump.webp?resize=768%2C538&amp;ssl=1 768w\" sizes=\"(max-width: 150px) 100vw, 150px\" data-attachment-id=\"317486\" data-permalink=\"https:\/\/urbsmagna.com\/jogador-da-espanha-tira-sarro-de-trump-imitando-sua-dancinha-segundos-antes-do-time-erguer-a-taca-video\/jogador-trump\/\" data-orig-file=\"https:\/\/i0.wp.com\/urbsmagna.com\/wp-content\/uploads\/2026\/07\/Jogador-Trump.webp?fit=1133%2C793&amp;ssl=1\" data-orig-size=\"1133,793\" data-comments-opened=\"1\" data-image-meta='{\"aperture\":\"0\",\"credit\":\"\",\"camera\":\"\",\"caption\":\"\",\"created_timestamp\":\"0\",\"copyright\":\"\",\"focal_length\":\"0\",\"iso\":\"0\",\"shutter_speed\":\"0\",\"title\":\"\",\"orientation\":\"0\",\"alt\":\"\"}' data-image-title=\"Mikel Merino gesticula e dan\u00e7a imitando a performance coreogr\u00e1fica de Trump, ap\u00f3s ele entregar a Ta\u00e7a \u00e0 sele\u00e7\u00e3o Roja, em Nova Jersey |\u2022| Imagem reprodu\u00e7\u00e3o FIFA\" data-image-description=\"&lt;p&gt;Mikel Merino gesticula e dan\u00e7a imitando a performance coreogr\u00e1fica de Trump, ap\u00f3s ele entregar a Ta\u00e7a \u00e0 sele\u00e7\u00e3o Roja, em Nova Jersey |\u2022| Imagem reprodu\u00e7\u00e3o FIFA&lt;\/p&gt;\n\" data-image-caption=\"&lt;p&gt;Mikel Merino gesticula e dan\u00e7a imitando a performance coreogr\u00e1fica de Trump, ap\u00f3s ele entregar a Ta\u00e7a \u00e0 sele\u00e7\u00e3o Roja, em Nova Jersey |\u2022| Imagem reprodu\u00e7\u00e3o FIFA&lt;\/p&gt;\n\" data-large-file=\"https:\/\/i0.wp.com\/urbsmagna.com\/wp-content\/uploads\/2026\/07\/Jogador-Trump.webp?fit=1024%2C717&amp;ssl=1\">Mikel Merino realizou a famosa performance coreogr\u00e1fica ap\u00f3s o presidente dos EUA entregar ao capit\u00e3o do time a Ta\u00e7a pelo bicampeonato na Copa do Mundo de Futebol<\/p>\n<p>O post Jogador da Espanha tira sarro de Trump imitando sua dancinha segundos antes do time erguer a ta\u00e7a (v\u00eddeo) apareceu primeiro em Urbs Magna.<\/p>\n<!-- Begin Yuzo --><div class='yuzo_related_post style-1'  data-version='5.12.89'><!-- without result --><div class='yuzo_clearfixed yuzo__title yuzo__title'><h3>Related Post<\/h3><\/div>\n\t\t\t\t\t\t  <div class=\"relatedthumb \" style=\"width:125px;float:left;overflow:hidden;\">  \n\t\t\t\t\t\t\t  \n\t\t\t\t\t\t\t  <a  href=\"https:\/\/sul21.com.br\/noticias\/politica\/2025\/09\/moraes-nao-ha-duvida-sobre-tentativa-de-golpe-bolsonaro-era-lider\/\"  >\n\t\t\t\t\t\t\t\t\t  <div class=\"yuzo-img-wrap \" style=\"width: 125px;height:90px;\">\n\t\t\t\t\t\t\t\t\t\t\n\t\t\t\t\t\t\t\t\t\t<div class=\"yuzo-img\" style=\"background:url('https:\/\/redept.org\/blogosfera\/wp-content\/plugins\/yuzo-related-post\/assets\/images\/default.png') 50% 50% no-repeat;width: 125px;height:90px;margin-bottom: 5px;background-size: cover; \"><\/div>\n\t\t\t\t\t\t\t\t\t  <\/div>\n\t\t\t\t\t\t\t\t\t  \n\t\t\t\t\t\t\t\t   <span class=\"yuzo__text--title\" style=\"font-size:13px;\">Moraes: n\u00e3o h\u00e1 d\u00favida sobre tentativa de golpe; Bo...<\/span>\n\t\t\t\t\t\t\t  \n\t\t\t\t\t\t\t  \n\t\t\t\t\t\t\t  <\/a>\n\n\t\t\t\t\t\t  <\/div>\n\t\t\t\t\t\t  <div class=\"relatedthumb \" style=\"width:125px;float:left;overflow:hidden;\">  \n\t\t\t\t\t\t\t  \n\t\t\t\t\t\t\t  <a  href=\"https:\/\/redept.com.br\/blogosfera\/ate-o-criador-da-lei-magnitsky-ve-abuso-de-trump-contra-moraes\/\"  >\n\t\t\t\t\t\t\t\t\t  <div class=\"yuzo-img-wrap \" style=\"width: 125px;height:90px;\">\n\t\t\t\t\t\t\t\t\t\t\n\t\t\t\t\t\t\t\t\t\t<div class=\"yuzo-img\" style=\"background:url('https:\/\/redept.com.br\/blogosfera\/wp-content\/uploads\/2025\/08\/William_F_Browder_-_World_Economic_Forum_Annual_Meeting_2011-2048x1365-150x150.jpg') 50% 50% no-repeat;width: 125px;height:90px;margin-bottom: 5px;background-size: cover; \"><\/div>\n\t\t\t\t\t\t\t\t\t  <\/div>\n\t\t\t\t\t\t\t\t\t  \n\t\t\t\t\t\t\t\t   <span class=\"yuzo__text--title\" style=\"font-size:13px;\">At\u00e9 o criador da Lei Magnitsky v\u00ea abuso de Trump c...<\/span>\n\t\t\t\t\t\t\t  \n\t\t\t\t\t\t\t  \n\t\t\t\t\t\t\t  <\/a>\n\n\t\t\t\t\t\t  <\/div>\n\t\t\t\t\t\t  <div class=\"relatedthumb \" style=\"width:125px;float:left;overflow:hidden;\">  \n\t\t\t\t\t\t\t  \n\t\t\t\t\t\t\t  <a  href=\"https:\/\/redept.com.br\/blogosfera\/corregedoria-da-pm-pede-prisao-de-policial-filmado-atirando-homem-de-ponte-em-sp\/\"  >\n\t\t\t\t\t\t\t\t\t  <div class=\"yuzo-img-wrap \" style=\"width: 125px;height:90px;\">\n\t\t\t\t\t\t\t\t\t\t\n\t\t\t\t\t\t\t\t\t\t<div class=\"yuzo-img\" style=\"background:url('https:\/\/redept.org\/blogosfera\/wp-content\/plugins\/yuzo-related-post\/assets\/images\/default.png') 50% 50% no-repeat;width: 125px;height:90px;margin-bottom: 5px;background-size: cover; \"><\/div>\n\t\t\t\t\t\t\t\t\t  <\/div>\n\t\t\t\t\t\t\t\t\t  \n\t\t\t\t\t\t\t\t   <span class=\"yuzo__text--title\" style=\"font-size:13px;\">Corregedoria da PM pede pris\u00e3o de policial filmado...<\/span>\n\t\t\t\t\t\t\t  \n\t\t\t\t\t\t\t  \n\t\t\t\t\t\t\t  <\/a>\n\n\t\t\t\t\t\t  <\/div>\n\t\t\t\t\t\t  <div class=\"relatedthumb \" style=\"width:125px;float:left;overflow:hidden;\">  \n\t\t\t\t\t\t\t  \n\t\t\t\t\t\t\t  <a  href=\"https:\/\/redept.com.br\/blogosfera\/mst-adota-bioinsumos-como-estrategia-para-avancar-na-massificacao-da-agroecologia\/\"  >\n\t\t\t\t\t\t\t\t\t  <div class=\"yuzo-img-wrap \" style=\"width: 125px;height:90px;\">\n\t\t\t\t\t\t\t\t\t\t\n\t\t\t\t\t\t\t\t\t\t<div class=\"yuzo-img\" style=\"background:url('https:\/\/redept.com.br\/blogosfera\/wp-content\/uploads\/2025\/11\/imagens-do-metodo-do-solo-vivo-1-Foto_Iara-Rangel-150x150.jpeg') 50% 50% no-repeat;width: 125px;height:90px;margin-bottom: 5px;background-size: cover; \"><\/div>\n\t\t\t\t\t\t\t\t\t  <\/div>\n\t\t\t\t\t\t\t\t\t  \n\t\t\t\t\t\t\t\t   <span class=\"yuzo__text--title\" style=\"font-size:13px;\">MST adota bioinsumos como estrat\u00e9gia para avan\u00e7ar ...<\/span>\n\t\t\t\t\t\t\t  \n\t\t\t\t\t\t\t  \n\t\t\t\t\t\t\t  <\/a>\n\n\t\t\t\t\t\t  <\/div>\n<\/div> <script>\n\t\t\t\t\t\t  jQuery(document).ready(function( $ ){\n\t\t\t\t\t\t\t\/\/jQuery('.yuzo_related_post').equalizer({ overflow : 'relatedthumb' });\n\t\t\t\t\t\t\tjQuery('.yuzo_related_post .yuzo_wraps').equalizer({ columns : '> div' });\n\t\t\t\t\t\t   })\n\t\t\t\t\t\t  <\/script> <!-- End Yuzo :) -->","protected":false},"excerpt":{"rendered":"<p><img decoding=\"async\" width=\"150\" height=\"105\" src=\"https:\/\/i0.wp.com\/urbsmagna.com\/wp-content\/uploads\/2026\/07\/Jogador-Trump.webp?fit=150%2C105&amp;ssl=1\" alt=\"Mikel Merino gesticula e dan\u00e7a imitando a performance coreogr\u00e1fica de Trump, ap\u00f3s ele entregar a Ta\u00e7a \u00e0 sele\u00e7\u00e3o Roja, em Nova Jersey |\u2022| Imagem reprodu\u00e7\u00e3o FIFA\" data-attachment-id=\"317486\" data-permalink=\"https:\/\/urbsmagna.com\/jogador-da-espanha-tira-sarro-de-trump-imitando-sua-dancinha-segundos-antes-do-time-erguer-a-taca-video\/jogador-trump\/\" data-orig-file=\"https:\/\/i0.wp.com\/urbsmagna.com\/wp-content\/uploads\/2026\/07\/Jogador-Trump.webp?fit=1133%2C793&amp;ssl=1\" data-orig-size=\"1133,793\" data-comments-opened=\"1\" data-image-meta=\"{&quot;aperture&quot;:&quot;0&quot;,&quot;credit&quot;:&quot;&quot;,&quot;camera&quot;:&quot;&quot;,&quot;caption&quot;:&quot;&quot;,&quot;created_timestamp&quot;:&quot;0&quot;,&quot;copyright&quot;:&quot;&quot;,&quot;focal_length&quot;:&quot;0&quot;,&quot;iso&quot;:&quot;0&quot;,&quot;shutter_speed&quot;:&quot;0&quot;,&quot;title&quot;:&quot;&quot;,&quot;orientation&quot;:&quot;0&quot;,&quot;alt&quot;:&quot;&quot;}\" data-image-title=\"Mikel Merino gesticula e dan\u00e7a imitando a performance coreogr\u00e1fica de Trump, ap\u00f3s ele entregar a Ta\u00e7a \u00e0 sele\u00e7\u00e3o Roja, em Nova Jersey |\u2022| Imagem reprodu\u00e7\u00e3o FIFA\" data-image-description=\"&lt;p&gt;Mikel Merino gesticula e dan\u00e7a imitando a performance coreogr\u00e1fica de Trump, ap\u00f3s ele entregar a Ta\u00e7a \u00e0 sele\u00e7\u00e3o Roja, em Nova Jersey |\u2022| Imagem reprodu\u00e7\u00e3o FIFA&lt;\/p&gt;\n\" data-image-caption=\"&lt;p&gt;Mikel Merino gesticula e dan\u00e7a imitando a performance coreogr\u00e1fica de Trump, ap\u00f3s ele entregar a Ta\u00e7a \u00e0 sele\u00e7\u00e3o Roja, em Nova Jersey |\u2022| Imagem reprodu\u00e7\u00e3o FIFA&lt;\/p&gt;\n\" data-large-file=\"https:\/\/i0.wp.com\/urbsmagna.com\/wp-content\/uploads\/2026\/07\/Jogador-Trump.webp?fit=1024%2C717&amp;ssl=1\">Mikel Merino realizou a famosa performance coreogr\u00e1fica ap\u00f3s o presidente dos EUA entregar ao capit\u00e3o do time a Ta\u00e7a pelo bicampeonato na Copa do Mundo de Futebol<\/p>\n<p>O post <a href=\"https:\/\/urbsmagna.com\/jogador-da-espanha-tira-sarro-de-trump-imitando-sua-dancinha-segundos-antes-do-time-erguer-a-taca-video\/\">Jogador da Espanha tira sarro de Trump imitando sua dancinha segundos antes do time erguer a ta\u00e7a (v\u00eddeo)<\/a> apareceu primeiro em <a href=\"https:\/\/urbsmagna.com\/\">Urbs Magna<\/a>.<\/p>\n","protected":false},"author":2,"featured_media":0,"comment_status":"open","ping_status":"closed","sticky":false,"template":"","format":"standard","meta":{"fifu_image_url":"","fifu_image_alt":"","footnotes":""},"categories":[11800,8067,1023,1507,2796,75931,227,1312,7350,50,14141,65394,191,132,5471,75932,75933],"tags":[],"class_list":["post-96167","post","type-post","status-publish","format-standard","hentry","category-copa-do-mundo-2026","category-copa-do-mundo-de-futebol","category-donald-trump","category-esportes","category-fifa","category-final-espanha-x-argentina","category-futebol","category-geopolitica","category-gianni-infantino","category-internacional","category-melania-trump","category-metlife-stadium","category-noticias","category-politica","category-politica-nacional","category-ronaldo-fenomeno","category-taca-da-copa-do-mundo"],"_links":{"self":[{"href":"https:\/\/redept.com.br\/blogosfera\/wp-json\/wp\/v2\/posts\/96167","targetHints":{"allow":["GET"]}}],"collection":[{"href":"https:\/\/redept.com.br\/blogosfera\/wp-json\/wp\/v2\/posts"}],"about":[{"href":"https:\/\/redept.com.br\/blogosfera\/wp-json\/wp\/v2\/types\/post"}],"author":[{"embeddable":true,"href":"https:\/\/redept.com.br\/blogosfera\/wp-json\/wp\/v2\/users\/2"}],"replies":[{"embeddable":true,"href":"https:\/\/redept.com.br\/blogosfera\/wp-json\/wp\/v2\/comments?post=96167"}],"version-history":[{"count":0,"href":"https:\/\/redept.com.br\/blogosfera\/wp-json\/wp\/v2\/posts\/96167\/revisions"}],"wp:attachment":[{"href":"https:\/\/redept.com.br\/blogosfera\/wp-json\/wp\/v2\/media?parent=96167"}],"wp:term":[{"taxonomy":"category","embeddable":true,"href":"https:\/\/redept.com.br\/blogosfera\/wp-json\/wp\/v2\/categories?post=96167"},{"taxonomy":"post_tag","embeddable":true,"href":"https:\/\/redept.com.br\/blogosfera\/wp-json\/wp\/v2\/tags?post=96167"}],"curies":[{"name":"wp","href":"https:\/\/api.w.org\/{rel}","templated":true}]}}