{"id":9618,"date":"2024-12-31T08:49:46","date_gmt":"2024-12-31T11:49:46","guid":{"rendered":"https:\/\/redept.org\/blogosfera\/musk-e-acusado-de-interferir-nas-eleicoes-alemas-em-apoio-a-extrema-direita\/"},"modified":"2024-12-31T08:49:46","modified_gmt":"2024-12-31T11:49:46","slug":"musk-e-acusado-de-interferir-nas-eleicoes-alemas-em-apoio-a-extrema-direita","status":"publish","type":"post","link":"https:\/\/redept.com.br\/blogosfera\/musk-e-acusado-de-interferir-nas-eleicoes-alemas-em-apoio-a-extrema-direita\/","title":{"rendered":"Musk \u00e9 acusado de interferir nas elei\u00e7\u00f5es alem\u00e3s em apoio \u00e0 extrema direita"},"content":{"rendered":"<p><img fetchpriority=\"high\" width=\"903\" height=\"570\"src=\"https:\/\/redept.org\/blogosfera\/wp-content\/uploads\/2024\/12\/Captura-de-Tela-2024-10-02-as-15.41.16.png\" alt=\"\" decoding=\"async\" srcset=\"https:\/\/redept.org\/blogosfera\/wp-content\/uploads\/2024\/12\/Captura-de-Tela-2024-10-02-as-15.41.16.png 903w, https:\/\/vermelho.org.br\/wp-content\/uploads\/2024\/10\/Captura-de-Tela-2024-10-02-as-15.41.16-300x189.png 300w, https:\/\/vermelho.org.br\/wp-content\/uploads\/2024\/10\/Captura-de-Tela-2024-10-02-as-15.41.16-768x485.png 768w\" sizes=\"(max-width: 903px) 100vw, 903px\"><\/p>\n<\/p>\n<p>A ascens\u00e3o da <strong>Alternativa para a Alemanha (AfD) <\/strong>est\u00e1 sendo alimentada e respaldada por vozes influentes da extrema direita internacional. Entre elas, o bilion\u00e1rio e dono da rede social X, <strong>Elon Musk<\/strong>, que foi acusado pelo governo alem\u00e3o nesta segunda (30) de interferir no processo eleitoral do pa\u00eds.<\/p>\n<p>A acusa\u00e7\u00e3o veio ap\u00f3s tu\u00edtes de Musk na rede social X em apoio \u00e0 AfD e um artigo de opini\u00e3o publicado no jornal \u201cDie Welt\u201d.<\/p>\n<p>\u201cElon Musk est\u00e1 de fato tentando influenciar as elei\u00e7\u00f5es do Bundestag com suas declara\u00e7\u00f5es\u201d, afirmou Christiane Hoffmann, porta-voz adjunta do governo alem\u00e3o.<\/p>\n<p>Hoffmann destacou que, apesar de Musk ter liberdade para expressar sua opini\u00e3o, isso n\u00e3o significa que suas declara\u00e7\u00f5es sejam irrelevantes para o contexto pol\u00edtico. \u201cA liberdade de opini\u00e3o \u00e9 um bem precioso. E aqui estamos vendo uma tentativa de exercer influ\u00eancia\u201d, afirmou.<\/p>\n<p>Musk teve artigo publicado no jornal alem\u00e3o neste s\u00e1bado (28), no qual expressou apoio \u00e0 AfD.<\/p>\n<p>No texto, publicado em alem\u00e3o pelo principal jornal do grupo midi\u00e1tico Axel Springer, Musk destrinchou uma postagem que havia feito na plataforma X na semana passada, quando disse \u201cque apenas a AfD pode salvar a Alemanha\u201d.<\/p>\n<p>A editora de Opini\u00e3o do jornal, Eva Marie Kogel, apresentou seu pedido de demiss\u00e3o na sexta\u00a0 (27) em protesto.<\/p>\n<p>Kogel divulgou sua decis\u00e3o no seu perfil no X: \u201cSempre gostei de chefiar o departamento de opini\u00e3o do \u2018Welt\u2019 e \u201cWamS\u201d. Hoje foi publicado um texto de Elon Musk no \u2018Welt am Sonntag\u2019 [vers\u00e3o dominical do \u2018Welt\u2019]. Ontem apresentei minha demiss\u00e3o\u201d.<\/p>\n<p>A Alemanha vive um momento de incerteza pol\u00edtica depois que a coaliz\u00e3o de Olaf Scholz ruiu e novas elei\u00e7\u00f5es foram convocadas. O Bundestag aprovou uma mo\u00e7\u00e3o de censura que destituiu a coliga\u00e7\u00e3o sem\u00e1foro (uni\u00e3o entre os social-democratas do SPD, de Scholz,\u00a0 os liberais do FDP e os verdes).<\/p>\n<p>O post <a href=\"https:\/\/vermelho.org.br\/2024\/12\/31\/musk-e-acusado-de-interferir-nas-eleicoes-alemas-em-apoio-a-extrema-direita\/\">Musk \u00e9 acusado de interferir nas elei\u00e7\u00f5es alem\u00e3s em apoio \u00e0 extrema direita<\/a> apareceu primeiro em <a href=\"https:\/\/vermelho.org.br\/\">Vermelho<\/a>.<\/p>\n<!-- Begin Yuzo --><div class='yuzo_related_post style-1'  data-version='5.12.89'><!-- without result --><div class='yuzo_clearfixed yuzo__title yuzo__title'><h3>Related Post<\/h3><\/div>\n\t\t\t\t\t\t  <div class=\"relatedthumb \" style=\"width:125px;float:left;overflow:hidden;\">  \n\t\t\t\t\t\t\t  \n\t\t\t\t\t\t\t  <a  href=\"https:\/\/redept.com.br\/blogosfera\/comunicadores-organizam-acoes-para-amplificar-solidariedade-a-cuba\/\"  >\n\t\t\t\t\t\t\t\t\t  <div class=\"yuzo-img-wrap \" style=\"width: 125px;height:90px;\">\n\t\t\t\t\t\t\t\t\t\t\n\t\t\t\t\t\t\t\t\t\t<div class=\"yuzo-img\" style=\"background:url('https:\/\/redept.com.br\/blogosfera\/wp-content\/uploads\/2026\/03\/Captura-de-Tela-2026-03-14-as-173951-2048x1038-1-150x150.png') 50% 50% no-repeat;width: 125px;height:90px;margin-bottom: 5px;background-size: cover; \"><\/div>\n\t\t\t\t\t\t\t\t\t  <\/div>\n\t\t\t\t\t\t\t\t\t  \n\t\t\t\t\t\t\t\t   <span class=\"yuzo__text--title\" style=\"font-size:13px;\">Comunicadores organizam a\u00e7\u00f5es para amplificar soli...<\/span>\n\t\t\t\t\t\t\t  \n\t\t\t\t\t\t\t  \n\t\t\t\t\t\t\t  <\/a>\n\n\t\t\t\t\t\t  <\/div>\n\t\t\t\t\t\t  <div class=\"relatedthumb \" style=\"width:125px;float:left;overflow:hidden;\">  \n\t\t\t\t\t\t\t  \n\t\t\t\t\t\t\t  <a  href=\"https:\/\/redept.com.br\/blogosfera\/em-ano-eleitoral-governo-lula-concede-nova-radio-para-grupo-ligado-a-familia-collins-em-pernambuco\/\"  >\n\t\t\t\t\t\t\t\t\t  <div class=\"yuzo-img-wrap \" style=\"width: 125px;height:90px;\">\n\t\t\t\t\t\t\t\t\t\t\n\t\t\t\t\t\t\t\t\t\t<div class=\"yuzo-img\" style=\"background:url('https:\/\/redept.org\/blogosfera\/wp-content\/plugins\/yuzo-related-post\/assets\/images\/default.png') 50% 50% no-repeat;width: 125px;height:90px;margin-bottom: 5px;background-size: cover; \"><\/div>\n\t\t\t\t\t\t\t\t\t  <\/div>\n\t\t\t\t\t\t\t\t\t  \n\t\t\t\t\t\t\t\t   <span class=\"yuzo__text--title\" style=\"font-size:13px;\">Em ano eleitoral, governo Lula concede nova r\u00e1dio ...<\/span>\n\t\t\t\t\t\t\t  \n\t\t\t\t\t\t\t  \n\t\t\t\t\t\t\t  <\/a>\n\n\t\t\t\t\t\t  <\/div>\n\t\t\t\t\t\t  <div class=\"relatedthumb \" style=\"width:125px;float:left;overflow:hidden;\">  \n\t\t\t\t\t\t\t  \n\t\t\t\t\t\t\t  <a  href=\"https:\/\/redept.com.br\/blogosfera\/franceses-e-britanicos-estao-prestes-a-reconhecer-estado-palestino-mas-afinal-o-que-isso-significa\/\"  >\n\t\t\t\t\t\t\t\t\t  <div class=\"yuzo-img-wrap \" style=\"width: 125px;height:90px;\">\n\t\t\t\t\t\t\t\t\t\t\n\t\t\t\t\t\t\t\t\t\t<div class=\"yuzo-img\" style=\"background:url('https:\/\/redept.org\/blogosfera\/wp-content\/plugins\/yuzo-related-post\/assets\/images\/default.png') 50% 50% no-repeat;width: 125px;height:90px;margin-bottom: 5px;background-size: cover; \"><\/div>\n\t\t\t\t\t\t\t\t\t  <\/div>\n\t\t\t\t\t\t\t\t\t  \n\t\t\t\t\t\t\t\t   <span class=\"yuzo__text--title\" style=\"font-size:13px;\">Franceses e brit\u00e2nicos est\u00e3o prestes a reconhecer ...<\/span>\n\t\t\t\t\t\t\t  \n\t\t\t\t\t\t\t  \n\t\t\t\t\t\t\t  <\/a>\n\n\t\t\t\t\t\t  <\/div>\n\t\t\t\t\t\t  <div class=\"relatedthumb \" style=\"width:125px;float:left;overflow:hidden;\">  \n\t\t\t\t\t\t\t  \n\t\t\t\t\t\t\t  <a  href=\"https:\/\/redept.com.br\/blogosfera\/guedes-e-moro-foram-alertados-sobre-fraudes-no-inss-durante-governo-bolsonaro\/\"  >\n\t\t\t\t\t\t\t\t\t  <div class=\"yuzo-img-wrap \" style=\"width: 125px;height:90px;\">\n\t\t\t\t\t\t\t\t\t\t\n\t\t\t\t\t\t\t\t\t\t<div class=\"yuzo-img\" style=\"background:url('https:\/\/redept.org\/blogosfera\/wp-content\/plugins\/yuzo-related-post\/assets\/images\/default.png') 50% 50% no-repeat;width: 125px;height:90px;margin-bottom: 5px;background-size: cover; \"><\/div>\n\t\t\t\t\t\t\t\t\t  <\/div>\n\t\t\t\t\t\t\t\t\t  \n\t\t\t\t\t\t\t\t   <span class=\"yuzo__text--title\" style=\"font-size:13px;\">Guedes e Moro foram alertados sobre fraudes no INS...<\/span>\n\t\t\t\t\t\t\t  \n\t\t\t\t\t\t\t  \n\t\t\t\t\t\t\t  <\/a>\n\n\t\t\t\t\t\t  <\/div>\n<\/div> <script>\n\t\t\t\t\t\t  jQuery(document).ready(function( $ ){\n\t\t\t\t\t\t\t\/\/jQuery('.yuzo_related_post').equalizer({ overflow : 'relatedthumb' });\n\t\t\t\t\t\t\tjQuery('.yuzo_related_post .yuzo_wraps').equalizer({ columns : '> div' });\n\t\t\t\t\t\t   })\n\t\t\t\t\t\t  <\/script> <!-- End Yuzo :) -->","protected":false},"excerpt":{"rendered":"<p>A ascens\u00e3o da Alternativa para a Alemanha (AfD) est\u00e1 sendo alimentada e respaldada por vozes influentes da extrema direita internacional. Entre elas, o bilion\u00e1rio e dono da rede social X, Elon Musk, que foi acusado pelo governo alem\u00e3o nesta segunda (30) de interferir no processo eleitoral do pa\u00eds. A acusa\u00e7\u00e3o veio ap\u00f3s tu\u00edtes de Musk [&hellip;]<\/p>\n","protected":false},"author":2,"featured_media":9619,"comment_status":"closed","ping_status":"closed","sticky":false,"template":"","format":"standard","meta":{"fifu_image_url":"","fifu_image_alt":"","footnotes":""},"categories":[463,776,2989,50],"tags":[],"class_list":["post-9618","post","type-post","status-publish","format-standard","has-post-thumbnail","hentry","category-alemanha","category-elon-musk","category-interferencia-geopolitica","category-internacional"],"_links":{"self":[{"href":"https:\/\/redept.com.br\/blogosfera\/wp-json\/wp\/v2\/posts\/9618","targetHints":{"allow":["GET"]}}],"collection":[{"href":"https:\/\/redept.com.br\/blogosfera\/wp-json\/wp\/v2\/posts"}],"about":[{"href":"https:\/\/redept.com.br\/blogosfera\/wp-json\/wp\/v2\/types\/post"}],"author":[{"embeddable":true,"href":"https:\/\/redept.com.br\/blogosfera\/wp-json\/wp\/v2\/users\/2"}],"replies":[{"embeddable":true,"href":"https:\/\/redept.com.br\/blogosfera\/wp-json\/wp\/v2\/comments?post=9618"}],"version-history":[{"count":0,"href":"https:\/\/redept.com.br\/blogosfera\/wp-json\/wp\/v2\/posts\/9618\/revisions"}],"wp:featuredmedia":[{"embeddable":true,"href":"https:\/\/redept.com.br\/blogosfera\/wp-json\/wp\/v2\/media\/9619"}],"wp:attachment":[{"href":"https:\/\/redept.com.br\/blogosfera\/wp-json\/wp\/v2\/media?parent=9618"}],"wp:term":[{"taxonomy":"category","embeddable":true,"href":"https:\/\/redept.com.br\/blogosfera\/wp-json\/wp\/v2\/categories?post=9618"},{"taxonomy":"post_tag","embeddable":true,"href":"https:\/\/redept.com.br\/blogosfera\/wp-json\/wp\/v2\/tags?post=9618"}],"curies":[{"name":"wp","href":"https:\/\/api.w.org\/{rel}","templated":true}]}}