{"id":96220,"date":"2026-07-20T14:34:35","date_gmt":"2026-07-20T17:34:35","guid":{"rendered":"https:\/\/redept.com.br\/blogosfera\/exu-mulher-e-o-mundo-dos-homens-traz-a-mitologia-ioruba-para-criancas\/"},"modified":"2026-07-20T14:34:35","modified_gmt":"2026-07-20T17:34:35","slug":"exu-mulher-e-o-mundo-dos-homens-traz-a-mitologia-ioruba-para-criancas","status":"publish","type":"post","link":"https:\/\/redept.com.br\/blogosfera\/exu-mulher-e-o-mundo-dos-homens-traz-a-mitologia-ioruba-para-criancas\/","title":{"rendered":"Exu-Mulher e o Mundo dos Homens traz a mitologia iorub\u00e1 para crian\u00e7as"},"content":{"rendered":"<\/p>\n<p>Depois de conquistar o <a href=\"https:\/\/tvtnews.com.br\/premio-jabuti-academico-anuncia-as-obras-premiadas\/\" data-type=\"post\" data-id=\"716237\">Pr\u00eamio Jabuti Acad\u00eamico 2024<\/a> com <a href=\"https:\/\/tvtnews.com.br\/dia-da-consciencia-negra-dica-de-leitura-exu-mulher\/\" data-type=\"post\" data-id=\"770947\">Exu-Mulher e o Matriarcado Nag\u00f4<\/a>, que <a href=\"https:\/\/tvtnews.com.br\/carnaval-2025-exu-mulher-tema-escola-perola-negra\/\" data-type=\"link\" data-id=\"https:\/\/tvtnews.com.br\/carnaval-2025-exu-mulher-tema-escola-perola-negra\/\">inspirou o enredo campe\u00e3o da Escola de Samba P\u00e9rola Negra no Carnaval de 2025<\/a> (SP), a jornalista, pesquisadora e escritora Claudia Alexandre, faz sua estreia na literatura juvenil com o livro Exu-Mulher e o Mundo dos Homens.<\/p>\n<p>A obra ser\u00e1 publicada pelo selo <a href=\"https:\/\/editoraaruanda.com.br\/selo\/borboleta-de-aruanda\/\" data-type=\"link\" data-id=\"https:\/\/editoraaruanda.com.br\/selo\/borboleta-de-aruanda\/\" target=\"_blank\" rel=\"noopener noreferrer nofollow\">Borboleta de Aruanda<\/a>, selo dedicado \u00e0 <a href=\"https:\/\/tvtnews.com.br\/mec-livros-tera-acervo-ampliado-para-25-mil-obras\/\" data-type=\"post\" data-id=\"786032\">literatura para crian\u00e7as e adolescentes<\/a> da Editora Aruanda, a mesma casa editorial respons\u00e1vel por Exu-Mulher e o Matriarcado Nag\u00f4, livro que investiga a masculiniza\u00e7\u00e3o, a demoniza\u00e7\u00e3o de Exu e as tens\u00f5es de g\u00eanero na forma\u00e7\u00e3o dos candombl\u00e9s brasileiros.<\/p>\n<p>O lan\u00e7amento acontecer\u00e1 durante a <a href=\"https:\/\/tvtnews.com.br\/flip-2026-tera-zadie-smith-carmen-lucia-drauzio-varella-e-debates-sobre-democracia-e-memoria\/\" data-type=\"link\" data-id=\"https:\/\/tvtnews.com.br\/flip-2026-tera-zadie-smith-carmen-lucia-drauzio-varella-e-debates-sobre-democracia-e-memoria\/\">24\u00aa Festa Liter\u00e1ria Internacional de Paraty (Flip)<\/a>, no pr\u00f3ximo dia 24 de julho, em uma programa\u00e7\u00e3o que marcar\u00e1 a estreia da autora na literatura voltada \u00e0s novas gera\u00e7\u00f5es. Claudia Alexandre participar\u00e1 de tr\u00eas atividades dedicadas ao di\u00e1logo entre literatura, ancestralidade, cultura afro-brasileira e inf\u00e2ncia: \u00e0s 14h, na Casa Po\u00e9ticas Negras; \u00e0s 16h30, na Casa da Favela; e \u00e0s 20h, na Casa O\u00e1sis, onde tamb\u00e9m apresentar\u00e1 a nova obra ao p\u00fablico.<\/p>\n<h2>Exu-Mulher e o Mundo dos Homens: o mundo dos orix\u00e1s para crian\u00e7as<\/h2>\n<p>Inspirado na riqueza da <a href=\"https:\/\/tvtnews.com.br\/historias-que-encantam-aproxima-raizes-africanas\/\" data-type=\"post\" data-id=\"771035\">cosmologia iorub\u00e1<\/a>, Exu-Mulher e o Mundo dos Homens apresenta uma narrativa m\u00edtica e contempor\u00e2nea sobre equil\u00edbrio, natureza e humanidade. <\/p>\n<p>Na hist\u00f3ria, o c\u00e9u do Orun escurece e as pontes m\u00e1gicas que ligam o mundo dos orix\u00e1s ao ay\u00ea \u2014 a Terra \u2014 come\u00e7am a perder sua for\u00e7a. Florestas adoecem, rios sofrem, animais desaparecem e os seres humanos parecem ter esquecido como cuidar uns dos outros.<\/p>\n<p>Diante da amea\u00e7a de destrui\u00e7\u00e3o de sua maior cria\u00e7\u00e3o, <a href=\"https:\/\/tvtnews.com.br\/animacao-mito-cultura-yoruba-estreia\/\" data-type=\"post\" data-id=\"751297\">Olodumar\u00e9<\/a> re\u00fane os orix\u00e1s em busca de uma solu\u00e7\u00e3o. Mas a resposta surge de onde ningu\u00e9m esperava: Exu-Mulher, personagem que revela que o mundo perdeu o equil\u00edbrio ao esquecer uma parte essencial da pr\u00f3pria cria\u00e7\u00e3o.<\/p>\n<\/p>\n<figure><img fetchpriority=\"high\" fetchpriority=\"high\" decoding=\"async\" width=\"863\" height=\"1024\"src=\"https:\/\/redept.com.br\/blogosfera\/wp-content\/uploads\/2026\/07\/exu_mulher_borboleta.jpeg\" alt=\"exu-mulher-e-o-mundo-dos-homens-traz-a-mitologia-ioruba-para-criancas-tvt-news\" title=\"Exu-Mulher e o Mundo dos Homens traz a mitologia iorub\u00e1 para crian\u00e7as 5\" srcset=\"https:\/\/tvtnews.com.br\/wp-content\/uploads\/2026\/07\/exu_mulher_borboleta-863x1024.jpeg 863w, https:\/\/tvtnews.com.br\/wp-content\/uploads\/2026\/07\/exu_mulher_borboleta-253x300.jpeg 253w, https:\/\/tvtnews.com.br\/wp-content\/uploads\/2026\/07\/exu_mulher_borboleta-768x911.jpeg 768w, https:\/\/redept.com.br\/blogosfera\/wp-content\/uploads\/2026\/07\/exu_mulher_borboleta.jpeg 1246w\" sizes=\"(max-width: 863px) 100vw, 863px\"><figcaption>Exu-Mulher e o Mundo dos Homens convida jovens leitores a refletirem sobre temas urgentes da atualidade. Imagem: Editora Aruanda<\/figcaption><\/figure>\n<\/p>\n<p>Misturando aventura, imagina\u00e7\u00e3o e ancestralidade, Exu-Mulher e o Mundo dos Homens convida jovens leitores a refletirem sobre temas urgentes da atualidade, como a crise ambiental, o respeito \u00e0s diferen\u00e7as, a responsabilidade coletiva e a import\u00e2ncia da complementaridade entre as for\u00e7as feminina e masculina para a constru\u00e7\u00e3o do bem-viver. <\/p>\n<p>Inspirada na tradi\u00e7\u00e3o iorub\u00e1, a autora convida o p\u00fablico a pensar sobre as consequ\u00eancias da <a href=\"https:\/\/tvtnews.com.br\/yt_short\/angela-dippe-estrela-comedia-da-puberdade-a-menopausa\/\" data-type=\"yt_short\" data-id=\"792325\">viol\u00eancia patriarcal<\/a>, da ruptura dos la\u00e7os comunit\u00e1rios e do afastamento entre humanidade e natureza. Ao mesmo tempo, apresenta caminhos de reconex\u00e3o, cuidado e responsabilidade coletiva a partir de valores ancestrais africanos.<\/p>\n<p>A publica\u00e7\u00e3o marca uma nova etapa na trajet\u00f3ria liter\u00e1ria de Claudia Alexandre, reconhecida por sua produ\u00e7\u00e3o acad\u00eamica sobre religiosidades afro-brasileiras, cultura negra e carnaval. Ainda em 2026, a autora lan\u00e7ar\u00e1 tamb\u00e9m <a href=\"https:\/\/tvtnews.com.br\/vila-isabel-pagara-divida-da-sapucai-com-heitor-dos-prazeres\/\" data-type=\"post\" data-id=\"778304\">Tia Ciata<\/a> e o Mist\u00e9rio da Foto, pela Editora Cortez, durante a <a href=\"https:\/\/tvtnews.com.br\/biblioteconomistas-debatem-censura-na-bienal-do-livro\/\" data-type=\"post\" data-id=\"726530\">Bienal Internacional do Livro<\/a> de S\u00e3o Paulo, em 12 de setembro. A obra infantil aborda, por meio da fic\u00e7\u00e3o, a preserva\u00e7\u00e3o da mem\u00f3ria de uma das mais importantes matriarcas do samba brasileiro e a invisibiliza\u00e7\u00e3o hist\u00f3rica das mulheres negras.<\/p>\n<p>Com Exu-Mulher e o Mundo dos Homens, Claudia Alexandre amplia seu di\u00e1logo com as novas gera\u00e7\u00f5es, transformando a tradi\u00e7\u00e3o oral e a cosmologia dos orix\u00e1s em uma narrativa acess\u00edvel, sens\u00edvel e comprometida com a valoriza\u00e7\u00e3o das matrizes africanas e afro-brasileiras. <\/p>\n<p>A obra convida crian\u00e7as, adolescentes e suas fam\u00edlias a refletirem sobre um princ\u00edpio fundamental da tradi\u00e7\u00e3o iorub\u00e1: o equil\u00edbrio do mundo depende da capacidade de caminhar juntos, em respeito \u00e0 natureza, \u00e0 diversidade e \u00e0 complementaridade entre as diferentes for\u00e7as da vida.<\/p>\n<\/p>\n<blockquote data-instgrm-captioned data-instgrm-permalink=\"https:\/\/www.instagram.com\/p\/Da5dUZuEWJe\/?utm_source=ig_embed&amp;utm_campaign=loading\" data-instgrm-version=\"14\">\n<div> <a href=\"https:\/\/www.instagram.com\/p\/Da5dUZuEWJe\/?utm_source=ig_embed&amp;utm_campaign=loading\" target=\"_blank\" rel=\"noopener noreferrer nofollow\"> <\/p>\n<div>\n<div><\/div>\n<div>\n<div><\/div>\n<div><\/div>\n<\/div>\n<\/div>\n<div><\/div>\n<div><svg width=\"50px\" height=\"50px\" viewbox=\"0 0 60 60\" version=\"1.1\" xmlns=\"https:\/\/www.w3.org\/2000\/svg\" xmlns:xlink=\"https:\/\/www.w3.org\/1999\/xlink\"><g stroke=\"none\" stroke-width=\"1\" fill=\"none\" fill-rule=\"evenodd\"><g transform=\"translate(-511.000000, -20.000000)\" fill=\"#000000\"><g><path d=\"M556.869,30.41 C554.814,30.41 553.148,32.076 553.148,34.131 C553.148,36.186 554.814,37.852 556.869,37.852 C558.924,37.852 560.59,36.186 560.59,34.131 C560.59,32.076 558.924,30.41 556.869,30.41 M541,60.657 C535.114,60.657 530.342,55.887 530.342,50 C530.342,44.114 535.114,39.342 541,39.342 C546.887,39.342 551.658,44.114 551.658,50 C551.658,55.887 546.887,60.657 541,60.657 M541,33.886 C532.1,33.886 524.886,41.1 524.886,50 C524.886,58.899 532.1,66.113 541,66.113 C549.9,66.113 557.115,58.899 557.115,50 C557.115,41.1 549.9,33.886 541,33.886 M565.378,62.101 C565.244,65.022 564.756,66.606 564.346,67.663 C563.803,69.06 563.154,70.057 562.106,71.106 C561.058,72.155 560.06,72.803 558.662,73.347 C557.607,73.757 556.021,74.244 553.102,74.378 C549.944,74.521 548.997,74.552 541,74.552 C533.003,74.552 532.056,74.521 528.898,74.378 C525.979,74.244 524.393,73.757 523.338,73.347 C521.94,72.803 520.942,72.155 519.894,71.106 C518.846,70.057 518.197,69.06 517.654,67.663 C517.244,66.606 516.755,65.022 516.623,62.101 C516.479,58.943 516.448,57.996 516.448,50 C516.448,42.003 516.479,41.056 516.623,37.899 C516.755,34.978 517.244,33.391 517.654,32.338 C518.197,30.938 518.846,29.942 519.894,28.894 C520.942,27.846 521.94,27.196 523.338,26.654 C524.393,26.244 525.979,25.756 528.898,25.623 C532.057,25.479 533.004,25.448 541,25.448 C548.997,25.448 549.943,25.479 553.102,25.623 C556.021,25.756 557.607,26.244 558.662,26.654 C560.06,27.196 561.058,27.846 562.106,28.894 C563.154,29.942 563.803,30.938 564.346,32.338 C564.756,33.391 565.244,34.978 565.378,37.899 C565.522,41.056 565.552,42.003 565.552,50 C565.552,57.996 565.522,58.943 565.378,62.101 M570.82,37.631 C570.674,34.438 570.167,32.258 569.425,30.349 C568.659,28.377 567.633,26.702 565.965,25.035 C564.297,23.368 562.623,22.342 560.652,21.575 C558.743,20.834 556.562,20.326 553.369,20.18 C550.169,20.033 549.148,20 541,20 C532.853,20 531.831,20.033 528.631,20.18 C525.438,20.326 523.257,20.834 521.349,21.575 C519.376,22.342 517.703,23.368 516.035,25.035 C514.368,26.702 513.342,28.377 512.574,30.349 C511.834,32.258 511.326,34.438 511.181,37.631 C511.035,40.831 511,41.851 511,50 C511,58.147 511.035,59.17 511.181,62.369 C511.326,65.562 511.834,67.743 512.574,69.651 C513.342,71.625 514.368,73.296 516.035,74.965 C517.703,76.634 519.376,77.658 521.349,78.425 C523.257,79.167 525.438,79.673 528.631,79.82 C531.831,79.965 532.853,80.001 541,80.001 C549.148,80.001 550.169,79.965 553.369,79.82 C556.562,79.673 558.743,79.167 560.652,78.425 C562.623,77.658 564.297,76.634 565.965,74.965 C567.633,73.296 568.659,71.625 569.425,69.651 C570.167,67.743 570.674,65.562 570.82,62.369 C570.966,59.17 571,58.147 571,50 C571,41.851 570.966,40.831 570.82,37.631\"><\/path><\/g><\/g><\/g><\/svg><\/div>\n<div>\n<div>Ver essa foto no Instagram<\/div>\n<\/div>\n<div><\/div>\n<div>\n<div>\n<div><\/div>\n<div><\/div>\n<div><\/div>\n<\/div>\n<div>\n<div><\/div>\n<div><\/div>\n<\/div>\n<div>\n<div><\/div>\n<div><\/div>\n<div><\/div>\n<\/div>\n<\/div>\n<div>\n<div><\/div>\n<div><\/div>\n<\/div>\n<p><\/a><\/p>\n<p><a href=\"https:\/\/www.instagram.com\/p\/Da5dUZuEWJe\/?utm_source=ig_embed&amp;utm_campaign=loading\" target=\"_blank\" rel=\"noopener noreferrer nofollow\">Um post compartilhado por Claudinha Alexandre (@claualex16)<\/a><\/p>\n<\/div>\n<\/blockquote>\n<h2>Sobre a autora de Exu-Mulher e o Mundo dos Homens<\/h2>\n<p><a href=\"https:\/\/tvtnews.com.br\/2-dezembro-dia-nacional-samba-batida-identidade\/\" data-type=\"post\" data-id=\"772494\">Claudia Alexandre<\/a> \u00e9 jornalista, doutora em Ci\u00eancia da Religi\u00e3o, p\u00f3s-doutoranda em Antropologia Social, escritora e pesquisadora das rela\u00e7\u00f5es entre religiosidades afro-brasileiras, mem\u00f3ria, carnaval e cultura negra. <\/p>\n<p>\u00c9 autora de Exu-Mulher e o Matriarcado Nag\u00f4, vencedor do Pr\u00eamio Jabuti Acad\u00eamico 2024, obra que inspirou o enredo campe\u00e3o da Escola de Samba P\u00e9rola Negra em 2025. <\/p>\n<p>Com Exu-Mulher e o Mundo dos Homens, faz sua estreia na <a href=\"https:\/\/tvtnews.com.br\/15-livros-para-ler-no-mec-livros-veja-recomendacao\/\" data-type=\"post\" data-id=\"785620\">literatura para crian\u00e7as e jovens<\/a>, ampliando sua produ\u00e7\u00e3o para novos p\u00fablicos sem abrir m\u00e3o do compromisso com a valoriza\u00e7\u00e3o das matrizes africanas e afro-brasileiras. Ainda em 2026, lan\u00e7ar\u00e1 Tia Ciata e o Mist\u00e9rio da Foto, pela Editora Cortez, durante a Bienal Internacional do Livro de S\u00e3o Paulo.<\/p>\n<\/p>\n<h2>Leia tamb\u00e9m<\/h2>\n<ul>\n<li><a href=\"https:\/\/tvtnews.com.br\/copa-do-mundo-feminina-2027-no-brasil-tera-32-selecoes\/\">Copa do Mundo Feminina 2027 no Brasil ter\u00e1 32 sele\u00e7\u00f5es<\/a><\/li>\n<li><a href=\"https:\/\/tvtnews.com.br\/20-de-julho-e-o-dia-do-amigo-conheca-amizades\/\">20 de julho \u00e9 o dia do amigo: conhe\u00e7a amizades que marcaram a literatura, a m\u00fasica e o esporte<\/a><\/li>\n<\/ul>\n<p>The post <a rel=\"nofollow\" href=\"https:\/\/tvtnews.com.br\/exu-mulher-e-o-mundo-dos-homens-ioruba-pra-criancas\/\">Exu-Mulher e o Mundo dos Homens traz a mitologia iorub\u00e1 para crian\u00e7as<\/a> appeared first on <a rel=\"nofollow\" href=\"https:\/\/tvtnews.com.br\/\">TVT News<\/a>.<\/p>\n<!-- Begin Yuzo --><div class='yuzo_related_post style-1'  data-version='5.12.89'><!-- without result --><div class='yuzo_clearfixed yuzo__title yuzo__title'><h3>Related Post<\/h3><\/div>\n\t\t\t\t\t\t  <div class=\"relatedthumb \" style=\"width:125px;float:left;overflow:hidden;\">  \n\t\t\t\t\t\t\t  \n\t\t\t\t\t\t\t  <a  href=\"https:\/\/redept.com.br\/blogosfera\/israel-torna-envio-de-ajuda-para-gaza-o-mais-complicado-possivel-denunciam-ongs\/\"  >\n\t\t\t\t\t\t\t\t\t  <div class=\"yuzo-img-wrap \" style=\"width: 125px;height:90px;\">\n\t\t\t\t\t\t\t\t\t\t\n\t\t\t\t\t\t\t\t\t\t<div class=\"yuzo-img\" style=\"background:url('https:\/\/redept.com.br\/blogosfera\/wp-content\/uploads\/2025\/07\/whatsapp-image-2025-07-30-at-185212-150x150.jpeg') 50% 50% no-repeat;width: 125px;height:90px;margin-bottom: 5px;background-size: cover; \"><\/div>\n\t\t\t\t\t\t\t\t\t  <\/div>\n\t\t\t\t\t\t\t\t\t  \n\t\t\t\t\t\t\t\t   <span class=\"yuzo__text--title\" style=\"font-size:13px;\">Israel torna envio de ajuda para Gaza \u2018o mais comp...<\/span>\n\t\t\t\t\t\t\t  \n\t\t\t\t\t\t\t  \n\t\t\t\t\t\t\t  <\/a>\n\n\t\t\t\t\t\t  <\/div>\n\t\t\t\t\t\t  <div class=\"relatedthumb \" style=\"width:125px;float:left;overflow:hidden;\">  \n\t\t\t\t\t\t\t  \n\t\t\t\t\t\t\t  <a  href=\"https:\/\/redept.com.br\/blogosfera\/a-critica-do-bolsonarismo-a-midia-e-ao-judiciario-e-ridicula-nao-fossem-eles-bolsonaro-jamais-seria-presidente\/\"  >\n\t\t\t\t\t\t\t\t\t  <div class=\"yuzo-img-wrap \" style=\"width: 125px;height:90px;\">\n\t\t\t\t\t\t\t\t\t\t\n\t\t\t\t\t\t\t\t\t\t<div class=\"yuzo-img\" style=\"background:url('https:\/\/redept.org\/blogosfera\/wp-content\/plugins\/yuzo-related-post\/assets\/images\/default.png') 50% 50% no-repeat;width: 125px;height:90px;margin-bottom: 5px;background-size: cover; \"><\/div>\n\t\t\t\t\t\t\t\t\t  <\/div>\n\t\t\t\t\t\t\t\t\t  \n\t\t\t\t\t\t\t\t   <span class=\"yuzo__text--title\" style=\"font-size:13px;\">A cr\u00edtica do bolsonarismo \u00e0 m\u00eddia e ao judici\u00e1rio ...<\/span>\n\t\t\t\t\t\t\t  \n\t\t\t\t\t\t\t  \n\t\t\t\t\t\t\t  <\/a>\n\n\t\t\t\t\t\t  <\/div>\n\t\t\t\t\t\t  <div class=\"relatedthumb \" style=\"width:125px;float:left;overflow:hidden;\">  \n\t\t\t\t\t\t\t  \n\t\t\t\t\t\t\t  <a  href=\"https:\/\/redept.com.br\/blogosfera\/centrais-sindicais-do-parana-conquistam-em-negociacao-maior-salario-minimo-regional-do-pais\/\"  >\n\t\t\t\t\t\t\t\t\t  <div class=\"yuzo-img-wrap \" style=\"width: 125px;height:90px;\">\n\t\t\t\t\t\t\t\t\t\t\n\t\t\t\t\t\t\t\t\t\t<div class=\"yuzo-img\" style=\"background:url('https:\/\/redept.org\/blogosfera\/wp-content\/plugins\/yuzo-related-post\/assets\/images\/default.png') 50% 50% no-repeat;width: 125px;height:90px;margin-bottom: 5px;background-size: cover; \"><\/div>\n\t\t\t\t\t\t\t\t\t  <\/div>\n\t\t\t\t\t\t\t\t\t  \n\t\t\t\t\t\t\t\t   <span class=\"yuzo__text--title\" style=\"font-size:13px;\">Centrais sindicais do Paran\u00e1 conquistam, em negoci...<\/span>\n\t\t\t\t\t\t\t  \n\t\t\t\t\t\t\t  \n\t\t\t\t\t\t\t  <\/a>\n\n\t\t\t\t\t\t  <\/div>\n\t\t\t\t\t\t  <div class=\"relatedthumb \" style=\"width:125px;float:left;overflow:hidden;\">  \n\t\t\t\t\t\t\t  \n\t\t\t\t\t\t\t  <a  href=\"https:\/\/redept.com.br\/blogosfera\/distrito-federal-recebe-6a-conferencia-brasileira-de-restauracao-ecologica\/\"  >\n\t\t\t\t\t\t\t\t\t  <div class=\"yuzo-img-wrap \" style=\"width: 125px;height:90px;\">\n\t\t\t\t\t\t\t\t\t\t\n\t\t\t\t\t\t\t\t\t\t<div class=\"yuzo-img\" style=\"background:url('https:\/\/redept.org\/blogosfera\/wp-content\/plugins\/yuzo-related-post\/assets\/images\/default.png') 50% 50% no-repeat;width: 125px;height:90px;margin-bottom: 5px;background-size: cover; \"><\/div>\n\t\t\t\t\t\t\t\t\t  <\/div>\n\t\t\t\t\t\t\t\t\t  \n\t\t\t\t\t\t\t\t   <span class=\"yuzo__text--title\" style=\"font-size:13px;\">Distrito Federal recebe 6\u00aa Confer\u00eancia Brasileira ...<\/span>\n\t\t\t\t\t\t\t  \n\t\t\t\t\t\t\t  \n\t\t\t\t\t\t\t  <\/a>\n\n\t\t\t\t\t\t  <\/div>\n<\/div> <script>\n\t\t\t\t\t\t  jQuery(document).ready(function( $ ){\n\t\t\t\t\t\t\t\/\/jQuery('.yuzo_related_post').equalizer({ overflow : 'relatedthumb' });\n\t\t\t\t\t\t\tjQuery('.yuzo_related_post .yuzo_wraps').equalizer({ columns : '> div' });\n\t\t\t\t\t\t   })\n\t\t\t\t\t\t  <\/script> <!-- End Yuzo :) -->","protected":false},"excerpt":{"rendered":"<p>Depois de conquistar o Pr\u00eamio Jabuti Acad\u00eamico 2024 com Exu-Mulher e o Matriarcado Nag\u00f4, que inspirou o enredo campe\u00e3o da Escola de Samba P\u00e9rola Negra no Carnaval de 2025 (SP), a jornalista, pesquisadora e escritora Claudia Alexandre, faz sua estreia na literatura juvenil com o livro Exu-Mulher e o Mundo dos Homens. A obra ser\u00e1 [&hellip;]<\/p>\n","protected":false},"author":2,"featured_media":0,"comment_status":"open","ping_status":"closed","sticky":false,"template":"","format":"standard","meta":{"fifu_image_url":"","fifu_image_alt":"","footnotes":""},"categories":[1704,489,8,3282,202,1],"tags":[],"class_list":["post-96220","post","type-post","status-publish","format-standard","hentry","category-criancas-e-adolescentes","category-destaque-pequeno","category-literatura","category-matriz-africana","category-religiao","category-uncategorized"],"_links":{"self":[{"href":"https:\/\/redept.com.br\/blogosfera\/wp-json\/wp\/v2\/posts\/96220","targetHints":{"allow":["GET"]}}],"collection":[{"href":"https:\/\/redept.com.br\/blogosfera\/wp-json\/wp\/v2\/posts"}],"about":[{"href":"https:\/\/redept.com.br\/blogosfera\/wp-json\/wp\/v2\/types\/post"}],"author":[{"embeddable":true,"href":"https:\/\/redept.com.br\/blogosfera\/wp-json\/wp\/v2\/users\/2"}],"replies":[{"embeddable":true,"href":"https:\/\/redept.com.br\/blogosfera\/wp-json\/wp\/v2\/comments?post=96220"}],"version-history":[{"count":0,"href":"https:\/\/redept.com.br\/blogosfera\/wp-json\/wp\/v2\/posts\/96220\/revisions"}],"wp:attachment":[{"href":"https:\/\/redept.com.br\/blogosfera\/wp-json\/wp\/v2\/media?parent=96220"}],"wp:term":[{"taxonomy":"category","embeddable":true,"href":"https:\/\/redept.com.br\/blogosfera\/wp-json\/wp\/v2\/categories?post=96220"},{"taxonomy":"post_tag","embeddable":true,"href":"https:\/\/redept.com.br\/blogosfera\/wp-json\/wp\/v2\/tags?post=96220"}],"curies":[{"name":"wp","href":"https:\/\/api.w.org\/{rel}","templated":true}]}}