{"id":9623,"date":"2024-12-31T10:21:47","date_gmt":"2024-12-31T13:21:47","guid":{"rendered":"https:\/\/redept.org\/blogosfera\/capitais-do-pais-terao-chuvas-isoladas-e-ceu-nublado-na-virada\/"},"modified":"2024-12-31T10:21:47","modified_gmt":"2024-12-31T13:21:47","slug":"capitais-do-pais-terao-chuvas-isoladas-e-ceu-nublado-na-virada","status":"publish","type":"post","link":"https:\/\/redept.com.br\/blogosfera\/capitais-do-pais-terao-chuvas-isoladas-e-ceu-nublado-na-virada\/","title":{"rendered":"Capitais do pa\u00eds ter\u00e3o chuvas isoladas e c\u00e9u nublado na virada"},"content":{"rendered":"<p>A noite de R\u00e9veillon ser\u00e1 de calor, c\u00e9u nublado e chuvas isoladas nas capitais do pa\u00eds. \u00c9 o que prev\u00ea o Instituto Nacional de Meteorologia (Inmet). Quem vai passar a virada do ano no Rio de Janeiro e na maior parte das cidades do Nordeste \u2013 Salvador, Aracaju, Macei\u00f3, Recife, Jo\u00e3o Pessoa, Natal e Fortaleza) \u2013 o guarda-chuva pode ser dispensado. Apesar das nuvens, n\u00e3o previs\u00e3o de chuva. Mas a hidrata\u00e7\u00e3o vai ser fundamental: temperaturas m\u00e1ximas devem variar entre 30 e 32\u00ba C.<\/p>\n<p>Leia tamb\u00e9m: <a href=\"https:\/\/tvtnews.com.br\/13-dicas-para-a-virada-do-ano-novo\/\">13 dicas para a virada do ano novo<\/a><\/p>\n<p>Teresina e S\u00e3o Lu\u00eds s\u00e3o exce\u00e7\u00f5es no Nordeste, com alguma possibilidade de chuva isolada durante a noite. Mas as temperaturas m\u00e1ximas devem ficar acima dos 30\u00ba C tamb\u00e9m. O cen\u00e1rio se repete em quase todo o pa\u00eds: calor, muitas nuvens, chuvas isoladas e possibilidade de trovoadas. \u00c9 o caso das demais capitais do Centro-Oeste, do Norte, do Sudeste e de Porto Alegre.<\/p>\n<p>Na Regi\u00e3o Sul, Curitiba e Florian\u00f3polis t\u00eam situa\u00e7\u00f5es um pouco distintas, porque as temperaturas m\u00e1ximas ficam abaixo da m\u00e9dia nacional: 25 e 26\u00ba C, respectivamente. O mesmo ocorre em S\u00e3o Paulo (27\u00ba), Belo Horizonte (26\u00ba) e Bras\u00edlia (28\u00ba). Por outro lado, Boa Vista, em Roraima, chama a aten\u00e7\u00e3o para o valor alto da temperatura m\u00e1xima prevista para a noite de R\u00e9veillon: 38\u00baC.<\/p>\n<h2>Previs\u00e3o do tempo para a semana: chuvas continuam<\/h2>\n<p>O Inmet divulga a previs\u00e3o de chuvas para o per\u00edodo entre 30 de dezembro de 2024 e 6 de janeiro de 2025. Na Regi\u00e3o Norte, \u00e1reas de instabilidade associadas ao calor e \u00e0 alta umidade provocam pancadas de chuva ao longo da semana, com acumulados acima de 30 mm. As chuvas podem superar 80 mm em \u00e1reas pontuais do Amazonas, Par\u00e1 e sul do Tocantins. No Amap\u00e1, h\u00e1 previs\u00e3o de acumulados superiores a 100 mm. No norte do Par\u00e1 e em grande parte de Roraima, os acumulados de chuva dever\u00e3o ficar abaixo de 20 mm.<\/p>\n<p>Na Regi\u00e3o Nordeste, a previs\u00e3o indica que na faixa leste e norte da regi\u00e3o, h\u00e1 possibilidade de chuvas fracas. Na maior parte do interior, o tempo permanecer\u00e1 quente e com baixa probabilidade de chuva. No oeste da Bahia, do Piau\u00ed e Maranh\u00e3o, espera-se acumulados acima de 40 mm.<\/p>\n<p>Na Regi\u00e3o Centro-Oeste, as instabilidades continuam com a atua\u00e7\u00e3o de um canal de umidade, favorecendo a persist\u00eancia das chuvas ao longo da semana em Goi\u00e1s e Mato Grosso do Sul. Est\u00e3o previstos acumulados acima de 80 mm em \u00e1reas do Mato Grosso e Goi\u00e1s, podendo atingir 150 mm em algumas localidades. No Mato Grosso do Sul o tempo inicia firme no come\u00e7o da semana, com \u00e1reas de instabilidades se formando a partir de 1\u00ba de janeiro, que favorecem acumulados acima de 50 mm no norte do estado.<\/p>\n<p>Na Regi\u00e3o Sudeste, est\u00e3o previstos acumulados acima de 70 mm em quase toda regi\u00e3o ao longo da semana. As exce\u00e7\u00f5es s\u00e3o grande parte de S\u00e3o Paulo, norte de Minas Gerais e sul do Rio de Janeiro, onde os valores ficar\u00e3o abaixo de 50 mm. Pontualmente, os acumulados podem ultrapassar 100 mm em Minas Gerais, Rio de Janeiro e Esp\u00edrito Santo.<\/p>\n<p>Na Regi\u00e3o Sul, a semana come\u00e7ar\u00e1 com instabilidades e possibilidade de chuvas ao longo da semana, mas acumulados abaixo de 20 mm. As chuvas ser\u00e3o mais expressivas no leste de Santa Catarina e Paran\u00e1, com acumulados acima de 40 mm. No sudoeste do Rio Grande do Sul e noroeste do Paran\u00e1, os valores estar\u00e3o abaixo de 10 mm.<\/p>\n<p>Rafael Cardoso para a <a href=\"https:\/\/agenciabrasil.ebc.com.br\/meio-ambiente\/noticia\/2024-12\/capitais-do-pais-terao-chuvas-isoladas-e-ceu-nublado-no-reveillon\" target=\"_blank\" data-type=\"link\" data-id=\"https:\/\/agenciabrasil.ebc.com.br\/meio-ambiente\/noticia\/2024-12\/capitais-do-pais-terao-chuvas-isoladas-e-ceu-nublado-no-reveillon\" rel=\"noreferrer noopener nofollow\">Ag\u00eancia Brasil<\/a><\/p>\n<p>The post <a rel=\"nofollow\" href=\"https:\/\/tvtnews.com.br\/2025-capitais-terao-chuvas-isoladas-e-ceu-nublado\/\">Capitais do pa\u00eds ter\u00e3o chuvas isoladas e c\u00e9u nublado na virada<\/a> appeared first on <a rel=\"nofollow\" href=\"https:\/\/tvtnews.com.br\/\">TVT News<\/a>.<\/p>\n<!-- Begin Yuzo --><div class='yuzo_related_post style-1'  data-version='5.12.89'><!-- without result --><div class='yuzo_clearfixed yuzo__title yuzo__title'><h3>Related Post<\/h3><\/div>\n\t\t\t\t\t\t  <div class=\"relatedthumb \" style=\"width:125px;float:left;overflow:hidden;\">  \n\t\t\t\t\t\t\t  \n\t\t\t\t\t\t\t  <a  href=\"https:\/\/redept.com.br\/blogosfera\/noticias-do-dia-com-o-jornal-tvt-news-segunda-edicao-20-02-2026\/\"  >\n\t\t\t\t\t\t\t\t\t  <div class=\"yuzo-img-wrap \" style=\"width: 125px;height:90px;\">\n\t\t\t\t\t\t\t\t\t\t\n\t\t\t\t\t\t\t\t\t\t<div class=\"yuzo-img\" style=\"background:url('https:\/\/redept.com.br\/blogosfera\/wp-content\/uploads\/2026\/02\/jornal_tvt_news-16-150x150.jpeg') 50% 50% no-repeat;width: 125px;height:90px;margin-bottom: 5px;background-size: cover; \"><\/div>\n\t\t\t\t\t\t\t\t\t  <\/div>\n\t\t\t\t\t\t\t\t\t  \n\t\t\t\t\t\t\t\t   <span class=\"yuzo__text--title\" style=\"font-size:13px;\">Not\u00edcias do dia com o Jornal TVT News Segunda Edi\u00e7...<\/span>\n\t\t\t\t\t\t\t  \n\t\t\t\t\t\t\t  \n\t\t\t\t\t\t\t  <\/a>\n\n\t\t\t\t\t\t  <\/div>\n\t\t\t\t\t\t  <div class=\"relatedthumb \" style=\"width:125px;float:left;overflow:hidden;\">  \n\t\t\t\t\t\t\t  \n\t\t\t\t\t\t\t  <a  href=\"https:\/\/redept.com.br\/blogosfera\/ministerio-desclassifica-8-marcas-de-azeite-por-fraude\/\"  >\n\t\t\t\t\t\t\t\t\t  <div class=\"yuzo-img-wrap \" style=\"width: 125px;height:90px;\">\n\t\t\t\t\t\t\t\t\t\t\n\t\t\t\t\t\t\t\t\t\t<div class=\"yuzo-img\" style=\"background:url('https:\/\/redept.org\/blogosfera\/wp-content\/plugins\/yuzo-related-post\/assets\/images\/default.png') 50% 50% no-repeat;width: 125px;height:90px;margin-bottom: 5px;background-size: cover; \"><\/div>\n\t\t\t\t\t\t\t\t\t  <\/div>\n\t\t\t\t\t\t\t\t\t  \n\t\t\t\t\t\t\t\t   <span class=\"yuzo__text--title\" style=\"font-size:13px;\">Minist\u00e9rio desclassifica 8 marcas de azeite por fr...<\/span>\n\t\t\t\t\t\t\t  \n\t\t\t\t\t\t\t  \n\t\t\t\t\t\t\t  <\/a>\n\n\t\t\t\t\t\t  <\/div>\n\t\t\t\t\t\t  <div class=\"relatedthumb \" style=\"width:125px;float:left;overflow:hidden;\">  \n\t\t\t\t\t\t\t  \n\t\t\t\t\t\t\t  <a  href=\"https:\/\/redept.com.br\/blogosfera\/feira-literaria-de-santo-andre-2024-homenageia-manuel-filho\/\"  >\n\t\t\t\t\t\t\t\t\t  <div class=\"yuzo-img-wrap \" style=\"width: 125px;height:90px;\">\n\t\t\t\t\t\t\t\t\t\t\n\t\t\t\t\t\t\t\t\t\t<div class=\"yuzo-img\" style=\"background:url('https:\/\/redept.com.br\/blogosfera\/wp-content\/uploads\/2024\/11\/WhatsApp-Image-2024-11-21-at-08.24.35-150x150.jpeg') 50% 50% no-repeat;width: 125px;height:90px;margin-bottom: 5px;background-size: cover; \"><\/div>\n\t\t\t\t\t\t\t\t\t  <\/div>\n\t\t\t\t\t\t\t\t\t  \n\t\t\t\t\t\t\t\t   <span class=\"yuzo__text--title\" style=\"font-size:13px;\">Feira Liter\u00e1ria de Santo Andr\u00e9 2024 homenageia Man...<\/span>\n\t\t\t\t\t\t\t  \n\t\t\t\t\t\t\t  \n\t\t\t\t\t\t\t  <\/a>\n\n\t\t\t\t\t\t  <\/div>\n\t\t\t\t\t\t  <div class=\"relatedthumb \" style=\"width:125px;float:left;overflow:hidden;\">  \n\t\t\t\t\t\t\t  \n\t\t\t\t\t\t\t  <a  href=\"https:\/\/redept.com.br\/blogosfera\/governo-vai-levar-internet-a-ate-27-mil-postos-de-saude-e-acelerar-atendimentos-pelo-sus\/\"  >\n\t\t\t\t\t\t\t\t\t  <div class=\"yuzo-img-wrap \" style=\"width: 125px;height:90px;\">\n\t\t\t\t\t\t\t\t\t\t\n\t\t\t\t\t\t\t\t\t\t<div class=\"yuzo-img\" style=\"background:url('https:\/\/redept.org\/blogosfera\/wp-content\/plugins\/yuzo-related-post\/assets\/images\/default.png') 50% 50% no-repeat;width: 125px;height:90px;margin-bottom: 5px;background-size: cover; \"><\/div>\n\t\t\t\t\t\t\t\t\t  <\/div>\n\t\t\t\t\t\t\t\t\t  \n\t\t\t\t\t\t\t\t   <span class=\"yuzo__text--title\" style=\"font-size:13px;\">Governo vai levar internet a at\u00e9 2,7 mil postos de...<\/span>\n\t\t\t\t\t\t\t  \n\t\t\t\t\t\t\t  \n\t\t\t\t\t\t\t  <\/a>\n\n\t\t\t\t\t\t  <\/div>\n<\/div> <script>\n\t\t\t\t\t\t  jQuery(document).ready(function( $ ){\n\t\t\t\t\t\t\t\/\/jQuery('.yuzo_related_post').equalizer({ overflow : 'relatedthumb' });\n\t\t\t\t\t\t\tjQuery('.yuzo_related_post .yuzo_wraps').equalizer({ columns : '> div' });\n\t\t\t\t\t\t   })\n\t\t\t\t\t\t  <\/script> <!-- End Yuzo :) -->","protected":false},"excerpt":{"rendered":"<p>A noite de R\u00e9veillon ser\u00e1 de calor, c\u00e9u nublado e chuvas isoladas nas capitais do pa\u00eds. \u00c9 o que prev\u00ea o Instituto Nacional de Meteorologia (Inmet). Quem vai passar a virada do ano no Rio de Janeiro e na maior parte das cidades do Nordeste \u2013 Salvador, Aracaju, Macei\u00f3, Recife, Jo\u00e3o Pessoa, Natal e Fortaleza) [&hellip;]<\/p>\n","protected":false},"author":2,"featured_media":0,"comment_status":"closed","ping_status":"closed","sticky":false,"template":"","format":"standard","meta":{"fifu_image_url":"","fifu_image_alt":"","footnotes":""},"categories":[1501,489,61],"tags":[],"class_list":["post-9623","post","type-post","status-publish","format-standard","hentry","category-clima","category-destaque-pequeno","category-sociedade"],"_links":{"self":[{"href":"https:\/\/redept.com.br\/blogosfera\/wp-json\/wp\/v2\/posts\/9623","targetHints":{"allow":["GET"]}}],"collection":[{"href":"https:\/\/redept.com.br\/blogosfera\/wp-json\/wp\/v2\/posts"}],"about":[{"href":"https:\/\/redept.com.br\/blogosfera\/wp-json\/wp\/v2\/types\/post"}],"author":[{"embeddable":true,"href":"https:\/\/redept.com.br\/blogosfera\/wp-json\/wp\/v2\/users\/2"}],"replies":[{"embeddable":true,"href":"https:\/\/redept.com.br\/blogosfera\/wp-json\/wp\/v2\/comments?post=9623"}],"version-history":[{"count":0,"href":"https:\/\/redept.com.br\/blogosfera\/wp-json\/wp\/v2\/posts\/9623\/revisions"}],"wp:attachment":[{"href":"https:\/\/redept.com.br\/blogosfera\/wp-json\/wp\/v2\/media?parent=9623"}],"wp:term":[{"taxonomy":"category","embeddable":true,"href":"https:\/\/redept.com.br\/blogosfera\/wp-json\/wp\/v2\/categories?post=9623"},{"taxonomy":"post_tag","embeddable":true,"href":"https:\/\/redept.com.br\/blogosfera\/wp-json\/wp\/v2\/tags?post=9623"}],"curies":[{"name":"wp","href":"https:\/\/api.w.org\/{rel}","templated":true}]}}