{"id":9626,"date":"2024-12-31T11:26:21","date_gmt":"2024-12-31T14:26:21","guid":{"rendered":"https:\/\/redept.org\/blogosfera\/brasil-conquista-podio-feminino-e-quenia-domina-no-masculino-na-sao-silvestre\/"},"modified":"2024-12-31T11:26:21","modified_gmt":"2024-12-31T14:26:21","slug":"brasil-conquista-podio-feminino-e-quenia-domina-no-masculino-na-sao-silvestre","status":"publish","type":"post","link":"https:\/\/redept.com.br\/blogosfera\/brasil-conquista-podio-feminino-e-quenia-domina-no-masculino-na-sao-silvestre\/","title":{"rendered":"Brasil conquista p\u00f3dio feminino e Qu\u00eania domina no masculino na S\u00e3o Silvestre"},"content":{"rendered":"<p>A brasileira N\u00fabia de Oliveira Silva conseguiu alcan\u00e7ar o p\u00f3dio da tradicional corrida internacional de <a href=\"https:\/\/brasildefatorj.com.br\/2021\/10\/25\/corrida-de-sao-silvestre-organizacao-vai-exigir-comprovante-da-vacina-dos-corredores\">S\u00e3o Silvestre<\/a>, em S\u00e3o Paulo, chegando em terceiro lugar, com o tempo de 53 minutos e 24 segundos. No masculino, a prova foi vencida pelo queniano Wilson Too, que completou a corrida com o tempo de 44 minutos e 21 segundos.<\/p>\n<p>O melhor brasileiro na prova foi Johnatas de Oliveira Cruz, que chegou na quarta posi\u00e7\u00e3o, logo atr\u00e1s do queniano, com o tempo de 45 minutos e 32 segundos. Antes dele, chegaram Joseph Panga, da Tanz\u00e2nia, com o tempo de 44m51, em segundo lugar, e o tamb\u00e9m queniano Reuben Poghisho, que terminou com o tempo de 45m26.<\/p>\n<p>N\u00fabia de Oliveira, no p\u00f3dio feminino, alcan\u00e7ou a coloca\u00e7\u00e3o ap\u00f3s ultrapassar a atleta da Tanz\u00e2nia, Anastazia Dolomongo, que completou a prova com o tempo de 53m29. J\u00e1 a tamb\u00e9m brasileira Tatiane Raquel da Silva chegou na quinta coloca\u00e7\u00e3o, com o tempo de 53m51.<\/p>\n<p>A prova foi vencida pela queniana Agnes Keino, com o tempo de 51m25. Na segunda posi\u00e7\u00e3o, chegou a tamb\u00e9m queniana Cynthia Chemweno, com o tempo de 52m11.<\/p>\n<p>Desde 2021, o Brasil n\u00e3o chegava entre as tr\u00eas melhores coloca\u00e7\u00f5es na modalidade feminina. A \u00faltima vez em que conquistou o topo do p\u00f3dio foi em 2006, com Luc\u00e9lia Peres.<\/p>\n<p><em>*Com Ag\u00eancia Brasil<\/em><\/p>\n<!-- Begin Yuzo --><div class='yuzo_related_post style-1'  data-version='5.12.89'><!-- without result --><div class='yuzo_clearfixed yuzo__title yuzo__title'><h3>Related Post<\/h3><\/div>\n\t\t\t\t\t\t  <div class=\"relatedthumb \" style=\"width:125px;float:left;overflow:hidden;\">  \n\t\t\t\t\t\t\t  \n\t\t\t\t\t\t\t  <a  href=\"https:\/\/redept.com.br\/blogosfera\/dois-anos-apos-anunciar-anexo-para-bpe-sedac-nem-contratou-projeto-para-predio-da-lanceiros-negros\/\"  >\n\t\t\t\t\t\t\t\t\t  <div class=\"yuzo-img-wrap \" style=\"width: 125px;height:90px;\">\n\t\t\t\t\t\t\t\t\t\t\n\t\t\t\t\t\t\t\t\t\t<div class=\"yuzo-img\" style=\"background:url('https:\/\/redept.com.br\/blogosfera\/wp-content\/uploads\/2025\/05\/20170615-jornal-sul21-gs-140617-0614-12-150x150.jpg') 50% 50% no-repeat;width: 125px;height:90px;margin-bottom: 5px;background-size: cover; \"><\/div>\n\t\t\t\t\t\t\t\t\t  <\/div>\n\t\t\t\t\t\t\t\t\t  \n\t\t\t\t\t\t\t\t   <span class=\"yuzo__text--title\" style=\"font-size:13px;\">Dois anos ap\u00f3s anunciar anexo para BPE, Sedac nem ...<\/span>\n\t\t\t\t\t\t\t  \n\t\t\t\t\t\t\t  \n\t\t\t\t\t\t\t  <\/a>\n\n\t\t\t\t\t\t  <\/div>\n\t\t\t\t\t\t  <div class=\"relatedthumb \" style=\"width:125px;float:left;overflow:hidden;\">  \n\t\t\t\t\t\t\t  \n\t\t\t\t\t\t\t  <a  href=\"https:\/\/redept.com.br\/blogosfera\/brasil-colombia-e-mexico-se-unem-por-cessar-fogo-imediato-no-oriente-medio\/\"  >\n\t\t\t\t\t\t\t\t\t  <div class=\"yuzo-img-wrap \" style=\"width: 125px;height:90px;\">\n\t\t\t\t\t\t\t\t\t\t\n\t\t\t\t\t\t\t\t\t\t<div class=\"yuzo-img\" style=\"background:url('https:\/\/redept.com.br\/blogosfera\/wp-content\/uploads\/2026\/03\/cacd-diplomata-itamaraty-diplomacia-o-palacio-itamaraty-conheca-mais-sobre-o-predio-simbolo-da-diplomacia-brasileira-150x150.png') 50% 50% no-repeat;width: 125px;height:90px;margin-bottom: 5px;background-size: cover; \"><\/div>\n\t\t\t\t\t\t\t\t\t  <\/div>\n\t\t\t\t\t\t\t\t\t  \n\t\t\t\t\t\t\t\t   <span class=\"yuzo__text--title\" style=\"font-size:13px;\">Brasil, Col\u00f4mbia e M\u00e9xico se unem por cessar-fogo ...<\/span>\n\t\t\t\t\t\t\t  \n\t\t\t\t\t\t\t  \n\t\t\t\t\t\t\t  <\/a>\n\n\t\t\t\t\t\t  <\/div>\n\t\t\t\t\t\t  <div class=\"relatedthumb \" style=\"width:125px;float:left;overflow:hidden;\">  \n\t\t\t\t\t\t\t  \n\t\t\t\t\t\t\t  <a  href=\"https:\/\/redept.com.br\/blogosfera\/movimento-correnteza-em-defesa-da-democracia-e-contra-o-autoritarismo-na-une\/\"  >\n\t\t\t\t\t\t\t\t\t  <div class=\"yuzo-img-wrap \" style=\"width: 125px;height:90px;\">\n\t\t\t\t\t\t\t\t\t\t\n\t\t\t\t\t\t\t\t\t\t<div class=\"yuzo-img\" style=\"background:url('https:\/\/redept.com.br\/blogosfera\/wp-content\/uploads\/2025\/07\/54270459327_432669e47b_k-2-150x150.jpg') 50% 50% no-repeat;width: 125px;height:90px;margin-bottom: 5px;background-size: cover; \"><\/div>\n\t\t\t\t\t\t\t\t\t  <\/div>\n\t\t\t\t\t\t\t\t\t  \n\t\t\t\t\t\t\t\t   <span class=\"yuzo__text--title\" style=\"font-size:13px;\">Movimento Correnteza em defesa da democracia e con...<\/span>\n\t\t\t\t\t\t\t  \n\t\t\t\t\t\t\t  \n\t\t\t\t\t\t\t  <\/a>\n\n\t\t\t\t\t\t  <\/div>\n\t\t\t\t\t\t  <div class=\"relatedthumb \" style=\"width:125px;float:left;overflow:hidden;\">  \n\t\t\t\t\t\t\t  \n\t\t\t\t\t\t\t  <a  href=\"https:\/\/redept.com.br\/blogosfera\/senado-lanca-guia-para-candidata-com-foco-em-financiamento-e-violencia-politica\/\"  >\n\t\t\t\t\t\t\t\t\t  <div class=\"yuzo-img-wrap \" style=\"width: 125px;height:90px;\">\n\t\t\t\t\t\t\t\t\t\t\n\t\t\t\t\t\t\t\t\t\t<div class=\"yuzo-img\" style=\"background:url('https:\/\/redept.org\/blogosfera\/wp-content\/plugins\/yuzo-related-post\/assets\/images\/default.png') 50% 50% no-repeat;width: 125px;height:90px;margin-bottom: 5px;background-size: cover; \"><\/div>\n\t\t\t\t\t\t\t\t\t  <\/div>\n\t\t\t\t\t\t\t\t\t  \n\t\t\t\t\t\t\t\t   <span class=\"yuzo__text--title\" style=\"font-size:13px;\">Senado lan\u00e7a guia para candidata com foco em finan...<\/span>\n\t\t\t\t\t\t\t  \n\t\t\t\t\t\t\t  \n\t\t\t\t\t\t\t  <\/a>\n\n\t\t\t\t\t\t  <\/div>\n<\/div> <script>\n\t\t\t\t\t\t  jQuery(document).ready(function( $ ){\n\t\t\t\t\t\t\t\/\/jQuery('.yuzo_related_post').equalizer({ overflow : 'relatedthumb' });\n\t\t\t\t\t\t\tjQuery('.yuzo_related_post .yuzo_wraps').equalizer({ columns : '> div' });\n\t\t\t\t\t\t   })\n\t\t\t\t\t\t  <\/script> <!-- End Yuzo :) -->","protected":false},"excerpt":{"rendered":"<p>A brasileira N\u00fabia de Oliveira Silva conseguiu alcan\u00e7ar o p\u00f3dio da tradicional corrida internacional de S\u00e3o Silvestre, em S\u00e3o Paulo, chegando em terceiro lugar, com o tempo de 53 minutos e 24 segundos. No masculino, a prova foi vencida pelo queniano Wilson Too, que completou a corrida com o tempo de 44 minutos e 21 [&hellip;]<\/p>\n","protected":false},"author":2,"featured_media":0,"comment_status":"closed","ping_status":"closed","sticky":false,"template":"","format":"standard","meta":{"fifu_image_url":"","fifu_image_alt":"","footnotes":""},"categories":[1],"tags":[],"class_list":["post-9626","post","type-post","status-publish","format-standard","hentry","category-uncategorized"],"_links":{"self":[{"href":"https:\/\/redept.com.br\/blogosfera\/wp-json\/wp\/v2\/posts\/9626","targetHints":{"allow":["GET"]}}],"collection":[{"href":"https:\/\/redept.com.br\/blogosfera\/wp-json\/wp\/v2\/posts"}],"about":[{"href":"https:\/\/redept.com.br\/blogosfera\/wp-json\/wp\/v2\/types\/post"}],"author":[{"embeddable":true,"href":"https:\/\/redept.com.br\/blogosfera\/wp-json\/wp\/v2\/users\/2"}],"replies":[{"embeddable":true,"href":"https:\/\/redept.com.br\/blogosfera\/wp-json\/wp\/v2\/comments?post=9626"}],"version-history":[{"count":0,"href":"https:\/\/redept.com.br\/blogosfera\/wp-json\/wp\/v2\/posts\/9626\/revisions"}],"wp:attachment":[{"href":"https:\/\/redept.com.br\/blogosfera\/wp-json\/wp\/v2\/media?parent=9626"}],"wp:term":[{"taxonomy":"category","embeddable":true,"href":"https:\/\/redept.com.br\/blogosfera\/wp-json\/wp\/v2\/categories?post=9626"},{"taxonomy":"post_tag","embeddable":true,"href":"https:\/\/redept.com.br\/blogosfera\/wp-json\/wp\/v2\/tags?post=9626"}],"curies":[{"name":"wp","href":"https:\/\/api.w.org\/{rel}","templated":true}]}}