{"id":9628,"date":"2024-12-31T12:00:07","date_gmt":"2024-12-31T15:00:07","guid":{"rendered":"https:\/\/redept.org\/blogosfera\/cade-vai-apurar-denuncia-sobre-manipulacao-de-cotacao-do-dolar\/"},"modified":"2024-12-31T12:00:07","modified_gmt":"2024-12-31T15:00:07","slug":"cade-vai-apurar-denuncia-sobre-manipulacao-de-cotacao-do-dolar","status":"publish","type":"post","link":"https:\/\/redept.com.br\/blogosfera\/cade-vai-apurar-denuncia-sobre-manipulacao-de-cotacao-do-dolar\/","title":{"rendered":"Cade vai apurar den\u00fancia sobre manipula\u00e7\u00e3o de cota\u00e7\u00e3o do d\u00f3lar"},"content":{"rendered":"<p>O Conselho Administrativo de Defesa Econ\u00f4mica (Cade) vai apurar den\u00fancias sobre um <a href=\"https:\/\/www.brasildefato.com.br\/2024\/12\/27\/o-que-explica-a-recente-alta-do-dolar\">suposto cartel de agentes financeiros para manipular a cota\u00e7\u00e3o do d\u00f3lar no Brasil<\/a>. Uma investiga\u00e7\u00e3o sobre o caso foi solicitada pelo deputado federal Zeca Dirceu (PT-PR) ap\u00f3s a moeda dos Estados Unidos passar a valer mais de R$ 6.<\/p>\n<p>O Cade \u00e9 uma autarquia federal vinculada ao Minist\u00e9rio da Justi\u00e7a e Seguran\u00e7a P\u00fablica (MJSP). O \u00f3rg\u00e3o abriu um procedimento preparat\u00f3rio de inqu\u00e9rito administrativo ap\u00f3s a queixa de Zeca Dirceu sobre o d\u00f3lar.<\/p>\n<p>Segundo o deputado, <a href=\"https:\/\/www.brasildefato.com.br\/2024\/12\/27\/o-que-explica-a-recente-alta-do-dolar\">\u201cespecula\u00e7\u00f5es ocorridas logo ap\u00f3s o an\u00fancio do pacote de ajuste fiscal\u201d elevaram a cota\u00e7\u00e3o do d\u00f3lar<\/a>. Para Dirceu, \u201cagentes financeiros da chamada Faria Lima estariam por tr\u00e1s da desvaloriza\u00e7\u00e3o da moeda brasileira\u201d.<\/p>\n<p>O <a href=\"https:\/\/www.brasildefato.com.br\/2024\/12\/27\/erro-na-cotacao-do-dolar-pelo-google-revela-fragilidade-das-plataformas-digitais\">d\u00f3lar<\/a>\u00a0fechou o ano cotado em R$ 6,18. Ao final de 2023, estava cotado em R$ 4,91. Isso significa, portanto, que a cota\u00e7\u00e3o da moeda subiu 27,4% durante o ano.<\/p>\n<p>A moeda dos Estados Unidos chegou a R$ 6,27 no in\u00edcio de dezembro, logo ap\u00f3s o governo anunciar um pacote para corte de gastos, algo que era demandado pelo mercado. Ap\u00f3s interven\u00e7\u00f5es do Banco Central (BC), a cota\u00e7\u00e3o do d\u00f3lar baixou.<\/p>\n<p>\u00a0<\/p>\n<!-- Begin Yuzo --><div class='yuzo_related_post style-1'  data-version='5.12.89'><!-- without result --><div class='yuzo_clearfixed yuzo__title yuzo__title'><h3>Related Post<\/h3><\/div>\n\t\t\t\t\t\t  <div class=\"relatedthumb \" style=\"width:125px;float:left;overflow:hidden;\">  \n\t\t\t\t\t\t\t  \n\t\t\t\t\t\t\t  <a  href=\"https:\/\/redept.com.br\/blogosfera\/atos-pela-consciencia-negra-reunem-multidoes-e-pautam-luta-por-reparacao\/\"  >\n\t\t\t\t\t\t\t\t\t  <div class=\"yuzo-img-wrap \" style=\"width: 125px;height:90px;\">\n\t\t\t\t\t\t\t\t\t\t\n\t\t\t\t\t\t\t\t\t\t<div class=\"yuzo-img\" style=\"background:url('https:\/\/redept.com.br\/blogosfera\/wp-content\/uploads\/2025\/11\/11-20-2025_13_08_05_news-150x150.jpg') 50% 50% no-repeat;width: 125px;height:90px;margin-bottom: 5px;background-size: cover; \"><\/div>\n\t\t\t\t\t\t\t\t\t  <\/div>\n\t\t\t\t\t\t\t\t\t  \n\t\t\t\t\t\t\t\t   <span class=\"yuzo__text--title\" style=\"font-size:13px;\">Atos pela Consci\u00eancia Negra re\u00fanem multid\u00f5es e pau...<\/span>\n\t\t\t\t\t\t\t  \n\t\t\t\t\t\t\t  \n\t\t\t\t\t\t\t  <\/a>\n\n\t\t\t\t\t\t  <\/div>\n\t\t\t\t\t\t  <div class=\"relatedthumb \" style=\"width:125px;float:left;overflow:hidden;\">  \n\t\t\t\t\t\t\t  \n\t\t\t\t\t\t\t  <a  href=\"https:\/\/redept.com.br\/blogosfera\/percentual-de-trabalhadores-com-ensino-superior-cresce-e-home-office-recua\/\"  >\n\t\t\t\t\t\t\t\t\t  <div class=\"yuzo-img-wrap \" style=\"width: 125px;height:90px;\">\n\t\t\t\t\t\t\t\t\t\t\n\t\t\t\t\t\t\t\t\t\t<div class=\"yuzo-img\" style=\"background:url('https:\/\/redept.org\/blogosfera\/wp-content\/plugins\/yuzo-related-post\/assets\/images\/default.png') 50% 50% no-repeat;width: 125px;height:90px;margin-bottom: 5px;background-size: cover; \"><\/div>\n\t\t\t\t\t\t\t\t\t  <\/div>\n\t\t\t\t\t\t\t\t\t  \n\t\t\t\t\t\t\t\t   <span class=\"yuzo__text--title\" style=\"font-size:13px;\">Percentual de trabalhadores com ensino superior cr...<\/span>\n\t\t\t\t\t\t\t  \n\t\t\t\t\t\t\t  \n\t\t\t\t\t\t\t  <\/a>\n\n\t\t\t\t\t\t  <\/div>\n\t\t\t\t\t\t  <div class=\"relatedthumb \" style=\"width:125px;float:left;overflow:hidden;\">  \n\t\t\t\t\t\t\t  \n\t\t\t\t\t\t\t  <a  href=\"https:\/\/redept.com.br\/blogosfera\/apos-dizer-que-nao-estenderia-tregua-com-o-ira-trump-decide-prorroga-la\/\"  >\n\t\t\t\t\t\t\t\t\t  <div class=\"yuzo-img-wrap \" style=\"width: 125px;height:90px;\">\n\t\t\t\t\t\t\t\t\t\t\n\t\t\t\t\t\t\t\t\t\t<div class=\"yuzo-img\" style=\"background:url('https:\/\/redept.com.br\/blogosfera\/wp-content\/uploads\/2026\/04\/90e2d0ba-eadb-4882-8f9e-a53eb61528d2-150x150.jpg') 50% 50% no-repeat;width: 125px;height:90px;margin-bottom: 5px;background-size: cover; \"><\/div>\n\t\t\t\t\t\t\t\t\t  <\/div>\n\t\t\t\t\t\t\t\t\t  \n\t\t\t\t\t\t\t\t   <span class=\"yuzo__text--title\" style=\"font-size:13px;\">Ap\u00f3s dizer que n\u00e3o estenderia tr\u00e9gua com o Ir\u00e3, Tr...<\/span>\n\t\t\t\t\t\t\t  \n\t\t\t\t\t\t\t  \n\t\t\t\t\t\t\t  <\/a>\n\n\t\t\t\t\t\t  <\/div>\n\t\t\t\t\t\t  <div class=\"relatedthumb \" style=\"width:125px;float:left;overflow:hidden;\">  \n\t\t\t\t\t\t\t  \n\t\t\t\t\t\t\t  <a  href=\"https:\/\/redept.com.br\/blogosfera\/queda-do-presidente-lula-causa-sangramento-cerebral-entenda\/\"  >\n\t\t\t\t\t\t\t\t\t  <div class=\"yuzo-img-wrap \" style=\"width: 125px;height:90px;\">\n\t\t\t\t\t\t\t\t\t\t\n\t\t\t\t\t\t\t\t\t\t<div class=\"yuzo-img\" style=\"background:url('https:\/\/redept.org\/blogosfera\/wp-content\/plugins\/yuzo-related-post\/assets\/images\/default.png') 50% 50% no-repeat;width: 125px;height:90px;margin-bottom: 5px;background-size: cover; \"><\/div>\n\t\t\t\t\t\t\t\t\t  <\/div>\n\t\t\t\t\t\t\t\t\t  \n\t\t\t\t\t\t\t\t   <span class=\"yuzo__text--title\" style=\"font-size:13px;\">Queda do presidente Lula causa sangramento cerebra...<\/span>\n\t\t\t\t\t\t\t  \n\t\t\t\t\t\t\t  \n\t\t\t\t\t\t\t  <\/a>\n\n\t\t\t\t\t\t  <\/div>\n<\/div> <script>\n\t\t\t\t\t\t  jQuery(document).ready(function( $ ){\n\t\t\t\t\t\t\t\/\/jQuery('.yuzo_related_post').equalizer({ overflow : 'relatedthumb' });\n\t\t\t\t\t\t\tjQuery('.yuzo_related_post .yuzo_wraps').equalizer({ columns : '> div' });\n\t\t\t\t\t\t   })\n\t\t\t\t\t\t  <\/script> <!-- End Yuzo :) -->","protected":false},"excerpt":{"rendered":"<p>O Conselho Administrativo de Defesa Econ\u00f4mica (Cade) vai apurar den\u00fancias sobre um suposto cartel de agentes financeiros para manipular a cota\u00e7\u00e3o do d\u00f3lar no Brasil. Uma investiga\u00e7\u00e3o sobre o caso foi solicitada pelo deputado federal Zeca Dirceu (PT-PR) ap\u00f3s a moeda dos Estados Unidos passar a valer mais de R$ 6. O Cade \u00e9 uma [&hellip;]<\/p>\n","protected":false},"author":2,"featured_media":0,"comment_status":"closed","ping_status":"closed","sticky":false,"template":"","format":"standard","meta":{"fifu_image_url":"","fifu_image_alt":"","footnotes":""},"categories":[1],"tags":[],"class_list":["post-9628","post","type-post","status-publish","format-standard","hentry","category-uncategorized"],"_links":{"self":[{"href":"https:\/\/redept.com.br\/blogosfera\/wp-json\/wp\/v2\/posts\/9628","targetHints":{"allow":["GET"]}}],"collection":[{"href":"https:\/\/redept.com.br\/blogosfera\/wp-json\/wp\/v2\/posts"}],"about":[{"href":"https:\/\/redept.com.br\/blogosfera\/wp-json\/wp\/v2\/types\/post"}],"author":[{"embeddable":true,"href":"https:\/\/redept.com.br\/blogosfera\/wp-json\/wp\/v2\/users\/2"}],"replies":[{"embeddable":true,"href":"https:\/\/redept.com.br\/blogosfera\/wp-json\/wp\/v2\/comments?post=9628"}],"version-history":[{"count":0,"href":"https:\/\/redept.com.br\/blogosfera\/wp-json\/wp\/v2\/posts\/9628\/revisions"}],"wp:attachment":[{"href":"https:\/\/redept.com.br\/blogosfera\/wp-json\/wp\/v2\/media?parent=9628"}],"wp:term":[{"taxonomy":"category","embeddable":true,"href":"https:\/\/redept.com.br\/blogosfera\/wp-json\/wp\/v2\/categories?post=9628"},{"taxonomy":"post_tag","embeddable":true,"href":"https:\/\/redept.com.br\/blogosfera\/wp-json\/wp\/v2\/tags?post=9628"}],"curies":[{"name":"wp","href":"https:\/\/api.w.org\/{rel}","templated":true}]}}