{"id":9629,"date":"2024-12-31T12:29:20","date_gmt":"2024-12-31T15:29:20","guid":{"rendered":"https:\/\/redept.org\/blogosfera\/china-donates-70-tons-of-equipment-to-cuba-to-restore-its-electric-system\/"},"modified":"2024-12-31T12:29:20","modified_gmt":"2024-12-31T15:29:20","slug":"china-donates-70-tons-of-equipment-to-cuba-to-restore-its-electric-system","status":"publish","type":"post","link":"https:\/\/redept.com.br\/blogosfera\/china-donates-70-tons-of-equipment-to-cuba-to-restore-its-electric-system\/","title":{"rendered":"China donates 70 tons of equipment to Cuba to restore its electric system"},"content":{"rendered":"<p>The People&#8217;s Republic of China has donated almost 70 tons of power generator parts and accessories to <a href=\"https:\/\/www.brasildefato.com.br\/2024\/12\/22\/nao-somos-terroristas-marcha-do-povo-combatente-volta-as-ruas-de-cuba-contra-bloqueio-dos-eua-e-por-retirada-de-lista-de-terrorismo\">Cuba<\/a>, aiming to contribute to the recovery of the Caribbean island&#8217;s electricity system.<\/p>\n<p>The materials arrived in the country on Sunday (29) and were received by China&#8217;s ambassador to Cuba, Hua Xin, and Cuba&#8217;s deputy ministers of Foreign Trade and Investment, D\u00e9borah Rivas, and Energy and Mining, Tatiana Amar\u00e1n.<\/p>\n<p>According to Ambassador Xin, the shipment is part of China&#8217;s second assistance package in 2024 to help restore Cuba\u2019s electricity generation capacity to around 400 megawatts (MW). As part of an &#8220;emergency project list,&#8221; the donations were included to provide Cuba with <a href=\"https:\/\/www.brasildefato.com.br\/2024\/12\/18\/cuba-discute-planejamento-economico-para-2025-apos-um-ano-muito-dificil\">effective and rapid aid<\/a> according to what the Chinese government calls &#8220;convenience for the most urgent.&#8221;<\/p>\n<p>\u201cThe next batches are expected to arrive soon by freight, commercial flights or container transportation,\u201d he said.<\/p>\n<p>During the brief ceremony to receive the donations, Deputy Minister D\u00e9borah Rivas said that it \u201creflects the high sensitivity of the Chinese government authorities [to Cuban\u2019s needs] and their firm support for Cuba under all circumstances, joining, in a true expression of fraternity, the Cuban government&#8217;s efforts to achieve energy sustainability.\u201d<\/p>\n<p>The deputy minister also stated that the island government estimates that this donation will benefit about 53,200 homes in the country.<\/p>\n<p>The donations come as the Caribbean country is facing a <a href=\"https:\/\/www.brasildefato.com.br\/2024\/12\/30\/cuba-termina-um-novo-ano-sem-conseguir-sair-de-sua-longa-crise\">serious energy crisis<\/a> that has worsened in recent months. This year, Cuba has suffered three total blackouts in the national electricity system, leaving the country completely in the dark. Currently, power cuts are becoming more and more constant, affecting over 40% of the population daily. The situation has seriously damaged economic activity and the population&#8217;s quality of life.<\/p>\n<p>Bloc and energy<\/p>\n<p>The donations are part of agreements signed between <a href=\"https:\/\/www.brasildefato.com.br\/2024\/12\/02\/imperialismo-esta-novamente-adquirindo-toda-a-sua-crueza-diz-historiador-cubano-sobre-retorno-de-trump\">Cuban President Miguel D\u00edaz-Canel<\/a> and his Chinese counterpart, Xi Jinping, seeking to expand cooperation in strategic initiatives such as energy, transportation, food security and trade.<\/p>\n<p>Cuba&#8217;s electricity generation comes from old thermoelectric plants \u2013 most of which are more than 30 years old \u2013 which require constant maintenance to operate. However, due to the US blockade on the country \u2013 considered illegal by most UN countries \u2013 <a href=\"https:\/\/www.brasildefato.com.br\/2024\/12\/30\/cuba-termina-um-novo-ano-sem-conseguir-sair-de-sua-longa-crise\">Cuba has for decades faced serious financial difficulties<\/a> in making the necessary investments and maintenance to keep its electricity system running.<\/p>\n<p>The import of fuel, like any other good, is hampered by the sanctions that Washington unilaterally imposes on countries that trade with Cuba because any ship that arrives at a Cuban port is sanctioned, which generates staggering prices the island has to pay to import the products it needs.<\/p>\n<p>In recent months, the Chinese government has donated various components for the installation of photovoltaic parks (renewable energies based on sunlight) on the Caribbean island. The region&#8217;s climatic conditions make sunlight the most favorable source of renewable energy for the country.<\/p>\n<p>Currently, more than 95% of the country&#8217;s power generation comes from fossil fuels, while only 5% comes from renewable sources. Cuba aims to generate up to 25% of its electric energy from renewable sources over the next five years. By 2050, the aim is to cover the entire energy matrix with electricity generation based on renewable energy sources.<\/p>\n<p>In mid-December, the Chinese government and Cuba officially announced the construction of several photovoltaic parks on the Caribbean island, with funds donated by the Asian country. It is estimated that these photovoltaic parks could save up to seven million US dollars.<\/p>\n<!-- Begin Yuzo --><div class='yuzo_related_post style-1'  data-version='5.12.89'><!-- without result --><div class='yuzo_clearfixed yuzo__title yuzo__title'><h3>Related Post<\/h3><\/div>\n\t\t\t\t\t\t  <div class=\"relatedthumb \" style=\"width:125px;float:left;overflow:hidden;\">  \n\t\t\t\t\t\t\t  \n\t\t\t\t\t\t\t  <a  href=\"https:\/\/redept.com.br\/blogosfera\/comunidade-organiza-ato-contra-remocao-da-unica-biblioteca-publica-de-riacho-fundo-i-no-distrito-federal\/\"  >\n\t\t\t\t\t\t\t\t\t  <div class=\"yuzo-img-wrap \" style=\"width: 125px;height:90px;\">\n\t\t\t\t\t\t\t\t\t\t\n\t\t\t\t\t\t\t\t\t\t<div class=\"yuzo-img\" style=\"background:url('https:\/\/redept.com.br\/blogosfera\/wp-content\/uploads\/2025\/07\/Biblioteca--150x150.jpeg') 50% 50% no-repeat;width: 125px;height:90px;margin-bottom: 5px;background-size: cover; \"><\/div>\n\t\t\t\t\t\t\t\t\t  <\/div>\n\t\t\t\t\t\t\t\t\t  \n\t\t\t\t\t\t\t\t   <span class=\"yuzo__text--title\" style=\"font-size:13px;\">Comunidade organiza ato contra remo\u00e7\u00e3o da \u00fanica bi...<\/span>\n\t\t\t\t\t\t\t  \n\t\t\t\t\t\t\t  \n\t\t\t\t\t\t\t  <\/a>\n\n\t\t\t\t\t\t  <\/div>\n\t\t\t\t\t\t  <div class=\"relatedthumb \" style=\"width:125px;float:left;overflow:hidden;\">  \n\t\t\t\t\t\t\t  \n\t\t\t\t\t\t\t  <a  href=\"https:\/\/redept.com.br\/blogosfera\/reginaldo-lopes-povo-na-rua-vai-enterrar-pec-da-blindagem-e-anistia\/\"  >\n\t\t\t\t\t\t\t\t\t  <div class=\"yuzo-img-wrap \" style=\"width: 125px;height:90px;\">\n\t\t\t\t\t\t\t\t\t\t\n\t\t\t\t\t\t\t\t\t\t<div class=\"yuzo-img\" style=\"background:url('https:\/\/redept.org\/blogosfera\/wp-content\/plugins\/yuzo-related-post\/assets\/images\/default.png') 50% 50% no-repeat;width: 125px;height:90px;margin-bottom: 5px;background-size: cover; \"><\/div>\n\t\t\t\t\t\t\t\t\t  <\/div>\n\t\t\t\t\t\t\t\t\t  \n\t\t\t\t\t\t\t\t   <span class=\"yuzo__text--title\" style=\"font-size:13px;\">Reginaldo Lopes: Povo na rua vai enterrar PEC da B...<\/span>\n\t\t\t\t\t\t\t  \n\t\t\t\t\t\t\t  \n\t\t\t\t\t\t\t  <\/a>\n\n\t\t\t\t\t\t  <\/div>\n\t\t\t\t\t\t  <div class=\"relatedthumb \" style=\"width:125px;float:left;overflow:hidden;\">  \n\t\t\t\t\t\t\t  \n\t\t\t\t\t\t\t  <a  href=\"https:\/\/redept.com.br\/blogosfera\/carluxo-o-diretor-das-farsas-de-bolsonaro-diz-que-o-pai-esta-magro-doente-mas-nao-diz-que-e-inocente\/\"  >\n\t\t\t\t\t\t\t\t\t  <div class=\"yuzo-img-wrap \" style=\"width: 125px;height:90px;\">\n\t\t\t\t\t\t\t\t\t\t\n\t\t\t\t\t\t\t\t\t\t<div class=\"yuzo-img\" style=\"background:url('https:\/\/redept.org\/blogosfera\/wp-content\/plugins\/yuzo-related-post\/assets\/images\/default.png') 50% 50% no-repeat;width: 125px;height:90px;margin-bottom: 5px;background-size: cover; \"><\/div>\n\t\t\t\t\t\t\t\t\t  <\/div>\n\t\t\t\t\t\t\t\t\t  \n\t\t\t\t\t\t\t\t   <span class=\"yuzo__text--title\" style=\"font-size:13px;\">Carluxo, o diretor das farsas de Bolsonaro, diz qu...<\/span>\n\t\t\t\t\t\t\t  \n\t\t\t\t\t\t\t  \n\t\t\t\t\t\t\t  <\/a>\n\n\t\t\t\t\t\t  <\/div>\n\t\t\t\t\t\t  <div class=\"relatedthumb \" style=\"width:125px;float:left;overflow:hidden;\">  \n\t\t\t\t\t\t\t  \n\t\t\t\t\t\t\t  <a  href=\"https:\/\/redept.com.br\/blogosfera\/integracao-e-a-chave-para-solucionar-problemas-em-presidios-brasileiros\/\"  >\n\t\t\t\t\t\t\t\t\t  <div class=\"yuzo-img-wrap \" style=\"width: 125px;height:90px;\">\n\t\t\t\t\t\t\t\t\t\t\n\t\t\t\t\t\t\t\t\t\t<div class=\"yuzo-img\" style=\"background:url('https:\/\/redept.org\/blogosfera\/wp-content\/plugins\/yuzo-related-post\/assets\/images\/default.png') 50% 50% no-repeat;width: 125px;height:90px;margin-bottom: 5px;background-size: cover; \"><\/div>\n\t\t\t\t\t\t\t\t\t  <\/div>\n\t\t\t\t\t\t\t\t\t  \n\t\t\t\t\t\t\t\t   <span class=\"yuzo__text--title\" style=\"font-size:13px;\">Integra\u00e7\u00e3o \u00e9 a chave para solucionar problemas em ...<\/span>\n\t\t\t\t\t\t\t  \n\t\t\t\t\t\t\t  \n\t\t\t\t\t\t\t  <\/a>\n\n\t\t\t\t\t\t  <\/div>\n<\/div> <script>\n\t\t\t\t\t\t  jQuery(document).ready(function( $ ){\n\t\t\t\t\t\t\t\/\/jQuery('.yuzo_related_post').equalizer({ overflow : 'relatedthumb' });\n\t\t\t\t\t\t\tjQuery('.yuzo_related_post .yuzo_wraps').equalizer({ columns : '> div' });\n\t\t\t\t\t\t   })\n\t\t\t\t\t\t  <\/script> <!-- End Yuzo :) -->","protected":false},"excerpt":{"rendered":"<p>The People&#8217;s Republic of China has donated almost 70 tons of power generator parts and accessories to Cuba, aiming to contribute to the recovery of the Caribbean island&#8217;s electricity system. The materials arrived in the country on Sunday (29) and were received by China&#8217;s ambassador to Cuba, Hua Xin, and Cuba&#8217;s deputy ministers of Foreign [&hellip;]<\/p>\n","protected":false},"author":2,"featured_media":0,"comment_status":"closed","ping_status":"closed","sticky":false,"template":"","format":"standard","meta":{"fifu_image_url":"","fifu_image_alt":"","footnotes":""},"categories":[1],"tags":[],"class_list":["post-9629","post","type-post","status-publish","format-standard","hentry","category-uncategorized"],"_links":{"self":[{"href":"https:\/\/redept.com.br\/blogosfera\/wp-json\/wp\/v2\/posts\/9629","targetHints":{"allow":["GET"]}}],"collection":[{"href":"https:\/\/redept.com.br\/blogosfera\/wp-json\/wp\/v2\/posts"}],"about":[{"href":"https:\/\/redept.com.br\/blogosfera\/wp-json\/wp\/v2\/types\/post"}],"author":[{"embeddable":true,"href":"https:\/\/redept.com.br\/blogosfera\/wp-json\/wp\/v2\/users\/2"}],"replies":[{"embeddable":true,"href":"https:\/\/redept.com.br\/blogosfera\/wp-json\/wp\/v2\/comments?post=9629"}],"version-history":[{"count":0,"href":"https:\/\/redept.com.br\/blogosfera\/wp-json\/wp\/v2\/posts\/9629\/revisions"}],"wp:attachment":[{"href":"https:\/\/redept.com.br\/blogosfera\/wp-json\/wp\/v2\/media?parent=9629"}],"wp:term":[{"taxonomy":"category","embeddable":true,"href":"https:\/\/redept.com.br\/blogosfera\/wp-json\/wp\/v2\/categories?post=9629"},{"taxonomy":"post_tag","embeddable":true,"href":"https:\/\/redept.com.br\/blogosfera\/wp-json\/wp\/v2\/tags?post=9629"}],"curies":[{"name":"wp","href":"https:\/\/api.w.org\/{rel}","templated":true}]}}