{"id":9635,"date":"2024-12-31T13:30:06","date_gmt":"2024-12-31T16:30:06","guid":{"rendered":"https:\/\/redept.org\/blogosfera\/povos-indigenas-apontam-inconstitucionalidade-em-decreto-do-governo-zema-sobre-licenciamento-ambiental-em-minas-gerais\/"},"modified":"2024-12-31T13:30:06","modified_gmt":"2024-12-31T16:30:06","slug":"povos-indigenas-apontam-inconstitucionalidade-em-decreto-do-governo-zema-sobre-licenciamento-ambiental-em-minas-gerais","status":"publish","type":"post","link":"https:\/\/redept.com.br\/blogosfera\/povos-indigenas-apontam-inconstitucionalidade-em-decreto-do-governo-zema-sobre-licenciamento-ambiental-em-minas-gerais\/","title":{"rendered":"Povos ind\u00edgenas apontam inconstitucionalidade em decreto do governo Zema sobre licenciamento ambiental em Minas Gerais"},"content":{"rendered":"<p>A <a href=\"http:\/\/www.brasildefato.com.br\/2024\/08\/28\/farsa-e-ataque-a-vida-dos-povos-indigenas-diz-apib-ao-se-retirar-de-mesa-de-conciliacao-no-stf-sobre-marco-temporal\">Articula\u00e7\u00e3o dos Povos Ind\u00edgenas do Brasil (Apib<\/a>) ingressou no Supremo Tribunal Federal (STF) com uma a\u00e7\u00e3o que denuncia a inconstitucionalidade do <a href=\"https:\/\/www.almg.gov.br\/legislacao-mineira\/texto\/DEC\/48893\/2024\/\">decreto 48.893<\/a>, do estado de Minas Gerais, promulgado pelo governador <a href=\"https:\/\/www.brasildefato.com.br\/2024\/11\/30\/de-olho-nas-eleicoes-presidenciais-zema-faz-acenos-a-extrema-direita-mas-especialistas-apontam-limites\">Romeu Zema<\/a> (Novo) em setembro de 2024. A A\u00e7\u00e3o <a href=\"https:\/\/cdn.brasildefato.com.br\/documents\/88119f46b71bc60dc46fabe2c15fde89.pdf\">Direta de Inconstitucionalidade (ADI)<\/a> foi distribu\u00edda ao ministro Fl\u00e1vio Dino na \u00faltima segunda-feira (30). \u00a0<\/p>\n<p>O decreto estadual interfere na exig\u00eancia da <a href=\"https:\/\/www.brasildefato.com.br\/2023\/02\/15\/consulta-previa-justica-federal-reconhece-direito-de-comunidade-kilombola-no-rs\">Consulta Pr\u00e9via, Livre e Informada (CPLI)<\/a> aos povos ind\u00edgenas e comunidades afetadas por empreendimentos que causam impactos ambientais em seus territ\u00f3rios. A CPLI \u00e9 prevista pela Conven\u00e7\u00e3o n\u00ba 169 da Organiza\u00e7\u00e3o Internacional do Trabalho (OIT).\u00a0<\/p>\n<p>A norma publicada por Zema define como <a href=\"https:\/\/www.brasildefato.com.br\/2023\/08\/16\/povos-indigenas-existem-e-resistem-no-brasil\">povos ind\u00edgenas<\/a> a serem considerados em CPLI apenas aqueles reconhecidos pela Funda\u00e7\u00e3o Nacional dos Povos Ind\u00edgenas (Funai). Desse modo, no caso de licenciamentos ambientais realizado pelos \u00f3rg\u00e3os estaduais, a consulta ficaria restrita a esses grupos. \u00a0<\/p>\n<p>Al\u00e9m disso, o decreto define como terras ind\u00edgenas somente as que foram <a href=\"https:\/\/www.brasildefato.com.br\/2024\/10\/23\/governo-federal-assina-portaria-de-demarcacao-de-sete-terras-indigenas-em-sao-paulo\">demarcadas <\/a>pela Funai e homologada pela Uni\u00e3o, excluindo os demais territ\u00f3rios ocupados por povos origin\u00e1rios. Procurado pelo<strong> Brasil de Fato<\/strong>, o governo de Minas Gerais n\u00e3o comentou o assunto at\u00e9 o fechamento desta mat\u00e9ria. O espa\u00e7o segue aberto.\u00a0<\/p>\n<p>A ADI apresenta uma lista de dez viola\u00e7\u00f5es, entre elas a da \u201cautodetermina\u00e7\u00e3o dos povos ind\u00edgenas em se reconhecerem enquanto ind\u00edgenas ao delimitar que povos ind\u00edgenas s\u00e3o apenas os reconhecidos pela Funai\u201d. A autodetermina\u00e7\u00e3o \u00e9 garantida pela Constitui\u00e7\u00e3o Federal. \u00a0<\/p>\n<p>O decreto assinado por Zema estende as limita\u00e7\u00f5es da necessidade de consulta pr\u00e9via tamb\u00e9m \u00e0s comunidades quilombolas e tradicionais. Segundo a norma, s\u00f3 ser\u00e3o consideradas na CPLI as comunidades quilombolas certificadas pela Funda\u00e7\u00e3o Cultural Palmares; e povos e comunidades tradicionais certificados pela Comiss\u00e3o Estadual para o Desenvolvimento Sustent\u00e1vel dos Povos e Comunidades Tradicionais de Minas Gerais.\u00a0<\/p>\n<p>\u201cNo caso em foco, discute-se a usurpa\u00e7\u00e3o de compet\u00eancia legislativa, pelo Estado de Minas Gerais, de tem\u00e1tica privativa \u00e0 Uni\u00e3o (legislar sobre popula\u00e7\u00f5es ind\u00edgenas) e, igualmente, de assunto no qual somente a Uni\u00e3o pode propor normas gerais (meio ambiente)\u201d, indica a a\u00e7\u00e3o da Apib, que aponta ainda a \u201cdireta viola\u00e7\u00e3o ao texto da Constitui\u00e7\u00e3o Federal\u201d.\u00a0<\/p>\n<p>O texto da ADI destaca o papel dos povos ind\u00edgenas na preserva\u00e7\u00e3o ambiental e indica que, com o decreto, o estado estaria se sobrepondo \u00e0s normas gerais de direito ambiental, com o objetivo de reduzir a prote\u00e7\u00e3o ambiental. \u201cReduzir ilegitimidade as hip\u00f3teses de consulta para licenciamentos ambientais colocam em xeque tal prote\u00e7\u00e3o, e, por consequ\u00eancia, o meio ambiente ecologicamente equilibrado como um todo\u201d, informa o documento.\u00a0<\/p>\n<p>A Apib pede liminar para suspender os efeitos do decreto at\u00e9 o julgamento do m\u00e9rito da a\u00e7\u00e3o e alega que a norma pode gerar danos irrevers\u00edveis aos povos ind\u00edgenas ao afast\u00e1-los das decis\u00f5es que podem causar impactos em seus territ\u00f3rios.<\/p>\n<!-- Begin Yuzo --><div class='yuzo_related_post style-1'  data-version='5.12.89'><!-- without result --><div class='yuzo_clearfixed yuzo__title yuzo__title'><h3>Related Post<\/h3><\/div>\n\t\t\t\t\t\t  <div class=\"relatedthumb \" style=\"width:125px;float:left;overflow:hidden;\">  \n\t\t\t\t\t\t\t  \n\t\t\t\t\t\t\t  <a  href=\"https:\/\/redept.com.br\/blogosfera\/maioria-do-stf-vota-para-tornar-reus-deputados-do-pl-por-corrupcao\/\"  >\n\t\t\t\t\t\t\t\t\t  <div class=\"yuzo-img-wrap \" style=\"width: 125px;height:90px;\">\n\t\t\t\t\t\t\t\t\t\t\n\t\t\t\t\t\t\t\t\t\t<div class=\"yuzo-img\" style=\"background:url('https:\/\/redept.org\/blogosfera\/wp-content\/plugins\/yuzo-related-post\/assets\/images\/default.png') 50% 50% no-repeat;width: 125px;height:90px;margin-bottom: 5px;background-size: cover; \"><\/div>\n\t\t\t\t\t\t\t\t\t  <\/div>\n\t\t\t\t\t\t\t\t\t  \n\t\t\t\t\t\t\t\t   <span class=\"yuzo__text--title\" style=\"font-size:13px;\">Maioria do STF vota para tornar r\u00e9us deputados do ...<\/span>\n\t\t\t\t\t\t\t  \n\t\t\t\t\t\t\t  \n\t\t\t\t\t\t\t  <\/a>\n\n\t\t\t\t\t\t  <\/div>\n\t\t\t\t\t\t  <div class=\"relatedthumb \" style=\"width:125px;float:left;overflow:hidden;\">  \n\t\t\t\t\t\t\t  \n\t\t\t\t\t\t\t  <a  href=\"https:\/\/redept.com.br\/blogosfera\/para-enxergar-o-ira-sem-os-filtros-da-midia\/\"  >\n\t\t\t\t\t\t\t\t\t  <div class=\"yuzo-img-wrap \" style=\"width: 125px;height:90px;\">\n\t\t\t\t\t\t\t\t\t\t\n\t\t\t\t\t\t\t\t\t\t<div class=\"yuzo-img\" style=\"background:url('https:\/\/redept.com.br\/blogosfera\/wp-content\/uploads\/2026\/02\/260227-MossadeghB-150x150.jpg') 50% 50% no-repeat;width: 125px;height:90px;margin-bottom: 5px;background-size: cover; \"><\/div>\n\t\t\t\t\t\t\t\t\t  <\/div>\n\t\t\t\t\t\t\t\t\t  \n\t\t\t\t\t\t\t\t   <span class=\"yuzo__text--title\" style=\"font-size:13px;\">Para enxergar o Ir\u00e3 sem os filtros da m\u00eddia<\/span>\n\t\t\t\t\t\t\t  \n\t\t\t\t\t\t\t  \n\t\t\t\t\t\t\t  <\/a>\n\n\t\t\t\t\t\t  <\/div>\n\t\t\t\t\t\t  <div class=\"relatedthumb \" style=\"width:125px;float:left;overflow:hidden;\">  \n\t\t\t\t\t\t\t  \n\t\t\t\t\t\t\t  <a  href=\"https:\/\/redept.com.br\/blogosfera\/ministra-sonia-guajajara-recebe-premio-campeoes-da-terra-da-onu\/\"  >\n\t\t\t\t\t\t\t\t\t  <div class=\"yuzo-img-wrap \" style=\"width: 125px;height:90px;\">\n\t\t\t\t\t\t\t\t\t\t\n\t\t\t\t\t\t\t\t\t\t<div class=\"yuzo-img\" style=\"background:url('https:\/\/redept.org\/blogosfera\/wp-content\/plugins\/yuzo-related-post\/assets\/images\/default.png') 50% 50% no-repeat;width: 125px;height:90px;margin-bottom: 5px;background-size: cover; \"><\/div>\n\t\t\t\t\t\t\t\t\t  <\/div>\n\t\t\t\t\t\t\t\t\t  \n\t\t\t\t\t\t\t\t   <span class=\"yuzo__text--title\" style=\"font-size:13px;\">Ministra Sonia Guajajara recebe Pr\u00eamio Campe\u00f5es da...<\/span>\n\t\t\t\t\t\t\t  \n\t\t\t\t\t\t\t  \n\t\t\t\t\t\t\t  <\/a>\n\n\t\t\t\t\t\t  <\/div>\n\t\t\t\t\t\t  <div class=\"relatedthumb \" style=\"width:125px;float:left;overflow:hidden;\">  \n\t\t\t\t\t\t\t  \n\t\t\t\t\t\t\t  <a  href=\"https:\/\/redept.com.br\/blogosfera\/medicao-das-redes-sociais-mostra-avanco-de-lula-e-tombo-do-bolsonarismo\/\"  >\n\t\t\t\t\t\t\t\t\t  <div class=\"yuzo-img-wrap \" style=\"width: 125px;height:90px;\">\n\t\t\t\t\t\t\t\t\t\t\n\t\t\t\t\t\t\t\t\t\t<div class=\"yuzo-img\" style=\"background:url('https:\/\/redept.com.br\/blogosfera\/wp-content\/uploads\/2025\/09\/lula-positivo_Fotos-Ricardo-Stuckert-_-PR-150x150.jpg') 50% 50% no-repeat;width: 125px;height:90px;margin-bottom: 5px;background-size: cover; \"><\/div>\n\t\t\t\t\t\t\t\t\t  <\/div>\n\t\t\t\t\t\t\t\t\t  \n\t\t\t\t\t\t\t\t   <span class=\"yuzo__text--title\" style=\"font-size:13px;\">Medi\u00e7\u00e3o das redes sociais mostra avan\u00e7o de Lula e ...<\/span>\n\t\t\t\t\t\t\t  \n\t\t\t\t\t\t\t  \n\t\t\t\t\t\t\t  <\/a>\n\n\t\t\t\t\t\t  <\/div>\n<\/div> <script>\n\t\t\t\t\t\t  jQuery(document).ready(function( $ ){\n\t\t\t\t\t\t\t\/\/jQuery('.yuzo_related_post').equalizer({ overflow : 'relatedthumb' });\n\t\t\t\t\t\t\tjQuery('.yuzo_related_post .yuzo_wraps').equalizer({ columns : '> div' });\n\t\t\t\t\t\t   })\n\t\t\t\t\t\t  <\/script> <!-- End Yuzo :) -->","protected":false},"excerpt":{"rendered":"<p>A Articula\u00e7\u00e3o dos Povos Ind\u00edgenas do Brasil (Apib) ingressou no Supremo Tribunal Federal (STF) com uma a\u00e7\u00e3o que denuncia a inconstitucionalidade do decreto 48.893, do estado de Minas Gerais, promulgado pelo governador Romeu Zema (Novo) em setembro de 2024. A A\u00e7\u00e3o Direta de Inconstitucionalidade (ADI) foi distribu\u00edda ao ministro Fl\u00e1vio Dino na \u00faltima segunda-feira (30). [&hellip;]<\/p>\n","protected":false},"author":2,"featured_media":0,"comment_status":"closed","ping_status":"closed","sticky":false,"template":"","format":"standard","meta":{"fifu_image_url":"","fifu_image_alt":"","footnotes":""},"categories":[1],"tags":[],"class_list":["post-9635","post","type-post","status-publish","format-standard","hentry","category-uncategorized"],"_links":{"self":[{"href":"https:\/\/redept.com.br\/blogosfera\/wp-json\/wp\/v2\/posts\/9635","targetHints":{"allow":["GET"]}}],"collection":[{"href":"https:\/\/redept.com.br\/blogosfera\/wp-json\/wp\/v2\/posts"}],"about":[{"href":"https:\/\/redept.com.br\/blogosfera\/wp-json\/wp\/v2\/types\/post"}],"author":[{"embeddable":true,"href":"https:\/\/redept.com.br\/blogosfera\/wp-json\/wp\/v2\/users\/2"}],"replies":[{"embeddable":true,"href":"https:\/\/redept.com.br\/blogosfera\/wp-json\/wp\/v2\/comments?post=9635"}],"version-history":[{"count":0,"href":"https:\/\/redept.com.br\/blogosfera\/wp-json\/wp\/v2\/posts\/9635\/revisions"}],"wp:attachment":[{"href":"https:\/\/redept.com.br\/blogosfera\/wp-json\/wp\/v2\/media?parent=9635"}],"wp:term":[{"taxonomy":"category","embeddable":true,"href":"https:\/\/redept.com.br\/blogosfera\/wp-json\/wp\/v2\/categories?post=9635"},{"taxonomy":"post_tag","embeddable":true,"href":"https:\/\/redept.com.br\/blogosfera\/wp-json\/wp\/v2\/tags?post=9635"}],"curies":[{"name":"wp","href":"https:\/\/api.w.org\/{rel}","templated":true}]}}