{"id":9639,"date":"2024-12-31T15:00:05","date_gmt":"2024-12-31T18:00:05","guid":{"rendered":"https:\/\/redept.org\/blogosfera\/para-combater-deepfakes-nas-eleicoes-2026-lei-deveria-proteger-imagem-dos-cidadaos\/"},"modified":"2024-12-31T15:00:05","modified_gmt":"2024-12-31T18:00:05","slug":"para-combater-deepfakes-nas-eleicoes-2026-lei-deveria-proteger-imagem-dos-cidadaos","status":"publish","type":"post","link":"https:\/\/redept.com.br\/blogosfera\/para-combater-deepfakes-nas-eleicoes-2026-lei-deveria-proteger-imagem-dos-cidadaos\/","title":{"rendered":"Para combater deepfakes nas elei\u00e7\u00f5es 2026, lei deveria proteger imagem dos cidad\u00e3os"},"content":{"rendered":"<p>Com o avan\u00e7o acelerado da<a href=\"https:\/\/www.brasildefato.com.br\/2024\/12\/10\/senado-aprova-pl-da-inteligencia-artificial\"> intelig\u00eancia artificial (IA)<\/a>, a cria\u00e7\u00e3o de deepfakes e montagens de v\u00eddeo ou imagem baseadas em fotografias alheias tornou-se uma preocupa\u00e7\u00e3o central, especialmente diante dos riscos crescentes de manipula\u00e7\u00e3o, roubo de identidade e desinforma\u00e7\u00e3o. \u00c9 urgente que as autoridades legislem para proteger os cidad\u00e3os, permitindo que qualquer pessoa tenha o direito de proibir o uso de suas imagens por tecnologias de IA. Essa medida tamb\u00e9m visa combater a manipula\u00e7\u00e3o de v\u00eddeos e imagens durante per\u00edodos eleitorais, prevenindo poss\u00edveis interfer\u00eancias nos resultados das elei\u00e7\u00f5es.<\/p>\n<p>Ferramentas j\u00e1 existem para prevenir abusos em contextos digitais. O WhatsApp, por exemplo, implementou um recurso que impede capturas de tela em mensagens com prote\u00e7\u00e3o de privacidade. O Google tamb\u00e9m oferece um mecanismo que permite que usu\u00e1rios solicitem a remo\u00e7\u00e3o de resultados de busca baseados em imagens de seus rostos.<\/p>\n<p>Estes casos demonstram que a tecnologia pode ser ajustada para equilibrar inova\u00e7\u00e3o com a prote\u00e7\u00e3o dos direitos individuais. No entanto, no contexto de <a href=\"https:\/\/www.brasildefato.com.br\/2022\/08\/21\/deep-fake-nova-tecnica-para-espalhar-mentiras-nas-eleicoes-foi-assunto-esta-semana\">deepfakes<\/a>, n\u00e3o h\u00e1 uma regulamenta\u00e7\u00e3o suficientemente robusta para proteger a popula\u00e7\u00e3o de montagens n\u00e3o autorizadas, algo que se torna ainda mais preocupante \u00e0 medida que o uso dessas tecnologias cresce.<\/p>\n<p>Em per\u00edodos eleitorais, deepfakes e montagens fraudulentas representam uma amea\u00e7a direta \u00e0 democracia. V\u00eddeos e imagens manipulados podem ser usados para disseminar informa\u00e7\u00f5es falsas sobre candidatos, criar falsas associa\u00e7\u00f5es ou desqualificar advers\u00e1rios, influenciando significativamente o resultado das urnas. Essa pr\u00e1tica n\u00e3o apenas mina a credibilidade do processo eleitoral, mas tamb\u00e9m alimenta a desinforma\u00e7\u00e3o e a polariza\u00e7\u00e3o entre eleitores.<\/p>\n<p>Portanto, ao implementar medidas para proibir o uso n\u00e3o autorizado de imagens por IA, o objetivo \u00e9 dificultar a manipula\u00e7\u00e3o de conte\u00fado que poderia comprometer a integridade das elei\u00e7\u00f5es e, consequentemente, da democracia.<\/p>\n<p>As autoridades precisam agir com urg\u00eancia para implementar uma estrutura regulat\u00f3ria s\u00f3lida, levando em considera\u00e7\u00e3o:<\/p>\n<p><strong>1 &#8211; Direito Universal de Exclus\u00e3o:<\/strong><br \/>\nTodo cidad\u00e3o deve ter o direito de proibir que ferramentas de IA utilizem suas imagens para fins de montagem ou cria\u00e7\u00e3o de deepfakes. Plataformas que oferecem tais funcionalidades devem ser obrigadas a implementar controles que respeitem essas restri\u00e7\u00f5es.<\/p>\n<p><strong>2 &#8211; Registro e Controle Centralizado:<\/strong><br \/>\nCria\u00e7\u00e3o de um banco de dados centralizado, controlado por um \u00f3rg\u00e3o p\u00fablico, onde indiv\u00edduos possam registrar sua proibi\u00e7\u00e3o do uso de suas imagens. Ferramentas de IA seriam obrigadas a consultar este banco antes de realizar qualquer manipula\u00e7\u00e3o envolvendo a pessoa.<\/p>\n<p><strong>3 &#8211; Puni\u00e7\u00f5es Rigorosas para Infra\u00e7\u00f5es:<\/strong><br \/>\n\u00c9 fundamental que haja puni\u00e7\u00f5es severas para plataformas ou indiv\u00edduos que n\u00e3o respeitem as restri\u00e7\u00f5es impostas. Isso inclui multas significativas e, em casos extremos, san\u00e7\u00f5es criminais.<\/p>\n<p><strong>4 &#8211; Certifica\u00e7\u00e3o de Conformidade:<\/strong><br \/>\nEmpresas que desenvolvem tecnologias de IA deveriam ser obrigadas a obter uma certifica\u00e7\u00e3o que comprove que seus produtos est\u00e3o em conformidade com leis de privacidade e n\u00e3o permitem abusos relacionados a deepfakes.<\/p>\n<p><strong>5 &#8211; Prote\u00e7\u00e3o Eleitoral Espec\u00edfica:<\/strong><br \/>\nDurante per\u00edodos eleitorais, as plataformas devem ser obrigadas a adotar medidas adicionais de seguran\u00e7a para impedir a dissemina\u00e7\u00e3o de conte\u00fados manipulados, como valida\u00e7\u00f5es obrigat\u00f3rias para v\u00eddeos pol\u00edticos ou imagens amplamente compartilhadas.<\/p>\n<p><strong>6 &#8211; Campanhas de Educa\u00e7\u00e3o Digital:<\/strong><br \/>\nParalelamente \u00e0 regulamenta\u00e7\u00e3o, campanhas educacionais s\u00e3o essenciais para conscientizar a popula\u00e7\u00e3o sobre os riscos de deepfakes e as ferramentas dispon\u00edveis para proteger sua privacidade.<\/p>\n<p>O uso n\u00e3o autorizado de imagens para cria\u00e7\u00e3o de deepfakes \u00e9 um problema complexo que amea\u00e7a n\u00e3o apenas a privacidade individual, mas tamb\u00e9m a integridade das elei\u00e7\u00f5es, reputa\u00e7\u00f5es e at\u00e9 a seguran\u00e7a p\u00fablica. A implementa\u00e7\u00e3o de regulamenta\u00e7\u00f5es espec\u00edficas e ferramentas acess\u00edveis para o p\u00fablico pode reduzir drasticamente os abusos.<\/p>\n<p>Ao permitir que qualquer pessoa pro\u00edba o uso de suas imagens por IA, protegemos n\u00e3o apenas os direitos individuais, mas tamb\u00e9m o processo democr\u00e1tico, garantindo elei\u00e7\u00f5es mais transparentes e justas. Essas medidas s\u00e3o essenciais para combater os riscos de manipula\u00e7\u00e3o eleitoral, preservando a confian\u00e7a na democracia e no uso respons\u00e1vel das novas tecnologias.<\/p>\n<p>\n\u00a0<\/p>\n<p><em>* Lu\u00eds Humberto Carrijo \u00e9 jornalista e comunicador, com mestrado na Universidade Aut\u00f4noma de Barcelona, fundador da ag\u00eancia Rapport Comunica, e administrador da conta no Instagram e Youtube @imprensa_sem_disfarce\u00a0<\/em><\/p>\n<p><em>* Este \u00e9 um artigo de opini\u00e3o e n\u00e3o necessariamente representa a linha editorial do\u00a0<strong>Brasil do Fato<\/strong>.<\/em><\/p>\n<!-- Begin Yuzo --><div class='yuzo_related_post style-1'  data-version='5.12.89'><!-- without result --><div class='yuzo_clearfixed yuzo__title yuzo__title'><h3>Related Post<\/h3><\/div>\n\t\t\t\t\t\t  <div class=\"relatedthumb \" style=\"width:125px;float:left;overflow:hidden;\">  \n\t\t\t\t\t\t\t  \n\t\t\t\t\t\t\t  <a  href=\"https:\/\/redept.com.br\/blogosfera\/ex-psol-e-apontado-como-lobista-que-articulou-pl-de-tabata-amaral-que-pode-calar-criticas-a-israel\/\"  >\n\t\t\t\t\t\t\t\t\t  <div class=\"yuzo-img-wrap \" style=\"width: 125px;height:90px;\">\n\t\t\t\t\t\t\t\t\t\t\n\t\t\t\t\t\t\t\t\t\t<div class=\"yuzo-img\" style=\"background:url('https:\/\/redept.org\/blogosfera\/wp-content\/plugins\/yuzo-related-post\/assets\/images\/default.png') 50% 50% no-repeat;width: 125px;height:90px;margin-bottom: 5px;background-size: cover; \"><\/div>\n\t\t\t\t\t\t\t\t\t  <\/div>\n\t\t\t\t\t\t\t\t\t  \n\t\t\t\t\t\t\t\t   <span class=\"yuzo__text--title\" style=\"font-size:13px;\">Ex-PSOL \u00e9 apontado como lobista que articulou PL d...<\/span>\n\t\t\t\t\t\t\t  \n\t\t\t\t\t\t\t  \n\t\t\t\t\t\t\t  <\/a>\n\n\t\t\t\t\t\t  <\/div>\n\t\t\t\t\t\t  <div class=\"relatedthumb \" style=\"width:125px;float:left;overflow:hidden;\">  \n\t\t\t\t\t\t\t  \n\t\t\t\t\t\t\t  <a  href=\"https:\/\/redept.com.br\/blogosfera\/senadores-celebram-acordo-entre-mercosul-e-uniao-europeia-assinado-com-protagonismo-do-brasil\/\"  >\n\t\t\t\t\t\t\t\t\t  <div class=\"yuzo-img-wrap \" style=\"width: 125px;height:90px;\">\n\t\t\t\t\t\t\t\t\t\t\n\t\t\t\t\t\t\t\t\t\t<div class=\"yuzo-img\" style=\"background:url('https:\/\/redept.org\/blogosfera\/wp-content\/plugins\/yuzo-related-post\/assets\/images\/default.png') 50% 50% no-repeat;width: 125px;height:90px;margin-bottom: 5px;background-size: cover; \"><\/div>\n\t\t\t\t\t\t\t\t\t  <\/div>\n\t\t\t\t\t\t\t\t\t  \n\t\t\t\t\t\t\t\t   <span class=\"yuzo__text--title\" style=\"font-size:13px;\">Senadores celebram acordo entre Mercosul e Uni\u00e3o E...<\/span>\n\t\t\t\t\t\t\t  \n\t\t\t\t\t\t\t  \n\t\t\t\t\t\t\t  <\/a>\n\n\t\t\t\t\t\t  <\/div>\n\t\t\t\t\t\t  <div class=\"relatedthumb \" style=\"width:125px;float:left;overflow:hidden;\">  \n\t\t\t\t\t\t\t  \n\t\t\t\t\t\t\t  <a  href=\"https:\/\/redept.com.br\/blogosfera\/centro-de-formacao-santa-dica-dos-sertoes-recebe-a-2a-brigada-oziel-alves-da-regiao-centro-oeste\/\"  >\n\t\t\t\t\t\t\t\t\t  <div class=\"yuzo-img-wrap \" style=\"width: 125px;height:90px;\">\n\t\t\t\t\t\t\t\t\t\t\n\t\t\t\t\t\t\t\t\t\t<div class=\"yuzo-img\" style=\"background:url('https:\/\/redept.com.br\/blogosfera\/wp-content\/uploads\/2025\/08\/WhatsApp-Image-2025-08-21-at-160441-2-150x150.jpeg') 50% 50% no-repeat;width: 125px;height:90px;margin-bottom: 5px;background-size: cover; \"><\/div>\n\t\t\t\t\t\t\t\t\t  <\/div>\n\t\t\t\t\t\t\t\t\t  \n\t\t\t\t\t\t\t\t   <span class=\"yuzo__text--title\" style=\"font-size:13px;\">Centro de Forma\u00e7\u00e3o Santa Dica dos Sert\u00f5es recebe a...<\/span>\n\t\t\t\t\t\t\t  \n\t\t\t\t\t\t\t  \n\t\t\t\t\t\t\t  <\/a>\n\n\t\t\t\t\t\t  <\/div>\n\t\t\t\t\t\t  <div class=\"relatedthumb \" style=\"width:125px;float:left;overflow:hidden;\">  \n\t\t\t\t\t\t\t  \n\t\t\t\t\t\t\t  <a  href=\"https:\/\/sul21.com.br\/noticias\/geral\/2025\/08\/final-da-semana-tera-temporais-com-rajadas-de-vento-granizo-e-chuva-intensa-no-rs\/\"  >\n\t\t\t\t\t\t\t\t\t  <div class=\"yuzo-img-wrap \" style=\"width: 125px;height:90px;\">\n\t\t\t\t\t\t\t\t\t\t\n\t\t\t\t\t\t\t\t\t\t<div class=\"yuzo-img\" style=\"background:url('https:\/\/sul21.com.br\/wp-content\/uploads\/2025\/08\/Aviso-38_Meteo-819x1024.png') 50% 50% no-repeat;width: 125px;height:90px;margin-bottom: 5px;background-size: cover; \"><\/div>\n\t\t\t\t\t\t\t\t\t  <\/div>\n\t\t\t\t\t\t\t\t\t  \n\t\t\t\t\t\t\t\t   <span class=\"yuzo__text--title\" style=\"font-size:13px;\">Final da semana ter\u00e1 temporais com rajadas de vent...<\/span>\n\t\t\t\t\t\t\t  \n\t\t\t\t\t\t\t  \n\t\t\t\t\t\t\t  <\/a>\n\n\t\t\t\t\t\t  <\/div>\n<\/div> <script>\n\t\t\t\t\t\t  jQuery(document).ready(function( $ ){\n\t\t\t\t\t\t\t\/\/jQuery('.yuzo_related_post').equalizer({ overflow : 'relatedthumb' });\n\t\t\t\t\t\t\tjQuery('.yuzo_related_post .yuzo_wraps').equalizer({ columns : '> div' });\n\t\t\t\t\t\t   })\n\t\t\t\t\t\t  <\/script> <!-- End Yuzo :) -->","protected":false},"excerpt":{"rendered":"<p>Com o avan\u00e7o acelerado da intelig\u00eancia artificial (IA), a cria\u00e7\u00e3o de deepfakes e montagens de v\u00eddeo ou imagem baseadas em fotografias alheias tornou-se uma preocupa\u00e7\u00e3o central, especialmente diante dos riscos crescentes de manipula\u00e7\u00e3o, roubo de identidade e desinforma\u00e7\u00e3o. \u00c9 urgente que as autoridades legislem para proteger os cidad\u00e3os, permitindo que qualquer pessoa tenha o direito [&hellip;]<\/p>\n","protected":false},"author":2,"featured_media":0,"comment_status":"closed","ping_status":"closed","sticky":false,"template":"","format":"standard","meta":{"fifu_image_url":"","fifu_image_alt":"","footnotes":""},"categories":[1],"tags":[],"class_list":["post-9639","post","type-post","status-publish","format-standard","hentry","category-uncategorized"],"_links":{"self":[{"href":"https:\/\/redept.com.br\/blogosfera\/wp-json\/wp\/v2\/posts\/9639","targetHints":{"allow":["GET"]}}],"collection":[{"href":"https:\/\/redept.com.br\/blogosfera\/wp-json\/wp\/v2\/posts"}],"about":[{"href":"https:\/\/redept.com.br\/blogosfera\/wp-json\/wp\/v2\/types\/post"}],"author":[{"embeddable":true,"href":"https:\/\/redept.com.br\/blogosfera\/wp-json\/wp\/v2\/users\/2"}],"replies":[{"embeddable":true,"href":"https:\/\/redept.com.br\/blogosfera\/wp-json\/wp\/v2\/comments?post=9639"}],"version-history":[{"count":0,"href":"https:\/\/redept.com.br\/blogosfera\/wp-json\/wp\/v2\/posts\/9639\/revisions"}],"wp:attachment":[{"href":"https:\/\/redept.com.br\/blogosfera\/wp-json\/wp\/v2\/media?parent=9639"}],"wp:term":[{"taxonomy":"category","embeddable":true,"href":"https:\/\/redept.com.br\/blogosfera\/wp-json\/wp\/v2\/categories?post=9639"},{"taxonomy":"post_tag","embeddable":true,"href":"https:\/\/redept.com.br\/blogosfera\/wp-json\/wp\/v2\/tags?post=9639"}],"curies":[{"name":"wp","href":"https:\/\/api.w.org\/{rel}","templated":true}]}}