{"id":96693,"date":"2026-07-22T18:44:39","date_gmt":"2026-07-22T21:44:39","guid":{"rendered":"https:\/\/redept.com.br\/blogosfera\/industria-textil-como-frear-a-superexploracao\/"},"modified":"2026-07-22T18:44:39","modified_gmt":"2026-07-22T21:44:39","slug":"industria-textil-como-frear-a-superexploracao","status":"publish","type":"post","link":"https:\/\/redept.com.br\/blogosfera\/industria-textil-como-frear-a-superexploracao\/","title":{"rendered":"Ind\u00fastria t\u00eaxtil: como frear a superexplora\u00e7\u00e3o?"},"content":{"rendered":"<div>\n<figure><img loading=\"lazy\" loading=\"lazy\" decoding=\"async\" width=\"500\" height=\"375\"src=\"https:\/\/redept.com.br\/blogosfera\/wp-content\/uploads\/2026\/07\/a1be58772631d2df418f98af0c728072.jpg\" alt=\"\" srcset=\"https:\/\/redept.com.br\/blogosfera\/wp-content\/uploads\/2026\/07\/a1be58772631d2df418f98af0c728072.jpg 500w, https:\/\/outraspalavras.net\/wp-content\/uploads\/2026\/07\/a1be58772631d2df418f98af0c728072-300x225.jpg 300w\" sizes=\"auto, (max-width: 500px) 100vw, 500px\"><figcaption>Detalhe de Retrato de uma trabalhadora t\u00eaxtil [Portrait of a Textile Worker] de Terese Agnew | Imagem retirada de anngrafics.wordpress.com<\/figcaption><\/figure>\n<\/div>\n<div>\n<div>\n<div>\n<div>\n<div>\n<div>\n<div>\n<h4>Boletim Outras Palavras<\/h4>\n<p>Receba por email, diariamente, todas as publica\u00e7\u00f5es do site<\/p>\n<\/p><\/div>\n<div>\n<div>\n<div>\n<div>\n<div><\/div>\n<\/p><\/div>\n<\/p><\/div>\n<div>\n                <button type=\"submit\">Assinar<\/button><br \/>\n                <button disabled type=\"button\"> <\/p>\n<div><\/div>\n<p> <span>Loading&#8230;<\/span> <\/button>\n              <\/div>\n<\/p><\/div>\n<\/p><\/div>\n<div>\n            <button type=\"submit\">Assinar<\/button><br \/>\n            <button disabled type=\"button\"> <\/p>\n<div><\/div>\n<p> <span>Loading&#8230;<\/span> <\/button>\n          <\/div>\n<\/p><\/div>\n<div>\n<div>\n<h4>Agradecemos!<\/h4>\n<p>Voc\u00ea j\u00e1 est\u00e1 inscrito e come\u00e7ar\u00e1 a receber os boletins em breve. Boa leitura!<\/p>\n<\/p><\/div>\n<\/p><\/div>\n<\/p><\/div>\n<\/p><\/div>\n<\/div>\n<\/div>\n<\/div>\n<p>Cerca de 90 milh\u00f5es de pessoas, a grande maioria mulheres, trabalham na ind\u00fastria t\u00eaxtil ao redor do mundo com sal\u00e1rios que n\u00e3o cobrem nem mesmo suas necessidades mais b\u00e1sicas, porque os gigantes da importa\u00e7\u00e3o pagam s\u00f3 um pouco mais por uma camiseta b\u00e1sica de algod\u00e3o do que pagavam h\u00e1 vinte anos. Por\u00e9m, em termos reais, o valor pago por esses gigantes torna-se ainda mais irris\u00f3rio quando se considera o impacto da infla\u00e7\u00e3o. Claramente, uma tend\u00eancia de queda foi alcan\u00e7ada \u00e0s custas do trabalho e da viabilidade econ\u00f4mica dos pr\u00f3prios fabricantes. Esse problema afeta especialmente o continente asi\u00e1tico, pois dois ter\u00e7os dessa ind\u00fastria est\u00e3o concentrados nessa regi\u00e3o.<\/p>\n<p><strong>Camisetas a 13 d\u00f3lares o quilo<\/strong><\/p>\n<p>Os importadores que abastecem as lojas europeias pagam aos fabricantes na \u00c1sia entre 2 e 3 d\u00f3lares por unidade, e, \u00e0s vezes, apenas 1 d\u00f3lar. Se, em vez de unidades, for calculado em quilos, o pre\u00e7o m\u00e9dio que esses importadores pagaram em 2025 foi de 16 d\u00f3lares por quilo, e apenas 13 d\u00f3lares pelas camisetas feitas em Bangladesh, seu principal fornecedor.<\/p>\n<div>\n<div><img loading=\"lazy\" loading=\"lazy\" decoding=\"async\"src=\"https:\/\/redept.com.br\/blogosfera\/wp-content\/uploads\/2026\/07\/Prancheta--23.png\" alt=\"\" srcset=\"https:\/\/redept.com.br\/blogosfera\/wp-content\/uploads\/2026\/07\/Prancheta--23.png 680w, https:\/\/outraspalavras.net\/wp-content\/uploads\/2022\/12\/Prancheta-4-300x110.png 300w\" sizes=\"auto, (max-width: 680px) 100vw, 680px\" width=\"680\" height=\"250\"><\/div>\n<\/div>\n<p>No entanto, os pre\u00e7os mais baixos dessas mesmas camisetas nas principais lojas da Su\u00ed\u00e7a, da Fran\u00e7a, da Espanha e no restante da Europa Ocidental variam de 10 a 20 d\u00f3lares por unidade. Em outras palavras, com a venda de uma \u00fanica camiseta, as lojas europeias praticamente pagaram um quilo de camisetas. Como explicar uma diferen\u00e7a t\u00e3o grande entre o que os fabricantes recebem e o que as pessoas que usam essas camisetas pagam?<\/p>\n<p>Uma investiga\u00e7\u00e3o conjunta da organiza\u00e7\u00e3o n\u00e3o governamental Public Eye (Olhar Cidad\u00e3o) e da International Clean Clothes Campaign (Campanha Internacional Roupa Limpa) \u2013uma rede de ativistas que defendem a melhoria das condi\u00e7\u00f5es de trabalho na ind\u00fastria mundial de confec\u00e7\u00e3o\/vestu\u00e1rio e artigos esportivos\u2013 oferece uma resposta t\u00e3o s\u00f3lida quanto reveladora. Seu relat\u00f3rio, recentemente publicado, intitulado Squeezed Dry (<em>Espremidos at\u00e9 a \u00faltima gota<\/em>), conclui que, longe de ser uma simples anomalia do mercado, os custos de fabrica\u00e7\u00e3o extremamente baixos dessas camisetas \u2013ou seja, o que os importadores est\u00e3o dispostos a pagar aos fabricantes\u2013 constitui o mecanismo fundamental pelo qual as grandes marcas de roupas preservam e reproduzem o t\u00e3o questionado modelo de lucro da ind\u00fastria t\u00eaxtil.<\/p>\n<p>Um modelo que perpetua n\u00e3o apenas sal\u00e1rios de pobreza, mas tamb\u00e9m condi\u00e7\u00f5es de trabalho prec\u00e1rias em toda a cadeia de suprimentos, desde o pequeno e r\u00fastico ateli\u00ea com alguns trabalhadores em alguma regi\u00e3o remota da \u00c1sia at\u00e9 a formid\u00e1vel for\u00e7a de trabalho de enormes f\u00e1bricas em zonas francas, onde praticamente n\u00e3o pagam impostos nem precisam ajustar-se a qualquer tipo de conven\u00e7\u00e3o sindical.<\/p>\n<p>Entre 2001 e 2025, conforme documenta Public Eye em sua investiga\u00e7\u00e3o, a economia global cresceu cerca de 3% ao ano, enquanto a infla\u00e7\u00e3o mais que dobrou o custo de vida. No entanto, no setor t\u00eaxtil, os pre\u00e7os de importa\u00e7\u00e3o de uma camiseta quase n\u00e3o mudaram. Na Uni\u00e3o Europeia, por exemplo, embora essa varia\u00e7\u00e3o tenha sido de +0,9% ao ano em termos nominais, devido \u00e0 infla\u00e7\u00e3o foi reduzida para -1,4% em termos reais. As grandes marcas europeias embaralham essas porcentagens de forma enganosa para justificar seus elevados pre\u00e7os de varejo. Na verdade, eles alegam que, nos \u00faltimos 25 anos, as camisetas ficaram 25% mais caras, quando, na verdade, custaram 30% menos <em>(<\/em><em>https:\/\/www.publiceye.ch\/fileadmin\/img\/Mode\/2026_Squeezed_Dry\/PE_Report_CCC-Pricing_5-26_E.pdf<\/em><em>).<\/em><\/p>\n<p>Esse cen\u00e1rio poderia ser ainda mais problem\u00e1tico se inclu\u00edsse a complexa rede do muito lucrativo setor das camisetas de marcas estritamente esportivas, vendidas com o logo \u201coficial\u201d, como aquelas que est\u00e3o atingindo um boom particular com a Copa do Mundo de 2026 e, em geral, em todo o amplo setor esportivo.<\/p>\n<p><strong>Tudo para conseguir pre\u00e7os mais baixos<\/strong><\/p>\n<p>Nas \u00faltimas d\u00e9cadas, as grandes marcas de roupa trasladaram, gradualmente, a sua produ\u00e7\u00e3o para pa\u00edses onde os custos de fabrica\u00e7\u00e3o s\u00e3o mais baixos. Um exemplo \u00e9 Bangladesh, principal fornecedor de camisetas para a Uni\u00e3o Europeia e para o Reino Unido, e o segundo no mundo, logo atr\u00e1s da China.<\/p>\n<div>\n<div><img loading=\"lazy\" loading=\"lazy\" decoding=\"async\"src=\"https:\/\/redept.com.br\/blogosfera\/wp-content\/uploads\/2026\/07\/1-21.png\" alt=\"\" srcset=\"https:\/\/redept.com.br\/blogosfera\/wp-content\/uploads\/2026\/07\/1-21.png 680w, https:\/\/outraspalavras.net\/wp-content\/uploads\/2025\/12\/15-300x110.png 300w\" sizes=\"auto, (max-width: 680px) 100vw, 680px\" width=\"680\" height=\"250\"><\/div>\n<\/div>\n<p>Essa crescente concentra\u00e7\u00e3o do setor t\u00eaxtil em pa\u00edses ou regi\u00f5es com custos de produ\u00e7\u00e3o mais baixos intensificou a rela\u00e7\u00e3o de depend\u00eancia entre a ind\u00fastria local e as empresas de comercializa\u00e7\u00e3o no restante do mundo, com resultados extremamente prejudiciais para as primeiras. Fundamentalmente, devido \u00e0 enorme press\u00e3o para reduzir seus pre\u00e7os o m\u00e1ximo poss\u00edvel. Essa \u00e9 uma das principais conclus\u00f5es da Public Eye ap\u00f3s investigar de forma aprofundada e transparente o comportamento dos gigantes do setor.<\/p>\n<p>Entre os atores com os maiores pre\u00e7os de venda \u2013sempre levando em conta os casos estudados\u2013 est\u00e3o a japonesa Fast Retailing, propriet\u00e1ria da marca Uniqlo (que ficou famosa gra\u00e7as \u00e0 parceria com o tenista su\u00ed\u00e7o Roger Federer), e o grupo dinamarqu\u00eas Bestseller, propriet\u00e1rio da Jack &amp; Jones e da Vero Moda. No entanto, essas empresas raramente pagam aos fornecedores em Bangladesh mais do que 18 d\u00f3lares por quilo (cerca de 3 d\u00f3lares por camiseta). No outro extremo da tabela, as cadeias de desconto como a Primark e o grupo polon\u00eas LPP custam cerca de 10 d\u00f3lares por quilo. A gigante espanhola da fast-fashion Inditex, que possui a marca Zara, bem como a empresa sueca H&amp;M se situam em um segmento intermedi\u00e1rio.<\/p>\n<p>Quando confrontadas pela Public Eye com essas informa\u00e7\u00f5es, v\u00e1rias empresas argumentaram que a diferen\u00e7a marcante entre os pre\u00e7os de produ\u00e7\u00e3o e os de varejo n\u00e3o levou em conta fatores-chave como a variedade de produtos, maior efici\u00eancia, flutua\u00e7\u00e3o nos custos das mat\u00e9rias-primas e tarifas, entre outros. Tampouco os custos associados \u00e0s obriga\u00e7\u00f5es sindicais e salariais em Bangladesh, que, segundo elas, t\u00eam sido respeitadas pontualmente. No entanto, como alega a Public Eye, \u201cnenhuma [dessas empresas] forneceu seus pr\u00f3prios dados\u201d, ou seja, elas n\u00e3o abriram o jogo para passar da pura ret\u00f3rica para n\u00fameros de custos e benef\u00edcios (<em>https:\/\/www.publiceye.ch\/fileadmin\/doc\/Mode\/2026_Squeezed_Dry\/Squezzed_Dry_Company_Statements.pdf<\/em>)<\/p>\n<p><strong>Press\u00f5es sobre o Sul<\/strong><\/p>\n<p>As entrevistas da Public Eye realizadas em Bangladesh com gerentes de f\u00e1bricas e agentes de compras das empresas analisadas revelam a magnitude da press\u00e3o que elas exercem sobre os fabricantes, com exig\u00eancias de pre\u00e7os extremamente baixos e praticamente inegoci\u00e1veis. \u00c0s vezes, com exig\u00eancias por redu\u00e7\u00f5es adicionais de pre\u00e7o ap\u00f3s o acordado. De uma forma ou de outra, as margens de lucro para os fabricantes acabam sendo inexistentes.<\/p>\n<p>Para evitar desacelera\u00e7\u00e3o das linhas de produ\u00e7\u00e3o, para preservar o fluxo de caixa e continuar pagando os sal\u00e1rios, muitos fabricantes at\u00e9 aceitam pedidos a pre\u00e7o de custo, ou at\u00e9 mesmo com preju\u00edzos, especialmente durante a entressafra. Diante da estagna\u00e7\u00e3o dos pre\u00e7os nominais e do aumento dos custos, os fabricantes est\u00e3o recorrendo \u00e0 \u00fanica ferramenta flex\u00edvel que lhes resta: a m\u00e3o de obra, resultando na intensifica\u00e7\u00e3o do trabalho, com jornadas mais longas e uma press\u00e3o constante sobre os sal\u00e1rios, para reduzi-los ainda mais.<\/p>\n<p>Dessa forma, os pre\u00e7os extremamente baixos de venda das camisetas contribuem para manter os sal\u00e1rios de pobreza, ao mesmo tempo em que enfraquecem a capacidade das f\u00e1bricas de absorver as flutua\u00e7\u00f5es da demanda e limitam os investimentos sociais e ambientais.<\/p>\n<p><strong>Imperativo: pre\u00e7os mais justos<\/strong><\/p>\n<p>Na ind\u00fastria t\u00eaxtil, duas d\u00e9cadas de padr\u00f5es volunt\u00e1rios, c\u00f3digos de conduta e iniciativas em dire\u00e7\u00e3o a pre\u00e7os mais justos n\u00e3o conseguiram acabar com a degrada\u00e7\u00e3o do setor. Portanto, como argumenta a Public Eye, a precifica\u00e7\u00e3o concertada dos pre\u00e7os que pagam aos fabricantes deve converter-se em um pilar fundamental para o abastecimento respons\u00e1vel. Esses pre\u00e7os, em outras palavras, devem refletir custos reais de produ\u00e7\u00e3o, estar em conformidade com os padr\u00f5es da ind\u00fastria e respeitar os direitos humanos e o meio ambiente. De forma alguma devem ser impostas pelos objetivos de vendas e lucratividade dos gigantes da ind\u00fastria.<\/p>\n<p>O relat\u00f3rio da Public Eye identifica metas de pre\u00e7o m\u00ednimo como um marco para negocia\u00e7\u00f5es e como uma ferramenta concreta para integrar o abastecimento respons\u00e1vel nas pr\u00e1ticas empresariais. Um limite de 30 d\u00f3lares por quilo, por exemplo, financiaria sal\u00e1rios dignos, condi\u00e7\u00f5es de trabalho seguras e sem estresse, e conduta ambiental cr\u00edvel. Esse valor equivaleria a 5 d\u00f3lares por camiseta, um pre\u00e7o que parece totalmente razo\u00e1vel.<\/p>\n<p>Paralelamente a essas demandas, v\u00e1rios atores sociais europeus est\u00e3o lidando com diferentes m\u00e9todos para exigir mais justi\u00e7a e equidade na ind\u00fastria t\u00eaxtil e nas rela\u00e7\u00f5es comerciais Norte-Sul. Uma f\u00f3rmula original \u00e9, por exemplo, a do Fair Fashion Award (Pr\u00eamio \u00e0 Moda Justa), que \u00e9 promovido na Su\u00ed\u00e7a. Oferece uma plataforma para os pioneiros da sustentabilidade no setor t\u00eaxtil; inspira uma produ\u00e7\u00e3o e comercializa\u00e7\u00e3o respons\u00e1veis; e representa credibilidade, relev\u00e2ncia e viabilidade futura. \u00c9 apoiado pela Swiss Fair Trade Network (Rede Su\u00ed\u00e7a do Com\u00e9rcio Justo), que \u00e9 a plataforma que re\u00fane todas as iniciativas de interc\u00e2mbio equitativo\/com\u00e9rcio justo existentes no pa\u00eds (<em>www.swissfairtrade.ch<\/em>).<\/p>\n<p>Camisetas de algod\u00e3o: um s\u00edmbolo emblem\u00e1tico do com\u00e9rcio estruturalmente injusto e uma bandeira de den\u00fancia de um setor ativo da sociedade civil internacional que confronta os gigantes t\u00eaxteis e, ao mesmo tempo, exige corre\u00e7\u00f5es com justi\u00e7a.<\/p>\n<p>Tradu\u00e7\u00e3o: Rose Lima.<\/p>\n<div>\n<div>\n<p><span><em>Outras Palavras \u00e9 feito por muitas m\u00e3os. Se voc\u00ea valoriza nossa produ\u00e7\u00e3o, seja nosso apoiador e fortale\u00e7a o jornalismo cr\u00edtico: <strong>apoia.se\/outraspalavras<\/strong><\/em><\/span><\/p>\n<\/div>\n<\/div>\n<p>The post Ind\u00fastria t\u00eaxtil: como frear a superexplora\u00e7\u00e3o? appeared first on Outras Palavras.<\/p>\n<!-- Begin Yuzo --><div class='yuzo_related_post style-1'  data-version='5.12.89'><!-- without result --><div class='yuzo_clearfixed yuzo__title yuzo__title'><h3>Related Post<\/h3><\/div>\n\t\t\t\t\t\t  <div class=\"relatedthumb \" style=\"width:125px;float:left;overflow:hidden;\">  \n\t\t\t\t\t\t\t  \n\t\t\t\t\t\t\t  <a  href=\"https:\/\/redept.com.br\/blogosfera\/haaretz-israel-investe-milhoes-em-bots-ia-e-igrejas-para-recuperar-apoio-nos-eua\/\"  >\n\t\t\t\t\t\t\t\t\t  <div class=\"yuzo-img-wrap \" style=\"width: 125px;height:90px;\">\n\t\t\t\t\t\t\t\t\t\t\n\t\t\t\t\t\t\t\t\t\t<div class=\"yuzo-img\" style=\"background:url('https:\/\/redept.com.br\/blogosfera\/wp-content\/uploads\/2025\/11\/night-of-israel-768x716-1-150x150.jpg') 50% 50% no-repeat;width: 125px;height:90px;margin-bottom: 5px;background-size: cover; \"><\/div>\n\t\t\t\t\t\t\t\t\t  <\/div>\n\t\t\t\t\t\t\t\t\t  \n\t\t\t\t\t\t\t\t   <span class=\"yuzo__text--title\" style=\"font-size:13px;\">Haaretz: Israel investe milh\u00f5es em bots, IA e igre...<\/span>\n\t\t\t\t\t\t\t  \n\t\t\t\t\t\t\t  \n\t\t\t\t\t\t\t  <\/a>\n\n\t\t\t\t\t\t  <\/div>\n\t\t\t\t\t\t  <div class=\"relatedthumb \" style=\"width:125px;float:left;overflow:hidden;\">  \n\t\t\t\t\t\t\t  \n\t\t\t\t\t\t\t  <a  href=\"https:\/\/redept.com.br\/blogosfera\/aplicativos-operam-sob-lucro-a-qualquer-custo-diz-especialista-apos-morte-de-jovem-em-mototaxi\/\"  >\n\t\t\t\t\t\t\t\t\t  <div class=\"yuzo-img-wrap \" style=\"width: 125px;height:90px;\">\n\t\t\t\t\t\t\t\t\t\t\n\t\t\t\t\t\t\t\t\t\t<div class=\"yuzo-img\" style=\"background:url('https:\/\/redept.org\/blogosfera\/wp-content\/plugins\/yuzo-related-post\/assets\/images\/default.png') 50% 50% no-repeat;width: 125px;height:90px;margin-bottom: 5px;background-size: cover; \"><\/div>\n\t\t\t\t\t\t\t\t\t  <\/div>\n\t\t\t\t\t\t\t\t\t  \n\t\t\t\t\t\t\t\t   <span class=\"yuzo__text--title\" style=\"font-size:13px;\">Aplicativos operam sob \u2018lucro a qualquer custo\u2019, d...<\/span>\n\t\t\t\t\t\t\t  \n\t\t\t\t\t\t\t  \n\t\t\t\t\t\t\t  <\/a>\n\n\t\t\t\t\t\t  <\/div>\n\t\t\t\t\t\t  <div class=\"relatedthumb \" style=\"width:125px;float:left;overflow:hidden;\">  \n\t\t\t\t\t\t\t  \n\t\t\t\t\t\t\t  <a  href=\"https:\/\/redept.com.br\/blogosfera\/no-8o-dia-de-manifestacao-por-educacao-indigenas-mantem-ocupacao-no-para-nao-estamos-articulando-com-o-governo\/\"  >\n\t\t\t\t\t\t\t\t\t  <div class=\"yuzo-img-wrap \" style=\"width: 125px;height:90px;\">\n\t\t\t\t\t\t\t\t\t\t\n\t\t\t\t\t\t\t\t\t\t<div class=\"yuzo-img\" style=\"background:url('https:\/\/redept.org\/blogosfera\/wp-content\/plugins\/yuzo-related-post\/assets\/images\/default.png') 50% 50% no-repeat;width: 125px;height:90px;margin-bottom: 5px;background-size: cover; \"><\/div>\n\t\t\t\t\t\t\t\t\t  <\/div>\n\t\t\t\t\t\t\t\t\t  \n\t\t\t\t\t\t\t\t   <span class=\"yuzo__text--title\" style=\"font-size:13px;\">No 8\u00ba dia de manifesta\u00e7\u00e3o por educa\u00e7\u00e3o, ind\u00edgenas ...<\/span>\n\t\t\t\t\t\t\t  \n\t\t\t\t\t\t\t  \n\t\t\t\t\t\t\t  <\/a>\n\n\t\t\t\t\t\t  <\/div>\n\t\t\t\t\t\t  <div class=\"relatedthumb \" style=\"width:125px;float:left;overflow:hidden;\">  \n\t\t\t\t\t\t\t  \n\t\t\t\t\t\t\t  <a  href=\"https:\/\/redept.com.br\/blogosfera\/lula-desembarca-no-panama-para-a-davos-latino-americana-que-pode-redefinir-aliancas-regionais\/\"  >\n\t\t\t\t\t\t\t\t\t  <div class=\"yuzo-img-wrap \" style=\"width: 125px;height:90px;\">\n\t\t\t\t\t\t\t\t\t\t\n\t\t\t\t\t\t\t\t\t\t<div class=\"yuzo-img\" style=\"background:url('https:\/\/redept.org\/blogosfera\/wp-content\/plugins\/yuzo-related-post\/assets\/images\/default.png') 50% 50% no-repeat;width: 125px;height:90px;margin-bottom: 5px;background-size: cover; \"><\/div>\n\t\t\t\t\t\t\t\t\t  <\/div>\n\t\t\t\t\t\t\t\t\t  \n\t\t\t\t\t\t\t\t   <span class=\"yuzo__text--title\" style=\"font-size:13px;\">Lula desembarca no Panam\u00e1 para a \u2018Davos latino-ame...<\/span>\n\t\t\t\t\t\t\t  \n\t\t\t\t\t\t\t  \n\t\t\t\t\t\t\t  <\/a>\n\n\t\t\t\t\t\t  <\/div>\n<\/div> <script>\n\t\t\t\t\t\t  jQuery(document).ready(function( $ ){\n\t\t\t\t\t\t\t\/\/jQuery('.yuzo_related_post').equalizer({ overflow : 'relatedthumb' });\n\t\t\t\t\t\t\tjQuery('.yuzo_related_post .yuzo_wraps').equalizer({ columns : '> div' });\n\t\t\t\t\t\t   })\n\t\t\t\t\t\t  <\/script> <!-- End Yuzo :) -->","protected":false},"excerpt":{"rendered":"<p>Cerca de 90 milh\u00f5es de pessoas trabalham no setor, com sal\u00e1rios miser\u00e1veis. Sul global \u00e9 sustent\u00e1culo das grifes europeias, que pagam pre\u00e7os rid\u00edculos por pe\u00e7as. H\u00e1 formas de impor limites, como metas de pre\u00e7o justo para financiar trabalho digno e mitigar impactos ambientais<\/p>\n<p>The post <a href=\"https:\/\/outraspalavras.net\/trabalhoeprecariado\/industria-textil-como-frear-a-superexploracao\/\">Ind\u00fastria t\u00eaxtil: como frear a superexplora\u00e7\u00e3o?<\/a> appeared first on <a href=\"https:\/\/outraspalavras.net\/\">Outras Palavras<\/a>.<\/p>\n","protected":false},"author":2,"featured_media":96694,"comment_status":"open","ping_status":"closed","sticky":false,"template":"","format":"standard","meta":{"fifu_image_url":"","fifu_image_alt":"","footnotes":""},"categories":[63998,5236,5836,40949,4815,76517,9450,76518,76519,377,5834,974],"tags":[],"class_list":["post-96693","post","type-post","status-publish","format-standard","has-post-thumbnail","hentry","category-capitalismo-dependente","category-exploracao","category-exploracao-do-trabalho","category-industria-textil","category-precariado","category-probreza","category-teoria-da-dependencia","category-trabalhador-textil","category-trabalhadora-textil","category-trabalho","category-trabalho-e-precariado","category-trabalho-escravo"],"_links":{"self":[{"href":"https:\/\/redept.com.br\/blogosfera\/wp-json\/wp\/v2\/posts\/96693","targetHints":{"allow":["GET"]}}],"collection":[{"href":"https:\/\/redept.com.br\/blogosfera\/wp-json\/wp\/v2\/posts"}],"about":[{"href":"https:\/\/redept.com.br\/blogosfera\/wp-json\/wp\/v2\/types\/post"}],"author":[{"embeddable":true,"href":"https:\/\/redept.com.br\/blogosfera\/wp-json\/wp\/v2\/users\/2"}],"replies":[{"embeddable":true,"href":"https:\/\/redept.com.br\/blogosfera\/wp-json\/wp\/v2\/comments?post=96693"}],"version-history":[{"count":0,"href":"https:\/\/redept.com.br\/blogosfera\/wp-json\/wp\/v2\/posts\/96693\/revisions"}],"wp:featuredmedia":[{"embeddable":true,"href":"https:\/\/redept.com.br\/blogosfera\/wp-json\/wp\/v2\/media\/96694"}],"wp:attachment":[{"href":"https:\/\/redept.com.br\/blogosfera\/wp-json\/wp\/v2\/media?parent=96693"}],"wp:term":[{"taxonomy":"category","embeddable":true,"href":"https:\/\/redept.com.br\/blogosfera\/wp-json\/wp\/v2\/categories?post=96693"},{"taxonomy":"post_tag","embeddable":true,"href":"https:\/\/redept.com.br\/blogosfera\/wp-json\/wp\/v2\/tags?post=96693"}],"curies":[{"name":"wp","href":"https:\/\/api.w.org\/{rel}","templated":true}]}}