{"id":9681,"date":"2025-01-02T13:54:39","date_gmt":"2025-01-02T16:54:39","guid":{"rendered":"https:\/\/redept.org\/blogosfera\/praca-dos-tres-poderes-recebe-ato-em-defesa-da-democracia-em-8-de-janeiro\/"},"modified":"2025-01-02T13:54:39","modified_gmt":"2025-01-02T16:54:39","slug":"praca-dos-tres-poderes-recebe-ato-em-defesa-da-democracia-em-8-de-janeiro","status":"publish","type":"post","link":"https:\/\/redept.com.br\/blogosfera\/praca-dos-tres-poderes-recebe-ato-em-defesa-da-democracia-em-8-de-janeiro\/","title":{"rendered":"Pra\u00e7a dos Tr\u00eas Poderes recebe ato em defesa da democracia em 8 de janeiro"},"content":{"rendered":"<p><img loading=\"lazy\" width=\"1024\" height=\"643\"src=\"https:\/\/redept.org\/blogosfera\/wp-content\/uploads\/2025\/01\/8-de-janeiro-1_agencia-brasil.jpg\" alt=\"\" decoding=\"async\" loading=\"lazy\" srcset=\"https:\/\/vermelho.org.br\/wp-content\/uploads\/2024\/01\/8-de-janeiro-1_agencia-brasil-1024x643.jpg 1024w, https:\/\/vermelho.org.br\/wp-content\/uploads\/2024\/01\/8-de-janeiro-1_agencia-brasil-300x189.jpg 300w, https:\/\/vermelho.org.br\/wp-content\/uploads\/2024\/01\/8-de-janeiro-1_agencia-brasil-768x483.jpg 768w, https:\/\/redept.org\/blogosfera\/wp-content\/uploads\/2025\/01\/8-de-janeiro-1_agencia-brasil.jpg 1200w\" sizes=\"auto, (max-width: 1024px) 100vw, 1024px\"><\/p>\n<p>A Pra\u00e7a dos Tr\u00eas Poderes, em Bras\u00edlia, ser\u00e1 palco de um ato \u201cem defesa da democracia\u201d na pr\u00f3xima segunda, 8 de janeiro de 2025, exatamente dois anos ap\u00f3s os ataques promovidos pela extrema direita e pelo ex-presidente Jair Bolsonaro (PL) \u00e0s sedes dos Tr\u00eas Poderes.<\/p>\n<p>Convocado pelo Partido dos Trabalhadores (PT) e organizado pela Frente Brasil Popular, o evento est\u00e1 marcado para come\u00e7ar \u00e0s 11h e contar\u00e1 com a presen\u00e7a do presidente Luiz In\u00e1cio Lula da Silva. De acordo com a organiza\u00e7\u00e3o, tamb\u00e9m s\u00e3o esperados representantes do Legislativo, do Judici\u00e1rio e de diversas entidades da sociedade civil, al\u00e9m de lideran\u00e7as religiosas.<\/p>\n<p>O ato ocorre em um contexto de refor\u00e7o da mem\u00f3ria democr\u00e1tica, com destaque para as investiga\u00e7\u00f5es e condena\u00e7\u00f5es dos envolvidos nos ataques de 2023. Mais de 200 pessoas j\u00e1 foram condenadas pelo Supremo Tribunal Federal (STF) por crimes como tentativa de aboli\u00e7\u00e3o do estado democr\u00e1tico de direito e dano ao patrim\u00f4nio p\u00fablico.<\/p>\n<p><strong>Agenda de refor\u00e7o \u00e0 democracia<\/strong><strong><br \/><\/strong>O evento faz parte de uma s\u00e9rie de iniciativas do governo federal para relembrar e refor\u00e7ar a import\u00e2ncia da democracia brasileira. Durante a divulga\u00e7\u00e3o, o PT lan\u00e7ou um v\u00eddeo que relembra imagens do 8 de janeiro de 2023, enfatizando a mensagem \u201csem anistia\u201d para os respons\u00e1veis pelos ataques.<\/p>\n<p>O epis\u00f3dio, que marcou o in\u00edcio do governo Lula, foi caracterizado por atos golpistas em contesta\u00e7\u00e3o ao resultado das elei\u00e7\u00f5es presidenciais de 2022. Na ocasi\u00e3o, mais de 1.400 pessoas foram detidas, e o governo federal interveio na seguran\u00e7a p\u00fablica do Distrito Federal para conter as a\u00e7\u00f5es.<\/p>\n<p><strong>Significado pol\u00edtico e hist\u00f3rico<\/strong><strong><br \/><\/strong>Al\u00e9m de lembrar os dois anos do golpe frustrado, o ato tamb\u00e9m ser\u00e1 um momento de reafirma\u00e7\u00e3o do compromisso com o Estado Democr\u00e1tico de Direito. A data \u00e9 especialmente simb\u00f3lica em um cen\u00e1rio de discuss\u00f5es sobre o PL da Anistia, que busca perdoar os investigados pelos ataques de 2023, e ap\u00f3s o recente atentado contra o STF, em novembro de 2024.<\/p>\n<p>Lula, que em 2024 realizou um evento solene para marcar o primeiro ano do epis\u00f3dio, refor\u00e7ou em suas declara\u00e7\u00f5es a necessidade de construir um Brasil imune a golpes. \u201cN\u00f3s poderemos estar construindo a possibilidade desse pa\u00eds viver todo o s\u00e9culo XXI sem ter golpe de Estado\u201d, afirmou o presidente em material divulgado pelo PT.<\/p>\n<p>O ato \u00e9 aberto ao p\u00fablico e convida a popula\u00e7\u00e3o a participar de um \u201cabra\u00e7o simb\u00f3lico \u00e0 Pra\u00e7a dos Tr\u00eas Poderes\u201d como forma de demonstrar unidade em defesa da democracia.<\/p>\n<p>O post <a href=\"https:\/\/vermelho.org.br\/2025\/01\/02\/praca-dos-tres-poderes-recebe-ato-em-defesa-da-democracia-em-8-de-janeiro\/\">Pra\u00e7a dos Tr\u00eas Poderes recebe ato em defesa da democracia em 8 de janeiro<\/a> apareceu primeiro em <a href=\"https:\/\/vermelho.org.br\/\">Vermelho<\/a>.<\/p>\n<!-- Begin Yuzo --><div class='yuzo_related_post style-1'  data-version='5.12.89'><!-- without result --><div class='yuzo_clearfixed yuzo__title yuzo__title'><h3>Related Post<\/h3><\/div>\n\t\t\t\t\t\t  <div class=\"relatedthumb \" style=\"width:125px;float:left;overflow:hidden;\">  \n\t\t\t\t\t\t\t  \n\t\t\t\t\t\t\t  <a  href=\"https:\/\/redept.com.br\/blogosfera\/brics-acelera-criacao-de-pix-global-para-paises-membros-e-cresce-tensao-com-eua\/\"  >\n\t\t\t\t\t\t\t\t\t  <div class=\"yuzo-img-wrap \" style=\"width: 125px;height:90px;\">\n\t\t\t\t\t\t\t\t\t\t\n\t\t\t\t\t\t\t\t\t\t<div class=\"yuzo-img\" style=\"background:url('https:\/\/redept.org\/blogosfera\/wp-content\/plugins\/yuzo-related-post\/assets\/images\/default.png') 50% 50% no-repeat;width: 125px;height:90px;margin-bottom: 5px;background-size: cover; \"><\/div>\n\t\t\t\t\t\t\t\t\t  <\/div>\n\t\t\t\t\t\t\t\t\t  \n\t\t\t\t\t\t\t\t   <span class=\"yuzo__text--title\" style=\"font-size:13px;\">BRICS acelera cria\u00e7\u00e3o de \u2018Pix Global\u2019 para pa\u00edses-...<\/span>\n\t\t\t\t\t\t\t  \n\t\t\t\t\t\t\t  \n\t\t\t\t\t\t\t  <\/a>\n\n\t\t\t\t\t\t  <\/div>\n\t\t\t\t\t\t  <div class=\"relatedthumb \" style=\"width:125px;float:left;overflow:hidden;\">  \n\t\t\t\t\t\t\t  \n\t\t\t\t\t\t\t  <a  href=\"https:\/\/redept.com.br\/blogosfera\/lula-nao-minimizou-libertacao-de-maduro-apenas-nao-usou-termo-alem-disso-ao-abordar-contexto-maior\/\"  >\n\t\t\t\t\t\t\t\t\t  <div class=\"yuzo-img-wrap \" style=\"width: 125px;height:90px;\">\n\t\t\t\t\t\t\t\t\t\t\n\t\t\t\t\t\t\t\t\t\t<div class=\"yuzo-img\" style=\"background:url('https:\/\/redept.org\/blogosfera\/wp-content\/plugins\/yuzo-related-post\/assets\/images\/default.png') 50% 50% no-repeat;width: 125px;height:90px;margin-bottom: 5px;background-size: cover; \"><\/div>\n\t\t\t\t\t\t\t\t\t  <\/div>\n\t\t\t\t\t\t\t\t\t  \n\t\t\t\t\t\t\t\t   <span class=\"yuzo__text--title\" style=\"font-size:13px;\">Lula n\u00e3o minimizou liberta\u00e7\u00e3o de Maduro; apenas n\u00e3...<\/span>\n\t\t\t\t\t\t\t  \n\t\t\t\t\t\t\t  \n\t\t\t\t\t\t\t  <\/a>\n\n\t\t\t\t\t\t  <\/div>\n\t\t\t\t\t\t  <div class=\"relatedthumb \" style=\"width:125px;float:left;overflow:hidden;\">  \n\t\t\t\t\t\t\t  \n\t\t\t\t\t\t\t  <a  href=\"https:\/\/redept.com.br\/blogosfera\/belo-monte-presidencia-do-ibama-concorda-que-e-preciso-rever-vazao-do-rio-xingu\/\"  >\n\t\t\t\t\t\t\t\t\t  <div class=\"yuzo-img-wrap \" style=\"width: 125px;height:90px;\">\n\t\t\t\t\t\t\t\t\t\t\n\t\t\t\t\t\t\t\t\t\t<div class=\"yuzo-img\" style=\"background:url('https:\/\/redept.org\/blogosfera\/wp-content\/plugins\/yuzo-related-post\/assets\/images\/default.png') 50% 50% no-repeat;width: 125px;height:90px;margin-bottom: 5px;background-size: cover; \"><\/div>\n\t\t\t\t\t\t\t\t\t  <\/div>\n\t\t\t\t\t\t\t\t\t  \n\t\t\t\t\t\t\t\t   <span class=\"yuzo__text--title\" style=\"font-size:13px;\">Belo Monte: Presid\u00eancia do Ibama concorda que \u00e9 pr...<\/span>\n\t\t\t\t\t\t\t  \n\t\t\t\t\t\t\t  \n\t\t\t\t\t\t\t  <\/a>\n\n\t\t\t\t\t\t  <\/div>\n\t\t\t\t\t\t  <div class=\"relatedthumb \" style=\"width:125px;float:left;overflow:hidden;\">  \n\t\t\t\t\t\t\t  \n\t\t\t\t\t\t\t  <a  href=\"https:\/\/redept.com.br\/blogosfera\/df-ceilandia-se-torna-palco-da-primeira-edicao-do-festival-do-patrimonio-brasileiro\/\"  >\n\t\t\t\t\t\t\t\t\t  <div class=\"yuzo-img-wrap \" style=\"width: 125px;height:90px;\">\n\t\t\t\t\t\t\t\t\t\t\n\t\t\t\t\t\t\t\t\t\t<div class=\"yuzo-img\" style=\"background:url('https:\/\/redept.org\/blogosfera\/wp-content\/plugins\/yuzo-related-post\/assets\/images\/default.png') 50% 50% no-repeat;width: 125px;height:90px;margin-bottom: 5px;background-size: cover; \"><\/div>\n\t\t\t\t\t\t\t\t\t  <\/div>\n\t\t\t\t\t\t\t\t\t  \n\t\t\t\t\t\t\t\t   <span class=\"yuzo__text--title\" style=\"font-size:13px;\">DF: Ceil\u00e2ndia se torna palco da primeira edi\u00e7\u00e3o do...<\/span>\n\t\t\t\t\t\t\t  \n\t\t\t\t\t\t\t  \n\t\t\t\t\t\t\t  <\/a>\n\n\t\t\t\t\t\t  <\/div>\n<\/div> <script>\n\t\t\t\t\t\t  jQuery(document).ready(function( $ ){\n\t\t\t\t\t\t\t\/\/jQuery('.yuzo_related_post').equalizer({ overflow : 'relatedthumb' });\n\t\t\t\t\t\t\tjQuery('.yuzo_related_post .yuzo_wraps').equalizer({ columns : '> div' });\n\t\t\t\t\t\t   })\n\t\t\t\t\t\t  <\/script> <!-- End Yuzo :) -->","protected":false},"excerpt":{"rendered":"<p>A Pra\u00e7a dos Tr\u00eas Poderes, em Bras\u00edlia, ser\u00e1 palco de um ato \u201cem defesa da democracia\u201d na pr\u00f3xima segunda, 8 de janeiro de 2025, exatamente dois anos ap\u00f3s os ataques promovidos pela extrema direita e pelo ex-presidente Jair Bolsonaro (PL) \u00e0s sedes dos Tr\u00eas Poderes. Convocado pelo Partido dos Trabalhadores (PT) e organizado pela Frente [&hellip;]<\/p>\n","protected":false},"author":2,"featured_media":9682,"comment_status":"closed","ping_status":"closed","sticky":false,"template":"","format":"standard","meta":{"fifu_image_url":"","fifu_image_alt":"","footnotes":""},"categories":[1269,2993,2485,112,132,1059],"tags":[],"class_list":["post-9681","post","type-post","status-publish","format-standard","has-post-thumbnail","hentry","category-8-de-janeiro","category-em-defesa-da-democracia","category-frente-brasil-popular","category-lula","category-politica","category-pt"],"_links":{"self":[{"href":"https:\/\/redept.com.br\/blogosfera\/wp-json\/wp\/v2\/posts\/9681","targetHints":{"allow":["GET"]}}],"collection":[{"href":"https:\/\/redept.com.br\/blogosfera\/wp-json\/wp\/v2\/posts"}],"about":[{"href":"https:\/\/redept.com.br\/blogosfera\/wp-json\/wp\/v2\/types\/post"}],"author":[{"embeddable":true,"href":"https:\/\/redept.com.br\/blogosfera\/wp-json\/wp\/v2\/users\/2"}],"replies":[{"embeddable":true,"href":"https:\/\/redept.com.br\/blogosfera\/wp-json\/wp\/v2\/comments?post=9681"}],"version-history":[{"count":0,"href":"https:\/\/redept.com.br\/blogosfera\/wp-json\/wp\/v2\/posts\/9681\/revisions"}],"wp:featuredmedia":[{"embeddable":true,"href":"https:\/\/redept.com.br\/blogosfera\/wp-json\/wp\/v2\/media\/9682"}],"wp:attachment":[{"href":"https:\/\/redept.com.br\/blogosfera\/wp-json\/wp\/v2\/media?parent=9681"}],"wp:term":[{"taxonomy":"category","embeddable":true,"href":"https:\/\/redept.com.br\/blogosfera\/wp-json\/wp\/v2\/categories?post=9681"},{"taxonomy":"post_tag","embeddable":true,"href":"https:\/\/redept.com.br\/blogosfera\/wp-json\/wp\/v2\/tags?post=9681"}],"curies":[{"name":"wp","href":"https:\/\/api.w.org\/{rel}","templated":true}]}}