{"id":9707,"date":"2025-01-02T17:56:40","date_gmt":"2025-01-02T20:56:40","guid":{"rendered":"https:\/\/redept.org\/blogosfera\/porto-alegre-revive-medo-das-enchentes-de-2024-apos-temporais-e-novas-falhas-em-casas-de-bombas\/"},"modified":"2025-01-02T17:56:40","modified_gmt":"2025-01-02T20:56:40","slug":"porto-alegre-revive-medo-das-enchentes-de-2024-apos-temporais-e-novas-falhas-em-casas-de-bombas","status":"publish","type":"post","link":"https:\/\/redept.com.br\/blogosfera\/porto-alegre-revive-medo-das-enchentes-de-2024-apos-temporais-e-novas-falhas-em-casas-de-bombas\/","title":{"rendered":"Porto Alegre revive medo das enchentes de 2024 ap\u00f3s temporais e novas falhas em casas de bombas"},"content":{"rendered":"<p>Chuva intensa, raios e ventos fortes ca\u00edram sobre a cidade de Porto Alegre (RS) na tarde da \u00faltima quarta-feira (1). O <a href=\"https:\/\/www.brasildefato.com.br\/2024\/12\/02\/tempestade-no-rs-causa-estragos-em-35-cidades-deixando-30-feridos-e-milhares-de-casas-sem-luz\">temporal<\/a>\u00a0provocou estragos em diversos pontos da cidade. Cinco bairros ficaram alagados: Centro Hist\u00f3rico, Cidade Baixa, Bom Fim, Floresta e 4\u00ba Distrito. Faltou energia el\u00e9trica para mais de 100 mil pessoas. Com quedas de \u00e1rvores e bloqueios de ruas, o transporte p\u00fablico tamb\u00e9m foi afetado.<\/p>\n<p>O Centro Nacional de Monitoramento e Alertas de Desastres Naturais (Cemaden) afirmou ter chovido 88 mil\u00edmetros nas \u00faltimas 24 horas, enquanto a m\u00e9dia de janeiro \u00e9 de 144 mil\u00edmetros. Ou seja, em um dia, choveu mais da metade do previsto para todo o m\u00eas.\u00a0<\/p>\n<p><imgsrc=\"\"><\/p>\n<p>De acordo com a Empresa P\u00fablica de Transporte e Circula\u00e7\u00e3o (EPTC), a \u00e1gua causou bloqueios em 14 pontos de Porto Alegre por conta dos alagamentos e queda de \u00e1rvores. A esta\u00e7\u00e3o S\u00e3o Pedro da Empresa de Trens Urbanos de Porto Alegre (Trensurb) alagou, o que fez com que fossem fechadas as esta\u00e7\u00f5es Mercado e Rodovi\u00e1ria \u2013 os trens est\u00e3o circulando somente at\u00e9 a esta\u00e7\u00e3o Farrapos nesta quinta-feira (2).<\/p>\n<p>Segundo a CEEE Equatorial, respons\u00e1vel pela concess\u00e3o de energia el\u00e9trica na capital, 115 mil pessoas ficaram sem luz no pico de desabastecimento. Ainda nesta manh\u00e3, 27 mil aguardavam a normaliza\u00e7\u00e3o do servi\u00e7o.\u00a0<\/p>\n<p>\u201cJ\u00e1 conversei com o presidente da Equatorial, que vai nos posicionar sobre a perspectiva de retomada da energia nas \u00e1reas afetadas\u201d, escreveu o prefeito Sebasti\u00e3o Mello em seu perfil nas redes sociais no fim da tarde de quarta-feira.<\/p>\n<p>Mais chuva<\/p>\n<p>Um alerta preventivo para tempestades foi emitido pela prefeitura e vale das 12h \u00e0s 22h desta quinta (2). H\u00e1 risco de alagamentos, cortes de energia el\u00e9trica e quedas de galhos de \u00e1rvores, informou a Defesa Civil.<\/p>\n<p>Com base no aviso meteorol\u00f3gico do Instituto Nacional de Meteorologia (Inmet), Porto Alegre pode registrar chuvas intensas, de 20 a 30 mm\/h, ventos entre 40 e 60 km\/h e possibilidade de queda de granizo.\u00a0<\/p>\n<p><imgsrc=\"\"><br \/>\nPorto Alegre (RS) alagada \/ Redes Sociais<\/p>\n<p>Falha nas casas de bomba<\/p>\n<p>Segundo o Departamento Municipal de \u00c1gua e Esgotos (DMAE), a falta de energia prejudicou o funcionamento das casas de bomba. Duas esta\u00e7\u00f5es de drenagem, que ajudam a evitar alagamentos, ficaram sem funcionar: uma no 4\u00ba Distrito e outra no Centro Hist\u00f3rico. No total, dez esta\u00e7\u00f5es foram impactadas e tr\u00eas delas, duas de drenagem urbana e uma de fornecimento de \u00e1gua, seguiam afetadas na manh\u00e3 desta quinta (2).<\/p>\n<p>O diretor do departamento, Bruno Vanuzzi, em entrevista para a <em>R\u00e1dio Ga\u00facha<\/em>, disse que os geradores n\u00e3o foram ligados em todas as casas de bombas de suc\u00e7\u00e3o de \u00e1gua porque ningu\u00e9m sabia operar. \u201cN\u00e3o houve acionamento de geradores em todas as casas de bomba de Porto Alegre durante o temporal de quarta-feira (1). Como os equipamentos ainda n\u00e3o est\u00e3o automatizados, era preciso fazer isso manualmente, o que n\u00e3o aconteceu em todas as esta\u00e7\u00f5es\u201d, afirmou o diretor.<\/p>\n<p>Em pronunciamento em v\u00eddeo nas suas redes sociais, o ministro-chefe da Secretaria de Comunica\u00e7\u00e3o Social (Secom), <a href=\"https:\/\/www.brasildefators.com.br\/2024\/09\/10\/secretaria-para-rs-perde-status-de-ministerio-e-paulo-pimenta-retorna-a-secom\">Paulo Pimenta<\/a>, responsabiliza o prefeito reeleito, Sebasti\u00e3o Melo, pelos alagamentos. Pimenta, que esteve \u00e0 frente da Secretaria Extraordin\u00e1ria de Apoio \u00e0 Reconstru\u00e7\u00e3o do Rio Grande do Sul, criada ap\u00f3s as enchentes que afetaram o estado no ano passado, fala que o sistema de casa de bombas de Porto Alegre n\u00e3o funcionou ou funcionou de forma prec\u00e1ria em toda regi\u00e3o Norte e Centro da cidade. &#8220;A \u00fanica casa de bombas que funcionou normalmente foi a do Trensurb [Empresa de Trens Urbanos de Porto Alegre], o que evidentemente \u00e9 insuficiente para poder absorver todo volume de \u00e1gua n\u00e3o drenada, o que ocasionou essa interrup\u00e7\u00e3o do sistema&#8221;.<\/p>\n<p>\u201cSe a prefeitura de Porto Alegre n\u00e3o fizer aquilo que \u00e9 o seu trabalho: limpeza, manuten\u00e7\u00e3o, garantia de funcionamento do sistema, toda a chuva que acontecer vai acontecer o que infelizmente, no dia primeiro, de forma lament\u00e1vel, a popula\u00e7\u00e3o precisou observar e sofrer as consequ\u00eancias. O que a gente lamenta\u201d, afirma Pimenta.\u00a0<\/p>\n<blockquote>\n<div>\n<div>\n<div>\u00a0<\/div>\n<div>\n<div>\u00a0<\/div>\n<div>\u00a0<\/div>\n<\/div>\n<\/div>\n<div>\u00a0<\/div>\n<div>\u00a0<\/div>\n<div>\n<div><a href=\"https:\/\/www.instagram.com\/reel\/DEU7cDxunwZ\/?utm_source=ig_embed&amp;utm_campaign=loading\">Ver essa foto no Instagram<\/a><\/div>\n<\/div>\n<div>\u00a0<\/div>\n<div>\n<div>\n<div>\u00a0<\/div>\n<div>\u00a0<\/div>\n<div>\u00a0<\/div>\n<\/div>\n<div>\n<div>\u00a0<\/div>\n<div>\u00a0<\/div>\n<\/div>\n<div>\n<div>\u00a0<\/div>\n<div>\u00a0<\/div>\n<div>\u00a0<\/div>\n<\/div>\n<\/div>\n<div>\n<div>\u00a0<\/div>\n<div>\u00a0<\/div>\n<\/div>\n<p><a href=\"https:\/\/www.instagram.com\/reel\/DEU7cDxunwZ\/?utm_source=ig_embed&amp;utm_campaign=loading\">Uma publica\u00e7\u00e3o compartilhada por Paulo Pimenta (@pimenta13br)<\/a><\/p>\n<\/div>\n<\/blockquote>\n<p>O <strong>Brasil de Fato RS<\/strong> mandou e-mail \u00e0 prefeitura para obter a posi\u00e7\u00e3o da gest\u00e3o municipal a respeito das cr\u00edticas do ministro e da declara\u00e7\u00e3o do diretor do DMAE, mas ainda n\u00e3o obteve retorno. O espa\u00e7o se mant\u00e9m aberto.<\/p>\n<p><a href=\"https:\/\/api.whatsapp.com\/send?phone=5551998132796&amp;text=Quero%20receber%20not%C3%ADcias%20do%20Brasil%20de%20Fato%20RS\"><imgsrc=\"\"><\/a><\/p>\n<!-- Begin Yuzo --><div class='yuzo_related_post style-1'  data-version='5.12.89'><!-- without result --><div class='yuzo_clearfixed yuzo__title yuzo__title'><h3>Related Post<\/h3><\/div>\n\t\t\t\t\t\t  <div class=\"relatedthumb \" style=\"width:125px;float:left;overflow:hidden;\">  \n\t\t\t\t\t\t\t  \n\t\t\t\t\t\t\t  <a  href=\"https:\/\/redept.com.br\/blogosfera\/governador-do-rio-deveria-renunciar-diz-monica-benicio\/\"  >\n\t\t\t\t\t\t\t\t\t  <div class=\"yuzo-img-wrap \" style=\"width: 125px;height:90px;\">\n\t\t\t\t\t\t\t\t\t\t\n\t\t\t\t\t\t\t\t\t\t<div class=\"yuzo-img\" style=\"background:url('https:\/\/redept.org\/blogosfera\/wp-content\/plugins\/yuzo-related-post\/assets\/images\/default.png') 50% 50% no-repeat;width: 125px;height:90px;margin-bottom: 5px;background-size: cover; \"><\/div>\n\t\t\t\t\t\t\t\t\t  <\/div>\n\t\t\t\t\t\t\t\t\t  \n\t\t\t\t\t\t\t\t   <span class=\"yuzo__text--title\" style=\"font-size:13px;\">\u201cGovernador do Rio deveria renunciar\u201d, diz Monica ...<\/span>\n\t\t\t\t\t\t\t  \n\t\t\t\t\t\t\t  \n\t\t\t\t\t\t\t  <\/a>\n\n\t\t\t\t\t\t  <\/div>\n\t\t\t\t\t\t  <div class=\"relatedthumb \" style=\"width:125px;float:left;overflow:hidden;\">  \n\t\t\t\t\t\t\t  \n\t\t\t\t\t\t\t  <a  href=\"https:\/\/redept.com.br\/blogosfera\/como-daniel-noboa-venceu-no-equador-e-o-que-esperar-do-seu-novo-mandato\/\"  >\n\t\t\t\t\t\t\t\t\t  <div class=\"yuzo-img-wrap \" style=\"width: 125px;height:90px;\">\n\t\t\t\t\t\t\t\t\t\t\n\t\t\t\t\t\t\t\t\t\t<div class=\"yuzo-img\" style=\"background:url('https:\/\/redept.org\/blogosfera\/wp-content\/plugins\/yuzo-related-post\/assets\/images\/default.png') 50% 50% no-repeat;width: 125px;height:90px;margin-bottom: 5px;background-size: cover; \"><\/div>\n\t\t\t\t\t\t\t\t\t  <\/div>\n\t\t\t\t\t\t\t\t\t  \n\t\t\t\t\t\t\t\t   <span class=\"yuzo__text--title\" style=\"font-size:13px;\">Como Daniel Noboa venceu no Equador e o que espera...<\/span>\n\t\t\t\t\t\t\t  \n\t\t\t\t\t\t\t  \n\t\t\t\t\t\t\t  <\/a>\n\n\t\t\t\t\t\t  <\/div>\n\t\t\t\t\t\t  <div class=\"relatedthumb \" style=\"width:125px;float:left;overflow:hidden;\">  \n\t\t\t\t\t\t\t  \n\t\t\t\t\t\t\t  <a  href=\"https:\/\/redept.com.br\/blogosfera\/a-cupula-dos-brics-e-as-reacoes-destemperadas-dos-eua\/\"  >\n\t\t\t\t\t\t\t\t\t  <div class=\"yuzo-img-wrap \" style=\"width: 125px;height:90px;\">\n\t\t\t\t\t\t\t\t\t\t\n\t\t\t\t\t\t\t\t\t\t<div class=\"yuzo-img\" style=\"background:url('https:\/\/redept.com.br\/blogosfera\/wp-content\/uploads\/2025\/07\/BRICS-FOTO-RICARDO-STUCKERT-150x150.jpg') 50% 50% no-repeat;width: 125px;height:90px;margin-bottom: 5px;background-size: cover; \"><\/div>\n\t\t\t\t\t\t\t\t\t  <\/div>\n\t\t\t\t\t\t\t\t\t  \n\t\t\t\t\t\t\t\t   <span class=\"yuzo__text--title\" style=\"font-size:13px;\">A c\u00fapula dos Brics e as rea\u00e7\u00f5es destemperadas dos ...<\/span>\n\t\t\t\t\t\t\t  \n\t\t\t\t\t\t\t  \n\t\t\t\t\t\t\t  <\/a>\n\n\t\t\t\t\t\t  <\/div>\n\t\t\t\t\t\t  <div class=\"relatedthumb \" style=\"width:125px;float:left;overflow:hidden;\">  \n\t\t\t\t\t\t\t  \n\t\t\t\t\t\t\t  <a  href=\"https:\/\/redept.com.br\/blogosfera\/hamas-retoma-libertacao-de-refens-apos-mediadores-combaterem-obstaculos-de-israel\/\"  >\n\t\t\t\t\t\t\t\t\t  <div class=\"yuzo-img-wrap \" style=\"width: 125px;height:90px;\">\n\t\t\t\t\t\t\t\t\t\t\n\t\t\t\t\t\t\t\t\t\t<div class=\"yuzo-img\" style=\"background:url('https:\/\/redept.com.br\/blogosfera\/wp-content\/uploads\/2025\/02\/e913ac12-a6c5-4f27-b238-48d2783f1fd1-captura-de-tela-2025-01-25-as-09.48.10-1-150x150.webp') 50% 50% no-repeat;width: 125px;height:90px;margin-bottom: 5px;background-size: cover; \"><\/div>\n\t\t\t\t\t\t\t\t\t  <\/div>\n\t\t\t\t\t\t\t\t\t  \n\t\t\t\t\t\t\t\t   <span class=\"yuzo__text--title\" style=\"font-size:13px;\">Hamas retoma liberta\u00e7\u00e3o de ref\u00e9ns ap\u00f3s mediadores ...<\/span>\n\t\t\t\t\t\t\t  \n\t\t\t\t\t\t\t  \n\t\t\t\t\t\t\t  <\/a>\n\n\t\t\t\t\t\t  <\/div>\n<\/div> <script>\n\t\t\t\t\t\t  jQuery(document).ready(function( $ ){\n\t\t\t\t\t\t\t\/\/jQuery('.yuzo_related_post').equalizer({ overflow : 'relatedthumb' });\n\t\t\t\t\t\t\tjQuery('.yuzo_related_post .yuzo_wraps').equalizer({ columns : '> div' });\n\t\t\t\t\t\t   })\n\t\t\t\t\t\t  <\/script> <!-- End Yuzo :) -->","protected":false},"excerpt":{"rendered":"<p>Chuva intensa, raios e ventos fortes ca\u00edram sobre a cidade de Porto Alegre (RS) na tarde da \u00faltima quarta-feira (1). O temporal\u00a0provocou estragos em diversos pontos da cidade. Cinco bairros ficaram alagados: Centro Hist\u00f3rico, Cidade Baixa, Bom Fim, Floresta e 4\u00ba Distrito. Faltou energia el\u00e9trica para mais de 100 mil pessoas. Com quedas de \u00e1rvores [&hellip;]<\/p>\n","protected":false},"author":2,"featured_media":0,"comment_status":"closed","ping_status":"closed","sticky":false,"template":"","format":"standard","meta":{"fifu_image_url":"","fifu_image_alt":"","footnotes":""},"categories":[1],"tags":[],"class_list":["post-9707","post","type-post","status-publish","format-standard","hentry","category-uncategorized"],"_links":{"self":[{"href":"https:\/\/redept.com.br\/blogosfera\/wp-json\/wp\/v2\/posts\/9707","targetHints":{"allow":["GET"]}}],"collection":[{"href":"https:\/\/redept.com.br\/blogosfera\/wp-json\/wp\/v2\/posts"}],"about":[{"href":"https:\/\/redept.com.br\/blogosfera\/wp-json\/wp\/v2\/types\/post"}],"author":[{"embeddable":true,"href":"https:\/\/redept.com.br\/blogosfera\/wp-json\/wp\/v2\/users\/2"}],"replies":[{"embeddable":true,"href":"https:\/\/redept.com.br\/blogosfera\/wp-json\/wp\/v2\/comments?post=9707"}],"version-history":[{"count":0,"href":"https:\/\/redept.com.br\/blogosfera\/wp-json\/wp\/v2\/posts\/9707\/revisions"}],"wp:attachment":[{"href":"https:\/\/redept.com.br\/blogosfera\/wp-json\/wp\/v2\/media?parent=9707"}],"wp:term":[{"taxonomy":"category","embeddable":true,"href":"https:\/\/redept.com.br\/blogosfera\/wp-json\/wp\/v2\/categories?post=9707"},{"taxonomy":"post_tag","embeddable":true,"href":"https:\/\/redept.com.br\/blogosfera\/wp-json\/wp\/v2\/tags?post=9707"}],"curies":[{"name":"wp","href":"https:\/\/api.w.org\/{rel}","templated":true}]}}