{"id":97410,"date":"2026-07-27T16:50:26","date_gmt":"2026-07-27T19:50:26","guid":{"rendered":"https:\/\/redept.com.br\/blogosfera\/ia-eua-china-e-a-escolha-do-brasil\/"},"modified":"2026-07-27T16:50:26","modified_gmt":"2026-07-27T19:50:26","slug":"ia-eua-china-e-a-escolha-do-brasil","status":"publish","type":"post","link":"https:\/\/redept.com.br\/blogosfera\/ia-eua-china-e-a-escolha-do-brasil\/","title":{"rendered":"IA: EUA, China e a escolha do Brasil"},"content":{"rendered":"<figure><img loading=\"lazy\" loading=\"lazy\" decoding=\"async\" width=\"1500\" height=\"838\"src=\"https:\/\/redept.com.br\/blogosfera\/wp-content\/uploads\/2026\/07\/photo_5131939796908444920_w.jpg\" alt=\"\" srcset=\"https:\/\/outraspalavras.net\/wp-content\/uploads\/2026\/07\/photo_5131939796908444920_w-1500x838.jpg 1500w, https:\/\/outraspalavras.net\/wp-content\/uploads\/2026\/07\/photo_5131939796908444920_w-300x168.jpg 300w, https:\/\/outraspalavras.net\/wp-content\/uploads\/2026\/07\/photo_5131939796908444920_w-768x429.jpg 768w, https:\/\/outraspalavras.net\/wp-content\/uploads\/2026\/07\/photo_5131939796908444920_w-1536x858.jpg 1536w, https:\/\/outraspalavras.net\/wp-content\/uploads\/2026\/07\/photo_5131939796908444920_w-219x121.jpg 219w, https:\/\/redept.com.br\/blogosfera\/wp-content\/uploads\/2026\/07\/photo_5131939796908444920_w.jpg 1920w\" sizes=\"auto, (max-width: 1500px) 100vw, 1500px\"><figcaption>Imagem: Jo\u00e3o Brito<\/figcaption><\/figure>\n<div>\n<div>\n<div>\n<div>\n<div>\n<div>\n<div>\n<h4>Boletim Outras Palavras<\/h4>\n<p>Receba por email, diariamente, todas as publica\u00e7\u00f5es do site<\/p>\n<\/p><\/div>\n<div>\n<div>\n<div>\n<div>\n<div><\/div>\n<\/p><\/div>\n<\/p><\/div>\n<div>\n                <button type=\"submit\">Assinar<\/button><br \/>\n                <button disabled type=\"button\"> <\/p>\n<div><\/div>\n<p> <span>Loading&#8230;<\/span> <\/button>\n              <\/div>\n<\/p><\/div>\n<\/p><\/div>\n<div>\n            <button type=\"submit\">Assinar<\/button><br \/>\n            <button disabled type=\"button\"> <\/p>\n<div><\/div>\n<p> <span>Loading&#8230;<\/span> <\/button>\n          <\/div>\n<\/p><\/div>\n<div>\n<div>\n<h4>Agradecemos!<\/h4>\n<p>Voc\u00ea j\u00e1 est\u00e1 inscrito e come\u00e7ar\u00e1 a receber os boletins em breve. Boa leitura!<\/p>\n<\/p><\/div>\n<\/p><\/div>\n<\/p><\/div>\n<\/p><\/div>\n<\/div>\n<\/div>\n<\/div>\n<p>A intelig\u00eancia artificial n\u00e3o est\u00e1 transformando governos, empresas e ocupa\u00e7\u00f5es, mas amplamente as economias e as sociedades. Com isso, o poder mundial se reorganiza com a for\u00e7a de uma nova divis\u00e3o internacional do trabalho da era digital.<\/p>\n<p>Ao que parece, o topo vai sendo constitu\u00eddo por pa\u00edses e empresas que controlam semicondutores, capacidade computacional, plataformas, modelos de intelig\u00eancia artificial, patentes e financiamento. Na base, por consequ\u00eancia, tendem a permanecer os fornecedores de minerais estrat\u00e9gicos, energia, territ\u00f3rio, dados e trabalho barato.<\/p>\n<p>Por isso, a antiga divis\u00e3o internacional do trabalho entre o centro produtor industrial e a periferia importadora ressurge em linguagem digital. De um lado, os pa\u00edses que vendem tecnologia, intelig\u00eancia e decis\u00f5es e, de outro, aqueles que disp\u00f5e l\u00edtio, cobre, terras raras, eletricidade e informa\u00e7\u00f5es sobre a sua pr\u00f3pria popula\u00e7\u00e3o.<\/p>\n<div>\n<div><img loading=\"lazy\" loading=\"lazy\" decoding=\"async\"src=\"https:\/\/redept.com.br\/blogosfera\/wp-content\/uploads\/2026\/07\/Prancheta--28.png\" alt=\"\" srcset=\"https:\/\/redept.com.br\/blogosfera\/wp-content\/uploads\/2026\/07\/Prancheta--28.png 680w, https:\/\/outraspalavras.net\/wp-content\/uploads\/2022\/12\/Prancheta-4-300x110.png 300w\" sizes=\"auto, (max-width: 680px) 100vw, 680px\" width=\"680\" height=\"250\"><\/div>\n<\/div>\n<p>Nesse contexto surgem dois agrupamentos concorrentes. A Pax Silica, liderada pelos Estados Unidos, e a Organiza\u00e7\u00e3o Mundial de Coopera\u00e7\u00e3o em Intelig\u00eancia Artificial (WAICO), impulsionada pela China. N\u00e3o s\u00e3o meros f\u00f3runs diplom\u00e1ticos, mas tentativas de organizar as cadeias produtivas, estabelecer padr\u00f5es tecnol\u00f3gicos e definir a posi\u00e7\u00e3o de cada pa\u00eds na economia da intelig\u00eancia artificial.<\/p>\n<p>Lan\u00e7ada em dezembro de 2025, a Pax Silica come\u00e7ou reunindo Estados Unidos, Jap\u00e3o, Coreia do Sul, Singapura, Israel, Reino Unido e Austr\u00e1lia. Na sequ\u00eancia recebeu a ades\u00e3o de 24 signat\u00e1rios como Qatar, Emirados \u00c1rabes Unidos, \u00cdndia, Filipinas, Noruega, Uni\u00e3o Europeia, Alemanha, Pa\u00edses Baixos, Argentina, Chile, Costa Rica, El Salvador e Panam\u00e1.<\/p>\n<p>A iniciativa estadunidense alcan\u00e7a toda a cadeia tecnol\u00f3gica, com minerais cr\u00edticos, energia, semicondutores, redes de comunica\u00e7\u00e3o centros de dados, modelos de IA e aplica\u00e7\u00f5es digitais. Com isso, Washington procura formar uma rede de fornecedores, investidores e compradores considerados seguros, reduzindo a depend\u00eancia da China e controlando o acesso a tecnologias sens\u00edveis. A sua palavra-chave \u00e9 \u201cconfian\u00e7a\u201d. Mas confian\u00e7a n\u00e3o \u00e9 uma categoria neutra. Quem lidera o agrupamento tamb\u00e9m decide quem \u00e9 confi\u00e1vel, qual depend\u00eancia representa amea\u00e7a e que pa\u00edses poder\u00e3o acessar equipamentos, capitais e conhecimento.<\/p>\n<p>A China respondeu no mesmo terreno. Em 2025, a proposta da WAICO foi formalmente criada em julho de 2026, em Xangai, com 29 membros fundadores. Entre, o Brasil, R\u00fassia, Belarus, S\u00e9rvia, Cuba e Venezuela, al\u00e9m de pa\u00edses africanos e asi\u00e1ticos. Enquanto a Pax Silica se organiza em torno da seguran\u00e7a e da confian\u00e7a, a WAICO apresenta o acesso \u00e0 intelig\u00eancia artificial como quest\u00e3o de desenvolvimento e justi\u00e7a internacional.<\/p>\n<p>A China oferece modelos abertos e de menor custo, promete forma\u00e7\u00e3o, centros de coopera\u00e7\u00e3o e apoio tecnol\u00f3gico ao Sul Global. Ao mesmo tempo, procura ampliar sua influ\u00eancia sobre as regras internacionais da intelig\u00eancia artificial. Beijing transforma a sua ascens\u00e3o tecnol\u00f3gica em linguagem de abertura, inclus\u00e3o e coopera\u00e7\u00e3o mundial.<\/p>\n<p>Ao passo que Washington universaliza a seguran\u00e7a, Pequim universaliza a inclus\u00e3o. Os Estados Unidos procuram comandar uma cadeia tecnol\u00f3gica formada por parceiros selecionados. A China tenta liderar uma coaliz\u00e3o mais aberta aos pa\u00edses em desenvolvimento. Ambas apresentam seus interesses nacionais como princ\u00edpios universais.<\/p>\n<p>A forma\u00e7\u00e3o desses dois polos anuncia o fim da globaliza\u00e7\u00e3o tecnol\u00f3gica sem fronteiras. Chips, algoritmos, minerais, energia e centros de dados tornam-se instrumentos de seguran\u00e7a nacional. A nova divis\u00e3o internacional do trabalho n\u00e3o separar\u00e1 apenas pa\u00edses industriais e agr\u00edcolas, mas distinguir\u00e1 aqueles que produzem intelig\u00eancia dos que apenas fornecem os recursos necess\u00e1rios para produzi-la.<\/p>\n<div>\n<div><img loading=\"lazy\" loading=\"lazy\" decoding=\"async\"src=\"https:\/\/redept.com.br\/blogosfera\/wp-content\/uploads\/2026\/07\/ADC30_Engels_anuncio_OP-3.jpg\" alt=\"\" srcset=\"https:\/\/redept.com.br\/blogosfera\/wp-content\/uploads\/2026\/07\/ADC30_Engels_anuncio_OP-3.jpg 728w, https:\/\/outraspalavras.net\/wp-content\/uploads\/2022\/07\/ADC30_Engels_anuncio_OP-300x37.jpg 300w\" sizes=\"auto, (max-width: 728px) 100vw, 728px\" width=\"728\" height=\"90\"><\/div>\n<\/div>\n<p>O Brasil est\u00e1 no centro desse dilema. O pa\u00eds n\u00e3o integra formalmente a Pax Silica, mas participou da funda\u00e7\u00e3o da WAICO. Isso demonstra maior aproxima\u00e7\u00e3o com a arquitetura impulsionada pela China, sem representar necessariamente uma escolha definitiva. O erro seria reduzir o problema \u00e0 obriga\u00e7\u00e3o de optar entre Washington e Pequim. Aceitar passivamente qualquer um dos polos significaria trocar uma depend\u00eancia por outra.<\/p>\n<p>A quest\u00e3o principal n\u00e3o \u00e9 a qual agrupamento o Brasil pertencer\u00e1, mas qual fun\u00e7\u00e3o desempenhar\u00e1 na nova economia digital. Como melhor utilizar a disponibilidade dos minerais brutos, podendo desenvolver materiais processados e componentes tecnol\u00f3gicos. Poder\u00e1 oferecer energia barata a centros de dados estrangeiros e construir capacidade computacional pr\u00f3pria? Poder\u00e1 entregar suas bases de dados \u00e0s plataformas globais ou trat\u00e1-las como patrim\u00f4nio estrat\u00e9gico?<\/p>\n<p>O Brasil, por\u00e9m, n\u00e3o parte do zero. O Plano Brasileiro de Intelig\u00eancia Artificial (PBIA) re\u00fane a\u00e7\u00f5es de infraestrutura, forma\u00e7\u00e3o profissional, inova\u00e7\u00e3o empresarial, moderniza\u00e7\u00e3o do Estado e governan\u00e7a tecnol\u00f3gica. Entre suas principais iniciativas est\u00e1 a moderniza\u00e7\u00e3o do supercomputador Santos Dumont, operado pelo Laborat\u00f3rio Nacional de Computa\u00e7\u00e3o Cient\u00edfica. O objetivo \u00e9 ampliar a capacidade nacional de processamento para universidades, centros de pesquisa e projetos estrat\u00e9gicos. Outra frente \u00e9 a Nuvem de Governo, destinada a armazenar e processar informa\u00e7\u00f5es p\u00fablicas sens\u00edveis em ambiente submetido \u00e0 legisla\u00e7\u00e3o e \u00e0 governan\u00e7a brasileiras.<\/p>\n<p>O PBIA tamb\u00e9m prev\u00ea o desenvolvimento de modelos de linguagem em portugu\u00eas. Usar apenas sistemas treinados no exterior significa importar, juntamente com os algoritmos, os valores, classifica\u00e7\u00f5es e vieses das sociedades que os produziram. Na sa\u00fade, o plano prev\u00ea o uso de IA na transcri\u00e7\u00e3o de teleconsultas e na organiza\u00e7\u00e3o de prontu\u00e1rios do SUS. Na educa\u00e7\u00e3o e na gest\u00e3o p\u00fablica, contempla ferramentas para o ensino de matem\u00e1tica, a alimenta\u00e7\u00e3o escolar e c\u00e1lculos administrativos. No meio ambiente, inclui sistemas de identifica\u00e7\u00e3o e cataloga\u00e7\u00e3o de esp\u00e9cies da Amaz\u00f4nia. A intelig\u00eancia artificial no setor p\u00fablico n\u00e3o deve servir apenas para reduzir custos ou substituir trabalhadores. Deve melhorar servi\u00e7os, ampliar direitos e fortalecer a capacidade do Estado.<\/p>\n<p>A regula\u00e7\u00e3o tamb\u00e9m \u00e9 necess\u00e1ria. O Tribunal Superior Eleitoral estabeleceu regras contra deepfakes e conte\u00fados manipulados nos per\u00edodos pr\u00f3ximos \u00e0s elei\u00e7\u00f5es. Embora n\u00e3o seja parte administrativa do PBIA, essa iniciativa mostra que soberania digital inclui proteger a democracia contra a produ\u00e7\u00e3o industrial da desinforma\u00e7\u00e3o. O PBIA \u00e9 um ponto de partida, n\u00e3o uma soberania j\u00e1 conquistada.<\/p>\n<p>Para reposicionar a posi\u00e7\u00e3o brasileira em definitivo, os investimentos deve assumir uma pol\u00edtica permanente de Estado. Incentivos a centros de dados estrangeiros associados \u00e0 pesquisa local, \u00e0 forma\u00e7\u00e3o profissional, \u00e0 transfer\u00eancia de tecnologia e ao uso sustent\u00e1vel de energia e \u00e1gua. Os dados p\u00fablicos sendo transformados patrim\u00f4nio coletivo, com prote\u00e7\u00e3o da privacidade, transpar\u00eancia, acesso seguro \u00e0 pesquisa e retorno social do valor produzido.<\/p>\n<p>No s\u00e9culo XIX, a periferia fornecia mat\u00e9rias-primas. No s\u00e9culo XX, oferecia trabalho barato e mercados consumidores. No s\u00e9culo XXI, poder\u00e1 fornecer tamb\u00e9m energia, minerais estrat\u00e9gicos, dados e capacidade de vigil\u00e2ncia. O Brasil pode romper essa sequ\u00eancia, uma vez que a soberania digital n\u00e3o consiste em fechar o pa\u00eds ao mundo, mas em participar do mundo com capacidade pr\u00f3pria de decis\u00e3o. N\u00e3o significa rejeitar tecnologias estrangeiras, mas impedir que elas organizem sozinhas o futuro nacional.<\/p>\n<p>A disputa entre Pax Silica e a arquitetura chinesa \u00e9 apenas a superf\u00edcie de uma transforma\u00e7\u00e3o muito maior. O verdadeiro conflito est\u00e1 entre os pa\u00edses capazes de produzir intelig\u00eancia e aqueles destinados apenas a aliment\u00e1-la, constituindo a nova divis\u00e3o internacional do trabalho escrita em c\u00f3digo.<\/p>\n<p>A nova divis\u00e3o internacional do trabalho ser\u00e1 escrita em c\u00f3digo.<\/p>\n<p>O Brasil precisa decidir se ajudar\u00e1 a escrev\u00ea-lo ou se apenas fornecer\u00e1 os recursos que alimentar\u00e3o a intelig\u00eancia das pot\u00eancias estrangeiras.<\/p>\n<div>\n<div>\n<p><span><em>Outras Palavras \u00e9 feito por muitas m\u00e3os. Se voc\u00ea valoriza nossa produ\u00e7\u00e3o, seja nosso apoiador e fortale\u00e7a o jornalismo cr\u00edtico: <strong>apoia.se\/outraspalavras<\/strong><\/em><\/span><\/p>\n<\/div>\n<\/div>\n<p>The post IA: EUA, China e a escolha do Brasil appeared first on Outras Palavras.<\/p>\n<!-- Begin Yuzo --><div class='yuzo_related_post style-1'  data-version='5.12.89'><!-- without result --><div class='yuzo_clearfixed yuzo__title yuzo__title'><h3>Related Post<\/h3><\/div>\n\t\t\t\t\t\t  <div class=\"relatedthumb \" style=\"width:125px;float:left;overflow:hidden;\">  \n\t\t\t\t\t\t\t  \n\t\t\t\t\t\t\t  <a  href=\"https:\/\/redept.com.br\/blogosfera\/dowbor-a-grande-crise-e-suas-duas-velocidades\/\"  >\n\t\t\t\t\t\t\t\t\t  <div class=\"yuzo-img-wrap \" style=\"width: 125px;height:90px;\">\n\t\t\t\t\t\t\t\t\t\t\n\t\t\t\t\t\t\t\t\t\t<div class=\"yuzo-img\" style=\"background:url('https:\/\/redept.com.br\/blogosfera\/wp-content\/uploads\/2026\/08\/4940801541644422281-150x150.jpg') 50% 50% no-repeat;width: 125px;height:90px;margin-bottom: 5px;background-size: cover; \"><\/div>\n\t\t\t\t\t\t\t\t\t  <\/div>\n\t\t\t\t\t\t\t\t\t  \n\t\t\t\t\t\t\t\t   <span class=\"yuzo__text--title\" style=\"font-size:13px;\">Dowbor: a grande crise e suas duas velocidades<\/span>\n\t\t\t\t\t\t\t  \n\t\t\t\t\t\t\t  \n\t\t\t\t\t\t\t  <\/a>\n\n\t\t\t\t\t\t  <\/div>\n\t\t\t\t\t\t  <div class=\"relatedthumb \" style=\"width:125px;float:left;overflow:hidden;\">  \n\t\t\t\t\t\t\t  \n\t\t\t\t\t\t\t  <a  href=\"https:\/\/redept.com.br\/blogosfera\/veranico-leva-temperaturas-de-ate-42c-a-regioes-do-brasil-e-aumenta-alerta-para-tempo-seco\/\"  >\n\t\t\t\t\t\t\t\t\t  <div class=\"yuzo-img-wrap \" style=\"width: 125px;height:90px;\">\n\t\t\t\t\t\t\t\t\t\t\n\t\t\t\t\t\t\t\t\t\t<div class=\"yuzo-img\" style=\"background:url('https:\/\/redept.com.br\/blogosfera\/wp-content\/uploads\/2026\/08\/Mobilidade_Emanuela20241802-1-2048x1365-1-150x150.jpg') 50% 50% no-repeat;width: 125px;height:90px;margin-bottom: 5px;background-size: cover; \"><\/div>\n\t\t\t\t\t\t\t\t\t  <\/div>\n\t\t\t\t\t\t\t\t\t  \n\t\t\t\t\t\t\t\t   <span class=\"yuzo__text--title\" style=\"font-size:13px;\">Veranico leva temperaturas de at\u00e9 42\u00b0C a regi\u00f5es d...<\/span>\n\t\t\t\t\t\t\t  \n\t\t\t\t\t\t\t  \n\t\t\t\t\t\t\t  <\/a>\n\n\t\t\t\t\t\t  <\/div>\n\t\t\t\t\t\t  <div class=\"relatedthumb \" style=\"width:125px;float:left;overflow:hidden;\">  \n\t\t\t\t\t\t\t  \n\t\t\t\t\t\t\t  <a  href=\"https:\/\/redept.com.br\/blogosfera\/campanha-internacional-pede-liberdade-do-ex-vice-presidente-do-equador-jorge-glas-que-diz-passar-fome-na-prisao\/\"  >\n\t\t\t\t\t\t\t\t\t  <div class=\"yuzo-img-wrap \" style=\"width: 125px;height:90px;\">\n\t\t\t\t\t\t\t\t\t\t\n\t\t\t\t\t\t\t\t\t\t<div class=\"yuzo-img\" style=\"background:url('https:\/\/redept.org\/blogosfera\/wp-content\/plugins\/yuzo-related-post\/assets\/images\/default.png') 50% 50% no-repeat;width: 125px;height:90px;margin-bottom: 5px;background-size: cover; \"><\/div>\n\t\t\t\t\t\t\t\t\t  <\/div>\n\t\t\t\t\t\t\t\t\t  \n\t\t\t\t\t\t\t\t   <span class=\"yuzo__text--title\" style=\"font-size:13px;\">Campanha internacional pede liberdade do ex-vice-p...<\/span>\n\t\t\t\t\t\t\t  \n\t\t\t\t\t\t\t  \n\t\t\t\t\t\t\t  <\/a>\n\n\t\t\t\t\t\t  <\/div>\n\t\t\t\t\t\t  <div class=\"relatedthumb \" style=\"width:125px;float:left;overflow:hidden;\">  \n\t\t\t\t\t\t\t  \n\t\t\t\t\t\t\t  <a  href=\"https:\/\/redept.com.br\/blogosfera\/dino-anula-emendas-de-dirigentes-sem-mandato-o-que-o-stf-proibiu-de-vez\/\"  >\n\t\t\t\t\t\t\t\t\t  <div class=\"yuzo-img-wrap \" style=\"width: 125px;height:90px;\">\n\t\t\t\t\t\t\t\t\t\t\n\t\t\t\t\t\t\t\t\t\t<div class=\"yuzo-img\" style=\"background:url('https:\/\/redept.org\/blogosfera\/wp-content\/plugins\/yuzo-related-post\/assets\/images\/default.png') 50% 50% no-repeat;width: 125px;height:90px;margin-bottom: 5px;background-size: cover; \"><\/div>\n\t\t\t\t\t\t\t\t\t  <\/div>\n\t\t\t\t\t\t\t\t\t  \n\t\t\t\t\t\t\t\t   <span class=\"yuzo__text--title\" style=\"font-size:13px;\">Dino anula emendas de dirigentes sem mandato: o qu...<\/span>\n\t\t\t\t\t\t\t  \n\t\t\t\t\t\t\t  \n\t\t\t\t\t\t\t  <\/a>\n\n\t\t\t\t\t\t  <\/div>\n<\/div> <script>\n\t\t\t\t\t\t  jQuery(document).ready(function( $ ){\n\t\t\t\t\t\t\t\/\/jQuery('.yuzo_related_post').equalizer({ overflow : 'relatedthumb' });\n\t\t\t\t\t\t\tjQuery('.yuzo_related_post .yuzo_wraps').equalizer({ columns : '> div' });\n\t\t\t\t\t\t   })\n\t\t\t\t\t\t  <\/script> <!-- End Yuzo :) -->","protected":false},"excerpt":{"rendered":"<p>A Pax Silica se apresenta como um clube liderado por Washington contra a influ\u00eancia chinesa. J\u00e1 a WAICO, impulsionada por Beijing, oferece acesso \u00e0 tecnologia. Erro brasileiro seria s\u00f3 olhar a superf\u00edcie deste dilema, pois j\u00e1 tem um ponto de partida para projetar autonomia <\/p>\n<p>The post <a href=\"https:\/\/outraspalavras.net\/tecnologiaemdisputa\/ia-eua-china-e-a-escolha-do-brasil\/\">IA: EUA, China e a escolha do Brasil<\/a> appeared first on <a href=\"https:\/\/outraspalavras.net\/\">Outras Palavras<\/a>.<\/p>\n","protected":false},"author":2,"featured_media":97411,"comment_status":"open","ping_status":"closed","sticky":false,"template":"","format":"standard","meta":{"fifu_image_url":"","fifu_image_alt":"","footnotes":""},"categories":[77401,45,77402,43926,77403,44117,13668,1415,3905,1228,77404,10615,5661,36575,36200,486,77405,5810,1048,1482,35,5493,377,13988],"tags":[],"class_list":["post-97410","post","type-post","status-publish","format-standard","has-post-thumbnail","hentry","category-aplicacoes-digitais","category-brasil","category-cadeia-tecnologica","category-centro-de-dados","category-centro-industrial","category-divisao-internacional-do-trabalho","category-economia-digital","category-energia","category-globalizacao","category-inteligencia-artificial","category-linguagem-digital","category-minerais-criticos","category-minerais-estrategicos","category-pax-silica","category-pbia","category-periferia","category-potencias-estrangeiras","category-semicondutores","category-soberania","category-sul-global","category-tecnologia","category-tecnologia-em-disputa","category-trabalho","category-washington"],"_links":{"self":[{"href":"https:\/\/redept.com.br\/blogosfera\/wp-json\/wp\/v2\/posts\/97410","targetHints":{"allow":["GET"]}}],"collection":[{"href":"https:\/\/redept.com.br\/blogosfera\/wp-json\/wp\/v2\/posts"}],"about":[{"href":"https:\/\/redept.com.br\/blogosfera\/wp-json\/wp\/v2\/types\/post"}],"author":[{"embeddable":true,"href":"https:\/\/redept.com.br\/blogosfera\/wp-json\/wp\/v2\/users\/2"}],"replies":[{"embeddable":true,"href":"https:\/\/redept.com.br\/blogosfera\/wp-json\/wp\/v2\/comments?post=97410"}],"version-history":[{"count":0,"href":"https:\/\/redept.com.br\/blogosfera\/wp-json\/wp\/v2\/posts\/97410\/revisions"}],"wp:featuredmedia":[{"embeddable":true,"href":"https:\/\/redept.com.br\/blogosfera\/wp-json\/wp\/v2\/media\/97411"}],"wp:attachment":[{"href":"https:\/\/redept.com.br\/blogosfera\/wp-json\/wp\/v2\/media?parent=97410"}],"wp:term":[{"taxonomy":"category","embeddable":true,"href":"https:\/\/redept.com.br\/blogosfera\/wp-json\/wp\/v2\/categories?post=97410"},{"taxonomy":"post_tag","embeddable":true,"href":"https:\/\/redept.com.br\/blogosfera\/wp-json\/wp\/v2\/tags?post=97410"}],"curies":[{"name":"wp","href":"https:\/\/api.w.org\/{rel}","templated":true}]}}