{"id":97493,"date":"2026-07-28T13:09:00","date_gmt":"2026-07-28T16:09:00","guid":{"rendered":"https:\/\/redept.com.br\/blogosfera\/conselho-do-fgts-autoriza-pagamento-de-r-13-bilhoes-aos-trabalhadores-confira-como-checar\/"},"modified":"2026-07-28T13:09:00","modified_gmt":"2026-07-28T16:09:00","slug":"conselho-do-fgts-autoriza-pagamento-de-r-13-bilhoes-aos-trabalhadores-confira-como-checar","status":"publish","type":"post","link":"https:\/\/redept.com.br\/blogosfera\/conselho-do-fgts-autoriza-pagamento-de-r-13-bilhoes-aos-trabalhadores-confira-como-checar\/","title":{"rendered":"Conselho do FGTS autoriza pagamento de R$ 13 bilh\u00f5es aos trabalhadores; confira como checar"},"content":{"rendered":"<p>O Conselho Curador do Fundo de Garantia do Tempo de Servi\u00e7o (FGTS) <a href=\"https:\/\/tvtnews.com.br\/fgts-distribuira-quase-13-bi-do-lucro-de-2024\/\" data-type=\"post\" data-id=\"757767\">aprovou nesta ter\u00e7a-feira (28) a distribui\u00e7\u00e3o de R$ 13,04 bilh\u00f5es aos trabalhadores<\/a> referentes ao resultado positivo obtido pelo fundo em 2025.<\/p>\n<p>O valor corresponde a 89% do lucro de R$ 14,65 bilh\u00f5es registrado no exerc\u00edcio.\u00a0Ao todo, cerca de 138,2 milh\u00f5es de <a href=\"https:\/\/tvtnews.com.br\/carteira-de-trabalho-digital-consultas-vagas-sine\/\" data-type=\"post\" data-id=\"735328\">trabalhadores e trabalhadoras ser\u00e3o beneficiados<\/a> pela distribui\u00e7\u00e3o.<\/p>\n<p>Segundo a proposta aprovada pelo colegiado, o cr\u00e9dito ser\u00e1 feito de forma proporcional ao saldo existente em cada conta vinculada em 31 de dezembro de 2025.<\/p>\n<p>Os recursos ser\u00e3o creditados nas contas vinculadas do FGTS at\u00e9 31 de agosto, conforme prev\u00ea a legisla\u00e7\u00e3o.<\/p>\n<p>Ter\u00e3o direito ao recebimento os trabalhadores que possu\u00edam saldo positivo em contas do fundo em 31 de dezembro de 2025, incluindo contas ativas e inativas.<\/p>\n<h2>Como verificar se voc\u00ea tem direito ao lucro do FGTS<\/h2>\n<p>Voc\u00ea tem direito \u00e0 distribui\u00e7\u00e3o do lucro se possu\u00eda saldo em alguma conta do FGTS na data-base definida para o pagamento de 2025. O valor \u00e9 proporcional ao saldo existente nessa data.<\/p>\n<\/p>\n<figure><img fetchpriority=\"high\" fetchpriority=\"high\" decoding=\"async\" width=\"1024\" height=\"576\"src=\"https:\/\/redept.com.br\/blogosfera\/wp-content\/uploads\/2026\/07\/fgts.jpg\" alt=\"governo-libera-saldo-do-fgts-a-quem-optou-por-saque-aniversario-medida-beneficiara-12-1-milhoes-de-trabalhadores-demitidos-foto-joedson-alves-agencia-brasil-tvt-news\" title=\"Conselho do FGTS autoriza pagamento de R$ 13 bilh\u00f5es aos trabalhadores; confira como checar 7\" srcset=\"https:\/\/tvtnews.com.br\/wp-content\/uploads\/2025\/02\/fgts-1024x576.jpg 1024w, https:\/\/tvtnews.com.br\/wp-content\/uploads\/2025\/02\/fgts-300x169.jpg 300w, https:\/\/tvtnews.com.br\/wp-content\/uploads\/2025\/02\/fgts-768x432.jpg 768w, https:\/\/tvtnews.com.br\/wp-content\/uploads\/2025\/02\/fgts-1536x864.jpg 1536w, https:\/\/redept.com.br\/blogosfera\/wp-content\/uploads\/2026\/07\/fgts.jpg 1600w\" sizes=\"(max-width: 1024px) 100vw, 1024px\"><figcaption>Os recursos ser\u00e3o creditados nas contas vinculadas do FGTS at\u00e9 31 de agosto. Foto: Jo\u00e9dson Alves\/Ag\u00eancia Brasil<\/figcaption><\/figure>\n<\/p>\n<h2>Como checar o FGTS<\/h2>\n<p>Voc\u00ea pode checar o seu FGTS de forma r\u00e1pida e gratuita\u00a0usando o\u00a0<strong>Aplicativo FGTS<\/strong>, o\u00a0<strong>Internet Banking da Caixa<\/strong>\u00a0ou indo a uma\u00a0<strong>ag\u00eancia da Caixa<\/strong>. Confira:<\/p>\n<h3><strong>Pelo Aplicativo FGTS (Celular):<\/strong><\/h3>\n<ol start=\"1\">\n<li>Na loja de aplicativos do seu celular, busque e baixe o aplicativo \u201cFGTS\u201d. <\/li>\n<li>Abra o app, selecione a op\u00e7\u00e3o \u201cEntrar no aplicativo\u201d e cadastre-se ou fa\u00e7a login informando o seu CPF. <\/li>\n<li>Na tela inicial, utilize a funcionalidade de consulta ao saldo e extrato das contas FGTS. <\/li>\n<\/ol>\n<h3><strong>Pelo Site da Caixa:<\/strong><\/h3>\n<ol start=\"1\">\n<li>Acesse o site oficial da Caixa (<a href=\"https:\/\/www.caixa.gov.br\/beneficios-trabalhador\/fgts\/extrato-fgts\/Paginas\/default.aspx\" target=\"_blank\" data-type=\"link\" data-id=\"https:\/\/www.caixa.gov.br\/beneficios-trabalhador\/fgts\/extrato-fgts\/Paginas\/default.aspx\" rel=\"noreferrer noopener nofollow\">www.caixa.gov.br<\/a>). <\/li>\n<li>Clique na op\u00e7\u00e3o \u201cAcessar FGTS\u201d e fa\u00e7a o login utilizando seu CPF e senha. <\/li>\n<li>No menu, selecione a aba \u201cMeu FGTS\u201d para verificar os valores dispon\u00edveis. <\/li>\n<\/ol>\n<p>Outras Formas de Consulta  ao FGTS<\/p>\n<ul>\n<li><strong>Internet Banking da Caixa:<\/strong>\u00a0se voc\u00ea tem conta na Caixa, acesse o site ou o app do banco e busque pela aba de servi\u00e7os do\u00a0<strong>FGTS<\/strong>.\u00a0<\/li>\n<li><strong>SMS:<\/strong>\u00a0\u00e9 poss\u00edvel cadastrar o recebimento de mensagens gratuitas sobre os dep\u00f3sitos mensais diretamente pelo\u00a0<strong>Aplicativo FGTS<\/strong>\u00a0em \u201cMeus dados\u201d.\u00a0<\/li>\n<li><strong>Presencial:<\/strong>\u00a0V\u00e1 a uma ag\u00eancia da\u00a0<strong>Caixa Econ\u00f4mica Federal<\/strong>\u00a0com um documento de identifica\u00e7\u00e3o com foto e o n\u00famero do CPF ou PIS<\/li>\n<\/ul>\n<h2>O que s\u00e3o os lucros do FGTS<\/h2>\n<p>A distribui\u00e7\u00e3o dos lucros do FGTS \u00e9 uma medida legal, prevista na Lei n\u00ba 13.446\/17 e criada em 2016, que tem como objetivo aumentar a rentabilidade das contas de FGTS dos trabalhadores [1] [3] [4]. Essa iniciativa incrementa a rentabilidade b\u00e1sica anual (que \u00e9 de TR + 3% ao ano) das contas vinculadas [4].<\/p>\n<h3>Como funciona a distribui\u00e7\u00e3o:<\/h3>\n<p>O percentual do lucro a ser distribu\u00eddo \u00e9 definido pelo Conselho Curador do FGTS <\/p>\n<p>A Caixa Econ\u00f4mica Federal calcula o valor a ser pago de forma proporcional ao saldo individual que cada trabalhador possu\u00eda em suas contas do FGTS no dia 31 de dezembro do ano anterior <\/p>\n<p>O valor referente \u00e0 distribui\u00e7\u00e3o de lucros \u00e9 depositado diretamente na conta do FGTS do trabalhador, a mesma onde o empregador faz os dep\u00f3sitos mensais<\/p>\n<h2>Voc\u00ea tamb\u00e9m pode se interessar<\/h2>\n<ul>\n<li><a href=\"https:\/\/tvtnews.com.br\/brasil-estrategias-prevencao-hiv-conferencia-aids\/\">Brasil apresenta estrat\u00e9gias de preven\u00e7\u00e3o ao HIV no SUS em Confer\u00eancia Internacional de Aids<\/a><\/li>\n<li><a href=\"https:\/\/tvtnews.com.br\/milei-recursos-publicos-comicio-de-flavio-bolsonaro\/\">Milei \u00e9 denunciado na Argentina por usar recursos p\u00fablicos em ato de apoio a Fl\u00e1vio Bolsonaro no Brasil<\/a><\/li>\n<li><a href=\"https:\/\/tvtnews.com.br\/mercado-reduz-5-12-expectativa-inflacao-em-2026\/\">Mercado reduz para 5,12% expectativa de infla\u00e7\u00e3o em 2026<\/a><\/li>\n<li><a href=\"https:\/\/tvtnews.com.br\/copa-do-mundo-feminina-2027-tera-6-mil-voluntarios\/\">Fifa abre inscri\u00e7\u00f5es para volunt\u00e1rios da Copa do Mundo Feminina 2027; veja como participar<\/a><\/li>\n<li><a href=\"https:\/\/tvtnews.com.br\/quaest-raquel-lyra-ultrapassa-joao-campos-em-pernambuco\/\">Quaest: Raquel Lyra ultrapassa Jo\u00e3o Campos em Pernambuco<\/a><\/li>\n<\/ul>\n<p>The post <a rel=\"nofollow\" href=\"https:\/\/tvtnews.com.br\/como-checar-pagamento-lucros-do-fgts\/\">Conselho do FGTS autoriza pagamento de R$ 13 bilh\u00f5es aos trabalhadores; confira como checar<\/a> appeared first on <a rel=\"nofollow\" href=\"https:\/\/tvtnews.com.br\/\">TVT News<\/a>.<\/p>\n<!-- Begin Yuzo --><div class='yuzo_related_post style-1'  data-version='5.12.89'><!-- without result --><div class='yuzo_clearfixed yuzo__title yuzo__title'><h3>Related Post<\/h3><\/div>\n\t\t\t\t\t\t  <div class=\"relatedthumb \" style=\"width:125px;float:left;overflow:hidden;\">  \n\t\t\t\t\t\t\t  \n\t\t\t\t\t\t\t  <a  href=\"https:\/\/redept.com.br\/blogosfera\/israel-intercepta-flotilha-de-gaza-e-sequestra-tres-brasileiras-em-missao\/\"  >\n\t\t\t\t\t\t\t\t\t  <div class=\"yuzo-img-wrap \" style=\"width: 125px;height:90px;\">\n\t\t\t\t\t\t\t\t\t\t\n\t\t\t\t\t\t\t\t\t\t<div class=\"yuzo-img\" style=\"background:url('https:\/\/redept.com.br\/blogosfera\/wp-content\/uploads\/2026\/05\/191b617c-81f9-4bd9-8a60-a70472e7312b-150x150.jpeg') 50% 50% no-repeat;width: 125px;height:90px;margin-bottom: 5px;background-size: cover; \"><\/div>\n\t\t\t\t\t\t\t\t\t  <\/div>\n\t\t\t\t\t\t\t\t\t  \n\t\t\t\t\t\t\t\t   <span class=\"yuzo__text--title\" style=\"font-size:13px;\">Israel intercepta flotilha de Gaza e sequestra tr\u00ea...<\/span>\n\t\t\t\t\t\t\t  \n\t\t\t\t\t\t\t  \n\t\t\t\t\t\t\t  <\/a>\n\n\t\t\t\t\t\t  <\/div>\n\t\t\t\t\t\t  <div class=\"relatedthumb \" style=\"width:125px;float:left;overflow:hidden;\">  \n\t\t\t\t\t\t\t  \n\t\t\t\t\t\t\t  <a  href=\"https:\/\/redept.com.br\/blogosfera\/bolsonaro-tem-9-dias-para-se-defender-da-perda-de-patente\/\"  >\n\t\t\t\t\t\t\t\t\t  <div class=\"yuzo-img-wrap \" style=\"width: 125px;height:90px;\">\n\t\t\t\t\t\t\t\t\t\t\n\t\t\t\t\t\t\t\t\t\t<div class=\"yuzo-img\" style=\"background:url('https:\/\/redept.org\/blogosfera\/wp-content\/plugins\/yuzo-related-post\/assets\/images\/default.png') 50% 50% no-repeat;width: 125px;height:90px;margin-bottom: 5px;background-size: cover; \"><\/div>\n\t\t\t\t\t\t\t\t\t  <\/div>\n\t\t\t\t\t\t\t\t\t  \n\t\t\t\t\t\t\t\t   <span class=\"yuzo__text--title\" style=\"font-size:13px;\">Bolsonaro tem 9 dias para se defender da perda de ...<\/span>\n\t\t\t\t\t\t\t  \n\t\t\t\t\t\t\t  \n\t\t\t\t\t\t\t  <\/a>\n\n\t\t\t\t\t\t  <\/div>\n\t\t\t\t\t\t  <div class=\"relatedthumb \" style=\"width:125px;float:left;overflow:hidden;\">  \n\t\t\t\t\t\t\t  \n\t\t\t\t\t\t\t  <a  href=\"https:\/\/redept.com.br\/blogosfera\/eduardo-bolsonaro-solicita-a-camara-mandato-remoto-a-partir-dos-eua-alegando-perseguicao-politica\/\"  >\n\t\t\t\t\t\t\t\t\t  <div class=\"yuzo-img-wrap \" style=\"width: 125px;height:90px;\">\n\t\t\t\t\t\t\t\t\t\t\n\t\t\t\t\t\t\t\t\t\t<div class=\"yuzo-img\" style=\"background:url('https:\/\/redept.org\/blogosfera\/wp-content\/plugins\/yuzo-related-post\/assets\/images\/default.png') 50% 50% no-repeat;width: 125px;height:90px;margin-bottom: 5px;background-size: cover; \"><\/div>\n\t\t\t\t\t\t\t\t\t  <\/div>\n\t\t\t\t\t\t\t\t\t  \n\t\t\t\t\t\t\t\t   <span class=\"yuzo__text--title\" style=\"font-size:13px;\">Eduardo Bolsonaro solicita \u00e0 Camara mandato remoto...<\/span>\n\t\t\t\t\t\t\t  \n\t\t\t\t\t\t\t  \n\t\t\t\t\t\t\t  <\/a>\n\n\t\t\t\t\t\t  <\/div>\n\t\t\t\t\t\t  <div class=\"relatedthumb \" style=\"width:125px;float:left;overflow:hidden;\">  \n\t\t\t\t\t\t\t  \n\t\t\t\t\t\t\t  <a  href=\"https:\/\/redept.com.br\/blogosfera\/chuva-excepcional-no-rio-pode-superar-media-do-mes-de-abril-ate-domingo-6\/\"  >\n\t\t\t\t\t\t\t\t\t  <div class=\"yuzo-img-wrap \" style=\"width: 125px;height:90px;\">\n\t\t\t\t\t\t\t\t\t\t\n\t\t\t\t\t\t\t\t\t\t<div class=\"yuzo-img\" style=\"background:url('https:\/\/redept.org\/blogosfera\/wp-content\/plugins\/yuzo-related-post\/assets\/images\/default.png') 50% 50% no-repeat;width: 125px;height:90px;margin-bottom: 5px;background-size: cover; \"><\/div>\n\t\t\t\t\t\t\t\t\t  <\/div>\n\t\t\t\t\t\t\t\t\t  \n\t\t\t\t\t\t\t\t   <span class=\"yuzo__text--title\" style=\"font-size:13px;\">Chuva excepcional no Rio pode superar m\u00e9dia do m\u00eas...<\/span>\n\t\t\t\t\t\t\t  \n\t\t\t\t\t\t\t  \n\t\t\t\t\t\t\t  <\/a>\n\n\t\t\t\t\t\t  <\/div>\n<\/div> <script>\n\t\t\t\t\t\t  jQuery(document).ready(function( $ ){\n\t\t\t\t\t\t\t\/\/jQuery('.yuzo_related_post').equalizer({ overflow : 'relatedthumb' });\n\t\t\t\t\t\t\tjQuery('.yuzo_related_post .yuzo_wraps').equalizer({ columns : '> div' });\n\t\t\t\t\t\t   })\n\t\t\t\t\t\t  <\/script> <!-- End Yuzo :) -->","protected":false},"excerpt":{"rendered":"<p>O Conselho Curador do Fundo de Garantia do Tempo de Servi\u00e7o (FGTS) aprovou nesta ter\u00e7a-feira (28) a distribui\u00e7\u00e3o de R$ 13,04 bilh\u00f5es aos trabalhadores referentes ao resultado positivo obtido pelo fundo em 2025. O valor corresponde a 89% do lucro de R$ 14,65 bilh\u00f5es registrado no exerc\u00edcio.\u00a0Ao todo, cerca de 138,2 milh\u00f5es de trabalhadores e [&hellip;]<\/p>\n","protected":false},"author":2,"featured_media":97494,"comment_status":"open","ping_status":"closed","sticky":false,"template":"","format":"standard","meta":{"fifu_image_url":"","fifu_image_alt":"","footnotes":""},"categories":[489,221,1460],"tags":[],"class_list":["post-97493","post","type-post","status-publish","format-standard","has-post-thumbnail","hentry","category-destaque-pequeno","category-economia","category-fgts"],"_links":{"self":[{"href":"https:\/\/redept.com.br\/blogosfera\/wp-json\/wp\/v2\/posts\/97493","targetHints":{"allow":["GET"]}}],"collection":[{"href":"https:\/\/redept.com.br\/blogosfera\/wp-json\/wp\/v2\/posts"}],"about":[{"href":"https:\/\/redept.com.br\/blogosfera\/wp-json\/wp\/v2\/types\/post"}],"author":[{"embeddable":true,"href":"https:\/\/redept.com.br\/blogosfera\/wp-json\/wp\/v2\/users\/2"}],"replies":[{"embeddable":true,"href":"https:\/\/redept.com.br\/blogosfera\/wp-json\/wp\/v2\/comments?post=97493"}],"version-history":[{"count":0,"href":"https:\/\/redept.com.br\/blogosfera\/wp-json\/wp\/v2\/posts\/97493\/revisions"}],"wp:featuredmedia":[{"embeddable":true,"href":"https:\/\/redept.com.br\/blogosfera\/wp-json\/wp\/v2\/media\/97494"}],"wp:attachment":[{"href":"https:\/\/redept.com.br\/blogosfera\/wp-json\/wp\/v2\/media?parent=97493"}],"wp:term":[{"taxonomy":"category","embeddable":true,"href":"https:\/\/redept.com.br\/blogosfera\/wp-json\/wp\/v2\/categories?post=97493"},{"taxonomy":"post_tag","embeddable":true,"href":"https:\/\/redept.com.br\/blogosfera\/wp-json\/wp\/v2\/tags?post=97493"}],"curies":[{"name":"wp","href":"https:\/\/api.w.org\/{rel}","templated":true}]}}