{"id":97543,"date":"2026-07-28T15:47:24","date_gmt":"2026-07-28T18:47:24","guid":{"rendered":"https:\/\/redept.com.br\/blogosfera\/governo-lula-aciona-omc-contra-tarifaco-politico-e-unilateral-de-trump\/"},"modified":"2026-07-28T15:47:24","modified_gmt":"2026-07-28T18:47:24","slug":"governo-lula-aciona-omc-contra-tarifaco-politico-e-unilateral-de-trump","status":"publish","type":"post","link":"https:\/\/redept.com.br\/blogosfera\/governo-lula-aciona-omc-contra-tarifaco-politico-e-unilateral-de-trump\/","title":{"rendered":"Governo Lula aciona OMC contra tarifa\u00e7o pol\u00edtico e unilateral de Trump"},"content":{"rendered":"<p>O governo do presidente Luiz In\u00e1cio Lula da Silva formalizou, nesta segunda-feira (27), um pedido de consultas aos Estados Unidos no sistema de solu\u00e7\u00e3o de controv\u00e9rsias da Organiza\u00e7\u00e3o Mundial do Com\u00e9rcio (OMC). <\/p>\n<p>A iniciativa, conduzida pelo Minist\u00e9rio das Rela\u00e7\u00f5es Exteriores (Itamaraty), \u00e9 uma resposta firme ao tarifa\u00e7o ilegal e protecionista promovido pela gest\u00e3o de Donald Trump contra a economia brasileira.<\/p>\n<p> A a\u00e7\u00e3o multilateral questiona duas sobretaxas baseadas na controversa Se\u00e7\u00e3o 301 da Lei de Com\u00e9rcio de 1974 dos EUA, um dispositivo anacr\u00f4nico e unilateral frequentemente instrumentalizado por Washington para exercer chantagem geopol\u00edtica.<\/p>\n<p>A agress\u00e3o comercial norte-americana atinge frontalmente a soberania nacional e reflete a forte influ\u00eancia de setores ultraconservadores da diplomacia de Washington, representados por figuras como o Secret\u00e1rio de Estado Marco Rubio. Sob o pretexto de alega\u00e7\u00f5es infundadas, a ofensiva tarif\u00e1ria busca submeter o desenvolvimento do Brasil aos interesses norte-americanos e enfraquecer o governo progressista no cen\u00e1rio internacional, servindo abertamente aos interesses ideol\u00f3gicos da extrema direita alinhada ao bolsonarismo, que busca retirar o protagonismo do Brasil nos Brics e num mundo multipolar.<\/p>\n<p>Leia mais: <a href=\"https:\/\/vermelho.org.br\/2026\/06\/20\/lula-vence-flavio-bolsonaro-por-47-a-43-no-segundo-turno-aponta-datafolha\/\">52% dizem que tarifa\u00e7o de Trump \u00e9 para beneficiar Fl\u00e1vio, aponta Datafolha<\/a><\/p>\n<p>De acordo com a Nota \u00e0 Imprensa N\u00ba 247 do Itamaraty, o pleito brasileiro contesta dois conjuntos de sobretaxas despropositadas. A primeira medida imp\u00f4s uma tarifa adicional de 25% sob a alega\u00e7\u00e3o de examinar atos e pr\u00e1ticas brasileiras em \u00e1reas como com\u00e9rcio digital, servi\u00e7os de pagamentos eletr\u00f4nicos, propriedade intelectual, acesso ao mercado de etanol e legisla\u00e7\u00e3o ambiental. A segunda decis\u00e3o, vinculada a uma investiga\u00e7\u00e3o abrangendo 60 economias sobre supostas proibi\u00e7\u00f5es ao trabalho for\u00e7ado, sobretaxou os produtos nacionais em mais 12,5%. Somadas, as san\u00e7\u00f5es criam barreiras abusivas que prejudicam setores estrat\u00e9gicos da ind\u00fastria e da agricultura brasileira, como cal\u00e7ados, m\u00f3veis, m\u00e1quinas, a\u00e7\u00facar e etanol.Diante do ataque arbitr\u00e1rio, a diplomacia brasileira ressaltou que as medidas norte-americanas s\u00e3o \u201cinjustificadas e incompat\u00edveis com obriga\u00e7\u00f5es dos EUA\u201d perante o Acordo Geral sobre Tarifas e Com\u00e9rcio (GATT 1994) e as normas de Solu\u00e7\u00e3o de Controv\u00e9rsias do organismo multilateral. Ao acionar a OMC, o governo Lula reafirma que a conduta de Washington atropela os princ\u00edpios do com\u00e9rcio internacional leg\u00edtimo e tenta impor pela for\u00e7a econ\u00f4mica uma agenda pol\u00edtica alheia ao direito multilateral.<\/p>\n<p>Resist\u00eancia soberana e reciprocidade<\/p>\n<p>O an\u00fancio da sobretaxa de 25%, formalizado pelo Representante Comercial dos EUA (USTR) em meados de julho, j\u00e1 havia provocado uma pronta rea\u00e7\u00e3o do Pal\u00e1cio do Planalto. Em manifesta\u00e7\u00e3o oficial, o governo brasileiro repudiou categoricamente a decis\u00e3o unilateral e acionou imediatamente os mecanismos legais de resposta, incluindo os par\u00e2metros estabelecidos pela Lei de Reciprocidade Econ\u00f4mica, aprovada por unanimidade pelo Congresso Nacional. O instrumento autoriza o Brasil a adotar contramedidas proporcionais contra pa\u00edses que imporem barreiras injustas \u00e0s exporta\u00e7\u00f5es nacionais.<\/p>\n<p>O pedido de consultas aberto na OMC marca o in\u00edcio de um prazo regulamentar de 60 dias para a busca de uma solu\u00e7\u00e3o negociada. Caso a Casa Branca persista em sua postura intransigente e recusar-se a revogar os gravames arbitr\u00e1rios, o Brasil solicitar\u00e1 a instaura\u00e7\u00e3o de um painel de julgamento no \u00f3rg\u00e3o internacional, onde o hist\u00f3rico de san\u00e7\u00f5es unilaterais dos EUA acumula reiteradas derrotas jur\u00eddicas.<\/p>\n<p>Ao combater o ass\u00e9dio comercial comandado por Trump e Rubio, o Brasil reafirma sua postura inflex\u00edvel em defesa do multilateralismo e do respeito \u00e0s regras internacionais, recha\u00e7ando a inger\u00eancia estrangeira e garantindo a prote\u00e7\u00e3o dos empregos, da ind\u00fastria e da soberania nacional contra os ataques do extremismo de direita.<\/p>\n<p>O post <a href=\"https:\/\/vermelho.org.br\/2026\/07\/28\/governo-lula-aciona-omc-contra-tarifaco-politico-e-unilateral-de-trump\/\">Governo Lula aciona OMC contra tarifa\u00e7o pol\u00edtico e unilateral de Trump<\/a> apareceu primeiro em <a href=\"https:\/\/vermelho.org.br\/\">Vermelho<\/a>.<\/p>\n<!-- Begin Yuzo --><div class='yuzo_related_post style-1'  data-version='5.12.89'><!-- without result --><div class='yuzo_clearfixed yuzo__title yuzo__title'><h3>Related Post<\/h3><\/div>\n\t\t\t\t\t\t  <div class=\"relatedthumb \" style=\"width:125px;float:left;overflow:hidden;\">  \n\t\t\t\t\t\t\t  \n\t\t\t\t\t\t\t  <a  href=\"https:\/\/redept.com.br\/blogosfera\/cpmi-do-inss-o-desmonte-da-fraude-e-as-conexoes-politicas-com-o-bolsonarismo-2\/\"  >\n\t\t\t\t\t\t\t\t\t  <div class=\"yuzo-img-wrap \" style=\"width: 125px;height:90px;\">\n\t\t\t\t\t\t\t\t\t\t\n\t\t\t\t\t\t\t\t\t\t<div class=\"yuzo-img\" style=\"background:url('https:\/\/redept.org\/blogosfera\/wp-content\/plugins\/yuzo-related-post\/assets\/images\/default.png') 50% 50% no-repeat;width: 125px;height:90px;margin-bottom: 5px;background-size: cover; \"><\/div>\n\t\t\t\t\t\t\t\t\t  <\/div>\n\t\t\t\t\t\t\t\t\t  \n\t\t\t\t\t\t\t\t   <span class=\"yuzo__text--title\" style=\"font-size:13px;\">CPMI do INSS: O desmonte da fraude e as conex\u00f5es p...<\/span>\n\t\t\t\t\t\t\t  \n\t\t\t\t\t\t\t  \n\t\t\t\t\t\t\t  <\/a>\n\n\t\t\t\t\t\t  <\/div>\n\t\t\t\t\t\t  <div class=\"relatedthumb \" style=\"width:125px;float:left;overflow:hidden;\">  \n\t\t\t\t\t\t\t  \n\t\t\t\t\t\t\t  <a  href=\"https:\/\/redept.com.br\/blogosfera\/elvis-presley-90-anos-do-rei-do-rock\/\"  >\n\t\t\t\t\t\t\t\t\t  <div class=\"yuzo-img-wrap \" style=\"width: 125px;height:90px;\">\n\t\t\t\t\t\t\t\t\t\t\n\t\t\t\t\t\t\t\t\t\t<div class=\"yuzo-img\" style=\"background:url('https:\/\/redept.com.br\/blogosfera\/wp-content\/uploads\/2025\/01\/1024px-Elvis-Presley-TV-Radio-Mirror-March-1957-01-150x150.jpg') 50% 50% no-repeat;width: 125px;height:90px;margin-bottom: 5px;background-size: cover; \"><\/div>\n\t\t\t\t\t\t\t\t\t  <\/div>\n\t\t\t\t\t\t\t\t\t  \n\t\t\t\t\t\t\t\t   <span class=\"yuzo__text--title\" style=\"font-size:13px;\">Elvis Presley: 90 anos do Rei do Rock<\/span>\n\t\t\t\t\t\t\t  \n\t\t\t\t\t\t\t  \n\t\t\t\t\t\t\t  <\/a>\n\n\t\t\t\t\t\t  <\/div>\n\t\t\t\t\t\t  <div class=\"relatedthumb \" style=\"width:125px;float:left;overflow:hidden;\">  \n\t\t\t\t\t\t\t  \n\t\t\t\t\t\t\t  <a  href=\"https:\/\/redept.com.br\/blogosfera\/para-governo-brasileiro-reuniao-de-lula-com-trump-foi-otima\/\"  >\n\t\t\t\t\t\t\t\t\t  <div class=\"yuzo-img-wrap \" style=\"width: 125px;height:90px;\">\n\t\t\t\t\t\t\t\t\t\t\n\t\t\t\t\t\t\t\t\t\t<div class=\"yuzo-img\" style=\"background:url('https:\/\/redept.com.br\/blogosfera\/wp-content\/uploads\/2025\/10\/WhatsApp-Image-2025-10-26-at-064413-e1761472641856-150x150.webp') 50% 50% no-repeat;width: 125px;height:90px;margin-bottom: 5px;background-size: cover; \"><\/div>\n\t\t\t\t\t\t\t\t\t  <\/div>\n\t\t\t\t\t\t\t\t\t  \n\t\t\t\t\t\t\t\t   <span class=\"yuzo__text--title\" style=\"font-size:13px;\">Para governo brasileiro, reuni\u00e3o de Lula com Trump...<\/span>\n\t\t\t\t\t\t\t  \n\t\t\t\t\t\t\t  \n\t\t\t\t\t\t\t  <\/a>\n\n\t\t\t\t\t\t  <\/div>\n\t\t\t\t\t\t  <div class=\"relatedthumb \" style=\"width:125px;float:left;overflow:hidden;\">  \n\t\t\t\t\t\t\t  \n\t\t\t\t\t\t\t  <a  href=\"https:\/\/redept.com.br\/blogosfera\/enem-mec-anuncia-datas-de-inscricao-e-das-provas-de-2025\/\"  >\n\t\t\t\t\t\t\t\t\t  <div class=\"yuzo-img-wrap \" style=\"width: 125px;height:90px;\">\n\t\t\t\t\t\t\t\t\t\t\n\t\t\t\t\t\t\t\t\t\t<div class=\"yuzo-img\" style=\"background:url('https:\/\/redept.org\/blogosfera\/wp-content\/plugins\/yuzo-related-post\/assets\/images\/default.png') 50% 50% no-repeat;width: 125px;height:90px;margin-bottom: 5px;background-size: cover; \"><\/div>\n\t\t\t\t\t\t\t\t\t  <\/div>\n\t\t\t\t\t\t\t\t\t  \n\t\t\t\t\t\t\t\t   <span class=\"yuzo__text--title\" style=\"font-size:13px;\">Enem: MEC anuncia datas de inscri\u00e7\u00e3o e das provas ...<\/span>\n\t\t\t\t\t\t\t  \n\t\t\t\t\t\t\t  \n\t\t\t\t\t\t\t  <\/a>\n\n\t\t\t\t\t\t  <\/div>\n<\/div> <script>\n\t\t\t\t\t\t  jQuery(document).ready(function( $ ){\n\t\t\t\t\t\t\t\/\/jQuery('.yuzo_related_post').equalizer({ overflow : 'relatedthumb' });\n\t\t\t\t\t\t\tjQuery('.yuzo_related_post .yuzo_wraps').equalizer({ columns : '> div' });\n\t\t\t\t\t\t   })\n\t\t\t\t\t\t  <\/script> <!-- End Yuzo :) -->","protected":false},"excerpt":{"rendered":"<p>O governo do presidente Luiz In\u00e1cio Lula da Silva formalizou, nesta segunda-feira (27), um pedido de consultas aos Estados Unidos no sistema de solu\u00e7\u00e3o de controv\u00e9rsias da Organiza\u00e7\u00e3o Mundial do Com\u00e9rcio (OMC). A iniciativa, conduzida pelo Minist\u00e9rio das Rela\u00e7\u00f5es Exteriores (Itamaraty), \u00e9 uma resposta firme ao tarifa\u00e7o ilegal e protecionista promovido pela gest\u00e3o de Donald [&hellip;]<\/p>\n","protected":false},"author":2,"featured_media":0,"comment_status":"open","ping_status":"closed","sticky":false,"template":"","format":"standard","meta":{"fifu_image_url":"","fifu_image_alt":"","footnotes":""},"categories":[334,1023,221,394,423,17,518,3508,3501,3132,3641],"tags":[],"class_list":["post-97543","post","type-post","status-publish","format-standard","hentry","category-comercio-exterior","category-donald-trump","category-economia","category-estados-unidos","category-extrema-direita","category-governo-lula","category-itamaraty","category-marco-rubio","category-omc","category-soberania-nacional","category-tarifaco"],"_links":{"self":[{"href":"https:\/\/redept.com.br\/blogosfera\/wp-json\/wp\/v2\/posts\/97543","targetHints":{"allow":["GET"]}}],"collection":[{"href":"https:\/\/redept.com.br\/blogosfera\/wp-json\/wp\/v2\/posts"}],"about":[{"href":"https:\/\/redept.com.br\/blogosfera\/wp-json\/wp\/v2\/types\/post"}],"author":[{"embeddable":true,"href":"https:\/\/redept.com.br\/blogosfera\/wp-json\/wp\/v2\/users\/2"}],"replies":[{"embeddable":true,"href":"https:\/\/redept.com.br\/blogosfera\/wp-json\/wp\/v2\/comments?post=97543"}],"version-history":[{"count":0,"href":"https:\/\/redept.com.br\/blogosfera\/wp-json\/wp\/v2\/posts\/97543\/revisions"}],"wp:attachment":[{"href":"https:\/\/redept.com.br\/blogosfera\/wp-json\/wp\/v2\/media?parent=97543"}],"wp:term":[{"taxonomy":"category","embeddable":true,"href":"https:\/\/redept.com.br\/blogosfera\/wp-json\/wp\/v2\/categories?post=97543"},{"taxonomy":"post_tag","embeddable":true,"href":"https:\/\/redept.com.br\/blogosfera\/wp-json\/wp\/v2\/tags?post=97543"}],"curies":[{"name":"wp","href":"https:\/\/api.w.org\/{rel}","templated":true}]}}