{"id":97741,"date":"2026-07-29T15:41:49","date_gmt":"2026-07-29T18:41:49","guid":{"rendered":"https:\/\/redept.com.br\/blogosfera\/o-trinomio-indissociavel-para-o-futuro-do-sus-e-do-brasil\/"},"modified":"2026-07-29T15:41:49","modified_gmt":"2026-07-29T18:41:49","slug":"o-trinomio-indissociavel-para-o-futuro-do-sus-e-do-brasil","status":"publish","type":"post","link":"https:\/\/redept.com.br\/blogosfera\/o-trinomio-indissociavel-para-o-futuro-do-sus-e-do-brasil\/","title":{"rendered":"O trin\u00f4mio indissoci\u00e1vel para o futuro do SUS e do Brasil"},"content":{"rendered":"<p><img loading=\"lazy\" width=\"823\" height=\"462\"src=\"https:\/\/redept.com.br\/blogosfera\/wp-content\/uploads\/2026\/07\/saude-sus_Foto-Paulo-Pinto_Agencia-Brasil.jpg\" alt=\"\" decoding=\"async\" loading=\"lazy\" srcset=\"https:\/\/redept.com.br\/blogosfera\/wp-content\/uploads\/2026\/07\/saude-sus_Foto-Paulo-Pinto_Agencia-Brasil.jpg 823w, https:\/\/vermelho.org.br\/wp-content\/uploads\/2026\/07\/saude-sus_Foto-Paulo-Pinto_Agencia-Brasil-300x168.jpg 300w, https:\/\/vermelho.org.br\/wp-content\/uploads\/2026\/07\/saude-sus_Foto-Paulo-Pinto_Agencia-Brasil-768x431.jpg 768w\" sizes=\"auto, (max-width: 823px) 100vw, 823px\"><\/p>\n<p>H\u00e1 mais de uma d\u00e9cada, venho repetindo em todos os espa\u00e7os de debate, conselhos e confer\u00eancias de sa\u00fade uma tese que considero a grande tarefa hist\u00f3rica da nossa gera\u00e7\u00e3o: para garantirmos o futuro do Brasil e a sustentabilidade do Sistema \u00danico de Sa\u00fade (SUS), precisamos constituir uma for\u00e7a social e pol\u00edtica ampla em torno do pilar <strong>defesa da vida, do trabalho e da Na\u00e7\u00e3o<\/strong>. Hoje, essa s\u00edntese ganha corpo na unidade indissoci\u00e1vel de tr\u00eas palavras de ordem: <strong>democracia, soberania e direitos.<\/strong><\/p>\n<p>Nos \u00faltimos anos, assistimos a avan\u00e7os importantes. A defesa do trabalho e a afirma\u00e7\u00e3o da soberania nacional conquistaram espa\u00e7o na agenda p\u00fablica e ganharam centralidade nos programas de diversas for\u00e7as progressistas. No entanto, \u00e9 preciso fazer uma autocr\u00edtica dura e urgente: <strong>a defesa da vida ainda n\u00e3o ocupa o lugar estrat\u00e9gico que lhe cabe na disputa pol\u00edtica nacional.\u2028<\/strong><\/p>\n<p>Mesmo ap\u00f3s o trauma coletivo da pandemia da Covid-19, a banaliza\u00e7\u00e3o da morte continua a operar como pano de fundo da sociedade brasileira. Os dados do Minist\u00e9rio da Sa\u00fade estarrecem pela sua frieza di\u00e1ria: entre 2023 e 2025, o Brasil registrou sequencialmente 154.199, 159.534 e 155.223 \u00f3bitos por causas externas e evit\u00e1veis \u2014 um acumulado que supera meio milh\u00e3o de vidas ceifadas por homic\u00eddios, acidentes de tr\u00e2nsito, suic\u00eddios e viol\u00eancia armada. \u2028<\/p>\n<p>Para dimens\u00e3o de escala, o volume de vidas perdidas no Brasil nesse per\u00edodo por mortes evit\u00e1veis \u00e9 mais de seis vezes superior ao contingente de v\u00edtimas do conflito de Gaza no mesmo intervalo. Vivenciamos, dentro de nossas fronteiras, uma guerra n\u00e3o declarada contra a nossa pr\u00f3pria gente.\u2028<\/p>\n<p>Apesar da magnitude dessa trag\u00e9dia, a vida humana e a preserva\u00e7\u00e3o do meio ambiente continuam sendo instrumentalizadas. Assistimos ao crescimento de for\u00e7as articuladas em torno do \u00f3dio, da intoler\u00e2ncia, do preconceito e do desprezo ostensivo pelo \u201ctrabalho vivo\u201d. Esse ecossistema autorit\u00e1rio se apodera da f\u00e9, das cren\u00e7as e dos valores populares para naturalizar a barb\u00e1rie e precarizar a exist\u00eancia em todas as suas manifesta\u00e7\u00f5es \u2014 da degrada\u00e7\u00e3o da natureza ao exterm\u00ednio da juventude perif\u00e9rica.\u2028<\/p>\n<p>O que distingue a humanidade ao longo da hist\u00f3ria \u00e9 justamente a sua capacidade de avan\u00e7ar pela preserva\u00e7\u00e3o da vida. Em qualquer civiliza\u00e7\u00e3o ou cultura, o respeito \u00e0 vida n\u00e3o \u00e9 um adere\u00e7o ret\u00f3rico: <strong>\u00e9 cl\u00e1usula p\u00e9trea.<\/strong> Em um momento global em que setores min\u00fasculos, por\u00e9m hiperconcentrados de poder e capital, operam com absoluto desprezo pela vida e pelas condi\u00e7\u00f5es de trabalho do povo, resgatar a defesa da vida torna-se um ato radical de resist\u00eancia pol\u00edtica.<\/p>\n<p>\u00c0s v\u00e9speras de um processo eleitoral decisivo que definir\u00e1 os rumos do Brasil para o pr\u00f3ximo per\u00edodo, a sa\u00fade n\u00e3o pode ser reduzida a uma lista de metas operacionais ou promessas de campanha para corte de filas. A sa\u00fade \u2014 enquanto express\u00e3o m\u00e1xima da defesa da vida \u2014 precisa ser <strong>o eixo ordenador do projeto de pa\u00eds.<\/strong><\/p>\n<p>N\u00e3o haver\u00e1 democracia real enquanto a morte prematura for a regra para a classe trabalhadora. N\u00e3o haver\u00e1 soberania enquanto a viol\u00eancia social consumir a juventude da na\u00e7\u00e3o. E n\u00e3o haver\u00e1 direitos sem o direito prim\u00e1rio de existir com dignidade.\u2028<\/p>\n<p>\u00c9 hora da milit\u00e2ncia da sa\u00fade, dos movimentos sociais e das for\u00e7as democr\u00e1ticas colocarem a defesa da vida no topo da agenda eleitoral e do projeto de reconstru\u00e7\u00e3o nacional. Defender a vida \u00e9 defender o trabalho vivo, a natureza e o futuro do Brasil.<\/p>\n<p>O post <a href=\"https:\/\/vermelho.org.br\/2026\/07\/29\/o-trinomio-indissociavel-para-o-futuro-do-sus-e-do-brasil\/\">O trin\u00f4mio indissoci\u00e1vel para o futuro do SUS e do Brasil<\/a> apareceu primeiro em <a href=\"https:\/\/vermelho.org.br\/\">Vermelho<\/a>.<\/p>\n<!-- Begin Yuzo --><div class='yuzo_related_post style-1'  data-version='5.12.89'><!-- without result --><div class='yuzo_clearfixed yuzo__title yuzo__title'><h3>Related Post<\/h3><\/div>\n\t\t\t\t\t\t  <div class=\"relatedthumb \" style=\"width:125px;float:left;overflow:hidden;\">  \n\t\t\t\t\t\t\t  \n\t\t\t\t\t\t\t  <a  href=\"https:\/\/redept.com.br\/blogosfera\/remocoes-demolicoes-e-residuos-abrindo-os-caminhos-para-a-cop30\/\"  >\n\t\t\t\t\t\t\t\t\t  <div class=\"yuzo-img-wrap \" style=\"width: 125px;height:90px;\">\n\t\t\t\t\t\t\t\t\t\t\n\t\t\t\t\t\t\t\t\t\t<div class=\"yuzo-img\" style=\"background:url('https:\/\/redept.com.br\/blogosfera\/wp-content\/uploads\/2025\/05\/Texto-4_Fig-5-Vila-da-BArca-Roberta-150x150.jpeg') 50% 50% no-repeat;width: 125px;height:90px;margin-bottom: 5px;background-size: cover; \"><\/div>\n\t\t\t\t\t\t\t\t\t  <\/div>\n\t\t\t\t\t\t\t\t\t  \n\t\t\t\t\t\t\t\t   <span class=\"yuzo__text--title\" style=\"font-size:13px;\">Remo\u00e7\u00f5es, demoli\u00e7\u00f5es e res\u00edduos abrindo os caminho...<\/span>\n\t\t\t\t\t\t\t  \n\t\t\t\t\t\t\t  \n\t\t\t\t\t\t\t  <\/a>\n\n\t\t\t\t\t\t  <\/div>\n\t\t\t\t\t\t  <div class=\"relatedthumb \" style=\"width:125px;float:left;overflow:hidden;\">  \n\t\t\t\t\t\t\t  \n\t\t\t\t\t\t\t  <a  href=\"https:\/\/redept.com.br\/blogosfera\/quadrinha-life-direito-a-cidade-numa-pista-de-skate\/\"  >\n\t\t\t\t\t\t\t\t\t  <div class=\"yuzo-img-wrap \" style=\"width: 125px;height:90px;\">\n\t\t\t\t\t\t\t\t\t\t\n\t\t\t\t\t\t\t\t\t\t<div class=\"yuzo-img\" style=\"background:url('https:\/\/redept.com.br\/blogosfera\/wp-content\/uploads\/2025\/08\/image--17-150x150.png') 50% 50% no-repeat;width: 125px;height:90px;margin-bottom: 5px;background-size: cover; \"><\/div>\n\t\t\t\t\t\t\t\t\t  <\/div>\n\t\t\t\t\t\t\t\t\t  \n\t\t\t\t\t\t\t\t   <span class=\"yuzo__text--title\" style=\"font-size:13px;\">Quadrinha Life: Direito \u00e0 Cidade numa pista de ska...<\/span>\n\t\t\t\t\t\t\t  \n\t\t\t\t\t\t\t  \n\t\t\t\t\t\t\t  <\/a>\n\n\t\t\t\t\t\t  <\/div>\n\t\t\t\t\t\t  <div class=\"relatedthumb \" style=\"width:125px;float:left;overflow:hidden;\">  \n\t\t\t\t\t\t\t  \n\t\t\t\t\t\t\t  <a  href=\"https:\/\/redept.com.br\/blogosfera\/stf-restabelece-a-parceria-publica-privada-na-construcao-de-escolas-de-sp\/\"  >\n\t\t\t\t\t\t\t\t\t  <div class=\"yuzo-img-wrap \" style=\"width: 125px;height:90px;\">\n\t\t\t\t\t\t\t\t\t\t\n\t\t\t\t\t\t\t\t\t\t<div class=\"yuzo-img\" style=\"background:url('https:\/\/redept.com.br\/blogosfera\/wp-content\/uploads\/2025\/03\/escola-estaduai-Gov-SP-Divulgacao-150x150.jpg') 50% 50% no-repeat;width: 125px;height:90px;margin-bottom: 5px;background-size: cover; \"><\/div>\n\t\t\t\t\t\t\t\t\t  <\/div>\n\t\t\t\t\t\t\t\t\t  \n\t\t\t\t\t\t\t\t   <span class=\"yuzo__text--title\" style=\"font-size:13px;\">STF restabelece a parceria p\u00fablica-privada na cons...<\/span>\n\t\t\t\t\t\t\t  \n\t\t\t\t\t\t\t  \n\t\t\t\t\t\t\t  <\/a>\n\n\t\t\t\t\t\t  <\/div>\n\t\t\t\t\t\t  <div class=\"relatedthumb \" style=\"width:125px;float:left;overflow:hidden;\">  \n\t\t\t\t\t\t\t  \n\t\t\t\t\t\t\t  <a  href=\"https:\/\/redept.com.br\/blogosfera\/ministra-do-ambiente-de-petro-ve-risco-para-amazonia-se-progressistas-perderem-eleicoes-na-colombia-e-no-brasil\/\"  >\n\t\t\t\t\t\t\t\t\t  <div class=\"yuzo-img-wrap \" style=\"width: 125px;height:90px;\">\n\t\t\t\t\t\t\t\t\t\t\n\t\t\t\t\t\t\t\t\t\t<div class=\"yuzo-img\" style=\"background:url('https:\/\/redept.org\/blogosfera\/wp-content\/plugins\/yuzo-related-post\/assets\/images\/default.png') 50% 50% no-repeat;width: 125px;height:90px;margin-bottom: 5px;background-size: cover; \"><\/div>\n\t\t\t\t\t\t\t\t\t  <\/div>\n\t\t\t\t\t\t\t\t\t  \n\t\t\t\t\t\t\t\t   <span class=\"yuzo__text--title\" style=\"font-size:13px;\">Ministra do Ambiente de Petro v\u00ea risco para Amaz\u00f4n...<\/span>\n\t\t\t\t\t\t\t  \n\t\t\t\t\t\t\t  \n\t\t\t\t\t\t\t  <\/a>\n\n\t\t\t\t\t\t  <\/div>\n<\/div> <script>\n\t\t\t\t\t\t  jQuery(document).ready(function( $ ){\n\t\t\t\t\t\t\t\/\/jQuery('.yuzo_related_post').equalizer({ overflow : 'relatedthumb' });\n\t\t\t\t\t\t\tjQuery('.yuzo_related_post .yuzo_wraps').equalizer({ columns : '> div' });\n\t\t\t\t\t\t   })\n\t\t\t\t\t\t  <\/script> <!-- End Yuzo :) -->","protected":false},"excerpt":{"rendered":"<p>H\u00e1 mais de uma d\u00e9cada, venho repetindo em todos os espa\u00e7os de debate, conselhos e confer\u00eancias de sa\u00fade uma tese que considero a grande tarefa hist\u00f3rica da nossa gera\u00e7\u00e3o: para garantirmos o futuro do Brasil e a sustentabilidade do Sistema \u00danico de Sa\u00fade (SUS), precisamos constituir uma for\u00e7a social e pol\u00edtica ampla em torno do [&hellip;]<\/p>\n","protected":false},"author":2,"featured_media":0,"comment_status":"open","ping_status":"closed","sticky":false,"template":"","format":"standard","meta":{"fifu_image_url":"","fifu_image_alt":"","footnotes":""},"categories":[65260,536,2764,126,1048,1773],"tags":[],"class_list":["post-97741","post","type-post","status-publish","format-standard","hentry","category-defesa-da-vida","category-democracia","category-direitos-dos-trabalhadores","category-saude","category-soberania","category-sus-sistema-unico-de-saude"],"_links":{"self":[{"href":"https:\/\/redept.com.br\/blogosfera\/wp-json\/wp\/v2\/posts\/97741","targetHints":{"allow":["GET"]}}],"collection":[{"href":"https:\/\/redept.com.br\/blogosfera\/wp-json\/wp\/v2\/posts"}],"about":[{"href":"https:\/\/redept.com.br\/blogosfera\/wp-json\/wp\/v2\/types\/post"}],"author":[{"embeddable":true,"href":"https:\/\/redept.com.br\/blogosfera\/wp-json\/wp\/v2\/users\/2"}],"replies":[{"embeddable":true,"href":"https:\/\/redept.com.br\/blogosfera\/wp-json\/wp\/v2\/comments?post=97741"}],"version-history":[{"count":0,"href":"https:\/\/redept.com.br\/blogosfera\/wp-json\/wp\/v2\/posts\/97741\/revisions"}],"wp:attachment":[{"href":"https:\/\/redept.com.br\/blogosfera\/wp-json\/wp\/v2\/media?parent=97741"}],"wp:term":[{"taxonomy":"category","embeddable":true,"href":"https:\/\/redept.com.br\/blogosfera\/wp-json\/wp\/v2\/categories?post=97741"},{"taxonomy":"post_tag","embeddable":true,"href":"https:\/\/redept.com.br\/blogosfera\/wp-json\/wp\/v2\/tags?post=97741"}],"curies":[{"name":"wp","href":"https:\/\/api.w.org\/{rel}","templated":true}]}}