{"id":97878,"date":"2026-07-30T11:14:57","date_gmt":"2026-07-30T14:14:57","guid":{"rendered":"https:\/\/redept.com.br\/blogosfera\/quaest-ciro-lidera-disputa-no-ceara-elmano-aparece-em-segundo-lugar\/"},"modified":"2026-07-30T11:14:57","modified_gmt":"2026-07-30T14:14:57","slug":"quaest-ciro-lidera-disputa-no-ceara-elmano-aparece-em-segundo-lugar","status":"publish","type":"post","link":"https:\/\/redept.com.br\/blogosfera\/quaest-ciro-lidera-disputa-no-ceara-elmano-aparece-em-segundo-lugar\/","title":{"rendered":"Quaest: Ciro lidera disputa no Cear\u00e1; Elmano aparece em segundo lugar"},"content":{"rendered":"<p>Levantamento da Quaest divulgado nesta quinta-feira (30) mostra o ex-ministro <a href=\"https:\/\/tvtnews.com.br\/ciro-gomes-e-lancado-candidato-ao-governo-do-ceara-pelo-psdb\/\" target=\"_blank\" data-type=\"post\" data-id=\"795436\" rel=\"noreferrer noopener\">Ciro Gomes<\/a> (PSDB) na lideran\u00e7a da corrida pelo governo do <a href=\"https:\/\/tvtnews.com.br\/tag\/ceara\/\" target=\"_blank\" data-type=\"post_tag\" data-id=\"4978\" rel=\"noreferrer noopener\">Cear\u00e1<\/a>. Na pesquisa estimulada, em que os nomes dos pr\u00e9-candidatos s\u00e3o apresentados aos entrevistados, Ciro registra 43% das inten\u00e7\u00f5es de voto, enquanto o governador Elmano de Freitas (PT), que tenta a reelei\u00e7\u00e3o, aparece com 33%.<\/p>\n<p>O levantamento testou um cen\u00e1rio de primeiro turno com sete pr\u00e9-candidatos. Diferentemente da rodada realizada em abril, desta vez a Quaest avaliou apenas um nome do PT, o do atual governador.<\/p>\n<p>Confira os \u00edndices de inten\u00e7\u00e3o de voto:<\/p>\n<ul>\n<li>Ciro Gomes (PSDB): 43%;<\/li>\n<li>Elmano de Freitas (PT): 33%;<\/li>\n<li>Eduardo Gir\u00e3o (Novo): 3%;<\/li>\n<li>Jarir Pereira (PSOL): 1%;<\/li>\n<li>Huggo Leonardo (Miss\u00e3o): 0%;<\/li>\n<li>Serley Leal (UP): 0%;<\/li>\n<li>Z\u00e9 Batista (PSTU): 0%;<\/li>\n<li>Indecisos: 13%;<\/li>\n<li>Branco, nulo ou n\u00e3o vai votar: 7%.<\/li>\n<\/ul>\n<p>A Quaest tamb\u00e9m indica que 48% dos entrevistados ainda podem mudar de candidato at\u00e9 a elei\u00e7\u00e3o, enquanto 51% dizem que a decis\u00e3o j\u00e1 est\u00e1 definida.<\/p>\n<p>O estudo foi encomendado pela Genial Investimentos e ouviu 1.002 eleitores com 16 anos ou mais entre os dias 24 e 28 de julho. A margem de erro \u00e9 de tr\u00eas pontos percentuais para mais ou para menos, com n\u00edvel de confian\u00e7a de 95%. O levantamento est\u00e1 registrado na <a href=\"https:\/\/www.tse.jus.br\/\" target=\"_blank\" rel=\"noreferrer noopener nofollow\">Justi\u00e7a Eleitoral<\/a> sob o n\u00famero CE-09277\/2026.<\/p>\n<h2>Quaest mede cen\u00e1rio de segundo turno<\/h2>\n<p>A Quaest tamb\u00e9m simulou um eventual segundo turno entre Ciro Gomes e Elmano de Freitas. Nesse cen\u00e1rio, Ciro aparece com 48% das inten\u00e7\u00f5es de voto, enquanto o atual governador soma 35%.<\/p>\n<p>A pesquisa mostra tamb\u00e9m 10% dos eleitores indecisos e 7% que afirmam que v\u00e3o votar em branco, anular o voto ou n\u00e3o comparecer \u00e0s urnas.<\/p>\n<p>Na compara\u00e7\u00e3o com a pesquisa de abril, Ciro avan\u00e7ou dois pontos percentuais; Elmano manteve o mesmo \u00edndice.<\/p>\n<h3>Rejei\u00e7\u00e3o e avalia\u00e7\u00e3o do governo<\/h3>\n<p>A pesquisa tamb\u00e9m mediu o \u00edndice de rejei\u00e7\u00e3o dos pr\u00e9-candidatos.<\/p>\n<p>Elmano de Freitas aparece com a maior rejei\u00e7\u00e3o entre os principais concorrentes, com 39%. Em seguida est\u00e3o Ciro Gomes e Eduardo Gir\u00e3o, ambos com 32%. Os demais registram \u00edndices inferiores: Jarir Pereira tem 10%; Z\u00e9 Batista, 9%; Huggo Leonardo, 6%; e Serley Leal, 4%.<\/p>\n<p>O levantamento ainda avaliou a percep\u00e7\u00e3o dos cearenses sobre a gest\u00e3o estadual. A administra\u00e7\u00e3o de Elmano \u00e9 aprovada por 52% dos entrevistados, enquanto 33% desaprovam o governo. Outros 15% n\u00e3o souberam ou preferiram n\u00e3o responder.<\/p>\n<p>Na avalia\u00e7\u00e3o qualitativa, 37% classificam o governo como positivo, 34% o consideram regular e 23% o avaliam de forma negativa. Outros 6% n\u00e3o responderam.<\/p>\n<p>Questionados se Elmano merece ser reeleito, 51% responderam que sim, enquanto 40% disseram que o governador n\u00e3o merece um novo mandato. Os demais, 9%, n\u00e3o souberam opinar.<\/p>\n<p>A pesquisa tamb\u00e9m identificou quais s\u00e3o os principais problemas apontados pelos eleitores no estado. A viol\u00eancia lidera com ampla vantagem, sendo citada por 53% dos entrevistados. Em seguida aparecem sa\u00fade (18%), desemprego (4%), educa\u00e7\u00e3o (3%), pobreza (3%), corrup\u00e7\u00e3o (2%), economia (2%), infraestrutura (1%) e outros temas (3%).<\/p>\n<p>Veja tamb\u00e9m:<\/p>\n<p><a href=\"https:\/\/tvtnews.com.br\/quaest-vilela-lidera-goias-perillo-em-segundo\/\" target=\"_blank\" rel=\"noreferrer noopener\"><strong>&gt;&gt; Quaest: Daniel Vilela lidera pesquisa em Goi\u00e1s; Marconi Perillo vem em segundo<\/strong><\/a><\/p>\n<p>The post <a rel=\"nofollow\" href=\"https:\/\/tvtnews.com.br\/quaest-ciro-lidera-ceara-elmano-em-segundo\/\">Quaest: Ciro lidera disputa no Cear\u00e1; Elmano aparece em segundo lugar<\/a> appeared first on <a rel=\"nofollow\" href=\"https:\/\/tvtnews.com.br\/\">TVT News<\/a>.<\/p>\n<!-- Begin Yuzo --><div class='yuzo_related_post style-1'  data-version='5.12.89'><!-- without result --><div class='yuzo_clearfixed yuzo__title yuzo__title'><h3>Related Post<\/h3><\/div>\n\t\t\t\t\t\t  <div class=\"relatedthumb \" style=\"width:125px;float:left;overflow:hidden;\">  \n\t\t\t\t\t\t\t  \n\t\t\t\t\t\t\t  <a  href=\"https:\/\/redept.com.br\/blogosfera\/justica-climatica-no-brasil-apontamentos-para-discussoes-do-presente-e-do-futuro\/\"  >\n\t\t\t\t\t\t\t\t\t  <div class=\"yuzo-img-wrap \" style=\"width: 125px;height:90px;\">\n\t\t\t\t\t\t\t\t\t\t\n\t\t\t\t\t\t\t\t\t\t<div class=\"yuzo-img\" style=\"background:url('https:\/\/redept.org\/blogosfera\/wp-content\/plugins\/yuzo-related-post\/assets\/images\/default.png') 50% 50% no-repeat;width: 125px;height:90px;margin-bottom: 5px;background-size: cover; \"><\/div>\n\t\t\t\t\t\t\t\t\t  <\/div>\n\t\t\t\t\t\t\t\t\t  \n\t\t\t\t\t\t\t\t   <span class=\"yuzo__text--title\" style=\"font-size:13px;\">Justi\u00e7a clim\u00e1tica no Brasil: apontamentos para dis...<\/span>\n\t\t\t\t\t\t\t  \n\t\t\t\t\t\t\t  \n\t\t\t\t\t\t\t  <\/a>\n\n\t\t\t\t\t\t  <\/div>\n\t\t\t\t\t\t  <div class=\"relatedthumb \" style=\"width:125px;float:left;overflow:hidden;\">  \n\t\t\t\t\t\t\t  \n\t\t\t\t\t\t\t  <a  href=\"https:\/\/redept.com.br\/blogosfera\/sp-a-fraude-da-moradia-popular-sem-povo\/\"  >\n\t\t\t\t\t\t\t\t\t  <div class=\"yuzo-img-wrap \" style=\"width: 125px;height:90px;\">\n\t\t\t\t\t\t\t\t\t\t\n\t\t\t\t\t\t\t\t\t\t<div class=\"yuzo-img\" style=\"background:url('https:\/\/redept.com.br\/blogosfera\/wp-content\/uploads\/2026\/06\/Sem-titulo-3-150x150.jpeg') 50% 50% no-repeat;width: 125px;height:90px;margin-bottom: 5px;background-size: cover; \"><\/div>\n\t\t\t\t\t\t\t\t\t  <\/div>\n\t\t\t\t\t\t\t\t\t  \n\t\t\t\t\t\t\t\t   <span class=\"yuzo__text--title\" style=\"font-size:13px;\">SP: A fraude da moradia popular sem povo<\/span>\n\t\t\t\t\t\t\t  \n\t\t\t\t\t\t\t  \n\t\t\t\t\t\t\t  <\/a>\n\n\t\t\t\t\t\t  <\/div>\n\t\t\t\t\t\t  <div class=\"relatedthumb \" style=\"width:125px;float:left;overflow:hidden;\">  \n\t\t\t\t\t\t\t  \n\t\t\t\t\t\t\t  <a  href=\"https:\/\/redept.com.br\/blogosfera\/itamaraty-ve-risco-a-soberania-e-ate-de-forca-militar-com-mudanca-dos-eua-na-classificacao-de-faccoes-brasileiras\/\"  >\n\t\t\t\t\t\t\t\t\t  <div class=\"yuzo-img-wrap \" style=\"width: 125px;height:90px;\">\n\t\t\t\t\t\t\t\t\t\t\n\t\t\t\t\t\t\t\t\t\t<div class=\"yuzo-img\" style=\"background:url('https:\/\/redept.org\/blogosfera\/wp-content\/plugins\/yuzo-related-post\/assets\/images\/default.png') 50% 50% no-repeat;width: 125px;height:90px;margin-bottom: 5px;background-size: cover; \"><\/div>\n\t\t\t\t\t\t\t\t\t  <\/div>\n\t\t\t\t\t\t\t\t\t  \n\t\t\t\t\t\t\t\t   <span class=\"yuzo__text--title\" style=\"font-size:13px;\">Itamaraty v\u00ea risco \u00e0 soberania e at\u00e9 de \u2018for\u00e7a mil...<\/span>\n\t\t\t\t\t\t\t  \n\t\t\t\t\t\t\t  \n\t\t\t\t\t\t\t  <\/a>\n\n\t\t\t\t\t\t  <\/div>\n\t\t\t\t\t\t  <div class=\"relatedthumb \" style=\"width:125px;float:left;overflow:hidden;\">  \n\t\t\t\t\t\t\t  \n\t\t\t\t\t\t\t  <a  href=\"https:\/\/redept.com.br\/blogosfera\/filho-de-khamenei-e-escolhido-novo-lider-supremo-do-ira\/\"  >\n\t\t\t\t\t\t\t\t\t  <div class=\"yuzo-img-wrap \" style=\"width: 125px;height:90px;\">\n\t\t\t\t\t\t\t\t\t\t\n\t\t\t\t\t\t\t\t\t\t<div class=\"yuzo-img\" style=\"background:url('https:\/\/redept.com.br\/blogosfera\/wp-content\/uploads\/2026\/03\/khamenei-filho-150x150.jpeg') 50% 50% no-repeat;width: 125px;height:90px;margin-bottom: 5px;background-size: cover; \"><\/div>\n\t\t\t\t\t\t\t\t\t  <\/div>\n\t\t\t\t\t\t\t\t\t  \n\t\t\t\t\t\t\t\t   <span class=\"yuzo__text--title\" style=\"font-size:13px;\">Filho de Khamenei \u00e9 escolhido novo l\u00edder supremo d...<\/span>\n\t\t\t\t\t\t\t  \n\t\t\t\t\t\t\t  \n\t\t\t\t\t\t\t  <\/a>\n\n\t\t\t\t\t\t  <\/div>\n<\/div> <script>\n\t\t\t\t\t\t  jQuery(document).ready(function( $ ){\n\t\t\t\t\t\t\t\/\/jQuery('.yuzo_related_post').equalizer({ overflow : 'relatedthumb' });\n\t\t\t\t\t\t\tjQuery('.yuzo_related_post .yuzo_wraps').equalizer({ columns : '> div' });\n\t\t\t\t\t\t   })\n\t\t\t\t\t\t  <\/script> <!-- End Yuzo :) -->","protected":false},"excerpt":{"rendered":"<p>Levantamento da Quaest divulgado nesta quinta-feira (30) mostra o ex-ministro Ciro Gomes (PSDB) na lideran\u00e7a da corrida pelo governo do Cear\u00e1. Na pesquisa estimulada, em que os nomes dos pr\u00e9-candidatos s\u00e3o apresentados aos entrevistados, Ciro registra 43% das inten\u00e7\u00f5es de voto, enquanto o governador Elmano de Freitas (PT), que tenta a reelei\u00e7\u00e3o, aparece com 33%. [&hellip;]<\/p>\n","protected":false},"author":2,"featured_media":0,"comment_status":"open","ping_status":"closed","sticky":false,"template":"","format":"standard","meta":{"fifu_image_url":"","fifu_image_alt":"","footnotes":""},"categories":[406,489,1760,132],"tags":[],"class_list":["post-97878","post","type-post","status-publish","format-standard","hentry","category-ceara","category-destaque-pequeno","category-eleicoes-2026","category-politica"],"_links":{"self":[{"href":"https:\/\/redept.com.br\/blogosfera\/wp-json\/wp\/v2\/posts\/97878","targetHints":{"allow":["GET"]}}],"collection":[{"href":"https:\/\/redept.com.br\/blogosfera\/wp-json\/wp\/v2\/posts"}],"about":[{"href":"https:\/\/redept.com.br\/blogosfera\/wp-json\/wp\/v2\/types\/post"}],"author":[{"embeddable":true,"href":"https:\/\/redept.com.br\/blogosfera\/wp-json\/wp\/v2\/users\/2"}],"replies":[{"embeddable":true,"href":"https:\/\/redept.com.br\/blogosfera\/wp-json\/wp\/v2\/comments?post=97878"}],"version-history":[{"count":0,"href":"https:\/\/redept.com.br\/blogosfera\/wp-json\/wp\/v2\/posts\/97878\/revisions"}],"wp:attachment":[{"href":"https:\/\/redept.com.br\/blogosfera\/wp-json\/wp\/v2\/media?parent=97878"}],"wp:term":[{"taxonomy":"category","embeddable":true,"href":"https:\/\/redept.com.br\/blogosfera\/wp-json\/wp\/v2\/categories?post=97878"},{"taxonomy":"post_tag","embeddable":true,"href":"https:\/\/redept.com.br\/blogosfera\/wp-json\/wp\/v2\/tags?post=97878"}],"curies":[{"name":"wp","href":"https:\/\/api.w.org\/{rel}","templated":true}]}}