{"id":9814,"date":"2025-01-05T17:23:02","date_gmt":"2025-01-05T20:23:02","guid":{"rendered":"https:\/\/redept.org\/blogosfera\/povo-ava-guarani-sofre-novos-ataques-no-oeste-do-parana-quatro-indigenas-feridos\/"},"modified":"2025-01-05T17:23:02","modified_gmt":"2025-01-05T20:23:02","slug":"povo-ava-guarani-sofre-novos-ataques-no-oeste-do-parana-quatro-indigenas-feridos","status":"publish","type":"post","link":"https:\/\/redept.com.br\/blogosfera\/povo-ava-guarani-sofre-novos-ataques-no-oeste-do-parana-quatro-indigenas-feridos\/","title":{"rendered":"Povo Av\u00e1-Guarani sofre novos ataques no oeste do Paran\u00e1: quatro ind\u00edgenas feridos"},"content":{"rendered":"<p><img loading=\"lazy\" width=\"552\" height=\"467\"src=\"https:\/\/redept.org\/blogosfera\/wp-content\/uploads\/2025\/01\/Captura-de-Tela-2025-01-05-as-17.19.53.png\" alt=\"\" decoding=\"async\" loading=\"lazy\" srcset=\"https:\/\/redept.org\/blogosfera\/wp-content\/uploads\/2025\/01\/Captura-de-Tela-2025-01-05-as-17.19.53.png 552w, https:\/\/vermelho.org.br\/wp-content\/uploads\/2025\/01\/Captura-de-Tela-2025-01-05-as-17.19.53-300x254.png 300w\" sizes=\"auto, (max-width: 552px) 100vw, 552px\"><\/p>\n<p>O povo Av\u00e1-Guarani, da Terra Ind\u00edgena (TI) Tekoha Guasu Guavir\u00e1, localizada entre Gua\u00edra e Terra Roxa, no oeste do Paran\u00e1, voltou a ser alvo de ataques violentos na noite desta sexta-feira (3). Quatro ind\u00edgenas ficaram feridos e precisaram ser encaminhados ao Hospital Bom Jesus de Toledo, a cerca de 100 quil\u00f4metros do local.<\/p>\n<p>Segundo o Conselho Indigenista Mission\u00e1rio (Cimi), o local tem sido alvo de a\u00e7\u00f5es violentas desde o dia 29 de dezembro. Os epis\u00f3dios incluem o ataque a um ind\u00edgena baleado no bra\u00e7o no dia 31 e outra ind\u00edgena queimada no pesco\u00e7o no dia 30.<\/p>\n<p><strong>Ataques e a\u00e7\u00e3o das autoridades<\/strong><\/p>\n<p>De acordo com a Pol\u00edcia Federal, os ataques ocorreram por volta das 21h, quando disparos foram realizados em dire\u00e7\u00e3o \u00e0 comunidade ind\u00edgena instalada pr\u00f3ximo ao bairro Eletrosul. Em nota, a PF confirmou a ocorr\u00eancia de crime e informou que for\u00e7as de seguran\u00e7a p\u00fablica federais, estaduais e municipais foram deslocadas ao local para prevenir novos epis\u00f3dios de viol\u00eancia.<\/p>\n<p>As investiga\u00e7\u00f5es tiveram in\u00edcio ainda na noite de sexta-feira, com peritos criminais federais recolhendo evid\u00eancias na manh\u00e3 deste s\u00e1bado (4).<\/p>\n<p><strong>Apelos e den\u00fancias<\/strong><\/p>\n<p>Durante os ataques, a Articula\u00e7\u00e3o dos Povos Ind\u00edgenas do Brasil (Apib) divulgou um pedido de ajuda urgente, relatando mensagens enviadas por lideran\u00e7as Av\u00e1-Guarani: \u201cEstamos cercados nesse momento\u201d e \u201cEst\u00e1 havendo tiros por todos os lados.\u201d A organiza\u00e7\u00e3o exigiu das autoridades uma resposta imediata, incluindo a puni\u00e7\u00e3o dos respons\u00e1veis.<\/p>\n<p>O Minist\u00e9rio dos Povos Ind\u00edgenas (MPI) tamb\u00e9m condenou a viol\u00eancia, que tem ocorrido de forma reiterada na regi\u00e3o desde o final de dezembro de 2024. Em comunicado, o MPI informou que est\u00e1 acompanhando a situa\u00e7\u00e3o por meio do Departamento de Media\u00e7\u00e3o e Concilia\u00e7\u00e3o de Conflitos Fundi\u00e1rios Ind\u00edgenas e em di\u00e1logo com o Minist\u00e9rio da Justi\u00e7a e Seguran\u00e7a P\u00fablica para acelerar as investiga\u00e7\u00f5es.<\/p>\n<p><strong>Refor\u00e7o de seguran\u00e7a<\/strong><\/p>\n<p>O MPI solicitou o aumento do efetivo da For\u00e7a Nacional na regi\u00e3o, com base na Portaria 812\/2024, que j\u00e1 havia autorizado a presen\u00e7a de agentes na \u00e1rea. No entanto, lideran\u00e7as ind\u00edgenas e a Apib denunciam que a quantidade de efetivo presente \u00e9 insuficiente para conter os ataques. \u201cMesmo com a presen\u00e7a da For\u00e7a Nacional na regi\u00e3o, os ataques continuam!\u201d, alertou a organiza\u00e7\u00e3o.<\/p>\n<p>Os ataques contra a TI Tekoha Guasu Guavir\u00e1 evidenciam a escalada de viol\u00eancia contra os povos ind\u00edgenas no Brasil e a fragilidade da seguran\u00e7a em \u00e1reas de conflito fundi\u00e1rio. Lideran\u00e7as ind\u00edgenas, organiza\u00e7\u00f5es de defesa dos direitos humanos e autoridades federais continuam a pressionar por uma resposta efetiva que garanta a prote\u00e7\u00e3o das comunidades e a responsabiliza\u00e7\u00e3o dos criminosos envolvidos.<\/p>\n<p>O post <a href=\"https:\/\/vermelho.org.br\/2025\/01\/05\/povo-ava-guarani-sofre-novos-ataques-no-oeste-do-parana-quatro-indigenas-feridos\/\">Povo Av\u00e1-Guarani sofre novos ataques no oeste do Paran\u00e1: quatro ind\u00edgenas feridos<\/a> apareceu primeiro em <a href=\"https:\/\/vermelho.org.br\/\">Vermelho<\/a>.<\/p>\n<!-- Begin Yuzo --><div class='yuzo_related_post style-1'  data-version='5.12.89'><!-- without result --><div class='yuzo_clearfixed yuzo__title yuzo__title'><h3>Related Post<\/h3><\/div>\n\t\t\t\t\t\t  <div class=\"relatedthumb \" style=\"width:125px;float:left;overflow:hidden;\">  \n\t\t\t\t\t\t\t  \n\t\t\t\t\t\t\t  <a  href=\"https:\/\/redept.com.br\/blogosfera\/mais-uma-criminosa-do-bando-de-bolsonaro-fugiu-do-brasil\/\"  >\n\t\t\t\t\t\t\t\t\t  <div class=\"yuzo-img-wrap \" style=\"width: 125px;height:90px;\">\n\t\t\t\t\t\t\t\t\t\t\n\t\t\t\t\t\t\t\t\t\t<div class=\"yuzo-img\" style=\"background:url('https:\/\/redept.org\/blogosfera\/wp-content\/plugins\/yuzo-related-post\/assets\/images\/default.png') 50% 50% no-repeat;width: 125px;height:90px;margin-bottom: 5px;background-size: cover; \"><\/div>\n\t\t\t\t\t\t\t\t\t  <\/div>\n\t\t\t\t\t\t\t\t\t  \n\t\t\t\t\t\t\t\t   <span class=\"yuzo__text--title\" style=\"font-size:13px;\">Mais uma criminosa do bando de Bolsonaro fugiu do ...<\/span>\n\t\t\t\t\t\t\t  \n\t\t\t\t\t\t\t  \n\t\t\t\t\t\t\t  <\/a>\n\n\t\t\t\t\t\t  <\/div>\n\t\t\t\t\t\t  <div class=\"relatedthumb \" style=\"width:125px;float:left;overflow:hidden;\">  \n\t\t\t\t\t\t\t  \n\t\t\t\t\t\t\t  <a  href=\"https:\/\/redept.com.br\/blogosfera\/anvisa-aprova-novo-farmaco-com-injecao-para-prevencao-do-hiv\/\"  >\n\t\t\t\t\t\t\t\t\t  <div class=\"yuzo-img-wrap \" style=\"width: 125px;height:90px;\">\n\t\t\t\t\t\t\t\t\t\t\n\t\t\t\t\t\t\t\t\t\t<div class=\"yuzo-img\" style=\"background:url('https:\/\/redept.org\/blogosfera\/wp-content\/plugins\/yuzo-related-post\/assets\/images\/default.png') 50% 50% no-repeat;width: 125px;height:90px;margin-bottom: 5px;background-size: cover; \"><\/div>\n\t\t\t\t\t\t\t\t\t  <\/div>\n\t\t\t\t\t\t\t\t\t  \n\t\t\t\t\t\t\t\t   <span class=\"yuzo__text--title\" style=\"font-size:13px;\">Anvisa aprova novo f\u00e1rmaco com inje\u00e7\u00e3o para preven...<\/span>\n\t\t\t\t\t\t\t  \n\t\t\t\t\t\t\t  \n\t\t\t\t\t\t\t  <\/a>\n\n\t\t\t\t\t\t  <\/div>\n\t\t\t\t\t\t  <div class=\"relatedthumb \" style=\"width:125px;float:left;overflow:hidden;\">  \n\t\t\t\t\t\t\t  \n\t\t\t\t\t\t\t  <a  href=\"https:\/\/redept.com.br\/blogosfera\/haddad-a-flavio-logo-saberemos-debaixo-do-nariz-de-quem-as-fraudes-do-banco-master-ocorreram-e-foram-promovidas\/\"  >\n\t\t\t\t\t\t\t\t\t  <div class=\"yuzo-img-wrap \" style=\"width: 125px;height:90px;\">\n\t\t\t\t\t\t\t\t\t\t\n\t\t\t\t\t\t\t\t\t\t<div class=\"yuzo-img\" style=\"background:url('https:\/\/redept.org\/blogosfera\/wp-content\/plugins\/yuzo-related-post\/assets\/images\/default.png') 50% 50% no-repeat;width: 125px;height:90px;margin-bottom: 5px;background-size: cover; \"><\/div>\n\t\t\t\t\t\t\t\t\t  <\/div>\n\t\t\t\t\t\t\t\t\t  \n\t\t\t\t\t\t\t\t   <span class=\"yuzo__text--title\" style=\"font-size:13px;\">Haddad a Fl\u00e1vio: \u201cLogo saberemos debaixo do nariz ...<\/span>\n\t\t\t\t\t\t\t  \n\t\t\t\t\t\t\t  \n\t\t\t\t\t\t\t  <\/a>\n\n\t\t\t\t\t\t  <\/div>\n\t\t\t\t\t\t  <div class=\"relatedthumb \" style=\"width:125px;float:left;overflow:hidden;\">  \n\t\t\t\t\t\t\t  \n\t\t\t\t\t\t\t  <a  href=\"https:\/\/redept.com.br\/blogosfera\/foco-de-gripe-aviaria-esta-contido-anuncia-ministro-da-agricultura\/\"  >\n\t\t\t\t\t\t\t\t\t  <div class=\"yuzo-img-wrap \" style=\"width: 125px;height:90px;\">\n\t\t\t\t\t\t\t\t\t\t\n\t\t\t\t\t\t\t\t\t\t<div class=\"yuzo-img\" style=\"background:url('https:\/\/redept.com.br\/blogosfera\/wp-content\/uploads\/2025\/05\/ministro-carlos-favaro-150x150.jpg') 50% 50% no-repeat;width: 125px;height:90px;margin-bottom: 5px;background-size: cover; \"><\/div>\n\t\t\t\t\t\t\t\t\t  <\/div>\n\t\t\t\t\t\t\t\t\t  \n\t\t\t\t\t\t\t\t   <span class=\"yuzo__text--title\" style=\"font-size:13px;\">Foco de gripe avi\u00e1ria est\u00e1 contido, anuncia minist...<\/span>\n\t\t\t\t\t\t\t  \n\t\t\t\t\t\t\t  \n\t\t\t\t\t\t\t  <\/a>\n\n\t\t\t\t\t\t  <\/div>\n<\/div> <script>\n\t\t\t\t\t\t  jQuery(document).ready(function( $ ){\n\t\t\t\t\t\t\t\/\/jQuery('.yuzo_related_post').equalizer({ overflow : 'relatedthumb' });\n\t\t\t\t\t\t\tjQuery('.yuzo_related_post .yuzo_wraps').equalizer({ columns : '> div' });\n\t\t\t\t\t\t   })\n\t\t\t\t\t\t  <\/script> <!-- End Yuzo :) -->","protected":false},"excerpt":{"rendered":"<p>O povo Av\u00e1-Guarani, da Terra Ind\u00edgena (TI) Tekoha Guasu Guavir\u00e1, localizada entre Gua\u00edra e Terra Roxa, no oeste do Paran\u00e1, voltou a ser alvo de ataques violentos na noite desta sexta-feira (3). Quatro ind\u00edgenas ficaram feridos e precisaram ser encaminhados ao Hospital Bom Jesus de Toledo, a cerca de 100 quil\u00f4metros do local. Segundo o [&hellip;]<\/p>\n","protected":false},"author":2,"featured_media":9815,"comment_status":"closed","ping_status":"closed","sticky":false,"template":"","format":"standard","meta":{"fifu_image_url":"","fifu_image_alt":"","footnotes":""},"categories":[45,3033,2954,2633,319,1358],"tags":[],"class_list":["post-9814","post","type-post","status-publish","format-standard","has-post-thumbnail","hentry","category-brasil","category-conflito-fundiario","category-ministerio-da-justica","category-ministerio-dos-povos-indigenas","category-parana","category-povos-indigenas"],"_links":{"self":[{"href":"https:\/\/redept.com.br\/blogosfera\/wp-json\/wp\/v2\/posts\/9814","targetHints":{"allow":["GET"]}}],"collection":[{"href":"https:\/\/redept.com.br\/blogosfera\/wp-json\/wp\/v2\/posts"}],"about":[{"href":"https:\/\/redept.com.br\/blogosfera\/wp-json\/wp\/v2\/types\/post"}],"author":[{"embeddable":true,"href":"https:\/\/redept.com.br\/blogosfera\/wp-json\/wp\/v2\/users\/2"}],"replies":[{"embeddable":true,"href":"https:\/\/redept.com.br\/blogosfera\/wp-json\/wp\/v2\/comments?post=9814"}],"version-history":[{"count":0,"href":"https:\/\/redept.com.br\/blogosfera\/wp-json\/wp\/v2\/posts\/9814\/revisions"}],"wp:featuredmedia":[{"embeddable":true,"href":"https:\/\/redept.com.br\/blogosfera\/wp-json\/wp\/v2\/media\/9815"}],"wp:attachment":[{"href":"https:\/\/redept.com.br\/blogosfera\/wp-json\/wp\/v2\/media?parent=9814"}],"wp:term":[{"taxonomy":"category","embeddable":true,"href":"https:\/\/redept.com.br\/blogosfera\/wp-json\/wp\/v2\/categories?post=9814"},{"taxonomy":"post_tag","embeddable":true,"href":"https:\/\/redept.com.br\/blogosfera\/wp-json\/wp\/v2\/tags?post=9814"}],"curies":[{"name":"wp","href":"https:\/\/api.w.org\/{rel}","templated":true}]}}