{"id":98308,"date":"2026-08-03T10:13:30","date_gmt":"2026-08-03T13:13:30","guid":{"rendered":"https:\/\/redept.com.br\/blogosfera\/pesquisa-mostra-que-quase-62-dos-argentinos-querem-tirar-milei-do-poder\/"},"modified":"2026-08-03T10:13:30","modified_gmt":"2026-08-03T13:13:30","slug":"pesquisa-mostra-que-quase-62-dos-argentinos-querem-tirar-milei-do-poder","status":"publish","type":"post","link":"https:\/\/redept.com.br\/blogosfera\/pesquisa-mostra-que-quase-62-dos-argentinos-querem-tirar-milei-do-poder\/","title":{"rendered":"Pesquisa mostra que quase 62% dos argentinos querem tirar Milei do poder"},"content":{"rendered":"<p><img loading=\"lazy\" width=\"1024\" height=\"683\"src=\"https:\/\/redept.com.br\/blogosfera\/wp-content\/uploads\/2026\/08\/image-11.png\" alt=\"\" decoding=\"async\" loading=\"lazy\" srcset=\"https:\/\/vermelho.org.br\/wp-content\/uploads\/2025\/02\/image-11-1024x683.png 1024w, https:\/\/vermelho.org.br\/wp-content\/uploads\/2025\/02\/image-11-300x200.png 300w, https:\/\/vermelho.org.br\/wp-content\/uploads\/2025\/02\/image-11-768x512.png 768w, https:\/\/vermelho.org.br\/wp-content\/uploads\/2025\/02\/image-11-1536x1024.png 1536w, https:\/\/vermelho.org.br\/wp-content\/uploads\/2025\/02\/image-11-272x182.png 272w, https:\/\/redept.com.br\/blogosfera\/wp-content\/uploads\/2026\/08\/image-11.png 1920w\" sizes=\"auto, (max-width: 1024px) 100vw, 1024px\"><\/p>\n<p>O governo de Javier Milei chega \u00e0 segunda metade do mandato sob forte desgaste pol\u00edtico. A piora na avalia\u00e7\u00e3o da gest\u00e3o e os impactos da pol\u00edtica econ\u00f4mica ultraliberal sobre o cotidiano dos argentinos j\u00e1 come\u00e7am a se refletir no cen\u00e1rio eleitoral.\u00a0<\/p>\n<p>\u00c9 o que mostra a nova pesquisa da consultoria Zuban C\u00f3rdoba, divulgada neste domingo (2), segundo a qual 61,9% dos entrevistados votariam por uma mudan\u00e7a de governo nas elei\u00e7\u00f5es presidenciais de 2027, enquanto apenas 33,4% apoiariam a continuidade da atual administra\u00e7\u00e3o.\u00a0<\/p>\n<p>O levantamento foi realizado entre 22 e 26 de julho, com cerca de 1.500 entrevistados, e indica que a desaprova\u00e7\u00e3o ao governo chegou a 65%.\u00a0<\/p>\n<p>Segundo a consultoria, a combina\u00e7\u00e3o entre dificuldades econ\u00f4micas, perda de confian\u00e7a no projeto libert\u00e1rio e desgaste pol\u00edtico torna cada vez mais dif\u00edcil uma recupera\u00e7\u00e3o da popularidade de Milei \u00e0s v\u00e9speras da disputa presidencial.<\/p>\n<p>A economia aparece como o principal fator de insatisfa\u00e7\u00e3o. Para 53,9% dos entrevistados, a situa\u00e7\u00e3o econ\u00f4mica pessoal est\u00e1 pior do que no in\u00edcio do governo.\u00a0<\/p>\n<p>Os respons\u00e1veis pela pesquisa afirmam que a percep\u00e7\u00e3o social n\u00e3o acompanha o discurso oficial sobre recupera\u00e7\u00e3o econ\u00f4mica e que o eleitorado passa a cobrar resultados concretos em renda, sal\u00e1rios e atividade econ\u00f4mica.<\/p>\n<p>O estudo tamb\u00e9m revela forte rejei\u00e7\u00e3o a uma das propostas defendidas pelo governo: a flexibiliza\u00e7\u00e3o das regras para aquisi\u00e7\u00e3o de terras por estrangeiros.\u00a0<\/p>\n<p>Segundo a pesquisa, 77% dos argentinos defendem que a compra de terras por capitais estrangeiros continue sujeita a limita\u00e7\u00f5es, enquanto apenas 16,7% apoiam a liberaliza\u00e7\u00e3o. O tema ganhou destaque ap\u00f3s o governo sinalizar mudan\u00e7as na legisla\u00e7\u00e3o sobre recursos estrat\u00e9gicos e propriedade rural.<\/p>\n<p>Na proje\u00e7\u00e3o eleitoral, o peronismo aparece numericamente \u00e0 frente do partido governista.\u00a0<\/p>\n<p>Em um cen\u00e1rio com as principais for\u00e7as pol\u00edticas, o peronismo re\u00fane 31,3% das inten\u00e7\u00f5es de voto, contra 28% do La Libertad Avanza. <\/p>\n<p>Quando a consulta reduz as op\u00e7\u00f5es de resposta e concentra a disputa entre os principais blocos, o peronismo aparece com 35,3%, ante 33,8% do partido de Milei, enquanto 24,3% dos entrevistados permanecem indecisos.\u00a0<\/p>\n<p>Os pesquisadores avaliam que o terceiro ano de mandato representa um momento decisivo para qualquer governo, quando a popula\u00e7\u00e3o passa a exigir o cumprimento das promessas feitas durante a campanha.\u00a0<\/p>\n<p>Na avalia\u00e7\u00e3o da consultoria, sem uma melhora percept\u00edvel nas condi\u00e7\u00f5es de vida, especialmente em sal\u00e1rios e reativa\u00e7\u00e3o da economia, a recupera\u00e7\u00e3o pol\u00edtica do governo tende a permanecer limitada.<\/p>\n<p>O post <a href=\"https:\/\/vermelho.org.br\/2026\/08\/03\/pesquisa-mostra-que-quase-62-dos-argentinos-querem-tirar-milei-do-poder\/\">Pesquisa mostra que quase 62% dos argentinos querem tirar Milei do poder<\/a> apareceu primeiro em <a href=\"https:\/\/vermelho.org.br\/\">Vermelho<\/a>.<\/p>\n<!-- Begin Yuzo --><div class='yuzo_related_post style-1'  data-version='5.12.89'><!-- without result --><div class='yuzo_clearfixed yuzo__title yuzo__title'><h3>Related Post<\/h3><\/div>\n\t\t\t\t\t\t  <div class=\"relatedthumb \" style=\"width:125px;float:left;overflow:hidden;\">  \n\t\t\t\t\t\t\t  \n\t\t\t\t\t\t\t  <a  href=\"https:\/\/redept.com.br\/blogosfera\/mudanca-no-ir-pode-dobrar-para-20-milhoes-o-numero-de-trabalhadores-isentos\/\"  >\n\t\t\t\t\t\t\t\t\t  <div class=\"yuzo-img-wrap \" style=\"width: 125px;height:90px;\">\n\t\t\t\t\t\t\t\t\t\t\n\t\t\t\t\t\t\t\t\t\t<div class=\"yuzo-img\" style=\"background:url('https:\/\/redept.com.br\/blogosfera\/wp-content\/uploads\/2024\/12\/Captura-de-Tela-2024-12-07-as-12.01.16-150x150.png') 50% 50% no-repeat;width: 125px;height:90px;margin-bottom: 5px;background-size: cover; \"><\/div>\n\t\t\t\t\t\t\t\t\t  <\/div>\n\t\t\t\t\t\t\t\t\t  \n\t\t\t\t\t\t\t\t   <span class=\"yuzo__text--title\" style=\"font-size:13px;\">Mudan\u00e7a no IR pode dobrar para 20 milh\u00f5es o n\u00famero...<\/span>\n\t\t\t\t\t\t\t  \n\t\t\t\t\t\t\t  \n\t\t\t\t\t\t\t  <\/a>\n\n\t\t\t\t\t\t  <\/div>\n\t\t\t\t\t\t  <div class=\"relatedthumb \" style=\"width:125px;float:left;overflow:hidden;\">  \n\t\t\t\t\t\t\t  \n\t\t\t\t\t\t\t  <a  href=\"https:\/\/redept.com.br\/blogosfera\/para-erguer-pilha-de-rejeitos-csn-contesta-identidade-de-quilombolas-em-mg\/\"  >\n\t\t\t\t\t\t\t\t\t  <div class=\"yuzo-img-wrap \" style=\"width: 125px;height:90px;\">\n\t\t\t\t\t\t\t\t\t\t\n\t\t\t\t\t\t\t\t\t\t<div class=\"yuzo-img\" style=\"background:url('https:\/\/redept.com.br\/blogosfera\/wp-content\/uploads\/2025\/09\/capela-santa-quiteria-foto-diocese-congonhas-divulgacao-150x150.jpg') 50% 50% no-repeat;width: 125px;height:90px;margin-bottom: 5px;background-size: cover; \"><\/div>\n\t\t\t\t\t\t\t\t\t  <\/div>\n\t\t\t\t\t\t\t\t\t  \n\t\t\t\t\t\t\t\t   <span class=\"yuzo__text--title\" style=\"font-size:13px;\">Para erguer pilha de rejeitos, CSN contesta identi...<\/span>\n\t\t\t\t\t\t\t  \n\t\t\t\t\t\t\t  \n\t\t\t\t\t\t\t  <\/a>\n\n\t\t\t\t\t\t  <\/div>\n\t\t\t\t\t\t  <div class=\"relatedthumb \" style=\"width:125px;float:left;overflow:hidden;\">  \n\t\t\t\t\t\t\t  \n\t\t\t\t\t\t\t  <a  href=\"https:\/\/redept.com.br\/blogosfera\/mexico-reduz-espaco-da-extrema-direita-e-vira-referencia-na-america-latina-avalia-especialista\/\"  >\n\t\t\t\t\t\t\t\t\t  <div class=\"yuzo-img-wrap \" style=\"width: 125px;height:90px;\">\n\t\t\t\t\t\t\t\t\t\t\n\t\t\t\t\t\t\t\t\t\t<div class=\"yuzo-img\" style=\"background:url('https:\/\/redept.org\/blogosfera\/wp-content\/plugins\/yuzo-related-post\/assets\/images\/default.png') 50% 50% no-repeat;width: 125px;height:90px;margin-bottom: 5px;background-size: cover; \"><\/div>\n\t\t\t\t\t\t\t\t\t  <\/div>\n\t\t\t\t\t\t\t\t\t  \n\t\t\t\t\t\t\t\t   <span class=\"yuzo__text--title\" style=\"font-size:13px;\">M\u00e9xico reduz espa\u00e7o da extrema direita e vira refe...<\/span>\n\t\t\t\t\t\t\t  \n\t\t\t\t\t\t\t  \n\t\t\t\t\t\t\t  <\/a>\n\n\t\t\t\t\t\t  <\/div>\n\t\t\t\t\t\t  <div class=\"relatedthumb \" style=\"width:125px;float:left;overflow:hidden;\">  \n\t\t\t\t\t\t\t  \n\t\t\t\t\t\t\t  <a  href=\"https:\/\/redept.com.br\/blogosfera\/lula-diz-que-decisao-da-meta-e-extremamente-grave-e-alerta-para-riscos-a-soberania\/\"  >\n\t\t\t\t\t\t\t\t\t  <div class=\"yuzo-img-wrap \" style=\"width: 125px;height:90px;\">\n\t\t\t\t\t\t\t\t\t\t\n\t\t\t\t\t\t\t\t\t\t<div class=\"yuzo-img\" style=\"background:url('https:\/\/redept.com.br\/blogosfera\/wp-content\/uploads\/2025\/01\/lula-e-moraes_Foto-Marcelo-CamargoAgencia-Brasil-150x150.jpg') 50% 50% no-repeat;width: 125px;height:90px;margin-bottom: 5px;background-size: cover; \"><\/div>\n\t\t\t\t\t\t\t\t\t  <\/div>\n\t\t\t\t\t\t\t\t\t  \n\t\t\t\t\t\t\t\t   <span class=\"yuzo__text--title\" style=\"font-size:13px;\">Lula diz que decis\u00e3o da Meta \u00e9 \u201cextremamente grave...<\/span>\n\t\t\t\t\t\t\t  \n\t\t\t\t\t\t\t  \n\t\t\t\t\t\t\t  <\/a>\n\n\t\t\t\t\t\t  <\/div>\n<\/div> <script>\n\t\t\t\t\t\t  jQuery(document).ready(function( $ ){\n\t\t\t\t\t\t\t\/\/jQuery('.yuzo_related_post').equalizer({ overflow : 'relatedthumb' });\n\t\t\t\t\t\t\tjQuery('.yuzo_related_post .yuzo_wraps').equalizer({ columns : '> div' });\n\t\t\t\t\t\t   })\n\t\t\t\t\t\t  <\/script> <!-- End Yuzo :) -->","protected":false},"excerpt":{"rendered":"<p>O governo de Javier Milei chega \u00e0 segunda metade do mandato sob forte desgaste pol\u00edtico. A piora na avalia\u00e7\u00e3o da gest\u00e3o e os impactos da pol\u00edtica econ\u00f4mica ultraliberal sobre o cotidiano dos argentinos j\u00e1 come\u00e7am a se refletir no cen\u00e1rio eleitoral.\u00a0 \u00c9 o que mostra a nova pesquisa da consultoria Zuban C\u00f3rdoba, divulgada neste domingo [&hellip;]<\/p>\n","protected":false},"author":2,"featured_media":0,"comment_status":"open","ping_status":"closed","sticky":false,"template":"","format":"standard","meta":{"fifu_image_url":"","fifu_image_alt":"","footnotes":""},"categories":[272,4014,4651,50,274,112,2737,867,78578],"tags":[],"class_list":["post-98308","post","type-post","status-publish","format-standard","hentry","category-argentina","category-crise-economica","category-eleicoes-2027","category-internacional","category-javier-milei","category-lula","category-peronismo","category-pesquisa","category-zuban-cordoba"],"_links":{"self":[{"href":"https:\/\/redept.com.br\/blogosfera\/wp-json\/wp\/v2\/posts\/98308","targetHints":{"allow":["GET"]}}],"collection":[{"href":"https:\/\/redept.com.br\/blogosfera\/wp-json\/wp\/v2\/posts"}],"about":[{"href":"https:\/\/redept.com.br\/blogosfera\/wp-json\/wp\/v2\/types\/post"}],"author":[{"embeddable":true,"href":"https:\/\/redept.com.br\/blogosfera\/wp-json\/wp\/v2\/users\/2"}],"replies":[{"embeddable":true,"href":"https:\/\/redept.com.br\/blogosfera\/wp-json\/wp\/v2\/comments?post=98308"}],"version-history":[{"count":0,"href":"https:\/\/redept.com.br\/blogosfera\/wp-json\/wp\/v2\/posts\/98308\/revisions"}],"wp:attachment":[{"href":"https:\/\/redept.com.br\/blogosfera\/wp-json\/wp\/v2\/media?parent=98308"}],"wp:term":[{"taxonomy":"category","embeddable":true,"href":"https:\/\/redept.com.br\/blogosfera\/wp-json\/wp\/v2\/categories?post=98308"},{"taxonomy":"post_tag","embeddable":true,"href":"https:\/\/redept.com.br\/blogosfera\/wp-json\/wp\/v2\/tags?post=98308"}],"curies":[{"name":"wp","href":"https:\/\/api.w.org\/{rel}","templated":true}]}}