{"id":98614,"date":"2026-08-04T18:03:06","date_gmt":"2026-08-04T21:03:06","guid":{"rendered":"https:\/\/redept.com.br\/blogosfera\/lula-e-entrevistado-nos-podcasts-os-3-elementos-e-meteoro-brasil\/"},"modified":"2026-08-04T18:03:06","modified_gmt":"2026-08-04T21:03:06","slug":"lula-e-entrevistado-nos-podcasts-os-3-elementos-e-meteoro-brasil","status":"publish","type":"post","link":"https:\/\/redept.com.br\/blogosfera\/lula-e-entrevistado-nos-podcasts-os-3-elementos-e-meteoro-brasil\/","title":{"rendered":"Lula \u00e9 entrevistado nos podcasts Os 3 elementos e Meteoro Brasil"},"content":{"rendered":"<p>Lula em podcasts de ci\u00eancia. O <a href=\"https:\/\/tvtnews.com.br\/em-podcast-lula-defende-brasil-soberano-com-educacao-e-reindustrializacao\/\" data-type=\"post\" data-id=\"797020\">presidente Lula \u00e9 entrevistado<\/a>, nesta <a href=\"https:\/\/tvtnews.com.br\/quais-as-efemerides-de-agosto-de-2026\/\" data-type=\"post\" data-id=\"797147\">quinta, dia 4, a partir da 11h<\/a>,  por dois canais de divulga\u00e7\u00e3o cient\u00edfica: o podcast Os 3 elementos e o canal Meteoro Brasil.<\/p>\n<p>Acompanhe, ao vivo, com a <a href=\"https:\/\/tvtnews.com.br\/\">TVT News<\/a>.<\/p>\n<p>Meteoro Brasil \u00e9 um canal sobre not\u00edcias, <a href=\"https:\/\/tvtnews.com.br\/emmy-anuncia-indicados-para-o-premio-de-2026\/\" data-type=\"post\" data-id=\"794173\">cultura pop<\/a>, ci\u00eancia e <a href=\"https:\/\/tvtnews.com.br\/apeoesp-justica-prorrogacao-concurso-professores\/\" data-type=\"post\" data-id=\"795942\">filosofia<\/a>. O canal <strong>Os Tr\u00eas Elementos<\/strong> \u00e9 um popular podcast brasileiro de divulga\u00e7\u00e3o cient\u00edfica que mistura ci\u00eancia, educa\u00e7\u00e3o e humor. Ele \u00e9 apresentado por Emilio Garcia, Carlos Ruas e Mila Massuda.<\/p>\n<\/p>\n<h2>Acompanhe a entrevista do presidente Lula nos podcasts de divulga\u00e7\u00e3o cient\u00edfica<\/h2>\n<p>Escolha o podcast preferido para assistir \u00e0 entrevista do presidente Lula<\/p>\n<h3>Lula no podcast Os 3 elementos<\/h3>\n<figure>\n<div>\n<\/div>\n<\/figure>\n<h3>Lula no podcast Meteoro Brasil<\/h3>\n<\/p>\n<figure>\n<div>\n<\/div>\n<\/figure>\n<h2>Como foi a entrevista no podcast Intelig\u00eancia Ltda<\/h2>\n<p>O presidente Luiz In\u00e1cio Lula da Silva participou, em 31 de julho, do podcast\u00a0<strong>Intelig\u00eancia Ltda.<\/strong>, comandado por Rog\u00e9rio Vilela, em uma entrevista de duas horas na qual revisitou sua trajet\u00f3ria pol\u00edtica e sindical, defendeu o papel do Estado no desenvolvimento do pa\u00eds e apresentou as\u00a0<a href=\"https:\/\/tvtnews.com.br\/saiba-como-a-urnas-eletronicas-garante-a-soberania-do-voto\/\">prioridades de um eventual novo mandato<\/a>, com foco em educa\u00e7\u00e3o, reindustrializa\u00e7\u00e3o, soberania nacional, defesa, transi\u00e7\u00e3o energ\u00e9tica e prote\u00e7\u00e3o social.\u00a0<\/p>\n<p>Atendendo ao tradicional pedido de Rog\u00e9rio Vilela para que convidados levem objetos para decorar o est\u00fadio, Lula brincou nas redes sociais que n\u00e3o encontrou \u201cnada in\u00fatil\u201d para presentear o podcast.<\/p>\n<\/p>\n<p>Em vez disso, levou um\u00a0<strong>Z\u00e9 Gotinha<\/strong>, amostras de\u00a0<strong>biodiesel<\/strong>\u00a0e uma miniatura do ca\u00e7a supers\u00f4nico\u00a0<strong>Gripen<\/strong>, atualmente produzido parcialmente no Brasil.<\/p>\n<\/p>\n<\/p>\n<blockquote>\n<p lang=\"pt\" dir=\"ltr\">O Rog\u00e9rio Vilela, do <a href=\"https:\/\/x.com\/InteligenciaLta?ref_src=twsrc%5Etfw\" target=\"_blank\" rel=\"noopener noreferrer nofollow\">@InteligenciaLta<\/a>, me pediu alguns presentes in\u00fateis para colocar no cen\u00e1rio. Procurei, procurei\u2026 e n\u00e3o encontrei nada in\u00fatil. <imgsrc=\"\" alt=\"\ud83d\ude05\"><\/p>\n<p>Levei o que o Brasil tem de melhor: o Z\u00e9 Gotinha, amostras do nosso biodiesel \u2013 nosso combust\u00edvel do presente e do futuro -, e\u2026 <a href=\"https:\/\/t.co\/ImNbelYoL4\" target=\"_blank\" rel=\"noopener noreferrer nofollow\">pic.twitter.com\/ImNbelYoL4<\/a><\/p>\n<p>\u2014 Lula (@LulaOficial) <a href=\"https:\/\/x.com\/LulaOficial\/status\/2083006741604651064?ref_src=twsrc%5Etfw\" target=\"_blank\" rel=\"noopener noreferrer nofollow\">July 31, 2026<\/a><\/p><\/blockquote>\n<p>\u201cQuando falo do SUS, de energia renov\u00e1vel e de Defesa, estou falando de soberania\u201d, escreveu o presidente.<\/p>\n<\/p>\n<p>Durante a conversa, Lula utilizou os presentes levados ao est\u00fadio para explicar a\u00a0<a href=\"https:\/\/tvtnews.com.br\/cnpj-alfanumerico-comeca-a-ser-emitido-nesta-sexta\/\">estrat\u00e9gia de reindustrializa\u00e7\u00e3o<\/a>\u00a0do governo.<\/p>\n<p>O presidente defendeu o biodiesel, o etanol e o combust\u00edvel sustent\u00e1vel de avia\u00e7\u00e3o (SAF) como diferenciais competitivos do Brasil na transi\u00e7\u00e3o energ\u00e9tica mundial.<\/p>\n<\/p>\n<figure><img fetchpriority=\"high\" fetchpriority=\"high\" decoding=\"async\" width=\"1024\" height=\"576\"src=\"https:\/\/redept.com.br\/blogosfera\/wp-content\/uploads\/2026\/08\/Lula-podcast-Ricardo-Stuckert-PR.jpg\" alt=\"lula-participa-do-podcast-inteligencia-ltda-nesta-quinta-30-lula-vai-falar-sobre-o-brasil-e-sobre-a-vida-da-populacao-foto-ricardo-stuckert-pr-tvt-news\" title=\"Lula \u00e9 entrevistado nos podcasts Os 3 elementos e Meteoro Brasil 2\" srcset=\"https:\/\/tvtnews.com.br\/wp-content\/uploads\/2026\/07\/Lula-podcast-Ricardo-Stuckert-PR-1024x576.jpg 1024w, https:\/\/tvtnews.com.br\/wp-content\/uploads\/2026\/07\/Lula-podcast-Ricardo-Stuckert-PR-300x169.jpg 300w, https:\/\/tvtnews.com.br\/wp-content\/uploads\/2026\/07\/Lula-podcast-Ricardo-Stuckert-PR-768x432.jpg 768w, https:\/\/tvtnews.com.br\/wp-content\/uploads\/2026\/07\/Lula-podcast-Ricardo-Stuckert-PR-1536x864.jpg 1536w, https:\/\/redept.com.br\/blogosfera\/wp-content\/uploads\/2026\/08\/Lula-podcast-Ricardo-Stuckert-PR.jpg 1600w\" sizes=\"(max-width: 1024px) 100vw, 1024px\"><figcaption>Lula vai falar sobre o Brasil e ci\u00eancia e tecnologia. Foto: Ricardo Stuckert\/PR<\/figcaption><\/figure>\n<\/p>\n<p>Segundo ele, o pa\u00eds possui uma das matrizes energ\u00e9ticas mais limpas do planeta e pode liderar a produ\u00e7\u00e3o mundial de combust\u00edveis renov\u00e1veis.<\/p>\n<p>Tamb\u00e9m destacou a ind\u00fastria de defesa como vetor de inova\u00e7\u00e3o tecnol\u00f3gica, gera\u00e7\u00e3o de empregos qualificados e fortalecimento da soberania nacional.<\/p>\n<h2>Voc\u00ea tamb\u00e9m pode se interessar:<\/h2>\n<ul>\n<li><a href=\"https:\/\/tvtnews.com.br\/conheca-os-candidatos-a-presidencia-oficializados\/\">Elei\u00e7\u00f5es 2026: conhe\u00e7a os candidatos \u00e0 Presid\u00eancia oficializados<\/a><\/li>\n<li><a href=\"https:\/\/tvtnews.com.br\/podemos-neutro-renata-abreu-fora-chapa-flavio\/\">Podemos ficar\u00e1 neutro e Renata Abreu est\u00e1 fora da chapa de Fl\u00e1vio Bolsonaro<\/a><\/li>\n<li>\n<\/ul>\n<p>The post <a rel=\"nofollow\" href=\"https:\/\/tvtnews.com.br\/entrevista-lula-podcasts-os-3-elementos-e-meteoro\/\">Lula \u00e9 entrevistado nos podcasts Os 3 elementos e Meteoro Brasil<\/a> appeared first on <a rel=\"nofollow\" href=\"https:\/\/tvtnews.com.br\/\">TVT News<\/a>.<\/p>\n<!-- Begin Yuzo --><div class='yuzo_related_post style-1'  data-version='5.12.89'><!-- without result --><div class='yuzo_clearfixed yuzo__title yuzo__title'><h3>Related Post<\/h3><\/div>\n\t\t\t\t\t\t  <div class=\"relatedthumb \" style=\"width:125px;float:left;overflow:hidden;\">  \n\t\t\t\t\t\t\t  \n\t\t\t\t\t\t\t  <a  href=\"https:\/\/redept.com.br\/blogosfera\/artigo-feira-de-saude-e-cultura-no-estrela-da-vitoria-uberaba-memoria-e-prosperidade\/\"  >\n\t\t\t\t\t\t\t\t\t  <div class=\"yuzo-img-wrap \" style=\"width: 125px;height:90px;\">\n\t\t\t\t\t\t\t\t\t\t\n\t\t\t\t\t\t\t\t\t\t<div class=\"yuzo-img\" style=\"background:url('https:\/\/redept.org\/blogosfera\/wp-content\/plugins\/yuzo-related-post\/assets\/images\/default.png') 50% 50% no-repeat;width: 125px;height:90px;margin-bottom: 5px;background-size: cover; \"><\/div>\n\t\t\t\t\t\t\t\t\t  <\/div>\n\t\t\t\t\t\t\t\t\t  \n\t\t\t\t\t\t\t\t   <span class=\"yuzo__text--title\" style=\"font-size:13px;\">Artigo | Feira de sa\u00fade e cultura no Estrela da Vi...<\/span>\n\t\t\t\t\t\t\t  \n\t\t\t\t\t\t\t  \n\t\t\t\t\t\t\t  <\/a>\n\n\t\t\t\t\t\t  <\/div>\n\t\t\t\t\t\t  <div class=\"relatedthumb \" style=\"width:125px;float:left;overflow:hidden;\">  \n\t\t\t\t\t\t\t  \n\t\t\t\t\t\t\t  <a  href=\"https:\/\/redept.com.br\/blogosfera\/contararo-pede-urgencia-para-senado-votar-direito-para-empregado-publico-celetista\/\"  >\n\t\t\t\t\t\t\t\t\t  <div class=\"yuzo-img-wrap \" style=\"width: 125px;height:90px;\">\n\t\t\t\t\t\t\t\t\t\t\n\t\t\t\t\t\t\t\t\t\t<div class=\"yuzo-img\" style=\"background:url('https:\/\/redept.org\/blogosfera\/wp-content\/plugins\/yuzo-related-post\/assets\/images\/default.png') 50% 50% no-repeat;width: 125px;height:90px;margin-bottom: 5px;background-size: cover; \"><\/div>\n\t\t\t\t\t\t\t\t\t  <\/div>\n\t\t\t\t\t\t\t\t\t  \n\t\t\t\t\t\t\t\t   <span class=\"yuzo__text--title\" style=\"font-size:13px;\">Contararo pede urg\u00eancia para Senado votar direito ...<\/span>\n\t\t\t\t\t\t\t  \n\t\t\t\t\t\t\t  \n\t\t\t\t\t\t\t  <\/a>\n\n\t\t\t\t\t\t  <\/div>\n\t\t\t\t\t\t  <div class=\"relatedthumb \" style=\"width:125px;float:left;overflow:hidden;\">  \n\t\t\t\t\t\t\t  \n\t\t\t\t\t\t\t  <a  href=\"https:\/\/redept.com.br\/blogosfera\/brasil-cria-12-milhao-de-empregos-formais-no-semestre\/\"  >\n\t\t\t\t\t\t\t\t\t  <div class=\"yuzo-img-wrap \" style=\"width: 125px;height:90px;\">\n\t\t\t\t\t\t\t\t\t\t\n\t\t\t\t\t\t\t\t\t\t<div class=\"yuzo-img\" style=\"background:url('https:\/\/redept.org\/blogosfera\/wp-content\/plugins\/yuzo-related-post\/assets\/images\/default.png') 50% 50% no-repeat;width: 125px;height:90px;margin-bottom: 5px;background-size: cover; \"><\/div>\n\t\t\t\t\t\t\t\t\t  <\/div>\n\t\t\t\t\t\t\t\t\t  \n\t\t\t\t\t\t\t\t   <span class=\"yuzo__text--title\" style=\"font-size:13px;\">Brasil cria 1,2 milh\u00e3o de empregos formais no seme...<\/span>\n\t\t\t\t\t\t\t  \n\t\t\t\t\t\t\t  \n\t\t\t\t\t\t\t  <\/a>\n\n\t\t\t\t\t\t  <\/div>\n\t\t\t\t\t\t  <div class=\"relatedthumb \" style=\"width:125px;float:left;overflow:hidden;\">  \n\t\t\t\t\t\t\t  \n\t\t\t\t\t\t\t  <a  href=\"https:\/\/redept.com.br\/blogosfera\/venezuela-busca-apoio-do-brasil-contra-ameaca-dos-eua-e-ligacao-entre-chanceleres-tenta-destravar-comunicado\/\"  >\n\t\t\t\t\t\t\t\t\t  <div class=\"yuzo-img-wrap \" style=\"width: 125px;height:90px;\">\n\t\t\t\t\t\t\t\t\t\t\n\t\t\t\t\t\t\t\t\t\t<div class=\"yuzo-img\" style=\"background:url('https:\/\/redept.org\/blogosfera\/wp-content\/plugins\/yuzo-related-post\/assets\/images\/default.png') 50% 50% no-repeat;width: 125px;height:90px;margin-bottom: 5px;background-size: cover; \"><\/div>\n\t\t\t\t\t\t\t\t\t  <\/div>\n\t\t\t\t\t\t\t\t\t  \n\t\t\t\t\t\t\t\t   <span class=\"yuzo__text--title\" style=\"font-size:13px;\">Venezuela busca apoio do Brasil contra amea\u00e7a dos ...<\/span>\n\t\t\t\t\t\t\t  \n\t\t\t\t\t\t\t  \n\t\t\t\t\t\t\t  <\/a>\n\n\t\t\t\t\t\t  <\/div>\n<\/div> <script>\n\t\t\t\t\t\t  jQuery(document).ready(function( $ ){\n\t\t\t\t\t\t\t\/\/jQuery('.yuzo_related_post').equalizer({ overflow : 'relatedthumb' });\n\t\t\t\t\t\t\tjQuery('.yuzo_related_post .yuzo_wraps').equalizer({ columns : '> div' });\n\t\t\t\t\t\t   })\n\t\t\t\t\t\t  <\/script> <!-- End Yuzo :) -->","protected":false},"excerpt":{"rendered":"<p>Lula em podcasts de ci\u00eancia. O presidente Lula \u00e9 entrevistado, nesta quinta, dia 4, a partir da 11h, por dois canais de divulga\u00e7\u00e3o cient\u00edfica: o podcast Os 3 elementos e o canal Meteoro Brasil. Acompanhe, ao vivo, com a TVT News. Meteoro Brasil \u00e9 um canal sobre not\u00edcias, cultura pop, ci\u00eancia e filosofia. O canal [&hellip;]<\/p>\n","protected":false},"author":2,"featured_media":98615,"comment_status":"open","ping_status":"closed","sticky":false,"template":"","format":"standard","meta":{"fifu_image_url":"","fifu_image_alt":"","footnotes":""},"categories":[795,1157,309,489,1760],"tags":[],"class_list":["post-98614","post","type-post","status-publish","format-standard","has-post-thumbnail","hentry","category-ciencia","category-comunicacao-publica","category-cultura","category-destaque-pequeno","category-eleicoes-2026"],"_links":{"self":[{"href":"https:\/\/redept.com.br\/blogosfera\/wp-json\/wp\/v2\/posts\/98614","targetHints":{"allow":["GET"]}}],"collection":[{"href":"https:\/\/redept.com.br\/blogosfera\/wp-json\/wp\/v2\/posts"}],"about":[{"href":"https:\/\/redept.com.br\/blogosfera\/wp-json\/wp\/v2\/types\/post"}],"author":[{"embeddable":true,"href":"https:\/\/redept.com.br\/blogosfera\/wp-json\/wp\/v2\/users\/2"}],"replies":[{"embeddable":true,"href":"https:\/\/redept.com.br\/blogosfera\/wp-json\/wp\/v2\/comments?post=98614"}],"version-history":[{"count":0,"href":"https:\/\/redept.com.br\/blogosfera\/wp-json\/wp\/v2\/posts\/98614\/revisions"}],"wp:featuredmedia":[{"embeddable":true,"href":"https:\/\/redept.com.br\/blogosfera\/wp-json\/wp\/v2\/media\/98615"}],"wp:attachment":[{"href":"https:\/\/redept.com.br\/blogosfera\/wp-json\/wp\/v2\/media?parent=98614"}],"wp:term":[{"taxonomy":"category","embeddable":true,"href":"https:\/\/redept.com.br\/blogosfera\/wp-json\/wp\/v2\/categories?post=98614"},{"taxonomy":"post_tag","embeddable":true,"href":"https:\/\/redept.com.br\/blogosfera\/wp-json\/wp\/v2\/tags?post=98614"}],"curies":[{"name":"wp","href":"https:\/\/api.w.org\/{rel}","templated":true}]}}