{"id":98778,"date":"2026-08-05T13:05:24","date_gmt":"2026-08-05T16:05:24","guid":{"rendered":"https:\/\/redept.com.br\/blogosfera\/brb-e-criticas-ao-gdf-marcam-retorno-dos-trabalhos-da-camara-legislativa-do-df\/"},"modified":"2026-08-05T13:05:24","modified_gmt":"2026-08-05T16:05:24","slug":"brb-e-criticas-ao-gdf-marcam-retorno-dos-trabalhos-da-camara-legislativa-do-df","status":"publish","type":"post","link":"https:\/\/redept.com.br\/blogosfera\/brb-e-criticas-ao-gdf-marcam-retorno-dos-trabalhos-da-camara-legislativa-do-df\/","title":{"rendered":"BRB e cr\u00edticas ao GDF marcam retorno dos trabalhos da C\u00e2mara Legislativa do DF"},"content":{"rendered":"<p>A primeira sess\u00e3o ordin\u00e1ria do segundo semestre da C\u00e2mara Legislativa do Distrito Federal (CLDF), realizada nesta ter\u00e7a-feira (4), foi marcada por cr\u00edticas da oposi\u00e7\u00e3o ao Governo do Distrito Federal (GDF). Al\u00e9m dos debates sobre a situa\u00e7\u00e3o do Banco de Bras\u00edlia (BRB), parlamentares questionaram a condu\u00e7\u00e3o das pol\u00edticas de sa\u00fade, educa\u00e7\u00e3o e transporte p\u00fablico. A aus\u00eancia [\u2026]<\/p>\n<p><a href=\"https:\/\/www.brasildefato.com.br\/2026\/08\/05\/brb-e-criticas-ao-gdf-marcam-retorno-dos-trabalhos-da-camara-legislativa-do-df\/\" rel=\"nofollow\">Fonte<\/a><\/p>\n<!-- Begin Yuzo --><div class='yuzo_related_post style-1'  data-version='5.12.89'><!-- without result --><div class='yuzo_clearfixed yuzo__title yuzo__title'><h3>Related Post<\/h3><\/div>\n\t\t\t\t\t\t  <div class=\"relatedthumb \" style=\"width:125px;float:left;overflow:hidden;\">  \n\t\t\t\t\t\t\t  \n\t\t\t\t\t\t\t  <a  href=\"https:\/\/redept.com.br\/blogosfera\/movimentos-lancam-campanha-pelo-fim-da-operacao-delegada-bico-institucionalizado-da-pm-em-sp\/\"  >\n\t\t\t\t\t\t\t\t\t  <div class=\"yuzo-img-wrap \" style=\"width: 125px;height:90px;\">\n\t\t\t\t\t\t\t\t\t\t\n\t\t\t\t\t\t\t\t\t\t<div class=\"yuzo-img\" style=\"background:url('https:\/\/redept.org\/blogosfera\/wp-content\/plugins\/yuzo-related-post\/assets\/images\/default.png') 50% 50% no-repeat;width: 125px;height:90px;margin-bottom: 5px;background-size: cover; \"><\/div>\n\t\t\t\t\t\t\t\t\t  <\/div>\n\t\t\t\t\t\t\t\t\t  \n\t\t\t\t\t\t\t\t   <span class=\"yuzo__text--title\" style=\"font-size:13px;\">Movimentos lan\u00e7am campanha pelo fim da Opera\u00e7\u00e3o De...<\/span>\n\t\t\t\t\t\t\t  \n\t\t\t\t\t\t\t  \n\t\t\t\t\t\t\t  <\/a>\n\n\t\t\t\t\t\t  <\/div>\n\t\t\t\t\t\t  <div class=\"relatedthumb \" style=\"width:125px;float:left;overflow:hidden;\">  \n\t\t\t\t\t\t\t  \n\t\t\t\t\t\t\t  <a  href=\"https:\/\/redept.com.br\/blogosfera\/tebet-pec-da-blindagem-e-risco-a-democracia-e-nao-interessa-ao-pais\/\"  >\n\t\t\t\t\t\t\t\t\t  <div class=\"yuzo-img-wrap \" style=\"width: 125px;height:90px;\">\n\t\t\t\t\t\t\t\t\t\t\n\t\t\t\t\t\t\t\t\t\t<div class=\"yuzo-img\" style=\"background:url('https:\/\/redept.org\/blogosfera\/wp-content\/plugins\/yuzo-related-post\/assets\/images\/default.png') 50% 50% no-repeat;width: 125px;height:90px;margin-bottom: 5px;background-size: cover; \"><\/div>\n\t\t\t\t\t\t\t\t\t  <\/div>\n\t\t\t\t\t\t\t\t\t  \n\t\t\t\t\t\t\t\t   <span class=\"yuzo__text--title\" style=\"font-size:13px;\">Tebet: PEC da Blindagem \u00e9 risco \u00e0 democracia e n\u00e3o...<\/span>\n\t\t\t\t\t\t\t  \n\t\t\t\t\t\t\t  \n\t\t\t\t\t\t\t  <\/a>\n\n\t\t\t\t\t\t  <\/div>\n\t\t\t\t\t\t  <div class=\"relatedthumb \" style=\"width:125px;float:left;overflow:hidden;\">  \n\t\t\t\t\t\t\t  \n\t\t\t\t\t\t\t  <a  href=\"https:\/\/redept.com.br\/blogosfera\/o-plebiscito-popular-e-fundamental-para-colocar-a-classe-em-movimento\/\"  >\n\t\t\t\t\t\t\t\t\t  <div class=\"yuzo-img-wrap \" style=\"width: 125px;height:90px;\">\n\t\t\t\t\t\t\t\t\t\t\n\t\t\t\t\t\t\t\t\t\t<div class=\"yuzo-img\" style=\"background:url('https:\/\/redept.com.br\/blogosfera\/wp-content\/uploads\/2025\/08\/frente-brasil-popular-150x150.jpg') 50% 50% no-repeat;width: 125px;height:90px;margin-bottom: 5px;background-size: cover; \"><\/div>\n\t\t\t\t\t\t\t\t\t  <\/div>\n\t\t\t\t\t\t\t\t\t  \n\t\t\t\t\t\t\t\t   <span class=\"yuzo__text--title\" style=\"font-size:13px;\">\u201cO Plebiscito Popular \u00e9 fundamental para colocar a...<\/span>\n\t\t\t\t\t\t\t  \n\t\t\t\t\t\t\t  \n\t\t\t\t\t\t\t  <\/a>\n\n\t\t\t\t\t\t  <\/div>\n\t\t\t\t\t\t  <div class=\"relatedthumb \" style=\"width:125px;float:left;overflow:hidden;\">  \n\t\t\t\t\t\t\t  \n\t\t\t\t\t\t\t  <a  href=\"https:\/\/redept.com.br\/blogosfera\/os-eua-ja-estao-interferindo-nas-eleicoes-brasileiras\/\"  >\n\t\t\t\t\t\t\t\t\t  <div class=\"yuzo-img-wrap \" style=\"width: 125px;height:90px;\">\n\t\t\t\t\t\t\t\t\t\t\n\t\t\t\t\t\t\t\t\t\t<div class=\"yuzo-img\" style=\"background:url('https:\/\/redept.org\/blogosfera\/wp-content\/plugins\/yuzo-related-post\/assets\/images\/default.png') 50% 50% no-repeat;width: 125px;height:90px;margin-bottom: 5px;background-size: cover; \"><\/div>\n\t\t\t\t\t\t\t\t\t  <\/div>\n\t\t\t\t\t\t\t\t\t  \n\t\t\t\t\t\t\t\t   <span class=\"yuzo__text--title\" style=\"font-size:13px;\">Os EUA j\u00e1 est\u00e3o interferindo nas elei\u00e7\u00f5es brasilei...<\/span>\n\t\t\t\t\t\t\t  \n\t\t\t\t\t\t\t  \n\t\t\t\t\t\t\t  <\/a>\n\n\t\t\t\t\t\t  <\/div>\n<\/div> <script>\n\t\t\t\t\t\t  jQuery(document).ready(function( $ ){\n\t\t\t\t\t\t\t\/\/jQuery('.yuzo_related_post').equalizer({ overflow : 'relatedthumb' });\n\t\t\t\t\t\t\tjQuery('.yuzo_related_post .yuzo_wraps').equalizer({ columns : '> div' });\n\t\t\t\t\t\t   })\n\t\t\t\t\t\t  <\/script> <!-- End Yuzo :) -->","protected":false},"excerpt":{"rendered":"<p>A primeira sess\u00e3o ordin\u00e1ria do segundo semestre da C\u00e2mara Legislativa do Distrito Federal (CLDF), realizada nesta ter\u00e7a-feira (4), foi marcada por cr\u00edticas da oposi\u00e7\u00e3o ao Governo do Distrito Federal (GDF). Al\u00e9m dos debates sobre a situa\u00e7\u00e3o do Banco de Bras\u00edlia (BRB), parlamentares questionaram a condu\u00e7\u00e3o das pol\u00edticas de sa\u00fade, educa\u00e7\u00e3o e transporte p\u00fablico. A aus\u00eancia [&hellip;]<\/p>\n","protected":false},"author":2,"featured_media":0,"comment_status":"open","ping_status":"closed","sticky":false,"template":"","format":"standard","meta":{"fifu_image_url":"","fifu_image_alt":"","footnotes":""},"categories":[234,132],"tags":[],"class_list":["post-98778","post","type-post","status-publish","format-standard","hentry","category-distrito-federal","category-politica"],"_links":{"self":[{"href":"https:\/\/redept.com.br\/blogosfera\/wp-json\/wp\/v2\/posts\/98778","targetHints":{"allow":["GET"]}}],"collection":[{"href":"https:\/\/redept.com.br\/blogosfera\/wp-json\/wp\/v2\/posts"}],"about":[{"href":"https:\/\/redept.com.br\/blogosfera\/wp-json\/wp\/v2\/types\/post"}],"author":[{"embeddable":true,"href":"https:\/\/redept.com.br\/blogosfera\/wp-json\/wp\/v2\/users\/2"}],"replies":[{"embeddable":true,"href":"https:\/\/redept.com.br\/blogosfera\/wp-json\/wp\/v2\/comments?post=98778"}],"version-history":[{"count":0,"href":"https:\/\/redept.com.br\/blogosfera\/wp-json\/wp\/v2\/posts\/98778\/revisions"}],"wp:attachment":[{"href":"https:\/\/redept.com.br\/blogosfera\/wp-json\/wp\/v2\/media?parent=98778"}],"wp:term":[{"taxonomy":"category","embeddable":true,"href":"https:\/\/redept.com.br\/blogosfera\/wp-json\/wp\/v2\/categories?post=98778"},{"taxonomy":"post_tag","embeddable":true,"href":"https:\/\/redept.com.br\/blogosfera\/wp-json\/wp\/v2\/tags?post=98778"}],"curies":[{"name":"wp","href":"https:\/\/api.w.org\/{rel}","templated":true}]}}