{"id":99036,"date":"2026-08-06T13:20:34","date_gmt":"2026-08-06T16:20:34","guid":{"rendered":"https:\/\/redept.com.br\/blogosfera\/conselho-da-paz-para-gaza-aprova-contrato-de-reconstrucao-sob-supervisao-do-genro-de-trump\/"},"modified":"2026-08-06T13:20:34","modified_gmt":"2026-08-06T16:20:34","slug":"conselho-da-paz-para-gaza-aprova-contrato-de-reconstrucao-sob-supervisao-do-genro-de-trump","status":"publish","type":"post","link":"https:\/\/redept.com.br\/blogosfera\/conselho-da-paz-para-gaza-aprova-contrato-de-reconstrucao-sob-supervisao-do-genro-de-trump\/","title":{"rendered":"\u2018Conselho da Paz\u2019 para Gaza aprova contrato de reconstru\u00e7\u00e3o sob supervis\u00e3o do genro de Trump"},"content":{"rendered":"<p><span>O Conselho de Paz para Gaza, estrutura criada pelo governo de Donald Trump para coordenar a reconstru\u00e7\u00e3o e a futura administra\u00e7\u00e3o do territ\u00f3rio palestino, aprovou seu primeiro contrato de constru\u00e7\u00e3o desde sua cria\u00e7\u00e3o, segundo o jornal <\/span><i><span>The Guardian<\/span><\/i><span>.\u00a0<\/span><\/p>\n<p><span>O \u00f3rg\u00e3o \u00e9 presidido por Trump e tem entre seus principais integrantes o genro do presidente, Jared Kushner, que lidera o plano que os EUA classificam como de reconstru\u00e7\u00e3o de Gaza.\u00a0<\/span><\/p>\n<p><span>Durante o primeiro mandato de Trump, Kushner foi o principal articulador da pol\u00edtica da Casa Branca para o Oriente M\u00e9dio.\u00a0<\/span><\/p>\n<p><span>O primeiro projeto prev\u00ea a instala\u00e7\u00e3o de uma base militar provis\u00f3ria para abrigar um contingente de at\u00e9 150 soldados marroquinos, que integrar\u00e1 uma futura for\u00e7a internacional de estabiliza\u00e7\u00e3o em Gaza.<\/span><\/p>\n<figure aria-describedby=\"caption-attachment-262350\"><img loading=\"lazy\" loading=\"lazy\" decoding=\"async\"src=\"https:\/\/redept.com.br\/blogosfera\/wp-content\/uploads\/2026\/08\/agora-vai.png\" alt=\"\" width=\"800\" height=\"563\" srcset=\"https:\/\/redept.com.br\/blogosfera\/wp-content\/uploads\/2026\/08\/agora-vai.png 800w, https:\/\/operamundi.uol.com.br\/wp-content\/uploads\/2026\/08\/agora-vai-300x211.png 300w, https:\/\/operamundi.uol.com.br\/wp-content\/uploads\/2026\/08\/agora-vai-768x540.png 768w, https:\/\/operamundi.uol.com.br\/wp-content\/uploads\/2026\/08\/agora-vai-750x528.png 750w\" sizes=\"auto, (max-width: 800px) 100vw, 800px\"><figcaption>Levantamento da ONU e do Banco Mundial aponta que 81% das estruturas da Faixa de Gaza foram destru\u00eddas ou danificadas; o conflito j\u00e1 matou mais de 73 mil palestinos. <br \/>Wikimedia Commons<\/figcaption><\/figure>\n<p><span>O contrato, que ainda n\u00e3o foi formalmente conclu\u00eddo, foi concedido \u00e0 empresa estadunidense Arkel International. A companhia \u00e9 sediada no estado da Louisiana e com hist\u00f3rico de contratos do governo dos EUA em pa\u00edses como o Iraque.\u00a0<\/span><\/p>\n<p><span>Em resposta ao jornal brit\u00e2nico, um representante do Conselho de Paz afirmou que o \u00f3rg\u00e3o e o Comit\u00ea Nacional para a Administra\u00e7\u00e3o de Gaza, formado por tecnocratas palestinos, est\u00e3o na fase final de prepara\u00e7\u00e3o de diversos contratos.\u00a0<\/span><\/p>\n<p><span>Um dos acordos em an\u00e1lise trata da constru\u00e7\u00e3o de instala\u00e7\u00f5es para apoiar a futura For\u00e7a Internacional de Estabiliza\u00e7\u00e3o (ISF, na sigla em ingl\u00eas), respons\u00e1vel por implementar o plano de seguran\u00e7a e governan\u00e7a previsto para o territ\u00f3rio.<\/span><\/p>\n<p><span>A base planejada ter\u00e1 aproximadamente 100 metros por 120 metros e ser\u00e1 constru\u00edda em uma \u00e1rea sob controle direto das For\u00e7as Armadas de Israel, pr\u00f3xima \u00e0 fronteira israelense.\u00a0<\/span><\/p>\n<p><span>O objetivo \u00e9 servir de alojamento para militares marroquinos que fariam rod\u00edzio com uma base localizada em Israel. O projeto integra uma primeira etapa que, em vers\u00f5es anteriores do plano, previa a expans\u00e3o para uma instala\u00e7\u00e3o capaz de receber at\u00e9 5 mil soldados.<\/span><\/p>\n<h3><span>Hist\u00f3rico de projetos para \u201cNova Gaza\u201d<\/span><\/h3>\n<p><span>Desde o in\u00edcio de 2025, Trump passou a defender um amplo plano para transformar Gaza ap\u00f3s o fim da guerra. A proposta foi acompanhada por declara\u00e7\u00f5es de Jared Kushner, que j\u00e1 havia defendido o potencial imobili\u00e1rio da Faixa de Gaza e passou a integrar a equipe respons\u00e1vel pelo Conselho de Paz.<\/span><\/p>\n<p><span>Em fevereiro de 2025, Trump chegou a afirmar que os Estados Unidos iriam \u201cassumir\u201d o controle de Gaza, embora o acordo que instituiu o conselho n\u00e3o previsse esse tipo de administra\u00e7\u00e3o direta.<\/span><\/p>\n<p><span>Tamb\u00e9m em fevereiro de 2025, Trump publicou nas redes sociais um v\u00eddeo produzido por intelig\u00eancia artificial que retratava uma vers\u00e3o futurista da chamada \u201cNova Gaza\u201d, com hoteis de luxo, arranha-c\u00e9us, praias revitalizadas e atra\u00e7\u00f5es tur\u00edsticas.\u00a0<\/span><\/p>\n<p>Na segunda-feira (03\/08), o Conselho da Paz afirmou que a retirada das tropas israelenses do territ\u00f3rio palestino s\u00f3 ocorrer\u00e1 ap\u00f3s o desarmamento completo do Hamas. A iniciativa foi criticada por desconsiderar a crise humanit\u00e1ria em Gaza e por prever uma reconfigura\u00e7\u00e3o do enclave sob influ\u00eancia dos EUA.<\/p>\n<\/p>\n<p>O post \u2018Conselho da Paz\u2019 para Gaza aprova contrato de reconstru\u00e7\u00e3o sob supervis\u00e3o do genro de Trump apareceu primeiro em Opera Mundi.<\/p>\n<!-- Begin Yuzo --><div class='yuzo_related_post style-1'  data-version='5.12.89'><!-- without result --><div class='yuzo_clearfixed yuzo__title yuzo__title'><h3>Related Post<\/h3><\/div>\n\t\t\t\t\t\t  <div class=\"relatedthumb \" style=\"width:125px;float:left;overflow:hidden;\">  \n\t\t\t\t\t\t\t  \n\t\t\t\t\t\t\t  <a  href=\"https:\/\/redept.com.br\/blogosfera\/greve-dos-servidores-tecnicos-administrativos-da-unb-completa-4-meses\/\"  >\n\t\t\t\t\t\t\t\t\t  <div class=\"yuzo-img-wrap \" style=\"width: 125px;height:90px;\">\n\t\t\t\t\t\t\t\t\t\t\n\t\t\t\t\t\t\t\t\t\t<div class=\"yuzo-img\" style=\"background:url('https:\/\/redept.org\/blogosfera\/wp-content\/plugins\/yuzo-related-post\/assets\/images\/default.png') 50% 50% no-repeat;width: 125px;height:90px;margin-bottom: 5px;background-size: cover; \"><\/div>\n\t\t\t\t\t\t\t\t\t  <\/div>\n\t\t\t\t\t\t\t\t\t  \n\t\t\t\t\t\t\t\t   <span class=\"yuzo__text--title\" style=\"font-size:13px;\">Greve dos servidores t\u00e9cnicos-administrativos da U...<\/span>\n\t\t\t\t\t\t\t  \n\t\t\t\t\t\t\t  \n\t\t\t\t\t\t\t  <\/a>\n\n\t\t\t\t\t\t  <\/div>\n\t\t\t\t\t\t  <div class=\"relatedthumb \" style=\"width:125px;float:left;overflow:hidden;\">  \n\t\t\t\t\t\t\t  \n\t\t\t\t\t\t\t  <a  href=\"https:\/\/redept.com.br\/blogosfera\/governo-lula-rejeita-manobra-de-zema-sobre-exploracao-de-terras-raras-em-mg-sinaliza-boulos\/\"  >\n\t\t\t\t\t\t\t\t\t  <div class=\"yuzo-img-wrap \" style=\"width: 125px;height:90px;\">\n\t\t\t\t\t\t\t\t\t\t\n\t\t\t\t\t\t\t\t\t\t<div class=\"yuzo-img\" style=\"background:url('https:\/\/redept.org\/blogosfera\/wp-content\/plugins\/yuzo-related-post\/assets\/images\/default.png') 50% 50% no-repeat;width: 125px;height:90px;margin-bottom: 5px;background-size: cover; \"><\/div>\n\t\t\t\t\t\t\t\t\t  <\/div>\n\t\t\t\t\t\t\t\t\t  \n\t\t\t\t\t\t\t\t   <span class=\"yuzo__text--title\" style=\"font-size:13px;\">Governo Lula rejeita manobra de Zema sobre explora...<\/span>\n\t\t\t\t\t\t\t  \n\t\t\t\t\t\t\t  \n\t\t\t\t\t\t\t  <\/a>\n\n\t\t\t\t\t\t  <\/div>\n\t\t\t\t\t\t  <div class=\"relatedthumb \" style=\"width:125px;float:left;overflow:hidden;\">  \n\t\t\t\t\t\t\t  \n\t\t\t\t\t\t\t  <a  href=\"https:\/\/redept.com.br\/blogosfera\/prevista-para-2025-apos-17-anos-de-atraso-entrega-do-brt-em-belem-pa-ainda-gera-desconfianca\/\"  >\n\t\t\t\t\t\t\t\t\t  <div class=\"yuzo-img-wrap \" style=\"width: 125px;height:90px;\">\n\t\t\t\t\t\t\t\t\t\t\n\t\t\t\t\t\t\t\t\t\t<div class=\"yuzo-img\" style=\"background:url('https:\/\/redept.com.br\/blogosfera\/wp-content\/uploads\/2025\/06\/BRT-2-150x150.jpg') 50% 50% no-repeat;width: 125px;height:90px;margin-bottom: 5px;background-size: cover; \"><\/div>\n\t\t\t\t\t\t\t\t\t  <\/div>\n\t\t\t\t\t\t\t\t\t  \n\t\t\t\t\t\t\t\t   <span class=\"yuzo__text--title\" style=\"font-size:13px;\">Prevista para 2025 ap\u00f3s 17 anos de atraso, entrega...<\/span>\n\t\t\t\t\t\t\t  \n\t\t\t\t\t\t\t  \n\t\t\t\t\t\t\t  <\/a>\n\n\t\t\t\t\t\t  <\/div>\n\t\t\t\t\t\t  <div class=\"relatedthumb \" style=\"width:125px;float:left;overflow:hidden;\">  \n\t\t\t\t\t\t\t  \n\t\t\t\t\t\t\t  <a  href=\"https:\/\/sul21.com.br\/opiniao\/2026\/07\/sem-verdade-nao-ha-comunicacao-que-se-sustente-por-paulo-cezar-da-rosa\/\"  >\n\t\t\t\t\t\t\t\t\t  <div class=\"yuzo-img-wrap \" style=\"width: 125px;height:90px;\">\n\t\t\t\t\t\t\t\t\t\t\n\t\t\t\t\t\t\t\t\t\t<div class=\"yuzo-img\" style=\"background:url('https:\/\/redept.org\/blogosfera\/wp-content\/plugins\/yuzo-related-post\/assets\/images\/default.png') 50% 50% no-repeat;width: 125px;height:90px;margin-bottom: 5px;background-size: cover; \"><\/div>\n\t\t\t\t\t\t\t\t\t  <\/div>\n\t\t\t\t\t\t\t\t\t  \n\t\t\t\t\t\t\t\t   <span class=\"yuzo__text--title\" style=\"font-size:13px;\">Sem verdade n\u00e3o h\u00e1 comunica\u00e7\u00e3o que se sustente (po...<\/span>\n\t\t\t\t\t\t\t  \n\t\t\t\t\t\t\t  \n\t\t\t\t\t\t\t  <\/a>\n\n\t\t\t\t\t\t  <\/div>\n<\/div> <script>\n\t\t\t\t\t\t  jQuery(document).ready(function( $ ){\n\t\t\t\t\t\t\t\/\/jQuery('.yuzo_related_post').equalizer({ overflow : 'relatedthumb' });\n\t\t\t\t\t\t\tjQuery('.yuzo_related_post .yuzo_wraps').equalizer({ columns : '> div' });\n\t\t\t\t\t\t   })\n\t\t\t\t\t\t  <\/script> <!-- End Yuzo :) -->","protected":false},"excerpt":{"rendered":"<p>O Conselho de Paz para Gaza, estrutura criada pelo governo de Donald Trump para coordenar a reconstru\u00e7\u00e3o e a futura administra\u00e7\u00e3o do territ\u00f3rio palestino, aprovou seu primeiro contrato de constru\u00e7\u00e3o desde sua cria\u00e7\u00e3o, segundo o jornal The Guardian.\u00a0 O \u00f3rg\u00e3o \u00e9 presidido por Trump e tem entre seus principais integrantes o genro do presidente, Jared [\u2026]<\/p>\n<p>O post <a href=\"https:\/\/operamundi.uol.com.br\/guerra-israel-x-palestina\/conselho-da-paz-para-gaza-aprova-contrato-de-reconstrucao-sob-supervisao-do-genro-de-trump\/\">\u2018Conselho da Paz\u2019 para Gaza aprova contrato de reconstru\u00e7\u00e3o sob supervis\u00e3o do genro de Trump<\/a> apareceu primeiro em <a href=\"https:\/\/operamundi.uol.com.br\/\">Opera Mundi<\/a>.<\/p>\n","protected":false},"author":2,"featured_media":99037,"comment_status":"closed","ping_status":"closed","sticky":false,"template":"","format":"standard","meta":{"fifu_image_url":"","fifu_image_alt":"","footnotes":""},"categories":[8712,22413,3938,25,54],"tags":[],"class_list":["post-99036","post","type-post","status-publish","format-standard","has-post-thumbnail","hentry","category-bases-militares","category-conselho-da-paz","category-guerra-israel-x-palestina","category-israel","category-palestina"],"_links":{"self":[{"href":"https:\/\/redept.com.br\/blogosfera\/wp-json\/wp\/v2\/posts\/99036","targetHints":{"allow":["GET"]}}],"collection":[{"href":"https:\/\/redept.com.br\/blogosfera\/wp-json\/wp\/v2\/posts"}],"about":[{"href":"https:\/\/redept.com.br\/blogosfera\/wp-json\/wp\/v2\/types\/post"}],"author":[{"embeddable":true,"href":"https:\/\/redept.com.br\/blogosfera\/wp-json\/wp\/v2\/users\/2"}],"replies":[{"embeddable":true,"href":"https:\/\/redept.com.br\/blogosfera\/wp-json\/wp\/v2\/comments?post=99036"}],"version-history":[{"count":0,"href":"https:\/\/redept.com.br\/blogosfera\/wp-json\/wp\/v2\/posts\/99036\/revisions"}],"wp:featuredmedia":[{"embeddable":true,"href":"https:\/\/redept.com.br\/blogosfera\/wp-json\/wp\/v2\/media\/99037"}],"wp:attachment":[{"href":"https:\/\/redept.com.br\/blogosfera\/wp-json\/wp\/v2\/media?parent=99036"}],"wp:term":[{"taxonomy":"category","embeddable":true,"href":"https:\/\/redept.com.br\/blogosfera\/wp-json\/wp\/v2\/categories?post=99036"},{"taxonomy":"post_tag","embeddable":true,"href":"https:\/\/redept.com.br\/blogosfera\/wp-json\/wp\/v2\/tags?post=99036"}],"curies":[{"name":"wp","href":"https:\/\/api.w.org\/{rel}","templated":true}]}}