{"id":99150,"date":"2026-08-07T15:27:26","date_gmt":"2026-08-07T18:27:26","guid":{"rendered":"https:\/\/redept.com.br\/blogosfera\/lula-participa-de-encontro-dos-30-anos-do-mtst-em-taboao-da-serra\/"},"modified":"2026-08-07T15:27:26","modified_gmt":"2026-08-07T18:27:26","slug":"lula-participa-de-encontro-dos-30-anos-do-mtst-em-taboao-da-serra","status":"publish","type":"post","link":"https:\/\/redept.com.br\/blogosfera\/lula-participa-de-encontro-dos-30-anos-do-mtst-em-taboao-da-serra\/","title":{"rendered":"Lula participa de encontro dos 30 anos do MTST em Tabo\u00e3o da Serra"},"content":{"rendered":"<p>O presidente Luiz In\u00e1cio Lula da Silva participa neste s\u00e1bado (8), em Tabo\u00e3o da Serra, na Grande S\u00e3o Paulo, do encontro que celebra os 30 anos do Movimento dos Trabalhadores Sem Teto (MTST). O evento ser\u00e1 realizado na Arena Multiuso, a partir das 10h, reunindo lideran\u00e7as do movimento, representantes do governo federal, autoridades pol\u00edticas e centenas de fam\u00edlias ligadas \u00e0 luta por moradia. Saiba mais na\u00a0<strong><a href=\"https:\/\/tvtnews.com.br\/\">TVT News<\/a><\/strong>.<\/p>\n<p>A agenda tem como eixo principal a comemora\u00e7\u00e3o das tr\u00eas d\u00e9cadas de atua\u00e7\u00e3o do MTST e a apresenta\u00e7\u00e3o de novas conquistas obtidas por meio do programa Minha Casa, Minha Vida. Entre os an\u00fancios previstos est\u00e3o projetos habitacionais aprovados para Tabo\u00e3o da Serra, refor\u00e7ando a retomada da pol\u00edtica habitacional do governo federal.<\/p>\n<p>A participa\u00e7\u00e3o de Lula ocorre a convite do ministro Guilherme Boulos, cuja trajet\u00f3ria pol\u00edtica est\u00e1 diretamente ligada ao MTST. Segundo lideran\u00e7as do movimento, o encontro n\u00e3o possui car\u00e1ter eleitoral e foi organizado para celebrar a hist\u00f3ria da organiza\u00e7\u00e3o e apresentar os resultados das recentes sele\u00e7\u00f5es do Minha Casa, Minha Vida.<\/p>\n<p>De acordo com informa\u00e7\u00f5es do Portal <em><a href=\"https:\/\/otaboanense.com.br\/evento-com-lula-em-taboao-da-serra-sera-realizado-na-arena-multiuso-apos-mudanca-de-local\/\" target=\"_blank\" rel=\"noopener noreferrer nofollow\">O Taboanense<\/a><\/em>, o evento teve o local alterado nos \u00faltimos dias. Inicialmente marcado para o Gin\u00e1sio Ayrton Senna, o encontro foi transferido para a Arena Multiuso em raz\u00e3o da expectativa de p\u00fablico superior \u00e0 prevista e por quest\u00f5es de seguran\u00e7a.<\/p>\n<p>Ainda conforme o portal, Paulo F\u00e9lix, lideran\u00e7a do MTST em Tabo\u00e3o da Serra, explicou que a mudan\u00e7a foi necess\u00e1ria para garantir melhores condi\u00e7\u00f5es de acesso e acomoda\u00e7\u00e3o dos participantes. Segundo ele, a mobiliza\u00e7\u00e3o em torno da visita presidencial superou as expectativas dos organizadores.<\/p>\n<p>\u201cO Lula vem a convite do ministro Guilherme Boulos porque estamos comemorando os 30 anos do MTST. Tamb\u00e9m vamos anunciar as conquistas da \u00faltima sele\u00e7\u00e3o do Minha Casa, Minha Vida e das anteriores, inclusive projetos aprovados para Tabo\u00e3o da Serra\u201d, afirmou Paulo F\u00e9lix.<\/p>\n<p>Al\u00e9m da pauta habitacional, a expectativa \u00e9 que o presidente fa\u00e7a um balan\u00e7o das pol\u00edticas sociais do governo federal e aborde temas da conjuntura nacional durante seu discurso.<\/p>\n<h2>Tr\u00eas d\u00e9cadas de luta pelo direito \u00e0 moradia<\/h2>\n<p>Fundado em 1997, o <a href=\"https:\/\/mtst.org\/\" target=\"_blank\" rel=\"noopener noreferrer nofollow\">MTST<\/a> tornou-se um dos principais movimentos sociais urbanos do pa\u00eds, organizando fam\u00edlias em situa\u00e7\u00e3o de vulnerabilidade e defendendo o direito constitucional \u00e0 moradia digna. Presente em diversos estados brasileiros, o movimento tamb\u00e9m atua em pautas relacionadas \u00e0 reforma urbana, combate \u00e0 fome, gera\u00e7\u00e3o de trabalho e fortalecimento de pol\u00edticas p\u00fablicas voltadas \u00e0s periferias.<\/p>\n<p>Ao longo de sua trajet\u00f3ria, o MTST ampliou sua atua\u00e7\u00e3o para al\u00e9m da organiza\u00e7\u00e3o de ocupa\u00e7\u00f5es urbanas, desenvolvendo iniciativas como cozinhas solid\u00e1rias e projetos comunit\u00e1rios voltados \u00e0 garantia de direitos sociais.<\/p>\n<p>A comemora\u00e7\u00e3o dos 30 anos do movimento acontece em um momento de retomada dos investimentos federais na habita\u00e7\u00e3o popular. Desde a recria\u00e7\u00e3o do Minha Casa, Minha Vida pelo governo Lula, novas sele\u00e7\u00f5es t\u00eam contemplado empreendimentos destinados a fam\u00edlias de baixa renda em diferentes regi\u00f5es do pa\u00eds.<\/p>\n<h2>Agenda refor\u00e7a prioridade para habita\u00e7\u00e3o popular<\/h2>\n<p>A presen\u00e7a de Lula em Tabo\u00e3o da Serra tamb\u00e9m refor\u00e7a a prioridade dada pelo governo federal \u00e0s pol\u00edticas de moradia e \u00e0 amplia\u00e7\u00e3o do Minha Casa, Minha Vida, considerado uma das principais iniciativas voltadas \u00e0 redu\u00e7\u00e3o do d\u00e9ficit habitacional brasileiro.<\/p>\n<p>Durante o encontro, o MTST dever\u00e1 apresentar os resultados das \u00faltimas sele\u00e7\u00f5es do programa, incluindo empreendimentos aprovados para o munic\u00edpio paulista. A expectativa \u00e9 de grande participa\u00e7\u00e3o popular na Arena Multiuso, que passou a sediar o evento justamente para atender \u00e0 alta procura registrada ap\u00f3s o an\u00fancio da visita presidencial.<\/p>\n<p>A programa\u00e7\u00e3o integra a agenda oficial do presidente da Rep\u00fablica neste s\u00e1bado (8) e marca um dos principais atos comemorativos pelos 30 anos de um dos mais importantes movimentos de luta por moradia do Brasil.<\/p>\n<p>The post <a rel=\"nofollow\" href=\"https:\/\/tvtnews.com.br\/lula-participa-de-encontro-dos-30-anos-do-mtst-em-taboao-da-serra\/\">Lula participa de encontro dos 30 anos do MTST em Tabo\u00e3o da Serra<\/a> appeared first on <a rel=\"nofollow\" href=\"https:\/\/tvtnews.com.br\/\">TVT News<\/a>.<\/p>\n<!-- Begin Yuzo --><div class='yuzo_related_post style-1'  data-version='5.12.89'><!-- without result --><div class='yuzo_clearfixed yuzo__title yuzo__title'><h3>Related Post<\/h3><\/div>\n\t\t\t\t\t\t  <div class=\"relatedthumb \" style=\"width:125px;float:left;overflow:hidden;\">  \n\t\t\t\t\t\t\t  \n\t\t\t\t\t\t\t  <a  href=\"https:\/\/redept.com.br\/blogosfera\/pobreza-tema-esquecido-pela-esquerda\/\"  >\n\t\t\t\t\t\t\t\t\t  <div class=\"yuzo-img-wrap \" style=\"width: 125px;height:90px;\">\n\t\t\t\t\t\t\t\t\t\t\n\t\t\t\t\t\t\t\t\t\t<div class=\"yuzo-img\" style=\"background:url('https:\/\/redept.com.br\/blogosfera\/wp-content\/uploads\/2025\/06\/canvas-150x150.jpg') 50% 50% no-repeat;width: 125px;height:90px;margin-bottom: 5px;background-size: cover; \"><\/div>\n\t\t\t\t\t\t\t\t\t  <\/div>\n\t\t\t\t\t\t\t\t\t  \n\t\t\t\t\t\t\t\t   <span class=\"yuzo__text--title\" style=\"font-size:13px;\">Pobreza, tema esquecido pela esquerda?<\/span>\n\t\t\t\t\t\t\t  \n\t\t\t\t\t\t\t  \n\t\t\t\t\t\t\t  <\/a>\n\n\t\t\t\t\t\t  <\/div>\n\t\t\t\t\t\t  <div class=\"relatedthumb \" style=\"width:125px;float:left;overflow:hidden;\">  \n\t\t\t\t\t\t\t  \n\t\t\t\t\t\t\t  <a  href=\"https:\/\/redept.com.br\/blogosfera\/mst-inicia-reuniao-da-sua-coordenacao-nacional-em-belem-pa\/\"  >\n\t\t\t\t\t\t\t\t\t  <div class=\"yuzo-img-wrap \" style=\"width: 125px;height:90px;\">\n\t\t\t\t\t\t\t\t\t\t\n\t\t\t\t\t\t\t\t\t\t<div class=\"yuzo-img\" style=\"background:url('https:\/\/redept.com.br\/blogosfera\/wp-content\/uploads\/2025\/01\/imagem1-1024x682-1-150x150.jpg') 50% 50% no-repeat;width: 125px;height:90px;margin-bottom: 5px;background-size: cover; \"><\/div>\n\t\t\t\t\t\t\t\t\t  <\/div>\n\t\t\t\t\t\t\t\t\t  \n\t\t\t\t\t\t\t\t   <span class=\"yuzo__text--title\" style=\"font-size:13px;\">MST inicia reuni\u00e3o da sua Coordena\u00e7\u00e3o Nacional em ...<\/span>\n\t\t\t\t\t\t\t  \n\t\t\t\t\t\t\t  \n\t\t\t\t\t\t\t  <\/a>\n\n\t\t\t\t\t\t  <\/div>\n\t\t\t\t\t\t  <div class=\"relatedthumb \" style=\"width:125px;float:left;overflow:hidden;\">  \n\t\t\t\t\t\t\t  \n\t\t\t\t\t\t\t  <a  href=\"https:\/\/redept.com.br\/blogosfera\/joias-foram-vendidas-para-pagar-indenizacao-a-deputada-e-multas-de-bolsonaro\/\"  >\n\t\t\t\t\t\t\t\t\t  <div class=\"yuzo-img-wrap \" style=\"width: 125px;height:90px;\">\n\t\t\t\t\t\t\t\t\t\t\n\t\t\t\t\t\t\t\t\t\t<div class=\"yuzo-img\" style=\"background:url('https:\/\/redept.org\/blogosfera\/wp-content\/plugins\/yuzo-related-post\/assets\/images\/default.png') 50% 50% no-repeat;width: 125px;height:90px;margin-bottom: 5px;background-size: cover; \"><\/div>\n\t\t\t\t\t\t\t\t\t  <\/div>\n\t\t\t\t\t\t\t\t\t  \n\t\t\t\t\t\t\t\t   <span class=\"yuzo__text--title\" style=\"font-size:13px;\">Joias foram vendidas para pagar indeniza\u00e7\u00e3o \u00e0 depu...<\/span>\n\t\t\t\t\t\t\t  \n\t\t\t\t\t\t\t  \n\t\t\t\t\t\t\t  <\/a>\n\n\t\t\t\t\t\t  <\/div>\n\t\t\t\t\t\t  <div class=\"relatedthumb \" style=\"width:125px;float:left;overflow:hidden;\">  \n\t\t\t\t\t\t\t  \n\t\t\t\t\t\t\t  <a  href=\"https:\/\/redept.com.br\/blogosfera\/acordo-mercosul-canada-avanca-em-decima-rodada-de-negociacoes\/\"  >\n\t\t\t\t\t\t\t\t\t  <div class=\"yuzo-img-wrap \" style=\"width: 125px;height:90px;\">\n\t\t\t\t\t\t\t\t\t\t\n\t\t\t\t\t\t\t\t\t\t<div class=\"yuzo-img\" style=\"background:url('https:\/\/redept.org\/blogosfera\/wp-content\/plugins\/yuzo-related-post\/assets\/images\/default.png') 50% 50% no-repeat;width: 125px;height:90px;margin-bottom: 5px;background-size: cover; \"><\/div>\n\t\t\t\t\t\t\t\t\t  <\/div>\n\t\t\t\t\t\t\t\t\t  \n\t\t\t\t\t\t\t\t   <span class=\"yuzo__text--title\" style=\"font-size:13px;\">Acordo Mercosul-Canad\u00e1 avan\u00e7a em d\u00e9cima rodada de ...<\/span>\n\t\t\t\t\t\t\t  \n\t\t\t\t\t\t\t  \n\t\t\t\t\t\t\t  <\/a>\n\n\t\t\t\t\t\t  <\/div>\n<\/div> <script>\n\t\t\t\t\t\t  jQuery(document).ready(function( $ ){\n\t\t\t\t\t\t\t\/\/jQuery('.yuzo_related_post').equalizer({ overflow : 'relatedthumb' });\n\t\t\t\t\t\t\tjQuery('.yuzo_related_post .yuzo_wraps').equalizer({ columns : '> div' });\n\t\t\t\t\t\t   })\n\t\t\t\t\t\t  <\/script> <!-- End Yuzo :) -->","protected":false},"excerpt":{"rendered":"<p>O presidente Luiz In\u00e1cio Lula da Silva participa neste s\u00e1bado (8), em Tabo\u00e3o da Serra, na Grande S\u00e3o Paulo, do encontro que celebra os 30 anos do Movimento dos Trabalhadores Sem Teto (MTST). O evento ser\u00e1 realizado na Arena Multiuso, a partir das 10h, reunindo lideran\u00e7as do movimento, representantes do governo federal, autoridades pol\u00edticas e [&hellip;]<\/p>\n","protected":false},"author":2,"featured_media":0,"comment_status":"open","ping_status":"closed","sticky":false,"template":"","format":"standard","meta":{"fifu_image_url":"","fifu_image_alt":"","footnotes":""},"categories":[472,1760,1536,132],"tags":[],"class_list":["post-99150","post","type-post","status-publish","format-standard","hentry","category-destaque-ahome","category-eleicoes-2026","category-minha-casa-minha-vida","category-politica"],"_links":{"self":[{"href":"https:\/\/redept.com.br\/blogosfera\/wp-json\/wp\/v2\/posts\/99150","targetHints":{"allow":["GET"]}}],"collection":[{"href":"https:\/\/redept.com.br\/blogosfera\/wp-json\/wp\/v2\/posts"}],"about":[{"href":"https:\/\/redept.com.br\/blogosfera\/wp-json\/wp\/v2\/types\/post"}],"author":[{"embeddable":true,"href":"https:\/\/redept.com.br\/blogosfera\/wp-json\/wp\/v2\/users\/2"}],"replies":[{"embeddable":true,"href":"https:\/\/redept.com.br\/blogosfera\/wp-json\/wp\/v2\/comments?post=99150"}],"version-history":[{"count":0,"href":"https:\/\/redept.com.br\/blogosfera\/wp-json\/wp\/v2\/posts\/99150\/revisions"}],"wp:attachment":[{"href":"https:\/\/redept.com.br\/blogosfera\/wp-json\/wp\/v2\/media?parent=99150"}],"wp:term":[{"taxonomy":"category","embeddable":true,"href":"https:\/\/redept.com.br\/blogosfera\/wp-json\/wp\/v2\/categories?post=99150"},{"taxonomy":"post_tag","embeddable":true,"href":"https:\/\/redept.com.br\/blogosfera\/wp-json\/wp\/v2\/tags?post=99150"}],"curies":[{"name":"wp","href":"https:\/\/api.w.org\/{rel}","templated":true}]}}