{"id":99222,"date":"2026-08-07T18:25:48","date_gmt":"2026-08-07T21:25:48","guid":{"rendered":"https:\/\/redept.com.br\/blogosfera\/petro-deixa-governo-colombiano-e-nao-vai-a-posse-de-espriella\/"},"modified":"2026-08-07T18:25:48","modified_gmt":"2026-08-07T21:25:48","slug":"petro-deixa-governo-colombiano-e-nao-vai-a-posse-de-espriella","status":"publish","type":"post","link":"https:\/\/redept.com.br\/blogosfera\/petro-deixa-governo-colombiano-e-nao-vai-a-posse-de-espriella\/","title":{"rendered":"Petro deixa governo colombiano e n\u00e3o vai a posse de Espriella"},"content":{"rendered":"<p>Gustavo Petro j\u00e1 n\u00e3o \u00e9 mais presidente da Col\u00f4mbia. O l\u00edder da coaliz\u00e3o progressista Pacto Hist\u00f3rico deixou o Pal\u00e1cio de Governo em uma cerim\u00f4nia realizada nesta sexta-feira (07\/08), em Bogot\u00e1, horas antes da posse do novo presidente, Abelardo de la Espriella \u2013 evento ao qual o agora ex-presidente n\u00e3o ir\u00e1 comparecer.<\/p>\n<p>Em sua despedida, Petro realizou um breve discurso, no qual enalteceu os pontos positivos do seu governo e manifestou seu agradecimento a algumas figuras que colaboraram com sua gest\u00e3o.<\/p>\n<p>\u201cCreio que voc\u00eas est\u00e3o melhores agora do que quando eu entrei (ao governo), por isso, viva a Col\u00f4mbia livre!\u201d, enfatizou o agora ex-mandat\u00e1rio colombiano.<\/p>\n<p>O discurso de Petro tamb\u00e9m incluiu um coment\u00e1rio ir\u00f4nico ao presidente Espriella e seus aliados: \u201cdisseram que eu fecharia o Congresso, e isso n\u00e3o aconteceu em nenhum dia, mas hoje ele est\u00e1 fechado, e n\u00e3o foi este presidente que o fechou\u201d.<\/p>\n<p>A declara\u00e7\u00e3o fez refer\u00eancia ao fato de que o presidente do Congresso colombiano, Honorio Henr\u00edquez Pinedo, que apoia o governo do novo presidente, e que, em medida anunciada nesta quinta-feira (06\/08), determinou o fechamento do Capit\u00f3lio Nacional do pa\u00eds andino durante esta sexta-feira, o que significou impedir a realiza\u00e7\u00e3o de um evento solicitado por setores de esquerda, liderados pelo Pacto Hist\u00f3rico.<\/p>\n<blockquote data-media-max-width=\"560\">\n<p dir=\"ltr\" lang=\"es\">Dijeron que me quedar\u00eda en la casa de Nari\u00f1o y que cerrar\u00eda el Congreso de la Rep\u00fablica.<\/p>\n<p>Ahora dejo esa casa, y qui\u00e9n ha cerrado el Congreso de la Rep\u00fablica es otro y no hay presidente para entregarle el mando. pic.twitter.com\/hj7P7Gj8el<\/p>\n<p>\u2014 Gustavo Petro (@petrogustavo) August 7, 2026<\/p>\n<\/blockquote>\n<p>Representantes da frente partid\u00e1ria progressista \u2013 que sustentou o governo de Petro e que agora passou \u00e0 oposi\u00e7\u00e3o \u2013 denunciaram a medida como uma \u201ctentativa de impedir que a oposi\u00e7\u00e3o colombiana exer\u00e7a seus direitos\u201d.<\/p>\n<p>A coaliz\u00e3o opositora argumenta que o direito da sua bancada de usar o Capit\u00f3lio Nacional para suas atividades est\u00e1 estabelecido da casa.<\/p>\n<p>\u201cHenr\u00edquez Pinedo deve explicar ao pa\u00eds os motivos pelos quais o Capit\u00f3lio Nacional permaneceu fechado, uma decis\u00e3o que impediu a oposi\u00e7\u00e3o de realizar um evento pol\u00edtico\u201d, diz um comunicado do Pacto Hist\u00f3rico.<\/p>\n<p>O post Petro deixa governo colombiano e n\u00e3o vai a posse de Espriella apareceu primeiro em Opera Mundi.<\/p>\n<!-- Begin Yuzo --><div class='yuzo_related_post style-1'  data-version='5.12.89'><!-- without result --><div class='yuzo_clearfixed yuzo__title yuzo__title'><h3>Related Post<\/h3><\/div>\n\t\t\t\t\t\t  <div class=\"relatedthumb \" style=\"width:125px;float:left;overflow:hidden;\">  \n\t\t\t\t\t\t\t  \n\t\t\t\t\t\t\t  <a  href=\"https:\/\/redept.com.br\/blogosfera\/o-que-faz-uma-universidade-universidade\/\"  >\n\t\t\t\t\t\t\t\t\t  <div class=\"yuzo-img-wrap \" style=\"width: 125px;height:90px;\">\n\t\t\t\t\t\t\t\t\t\t\n\t\t\t\t\t\t\t\t\t\t<div class=\"yuzo-img\" style=\"background:url('https:\/\/redept.org\/blogosfera\/wp-content\/plugins\/yuzo-related-post\/assets\/images\/default.png') 50% 50% no-repeat;width: 125px;height:90px;margin-bottom: 5px;background-size: cover; \"><\/div>\n\t\t\t\t\t\t\t\t\t  <\/div>\n\t\t\t\t\t\t\t\t\t  \n\t\t\t\t\t\t\t\t   <span class=\"yuzo__text--title\" style=\"font-size:13px;\">O que faz uma universidade, universidade?<\/span>\n\t\t\t\t\t\t\t  \n\t\t\t\t\t\t\t  \n\t\t\t\t\t\t\t  <\/a>\n\n\t\t\t\t\t\t  <\/div>\n\t\t\t\t\t\t  <div class=\"relatedthumb \" style=\"width:125px;float:left;overflow:hidden;\">  \n\t\t\t\t\t\t\t  \n\t\t\t\t\t\t\t  <a  href=\"https:\/\/redept.com.br\/blogosfera\/mark-ruffalo-chama-trump-de-pior-ser-humano-e-critica-ataques-a-venezuela-durante-cerimonia-do-globo-de-ouro\/\"  >\n\t\t\t\t\t\t\t\t\t  <div class=\"yuzo-img-wrap \" style=\"width: 125px;height:90px;\">\n\t\t\t\t\t\t\t\t\t\t\n\t\t\t\t\t\t\t\t\t\t<div class=\"yuzo-img\" style=\"background:url('https:\/\/redept.org\/blogosfera\/wp-content\/plugins\/yuzo-related-post\/assets\/images\/default.png') 50% 50% no-repeat;width: 125px;height:90px;margin-bottom: 5px;background-size: cover; \"><\/div>\n\t\t\t\t\t\t\t\t\t  <\/div>\n\t\t\t\t\t\t\t\t\t  \n\t\t\t\t\t\t\t\t   <span class=\"yuzo__text--title\" style=\"font-size:13px;\">Mark Ruffalo chama Trump de \u2018pior ser humano\u2019 e cr...<\/span>\n\t\t\t\t\t\t\t  \n\t\t\t\t\t\t\t  \n\t\t\t\t\t\t\t  <\/a>\n\n\t\t\t\t\t\t  <\/div>\n\t\t\t\t\t\t  <div class=\"relatedthumb \" style=\"width:125px;float:left;overflow:hidden;\">  \n\t\t\t\t\t\t\t  \n\t\t\t\t\t\t\t  <a  href=\"https:\/\/redept.com.br\/blogosfera\/o-ndb-e-um-banco-feito-pelo-sul-global-para-o-sul-global-defende-dilma-sobre-comparacao-com-o-fmi\/\"  >\n\t\t\t\t\t\t\t\t\t  <div class=\"yuzo-img-wrap \" style=\"width: 125px;height:90px;\">\n\t\t\t\t\t\t\t\t\t\t\n\t\t\t\t\t\t\t\t\t\t<div class=\"yuzo-img\" style=\"background:url('https:\/\/redept.org\/blogosfera\/wp-content\/plugins\/yuzo-related-post\/assets\/images\/default.png') 50% 50% no-repeat;width: 125px;height:90px;margin-bottom: 5px;background-size: cover; \"><\/div>\n\t\t\t\t\t\t\t\t\t  <\/div>\n\t\t\t\t\t\t\t\t\t  \n\t\t\t\t\t\t\t\t   <span class=\"yuzo__text--title\" style=\"font-size:13px;\">\u2018O NDB \u00e9 um banco feito pelo Sul Global para o Sul...<\/span>\n\t\t\t\t\t\t\t  \n\t\t\t\t\t\t\t  \n\t\t\t\t\t\t\t  <\/a>\n\n\t\t\t\t\t\t  <\/div>\n\t\t\t\t\t\t  <div class=\"relatedthumb \" style=\"width:125px;float:left;overflow:hidden;\">  \n\t\t\t\t\t\t\t  \n\t\t\t\t\t\t\t  <a  href=\"https:\/\/redept.com.br\/blogosfera\/em-cenario-de-desilucao-politica-e-sem-favoritos-peru-vota-para-presidente-no-domingo-12\/\"  >\n\t\t\t\t\t\t\t\t\t  <div class=\"yuzo-img-wrap \" style=\"width: 125px;height:90px;\">\n\t\t\t\t\t\t\t\t\t\t\n\t\t\t\t\t\t\t\t\t\t<div class=\"yuzo-img\" style=\"background:url('https:\/\/redept.org\/blogosfera\/wp-content\/plugins\/yuzo-related-post\/assets\/images\/default.png') 50% 50% no-repeat;width: 125px;height:90px;margin-bottom: 5px;background-size: cover; \"><\/div>\n\t\t\t\t\t\t\t\t\t  <\/div>\n\t\t\t\t\t\t\t\t\t  \n\t\t\t\t\t\t\t\t   <span class=\"yuzo__text--title\" style=\"font-size:13px;\">Em cen\u00e1rio de desilu\u00e7\u00e3o pol\u00edtica e sem favoritos, ...<\/span>\n\t\t\t\t\t\t\t  \n\t\t\t\t\t\t\t  \n\t\t\t\t\t\t\t  <\/a>\n\n\t\t\t\t\t\t  <\/div>\n<\/div> <script>\n\t\t\t\t\t\t  jQuery(document).ready(function( $ ){\n\t\t\t\t\t\t\t\/\/jQuery('.yuzo_related_post').equalizer({ overflow : 'relatedthumb' });\n\t\t\t\t\t\t\tjQuery('.yuzo_related_post .yuzo_wraps').equalizer({ columns : '> div' });\n\t\t\t\t\t\t   })\n\t\t\t\t\t\t  <\/script> <!-- End Yuzo :) -->","protected":false},"excerpt":{"rendered":"<p>Gustavo Petro j\u00e1 n\u00e3o \u00e9 mais presidente da Col\u00f4mbia. O l\u00edder da coaliz\u00e3o progressista Pacto Hist\u00f3rico deixou o Pal\u00e1cio de Governo em uma cerim\u00f4nia realizada nesta sexta-feira (07\/08), em Bogot\u00e1, horas antes da posse do novo presidente, Abelardo de la Espriella \u2013 evento ao qual o agora ex-presidente n\u00e3o ir\u00e1 comparecer. Em sua despedida, Petro [\u2026]<\/p>\n<p>O post <a href=\"https:\/\/operamundi.uol.com.br\/america-latina\/petro-deixa-governo-colombiano-e-nao-vai-a-posse-de-espriella\/\">Petro deixa governo colombiano e n\u00e3o vai a posse de Espriella<\/a> apareceu primeiro em <a href=\"https:\/\/operamundi.uol.com.br\/\">Opera Mundi<\/a>.<\/p>\n","protected":false},"author":2,"featured_media":0,"comment_status":"closed","ping_status":"closed","sticky":false,"template":"","format":"standard","meta":{"fifu_image_url":"","fifu_image_alt":"","footnotes":""},"categories":[347,1787,1620,79393,79394,2953,2735,7268,3626],"tags":[],"class_list":["post-99222","post","type-post","status-publish","format-standard","hentry","category-america-latina","category-colombia","category-congresso","category-espriella","category-fechar-o-congresso","category-gustavo-petro","category-oposicao","category-pacto-historico","category-petro"],"_links":{"self":[{"href":"https:\/\/redept.com.br\/blogosfera\/wp-json\/wp\/v2\/posts\/99222","targetHints":{"allow":["GET"]}}],"collection":[{"href":"https:\/\/redept.com.br\/blogosfera\/wp-json\/wp\/v2\/posts"}],"about":[{"href":"https:\/\/redept.com.br\/blogosfera\/wp-json\/wp\/v2\/types\/post"}],"author":[{"embeddable":true,"href":"https:\/\/redept.com.br\/blogosfera\/wp-json\/wp\/v2\/users\/2"}],"replies":[{"embeddable":true,"href":"https:\/\/redept.com.br\/blogosfera\/wp-json\/wp\/v2\/comments?post=99222"}],"version-history":[{"count":0,"href":"https:\/\/redept.com.br\/blogosfera\/wp-json\/wp\/v2\/posts\/99222\/revisions"}],"wp:attachment":[{"href":"https:\/\/redept.com.br\/blogosfera\/wp-json\/wp\/v2\/media?parent=99222"}],"wp:term":[{"taxonomy":"category","embeddable":true,"href":"https:\/\/redept.com.br\/blogosfera\/wp-json\/wp\/v2\/categories?post=99222"},{"taxonomy":"post_tag","embeddable":true,"href":"https:\/\/redept.com.br\/blogosfera\/wp-json\/wp\/v2\/tags?post=99222"}],"curies":[{"name":"wp","href":"https:\/\/api.w.org\/{rel}","templated":true}]}}