{"id":99502,"date":"2026-08-10T15:30:39","date_gmt":"2026-08-10T18:30:39","guid":{"rendered":"https:\/\/redept.com.br\/blogosfera\/crimes-da-ditadura-brasileira-52-anos-da-morte-de-frei-tito\/"},"modified":"2026-08-10T15:30:39","modified_gmt":"2026-08-10T18:30:39","slug":"crimes-da-ditadura-brasileira-52-anos-da-morte-de-frei-tito","status":"publish","type":"post","link":"https:\/\/redept.com.br\/blogosfera\/crimes-da-ditadura-brasileira-52-anos-da-morte-de-frei-tito\/","title":{"rendered":"Crimes da ditadura brasileira: 52 anos da morte de Frei Tito"},"content":{"rendered":"<p>H\u00e1 52 anos, em 10 de agosto de 1974, falecia no ex\u00edlio Tito de Alencar Lima, o Frei Tito, frade dominicano que se tornou um s\u00edmbolo da luta contra a ditadura militar no Brasil.<\/p>\n<p>Perfilado aos setores progressistas da Igreja, Frei Tito militou na Juventude Estudantil Cat\u00f3lica e desenvolveu um importante trabalho social junto \u00e0s comunidades carentes de Fortaleza. Ap\u00f3s o golpe de 1964, o frade apoiou a resist\u00eancia contra o regime e ajudou a viabilizar a organiza\u00e7\u00e3o de um congresso clandestino da UNE.<\/p>\n<p>Preso em 1969 sob a acusa\u00e7\u00e3o de dar apoio \u00e0 luta armada de Carlos Marighella, Frei Tito foi brutalmente torturado ao longo de meses. Libertado em 1971, ele foi banido do Brasil e partiu para o ex\u00edlio na Fran\u00e7a. As sequelas f\u00edsicas e psicol\u00f3gicas das torturas, no entanto, o acompanharam at\u00e9 o fim da vida. Atormentado pela lembran\u00e7a dos maus-tratos, o religioso tirou a pr\u00f3pria vida.<\/p>\n<h3>A juventude de Tito<\/h3>\n<p>Tito de Alencar Lima nasceu em 14 de setembro de 1945, em Fortaleza, Cear\u00e1. Era o ca\u00e7ula dos 11 filhos de Laura de Alencar e Ildefonso Rodrigues de Lima. Criado no seio de uma fam\u00edlia muito religiosa, participou desde pequeno das atividades e tarefas da Igreja Cat\u00f3lica. A atua\u00e7\u00e3o nas campanhas de caridade despertou o interesse de Tito pelas quest\u00f5es sociais.<\/p>\n<p>Aos 12 anos, o jovem foi aprovado nos exames admissionais do Liceu do Cear\u00e1, um dos col\u00e9gios mais tradicionais do estado. No mesmo per\u00edodo, Tito ingressou na Juventude Estudantil Cat\u00f3lica (JEC), o bra\u00e7o juvenil da A\u00e7\u00e3o Cat\u00f3lica Brasileira (ACB), movimento que promovia a participa\u00e7\u00e3o de fi\u00e9is leigos nas miss\u00f5es evangelizadoras e nas obras sociais da Igreja. Tamb\u00e9m se tornou membro da Congrega\u00e7\u00e3o Mariana, participando do trabalho paroquial junto \u00e0s comunidades carentes de Fortaleza, em especial a Favela do Dend\u00ea.<\/p>\n<p>Em 1963, ap\u00f3s assumir o cargo de dirigente regional da JEC no Nordeste, Tito se mudou para Recife. A capital pernambucana vivia um per\u00edodo de intensa efervesc\u00eancia pol\u00edtica e cultural. Sob o governo de Miguel Arraes, a cidade se tornara um polo de refer\u00eancia em experi\u00eancias inovadoras no campo da educa\u00e7\u00e3o popular e da organiza\u00e7\u00e3o social. Destacava-se, em especial, o Movimento de Cultura Popular (MCP), onde o educador Paulo Freire formulou os preceitos b\u00e1sicos de sua \u201cpedagogia do oprimido\u201d.<\/p>\n<p>Em paralelo ao trabalho desenvolvido na JEC, Tito acompanhou os acirrados debates pol\u00edticos e as disputas travadas entre trabalhistas e udenistas no in\u00edcio dos anos 60. Ele se aproximou do movimento estudantil, atuando junto \u00e0 Uni\u00e3o Cearense de Estudantes Secundaristas, e apoiou as reformas de base propostas por Jo\u00e3o Goulart.<\/p>\n<h3>Carreira eclesi\u00e1stica e movimento estudantil<\/h3>\n<p>O golpe militar de 1964 resultou na extin\u00e7\u00e3o de v\u00e1rias iniciativas educacionais e sociais mantidas pela Igreja. Tito e outros militantes ligados \u00e0 A\u00e7\u00e3o Cat\u00f3lica, no entanto, permaneceram ativos na resist\u00eancia \u00e0 ditadura e buscaram fortalecer os v\u00ednculos com o movimento estudantil, ent\u00e3o a principal frente de oposi\u00e7\u00e3o ao regime.<\/p>\n<p>Em 1965, ent\u00e3o com 19 anos, Tito decidiu seguir a carreira eclesi\u00e1stica, ingressando na Ordem dos Pregadores (ou Ordem Dominicana). Ele concluiu o noviciado em Belo Horizonte e professou seus votos religiosos em 1967, quando foi ordenado sacerdote.<\/p>\n<p>Frei Tito se mudou para S\u00e3o Paulo em 1968, passando a residir no\u00a0Convento de Santo Alberto Magno, no bairro de Perdizes. O ingresso na ordem religiosa n\u00e3o afetou seu engajamento pol\u00edtico. Inspirados pelas novas diretrizes do Conc\u00edlio Vaticano II e pela Teologia da Liberta\u00e7\u00e3o, os dominicanos de S\u00e3o Paulo se tornaram opositores convictos da ditadura militar.<\/p>\n<p>Em 1968, Tito ingressou no curso de Ci\u00eancias Sociais da Universidade de S\u00e3o Paulo (USP). Conciliando a rotina conventual com a milit\u00e2ncia, ele participou das mobiliza\u00e7\u00f5es estudantis que denunciavam a viol\u00eancia dos aparelhos repressivos e exigiam a restaura\u00e7\u00e3o das liberdades civis.<\/p>\n<p>O frade teve papel importante na organiza\u00e7\u00e3o do 30\u00ba Congresso da Uni\u00e3o Nacional dos Estudantes (UNE), ajudando a viabilizar o empr\u00e9stimo do s\u00edtio em Ibi\u00fana onde foi sediado o encontro. Em 12 de outubro de 1968, o congresso foi invadido por tropas da Pol\u00edcia Militar e por agentes do DOPS (Departamento de Ordem Pol\u00edtica e Social), resultando na pris\u00e3o de 739 estudantes.<\/p>\n<p>Tito foi um dos militantes presos em Ibi\u00fana, tendo seu nome inclu\u00eddo nos registros dos aparelhos repressivos e passando a sofrer persegui\u00e7\u00e3o. Contrariada com o crescimento das organiza\u00e7\u00f5es revolucion\u00e1rias e com a agita\u00e7\u00e3o do movimento estudantil, a ditadura se encaminhava para sua fase mais violenta, marcada pela pris\u00e3o, tortura e assassinato de centenas de opositores.<\/p>\n<figure aria-describedby=\"caption-attachment-262667\"><img loading=\"lazy\" loading=\"lazy\" decoding=\"async\"src=\"https:\/\/redept.com.br\/blogosfera\/wp-content\/uploads\/2026\/08\/frei_tito_de_alencar_cropped.jpg\" alt=\"\" width=\"960\" height=\"1049\" srcset=\"https:\/\/redept.com.br\/blogosfera\/wp-content\/uploads\/2026\/08\/frei_tito_de_alencar_cropped.jpg 960w, https:\/\/operamundi.uol.com.br\/wp-content\/uploads\/2026\/08\/frei_tito_de_alencar_cropped-275x300.jpg 275w, https:\/\/operamundi.uol.com.br\/wp-content\/uploads\/2026\/08\/frei_tito_de_alencar_cropped-937x1024.jpg 937w, https:\/\/operamundi.uol.com.br\/wp-content\/uploads\/2026\/08\/frei_tito_de_alencar_cropped-768x839.jpg 768w, https:\/\/operamundi.uol.com.br\/wp-content\/uploads\/2026\/08\/frei_tito_de_alencar_cropped-750x820.jpg 750w\" sizes=\"auto, (max-width: 960px) 100vw, 960px\"><figcaption>: Frei Tito de Alencar. <br \/>Via Wikimedia Commons<\/figcaption><\/figure>\n<h3>A tortura nos por\u00f5es do regime<\/h3>\n<p>O convento dos dominicanos em Perdizes passou a ser monitorado pela ditadura. Os militares haviam sido informados pelo governo norte-americano de que os frades estariam mantendo contato e prestando apoio log\u00edstico para a A\u00e7\u00e3o Libertadora Nacional (ALN), uma das mais combativas organiza\u00e7\u00f5es da luta armada contra o regime, comandada pelo guerrilheiro Carlos Marighella.<\/p>\n<p>Na madrugada de 4 de novembro de 1969, uma equipe de agentes do DOPS invadiu o convento durante a \u201cOpera\u00e7\u00e3o Batina Branca\u201d. A a\u00e7\u00e3o foi coordenada pelo delegado S\u00e9rgio Fleury, um dos mais infames torturadores do regime. Frei Tito foi detido ao lado de outros frades, incluindo Frei Giorgio Callegari. Carlos Marighella foi assassinado nesse mesmo dia, vitimado por uma emboscada de Fleury.<\/p>\n<p>Tito foi levado para as depend\u00eancias do DOPS em S\u00e3o Paulo. Ele foi violentamente interrogado e torturado durante cerca de um m\u00eas, sofrendo com espancamentos, palmat\u00f3ria e choques el\u00e9tricos. O frade permaneceu encarcerado no Pres\u00eddio Tiradentes at\u00e9 fevereiro de 1970, quando foi transferido para a sede da Opera\u00e7\u00e3o Bandeirante (OBAN), o embri\u00e3o do DOI-CODI.<\/p>\n<p>Apelidada de \u201csucursal do inferno\u201d, a sede da OBAN foi cen\u00e1rio de alguns dos abusos mais repulsivos do regime. L\u00e1, Frei Tito amargou torturas ainda mais brutais. O religioso foi colocado na cadeira do drag\u00e3o, recebendo choques el\u00e9tricos na cabe\u00e7a e nos \u00f3rg\u00e3os genitais. Teve o corpo queimado com brasas de cigarros, sofreu priva\u00e7\u00e3o de sono, \u00e1gua e comida e foi pendurado no pau de arara.<\/p>\n<p>Os militares tamb\u00e9m torturaram Frei Tito psicologicamente, proferindo insultos \u00e0 sua f\u00e9 e amea\u00e7ando seus familiares e amigos. Um torturador chegou a introduzir um fio el\u00e9trico em sua boca, para que o religioso \u201crecebesse a h\u00f3stia\u201d. Os agentes o pressionavam a delatar seus companheiros e a assinar falsas confiss\u00f5es implicando os dominicanos em roubos a bancos.<\/p>\n<p>Em uma noite, ap\u00f3s passar v\u00e1rias horas no pau de arara, em desespero diante das torturas e visando proteger seus amigos, Frei Tito tentou o suic\u00eddio, cortando seus pulsos. Ele foi socorrido e levado ao Hospital Central do Ex\u00e9rcito, no Cambuci, onde permaneceu cerca de uma semana em tratamento \u2014 enquanto a tortura psicol\u00f3gica continuava.<\/p>\n<p>Ainda na pris\u00e3o, Frei Tito escreveu uma carta-den\u00fancia detalhada sobre as sev\u00edcias sofridas. O texto circulou clandestinamente no pa\u00eds, chegou \u00e0 imprensa internacional e se tornou uma das primeiras den\u00fancias p\u00fablicas sobre a tortura em larga escala praticada no Brasil.<\/p>\n<p>Na carta, Frei Tito apelou \u00e0 Igreja para que se pronunciasse contra as viola\u00e7\u00f5es de direitos humanos: \u201cA esperan\u00e7a desses presos coloca-se na Igreja, \u00fanica institui\u00e7\u00e3o brasileira fora do controle estatal-militar. Sua miss\u00e3o \u00e9: defender e promover a dignidade humana. Onde houver um homem sofrendo, \u00e9 o Mestre que sofre. \u00c9 hora de nossos bispos dizerem um BASTA \u00e0s torturas e injusti\u00e7as promovidas pelo regime, antes que seja tarde. A Igreja n\u00e3o pode omitir-se. As provas das torturas trazemos no corpo.\u201d<\/p>\n<h3>Liberta\u00e7\u00e3o, ex\u00edlio e morte<\/h3>\n<p>Em 7 de dezembro de 1970, o embaixador da Su\u00ed\u00e7a no Brasil, Giovanni Bucher, foi sequestrado em uma opera\u00e7\u00e3o da Vanguarda Popular Revolucion\u00e1ria (VPR), outra organiza\u00e7\u00e3o da luta armada. A a\u00e7\u00e3o foi comandada pessoalmente por Carlos Lamarca.<\/p>\n<p>Para soltar o diplomata, os guerrilheiros exigiram a liberta\u00e7\u00e3o de 70 presos pol\u00edticos, incluindo Frei Tito. A ditadura militar dificultou as negocia\u00e7\u00f5es, prolongando o sequestro por 42 dias, mas acabou atendendo \u00e0 exig\u00eancia. Bucher foi libertado em janeiro de 1971.<\/p>\n<p>Banido do Brasil pelo governo de Em\u00edlio Garrastazu M\u00e9dici, Frei Tito se refugiou no Chile de Salvador Allende. Com a crescente instabilidade pol\u00edtica e a iminente amea\u00e7a de golpe militar, o frade partiu para a It\u00e1lia. Tito encontrou forte resist\u00eancia e desconfian\u00e7a de setores da Igreja Cat\u00f3lica em Roma, sendo at\u00e9 mesmo rotulado como \u201cterrorista\u201d.<\/p>\n<p>O brasileiro seguiu ent\u00e3o para a Fran\u00e7a, onde foi acolhido pelos dominicanos do Convento de Saint-Jacques, em Paris. L\u00e1, ele tentou retomar estudos na Sorbonne e passou por tratamento psiqui\u00e1trico. Tito carregava sequelas psicol\u00f3gicas profundas da tortura. Sofria com depress\u00e3o, crises de p\u00e2nico e alucina\u00e7\u00f5es. Era permanentemente atormentado por vozes e vis\u00f5es de Fleury e de outros torturadores.<\/p>\n<p>Frei Tito foi transferido para o ambiente mais calmo do convento de Sainte-Marie de La Tourette, em \u00c9veux, mas o trauma persistia. O sofrimento ps\u00edquico acabou por lev\u00e1-lo ao esgotamento completo. Em 10 de agosto de 1974, Frei Tito tirou a pr\u00f3pria vida. Seu corpo foi encontrado enforcado em um bosque nos arredores de Villefranche-sur-Sa\u00f4ne. Ele tinha 28 anos.<\/p>\n<p>Tito foi enterrado no cemit\u00e9rio do convento de \u00c9veux. Em sua l\u00e1pide, a inscri\u00e7\u00e3o relatava os supl\u00edcios impostos ao frade: \u201cFrei da Prov\u00edncia do Brasil. Encarcerado, torturado, banido, atormentado at\u00e9 a morte por ter proclamado o Evangelho, lutando pela liberta\u00e7\u00e3o de seus irm\u00e3os. Tito descansa nesta terra estrangeira\u201d.<\/p>\n<p>Em mar\u00e7o de 1983, os restos mortais de Frei Tito foram trasladados ao Brasil. A urna foi recebida por Dom Paulo Evaristo Arns na Catedral da S\u00e9, em S\u00e3o Paulo, em uma missa de corpo presente assistida por 4.000 pessoas. Em seguida, os restos mortais seguiram para Fortaleza, onde foram sepultados no Cemit\u00e9rio S\u00e3o Jo\u00e3o Batista.<\/p>\n<p>Em 2007, a Comiss\u00e3o Especial sobre Mortos e Desaparecidos Pol\u00edticos publicou relat\u00f3rio detalhando as sev\u00edcias sofridas pelo frade dominicano e reconhecendo que sua morte ocorrera em consequ\u00eancia dos atos de tortura praticados por agentes do poder p\u00fablico. A conclus\u00e3o foi posteriormente referendada pela Comiss\u00e3o Nacional da Verdade.<\/p>\n<p>Em 2016, o Minist\u00e9rio P\u00fablico Federal denunciou Homero C\u00e9sar Machado, ex-capit\u00e3o de artilharia do Ex\u00e9rcito, e Maur\u00edcio Lopes Lima, ex-capit\u00e3o de infantaria, pelas torturas infligidas a Frei Tito. A Justi\u00e7a Federal, no entanto, rejeitou a den\u00fancia, com base na Lei da Anistia.<\/p>\n<p>O religioso foi homenageado com o t\u00edtulo honor\u00e1rio de Cidad\u00e3o Paulistano, outorgado pela C\u00e2mara Municipal de S\u00e3o Paulo em 2016. Uma rua da capital paulista chamada \u201cDoutor S\u00e9rgio Fleury\u201d teve seu nome alterado para \u201cRua Frei Tito de Alencar Lima\u201d em 2021. A hist\u00f3ria do frade e da resist\u00eancia dos dominicanos contra a ditadura inspirou o livro \u201cBatismo de Sangue\u201d, de Frei Betto, e o filme hom\u00f4nimo de Helv\u00e9cio Ratton.<\/p>\n<p>O post Crimes da ditadura brasileira: 52 anos da morte de Frei Tito apareceu primeiro em Opera Mundi.<\/p>\n<!-- Begin Yuzo --><div class='yuzo_related_post style-1'  data-version='5.12.89'><!-- without result --><div class='yuzo_clearfixed yuzo__title yuzo__title'><h3>Related Post<\/h3><\/div>\n\t\t\t\t\t\t  <div class=\"relatedthumb \" style=\"width:125px;float:left;overflow:hidden;\">  \n\t\t\t\t\t\t\t  \n\t\t\t\t\t\t\t  <a  href=\"https:\/\/redept.com.br\/blogosfera\/reforma-administrativa-nao-trata-de-softwares-espioes-no-home-office-de-servidores\/\"  >\n\t\t\t\t\t\t\t\t\t  <div class=\"yuzo-img-wrap \" style=\"width: 125px;height:90px;\">\n\t\t\t\t\t\t\t\t\t\t\n\t\t\t\t\t\t\t\t\t\t<div class=\"yuzo-img\" style=\"background:url('https:\/\/redept.com.br\/blogosfera\/wp-content\/uploads\/2025\/10\/Itau_Paulista-2048x1536-150x150.jpg') 50% 50% no-repeat;width: 125px;height:90px;margin-bottom: 5px;background-size: cover; \"><\/div>\n\t\t\t\t\t\t\t\t\t  <\/div>\n\t\t\t\t\t\t\t\t\t  \n\t\t\t\t\t\t\t\t   <span class=\"yuzo__text--title\" style=\"font-size:13px;\">Reforma administrativa n\u00e3o trata de \u2018softwares esp...<\/span>\n\t\t\t\t\t\t\t  \n\t\t\t\t\t\t\t  \n\t\t\t\t\t\t\t  <\/a>\n\n\t\t\t\t\t\t  <\/div>\n\t\t\t\t\t\t  <div class=\"relatedthumb \" style=\"width:125px;float:left;overflow:hidden;\">  \n\t\t\t\t\t\t\t  \n\t\t\t\t\t\t\t  <a  href=\"https:\/\/redept.com.br\/blogosfera\/quilombo-mantem-tradicao-centenaria-no-dia-de-sao-pedro-simbolo-da-resistencia-negra\/\"  >\n\t\t\t\t\t\t\t\t\t  <div class=\"yuzo-img-wrap \" style=\"width: 125px;height:90px;\">\n\t\t\t\t\t\t\t\t\t\t\n\t\t\t\t\t\t\t\t\t\t<div class=\"yuzo-img\" style=\"background:url('https:\/\/redept.org\/blogosfera\/wp-content\/plugins\/yuzo-related-post\/assets\/images\/default.png') 50% 50% no-repeat;width: 125px;height:90px;margin-bottom: 5px;background-size: cover; \"><\/div>\n\t\t\t\t\t\t\t\t\t  <\/div>\n\t\t\t\t\t\t\t\t\t  \n\t\t\t\t\t\t\t\t   <span class=\"yuzo__text--title\" style=\"font-size:13px;\">Quilombo mant\u00e9m tradi\u00e7\u00e3o centen\u00e1ria no dia de S\u00e3o ...<\/span>\n\t\t\t\t\t\t\t  \n\t\t\t\t\t\t\t  \n\t\t\t\t\t\t\t  <\/a>\n\n\t\t\t\t\t\t  <\/div>\n\t\t\t\t\t\t  <div class=\"relatedthumb \" style=\"width:125px;float:left;overflow:hidden;\">  \n\t\t\t\t\t\t\t  \n\t\t\t\t\t\t\t  <a  href=\"https:\/\/redept.com.br\/blogosfera\/oficial-lula-e-candidato-para-vencer-a-extrema-direita\/\"  >\n\t\t\t\t\t\t\t\t\t  <div class=\"yuzo-img-wrap \" style=\"width: 125px;height:90px;\">\n\t\t\t\t\t\t\t\t\t\t\n\t\t\t\t\t\t\t\t\t\t<div class=\"yuzo-img\" style=\"background:url('https:\/\/redept.com.br\/blogosfera\/wp-content\/uploads\/2026\/08\/lula-sorridente_Foto-Ricardo-Stuckert-150x150.jpg') 50% 50% no-repeat;width: 125px;height:90px;margin-bottom: 5px;background-size: cover; \"><\/div>\n\t\t\t\t\t\t\t\t\t  <\/div>\n\t\t\t\t\t\t\t\t\t  \n\t\t\t\t\t\t\t\t   <span class=\"yuzo__text--title\" style=\"font-size:13px;\">Oficial: Lula \u00e9 candidato para vencer a extrema di...<\/span>\n\t\t\t\t\t\t\t  \n\t\t\t\t\t\t\t  \n\t\t\t\t\t\t\t  <\/a>\n\n\t\t\t\t\t\t  <\/div>\n\t\t\t\t\t\t  <div class=\"relatedthumb \" style=\"width:125px;float:left;overflow:hidden;\">  \n\t\t\t\t\t\t\t  \n\t\t\t\t\t\t\t  <a  href=\"https:\/\/redept.com.br\/blogosfera\/emenda-de-contarato-transforma-corrupcao-e-desvio-de-dinheiro-publico-em-crimes-hediondos\/\"  >\n\t\t\t\t\t\t\t\t\t  <div class=\"yuzo-img-wrap \" style=\"width: 125px;height:90px;\">\n\t\t\t\t\t\t\t\t\t\t\n\t\t\t\t\t\t\t\t\t\t<div class=\"yuzo-img\" style=\"background:url('https:\/\/redept.org\/blogosfera\/wp-content\/plugins\/yuzo-related-post\/assets\/images\/default.png') 50% 50% no-repeat;width: 125px;height:90px;margin-bottom: 5px;background-size: cover; \"><\/div>\n\t\t\t\t\t\t\t\t\t  <\/div>\n\t\t\t\t\t\t\t\t\t  \n\t\t\t\t\t\t\t\t   <span class=\"yuzo__text--title\" style=\"font-size:13px;\">Emenda de Contarato transforma corrup\u00e7\u00e3o e desvio ...<\/span>\n\t\t\t\t\t\t\t  \n\t\t\t\t\t\t\t  \n\t\t\t\t\t\t\t  <\/a>\n\n\t\t\t\t\t\t  <\/div>\n<\/div> <script>\n\t\t\t\t\t\t  jQuery(document).ready(function( $ ){\n\t\t\t\t\t\t\t\/\/jQuery('.yuzo_related_post').equalizer({ overflow : 'relatedthumb' });\n\t\t\t\t\t\t\tjQuery('.yuzo_related_post .yuzo_wraps').equalizer({ columns : '> div' });\n\t\t\t\t\t\t   })\n\t\t\t\t\t\t  <\/script> <!-- End Yuzo :) -->","protected":false},"excerpt":{"rendered":"<p>H\u00e1 52 anos, em 10 de agosto de 1974, falecia no ex\u00edlio Tito de Alencar Lima, o Frei Tito, frade dominicano que se tornou um s\u00edmbolo da luta contra a ditadura militar no Brasil. Perfilado aos setores progressistas da Igreja, Frei Tito militou na Juventude Estudantil Cat\u00f3lica e desenvolveu um importante trabalho social junto \u00e0s [\u2026]<\/p>\n<p>O post <a href=\"https:\/\/operamundi.uol.com.br\/pensar-a-historia\/crimes-da-ditadura-brasileira-52-anos-da-morte-de-frei-tito\/\">Crimes da ditadura brasileira: 52 anos da morte de Frei Tito<\/a> apareceu primeiro em <a href=\"https:\/\/operamundi.uol.com.br\/\">Opera Mundi<\/a>.<\/p>\n","protected":false},"author":2,"featured_media":99503,"comment_status":"closed","ping_status":"closed","sticky":false,"template":"","format":"standard","meta":{"fifu_image_url":"","fifu_image_alt":"","footnotes":""},"categories":[406,4759,536,307,544,28693,9057,555,13297,1467,288,1666,362,5622,1670,626,2110],"tags":[],"class_list":["post-99502","post","type-post","status-publish","format-standard","has-post-thumbnail","hentry","category-ceara","category-crimes-da-ditadura","category-democracia","category-direitos-humanos","category-ditadura-militar","category-ditadura-no-brasil","category-exilio","category-fortaleza","category-frei-tito","category-igreja-catolica","category-justica","category-memoria","category-movimento-estudantil","category-pensar-a-historia","category-repressao","category-resistencia","category-tortura"],"_links":{"self":[{"href":"https:\/\/redept.com.br\/blogosfera\/wp-json\/wp\/v2\/posts\/99502","targetHints":{"allow":["GET"]}}],"collection":[{"href":"https:\/\/redept.com.br\/blogosfera\/wp-json\/wp\/v2\/posts"}],"about":[{"href":"https:\/\/redept.com.br\/blogosfera\/wp-json\/wp\/v2\/types\/post"}],"author":[{"embeddable":true,"href":"https:\/\/redept.com.br\/blogosfera\/wp-json\/wp\/v2\/users\/2"}],"replies":[{"embeddable":true,"href":"https:\/\/redept.com.br\/blogosfera\/wp-json\/wp\/v2\/comments?post=99502"}],"version-history":[{"count":0,"href":"https:\/\/redept.com.br\/blogosfera\/wp-json\/wp\/v2\/posts\/99502\/revisions"}],"wp:featuredmedia":[{"embeddable":true,"href":"https:\/\/redept.com.br\/blogosfera\/wp-json\/wp\/v2\/media\/99503"}],"wp:attachment":[{"href":"https:\/\/redept.com.br\/blogosfera\/wp-json\/wp\/v2\/media?parent=99502"}],"wp:term":[{"taxonomy":"category","embeddable":true,"href":"https:\/\/redept.com.br\/blogosfera\/wp-json\/wp\/v2\/categories?post=99502"},{"taxonomy":"post_tag","embeddable":true,"href":"https:\/\/redept.com.br\/blogosfera\/wp-json\/wp\/v2\/tags?post=99502"}],"curies":[{"name":"wp","href":"https:\/\/api.w.org\/{rel}","templated":true}]}}