{"id":99537,"date":"2026-08-11T10:27:03","date_gmt":"2026-08-11T13:27:03","guid":{"rendered":"https:\/\/redept.com.br\/blogosfera\/china-pede-a-omc-para-ingressar-em-acao-do-brasil-contra-tarifas-dos-eua\/"},"modified":"2026-08-11T10:27:03","modified_gmt":"2026-08-11T13:27:03","slug":"china-pede-a-omc-para-ingressar-em-acao-do-brasil-contra-tarifas-dos-eua","status":"publish","type":"post","link":"https:\/\/redept.com.br\/blogosfera\/china-pede-a-omc-para-ingressar-em-acao-do-brasil-contra-tarifas-dos-eua\/","title":{"rendered":"China pede \u00e0 OMC para ingressar em a\u00e7\u00e3o do Brasil contra tarifas dos EUA"},"content":{"rendered":"<p><img loading=\"lazy\" width=\"486\" height=\"289\"src=\"https:\/\/redept.com.br\/blogosfera\/wp-content\/uploads\/2026\/08\/IMG-20260811-WA0031.jpg\" alt=\"\" decoding=\"async\" loading=\"lazy\" srcset=\"https:\/\/redept.com.br\/blogosfera\/wp-content\/uploads\/2026\/08\/IMG-20260811-WA0031.jpg 486w, https:\/\/vermelho.org.br\/wp-content\/uploads\/2026\/08\/IMG-20260811-WA0031-300x178.jpg 300w\" sizes=\"auto, (max-width: 486px) 100vw, 486px\"><\/p>\n<p>A decis\u00e3o da China de protocolar um pedido formal para participar das consultas abertas pelo Brasil na Organiza\u00e7\u00e3o Mundial do Com\u00e9rcio (OMC) contra o tarifa\u00e7o de at\u00e9 37,5% imposto pelos Estados Unidos amplia o peso pol\u00edtico da contesta\u00e7\u00e3o brasileira. <\/p>\n<p>O movimento chin\u00eas refor\u00e7a a diplomacia do pa\u00eds na arena internacional e evidencia como a articula\u00e7\u00e3o do Sul Global busca preservar refer\u00eancias multilaterais em meio \u00e0s investidas protecionistas de Washington.<\/p>\n<p>O pedido foi formalizado nesta segunda-feira (10), na mesma data em que os Estados Unidos aceitaram realizar as consultas solicitadas pelo governo brasileiro em 27 de julho. Ao solicitar sua ades\u00e3o ao processo, Pequim diz ter interesse comercial substancial no caso.<\/p>\n<p>A diplomacia chinesa argumenta que as medidas norte-americanas, que incluem uma sobretaxa de 12,5% justificada por alegadas falhas no combate ao trabalho for\u00e7ado, impactam diretamente suas exporta\u00e7\u00f5es e alteram as condi\u00e7\u00f5es de concorr\u00eancia no mercado dos EUA. <\/p>\n<p>O governo brasileiro contesta tanto a tarifa de 25%, baseada em investiga\u00e7\u00f5es sobre supostas pr\u00e1ticas desleais de com\u00e9rcio, quanto a taxa adicional de 12,5%. <\/p>\n<p>No Pal\u00e1cio do Planalto e no Itamaraty, o acionamento da OMC \u00e9 compreendido como um gesto indispens\u00e1vel para marcar posi\u00e7\u00e3o em defesa do sistema multilateral, ainda que existam limita\u00e7\u00f5es operacionais na entidade decorrentes do bloqueio do seu \u00d3rg\u00e3o de Apela\u00e7\u00e3o por parte dos pr\u00f3prios norte-americanos desde 2019.<\/p>\n<p><strong>Dimens\u00e3o pol\u00edtica e desafios estruturais<\/strong><\/p>\n<p>Analistas destacam aspectos complementares desse cen\u00e1rio. Por um lado, sobressai o valor estrat\u00e9gico de utilizar as institui\u00e7\u00f5es existentes para afirmar o direito internacional; por outro, evidencia-se o diagn\u00f3stico realista sobre os entraves pr\u00e1ticos gerados pela paralisia da organiza\u00e7\u00e3o. Para Ricardo Alem\u00e3o Abreu, membro do Comit\u00ea Central do PCdoB, a atitude de Pequim possui relevante significado geopol\u00edtico na coordena\u00e7\u00e3o do com\u00e9rcio global. \u201c\u00c9 importante porque representa a defesa do multilateralismo, uma tentativa de ainda atuar por dentro das regras internacionais de com\u00e9rcio, que a OMC, enfim, coordena, representa. \u00c9 um movimento muito importante, porque acho que interessa nesse momento para o Sul Global ter regras m\u00ednimas e capacidade de defesa tamb\u00e9m das economias nacionais com rela\u00e7\u00e3o \u00e0s ofensivas dos Estados Unidos. Eu acho que essa decis\u00e3o chinesa \u00e9 muito importante, refor\u00e7a inclusive a demanda brasileira\u201d, afirmou. <\/p>\n<p>Leia Mais: <a href=\"https:\/\/vermelho.org.br\/2026\/07\/24\/brasil-rechaca-alegacoes-de-trabalho-forcado-para-tarifas-de-12-dos-eua\/\">Brasil recha\u00e7a alega\u00e7\u00f5es de trabalho for\u00e7ado para tarifas de 12,5% dos EUA<\/a><\/p>\n<p>Por outro lado, a leitura sobre a relev\u00e2ncia dessa afirma\u00e7\u00e3o institucional complementa-se com a reflex\u00e3o sobre a atual capacidade operacional do \u00f3rg\u00e3o multilateral. Especialistas ressaltam a queda da capacidade da OMC em resolver conflitos. <\/p>\n<p><strong>Fortalecimento do Sul Global<\/strong><\/p>\n<p>As an\u00e1lises se somam ao ilustrar o duplo desafio do cen\u00e1rio internacional: a urg\u00eancia diplom\u00e1tica de marcar posi\u00e7\u00e3o contundente contra o unilateralismo e, simultaneamente, o reconhecimento das limita\u00e7\u00f5es formais do sistema de solu\u00e7\u00e3o de controv\u00e9rsias. A presen\u00e7a chinesa no contencioso fortalece a solidariedade entre as na\u00e7\u00f5es do Sul Global diante da pol\u00edtica tarif\u00e1ria da administra\u00e7\u00e3o Trump.Ao unir o peso econ\u00f4mico da China \u00e0 iniciativa brasileira, a contesta\u00e7\u00e3o ganha dimens\u00e3o de resist\u00eancia coletiva ao protecionismo dos EUA, demonstrando que a defesa da soberania e do com\u00e9rcio justo permanece no centro da agenda de desenvolvimento global.<\/p>\n<\/p>\n<p>O post <a href=\"https:\/\/vermelho.org.br\/2026\/08\/11\/china-pede-a-omc-para-ingressar-em-acao-do-brasil-contra-tarifas-dos-eua\/\">China pede \u00e0 OMC para ingressar em a\u00e7\u00e3o do Brasil contra tarifas dos EUA<\/a> apareceu primeiro em <a href=\"https:\/\/vermelho.org.br\/\">Vermelho<\/a>.<\/p>\n<!-- Begin Yuzo --><div class='yuzo_related_post style-1'  data-version='5.12.89'><!-- without result --><div class='yuzo_clearfixed yuzo__title yuzo__title'><h3>Related Post<\/h3><\/div>\n\t\t\t\t\t\t  <div class=\"relatedthumb \" style=\"width:125px;float:left;overflow:hidden;\">  \n\t\t\t\t\t\t\t  \n\t\t\t\t\t\t\t  <a  href=\"https:\/\/redept.com.br\/blogosfera\/vorcaro-teria-perguntado-a-moraes-se-deveria-deixar-o-pais-antes-de-operacao-da-pf-mostram-mensagens-3\/\"  >\n\t\t\t\t\t\t\t\t\t  <div class=\"yuzo-img-wrap \" style=\"width: 125px;height:90px;\">\n\t\t\t\t\t\t\t\t\t\t\n\t\t\t\t\t\t\t\t\t\t<div class=\"yuzo-img\" style=\"background:url('https:\/\/redept.org\/blogosfera\/wp-content\/plugins\/yuzo-related-post\/assets\/images\/default.png') 50% 50% no-repeat;width: 125px;height:90px;margin-bottom: 5px;background-size: cover; \"><\/div>\n\t\t\t\t\t\t\t\t\t  <\/div>\n\t\t\t\t\t\t\t\t\t  \n\t\t\t\t\t\t\t\t   <span class=\"yuzo__text--title\" style=\"font-size:13px;\">Vorcaro teria perguntado a Moraes se deveria deixa...<\/span>\n\t\t\t\t\t\t\t  \n\t\t\t\t\t\t\t  \n\t\t\t\t\t\t\t  <\/a>\n\n\t\t\t\t\t\t  <\/div>\n\t\t\t\t\t\t  <div class=\"relatedthumb \" style=\"width:125px;float:left;overflow:hidden;\">  \n\t\t\t\t\t\t\t  \n\t\t\t\t\t\t\t  <a  href=\"https:\/\/redept.com.br\/blogosfera\/sindicatos-da-colombia-iniciam-greve-em-favor-do-governo-petro\/\"  >\n\t\t\t\t\t\t\t\t\t  <div class=\"yuzo-img-wrap \" style=\"width: 125px;height:90px;\">\n\t\t\t\t\t\t\t\t\t\t\n\t\t\t\t\t\t\t\t\t\t<div class=\"yuzo-img\" style=\"background:url('https:\/\/redept.com.br\/blogosfera\/wp-content\/uploads\/2025\/05\/colombia-150x150.jpg') 50% 50% no-repeat;width: 125px;height:90px;margin-bottom: 5px;background-size: cover; \"><\/div>\n\t\t\t\t\t\t\t\t\t  <\/div>\n\t\t\t\t\t\t\t\t\t  \n\t\t\t\t\t\t\t\t   <span class=\"yuzo__text--title\" style=\"font-size:13px;\">Sindicatos da Col\u00f4mbia iniciam greve em favor do g...<\/span>\n\t\t\t\t\t\t\t  \n\t\t\t\t\t\t\t  \n\t\t\t\t\t\t\t  <\/a>\n\n\t\t\t\t\t\t  <\/div>\n\t\t\t\t\t\t  <div class=\"relatedthumb \" style=\"width:125px;float:left;overflow:hidden;\">  \n\t\t\t\t\t\t\t  \n\t\t\t\t\t\t\t  <a  href=\"https:\/\/redept.com.br\/blogosfera\/esposa-do-jogador-willian-do-gremio-processa-ex-empregada-domestica-por-divida-de-r-4-mil\/\"  >\n\t\t\t\t\t\t\t\t\t  <div class=\"yuzo-img-wrap \" style=\"width: 125px;height:90px;\">\n\t\t\t\t\t\t\t\t\t\t\n\t\t\t\t\t\t\t\t\t\t<div class=\"yuzo-img\" style=\"background:url('https:\/\/redept.org\/blogosfera\/wp-content\/plugins\/yuzo-related-post\/assets\/images\/default.png') 50% 50% no-repeat;width: 125px;height:90px;margin-bottom: 5px;background-size: cover; \"><\/div>\n\t\t\t\t\t\t\t\t\t  <\/div>\n\t\t\t\t\t\t\t\t\t  \n\t\t\t\t\t\t\t\t   <span class=\"yuzo__text--title\" style=\"font-size:13px;\">Esposa do jogador Willian, do Gr\u00eamio, processa ex-...<\/span>\n\t\t\t\t\t\t\t  \n\t\t\t\t\t\t\t  \n\t\t\t\t\t\t\t  <\/a>\n\n\t\t\t\t\t\t  <\/div>\n\t\t\t\t\t\t  <div class=\"relatedthumb \" style=\"width:125px;float:left;overflow:hidden;\">  \n\t\t\t\t\t\t\t  \n\t\t\t\t\t\t\t  <a  href=\"https:\/\/redept.com.br\/blogosfera\/pec-da-bandidagem-e-atentado-a-sociedade-e-a-democracia-denuncia-cientista-politico\/\"  >\n\t\t\t\t\t\t\t\t\t  <div class=\"yuzo-img-wrap \" style=\"width: 125px;height:90px;\">\n\t\t\t\t\t\t\t\t\t\t\n\t\t\t\t\t\t\t\t\t\t<div class=\"yuzo-img\" style=\"background:url('https:\/\/redept.org\/blogosfera\/wp-content\/plugins\/yuzo-related-post\/assets\/images\/default.png') 50% 50% no-repeat;width: 125px;height:90px;margin-bottom: 5px;background-size: cover; \"><\/div>\n\t\t\t\t\t\t\t\t\t  <\/div>\n\t\t\t\t\t\t\t\t\t  \n\t\t\t\t\t\t\t\t   <span class=\"yuzo__text--title\" style=\"font-size:13px;\">\u2018PEC da Bandidagem\u2019 \u00e9 atentado \u00e0 sociedade e \u00e0 dem...<\/span>\n\t\t\t\t\t\t\t  \n\t\t\t\t\t\t\t  \n\t\t\t\t\t\t\t  <\/a>\n\n\t\t\t\t\t\t  <\/div>\n<\/div> <script>\n\t\t\t\t\t\t  jQuery(document).ready(function( $ ){\n\t\t\t\t\t\t\t\/\/jQuery('.yuzo_related_post').equalizer({ overflow : 'relatedthumb' });\n\t\t\t\t\t\t\tjQuery('.yuzo_related_post .yuzo_wraps').equalizer({ columns : '> div' });\n\t\t\t\t\t\t   })\n\t\t\t\t\t\t  <\/script> <!-- End Yuzo :) -->","protected":false},"excerpt":{"rendered":"<p>A decis\u00e3o da China de protocolar um pedido formal para participar das consultas abertas pelo Brasil na Organiza\u00e7\u00e3o Mundial do Com\u00e9rcio (OMC) contra o tarifa\u00e7o de at\u00e9 37,5% imposto pelos Estados Unidos amplia o peso pol\u00edtico da contesta\u00e7\u00e3o brasileira. O movimento chin\u00eas refor\u00e7a a diplomacia do pa\u00eds na arena internacional e evidencia como a articula\u00e7\u00e3o [&hellip;]<\/p>\n","protected":false},"author":2,"featured_media":0,"comment_status":"open","ping_status":"closed","sticky":false,"template":"","format":"standard","meta":{"fifu_image_url":"","fifu_image_alt":"","footnotes":""},"categories":[45,292,9,50,1403,3501,3641],"tags":[],"class_list":["post-99537","post","type-post","status-publish","format-standard","hentry","category-brasil","category-china","category-eua","category-internacional","category-multilateralismo","category-omc","category-tarifaco"],"_links":{"self":[{"href":"https:\/\/redept.com.br\/blogosfera\/wp-json\/wp\/v2\/posts\/99537","targetHints":{"allow":["GET"]}}],"collection":[{"href":"https:\/\/redept.com.br\/blogosfera\/wp-json\/wp\/v2\/posts"}],"about":[{"href":"https:\/\/redept.com.br\/blogosfera\/wp-json\/wp\/v2\/types\/post"}],"author":[{"embeddable":true,"href":"https:\/\/redept.com.br\/blogosfera\/wp-json\/wp\/v2\/users\/2"}],"replies":[{"embeddable":true,"href":"https:\/\/redept.com.br\/blogosfera\/wp-json\/wp\/v2\/comments?post=99537"}],"version-history":[{"count":0,"href":"https:\/\/redept.com.br\/blogosfera\/wp-json\/wp\/v2\/posts\/99537\/revisions"}],"wp:attachment":[{"href":"https:\/\/redept.com.br\/blogosfera\/wp-json\/wp\/v2\/media?parent=99537"}],"wp:term":[{"taxonomy":"category","embeddable":true,"href":"https:\/\/redept.com.br\/blogosfera\/wp-json\/wp\/v2\/categories?post=99537"},{"taxonomy":"post_tag","embeddable":true,"href":"https:\/\/redept.com.br\/blogosfera\/wp-json\/wp\/v2\/tags?post=99537"}],"curies":[{"name":"wp","href":"https:\/\/api.w.org\/{rel}","templated":true}]}}