{"id":99724,"date":"2026-08-12T12:00:00","date_gmt":"2026-08-12T15:00:00","guid":{"rendered":"https:\/\/redept.com.br\/blogosfera\/vale-do-silicio-tenta-vender-a-cristaos-que-inteligencia-artificial-e-plano-divino\/"},"modified":"2026-08-12T12:00:00","modified_gmt":"2026-08-12T15:00:00","slug":"vale-do-silicio-tenta-vender-a-cristaos-que-inteligencia-artificial-e-plano-divino","status":"publish","type":"post","link":"https:\/\/redept.com.br\/blogosfera\/vale-do-silicio-tenta-vender-a-cristaos-que-inteligencia-artificial-e-plano-divino\/","title":{"rendered":"Vale do Sil\u00edcio tenta vender a crist\u00e3os que Intelig\u00eancia Artificial \u00e9 plano divino"},"content":{"rendered":"<p>\u201cSe Deus tem usado o r\u00e1dio, a televis\u00e3o, as redes sociais e tantos outros meios tecnol\u00f3gicos para alcan\u00e7ar pessoas, por que n\u00e3o utilizaria tamb\u00e9m as IAs? Com certeza, Ele as utilizar\u00e1!\u201d. A frase \u00e9 do pastor William E. Timm, coordenador de evangelismo digital na Rede Novo Tempo, publicada na Revista Adventista.\u00a0<\/p>\n<p><strong>Cada vez mais, a ind\u00fastria da tecnologia tenta vender a ideia de que a Intelig\u00eancia Artificial (IA) e seus desdobramentos s\u00e3o inevit\u00e1veis e necess\u00e1rios<\/strong> \u2013 para criar respostas, pensar por n\u00f3s, dar conta de produzir dentro do tempo acelerado do capitalismo neoliberal que nos esmaga, solucionar crises e, no fim das contas, atuar como um or\u00e1culo do qual, em um futuro pr\u00f3ximo, vamos precisar tanto quanto necessitamos de \u00e1gua ou luz.\u00a0<\/p>\n<p><strong>Mas tem um campo que ainda precisa ser totalmente convencido pelos \u201ctech bros\u201d: o da direita crist\u00e3, que ainda est\u00e1\u2026 dividida.\u00a0<\/strong><\/p>\n<p><strong>E \u00e9 isso que alguns c\u00edrculos do Vale do Sil\u00edcio est\u00e3o tentando fazer, como mostra uma reportagem recente <\/strong><strong>da revista Mother Jones<\/strong><strong>.<\/strong> A jornalista Kiera Butler, que assina o texto, lembra que em 2025, durante a Confer\u00eancia Nacional de Conservadorismo que acontece anualmente nos Estados Unidos (e que re\u00fane um grupo que se consolidou como uma forte influ\u00eancia nas decis\u00f5es pol\u00edticas do governo Trump), o professor de psicologia da Universidade do Novo M\u00e9xico, Geoffrey Miller confrontou o diretor de tecnologia da Palantir, Shyam Sankar, em uma discuss\u00e3o acalorada, dizendo que a ind\u00fastria de IA, \u00e9 \u201cglobalista, secular, liberal, feminizada e transumanista. Eles querem explicitamente o desemprego em massa, planejam um comunismo baseado na Renda B\u00e1sica Universal e veem a esp\u00e9cie humana como um \u2018carregador de inicializa\u00e7\u00e3o\u2019 biol\u00f3gico, como eles dizem, para a superintelig\u00eancia artificial\u201d. Sankar ficou visivelmente desconfort\u00e1vel.\u00a0\u00a0\u00a0<\/p>\n<p>Miller n\u00e3o est\u00e1 sozinho, <strong>h\u00e1 toda uma leva de crist\u00e3os ultraconservadores dizendo por a\u00ed que a IA \u00e9 o anticristo e que o plano \u201cwoke\u201d n\u00e3o vai parar na transi\u00e7\u00e3o de g\u00eanero, mas que o objetivo final \u00e9 transicionar de humano para m\u00e1quina.\u00a0<\/strong><\/p>\n<p><strong>Tamb\u00e9m n\u00e3o ajuda o fato de que alguns porta-vozes como Sam Altman, cofundador da OpenAI, amam declara\u00e7\u00f5es apocal\u00edpticas como a de que a IA \u201cprovavelmente levar\u00e1 ao fim do mundo<\/strong>, mas, enquanto isso, haver\u00e1 grandes empresas\u201d.\u00a0<\/p>\n<p><strong>Por isso, alguns oligarcas do Vale do Sil\u00edcio est\u00e3o tentando intermediar a discuss\u00e3o entre esses dois campos emergentes na direita religiosa: de um lado, dos admiradores da IA, de outro, seus c\u00e9ticos.<\/strong> Figuras como Peter Thiel, aliado do vice-presidente JD Vance e dono da Palantir, e outros entusiastas da tecnologia ligados \u00e0 religi\u00e3o, como Katherine Boyle, uma das principais vozes da chamada \u201cdireita tecnol\u00f3gica\u201d, cat\u00f3lica e tamb\u00e9m pr\u00f3xima de Donald Trump e J.D Vance, e Trae Stephens, cofundador e presidente executivo da empresa de tecnologia de defesa Anduril Industries, s\u00f3cio da Founders Fund, empresa de capital de risco de Peter Thiel, <strong>est\u00e3o liderando um esfor\u00e7o para defender que a IA \u00e9 mais compar\u00e1vel a um \u201cente salvador\u201d, at\u00e9 mesmo a um messias semelhante a Cristo.\u00a0<\/strong><\/p>\n<p><strong>Assim, os crist\u00e3os t\u00eam sido convocados n\u00e3o s\u00f3 a abra\u00e7ar a tecnologia, mas teriam a obriga\u00e7\u00e3o de faz\u00ea-lo, porque o progresso em si seria um bem moral.<\/strong><\/p>\n<p>A mensagem \u00e9 sedutora para todo mundo porque promete para os pregadores da tecnologia uma legitimidade moral e, para os setores religiosos, a mesma tecnologia oferece poder, dinheiro e alcance no mundo contempor\u00e2neo.\u00a0<\/p>\n<p>Uma pesquisa do Pew Research Center mostrou que, <strong>em 2023, 52% dos americanos diziam estar mais preocupados do que entusiasmados com a intelig\u00eancia artificial; em 2025, esse n\u00famero caiu para 50%<\/strong>, mas a desconfian\u00e7a continua alta. <strong>Por isso a legitimidade espiritual, que exige menos fatos concretos e mais a subjetividade da f\u00e9, se encaixa como uma luva.<\/strong> \u00c9 uma tentativa de \u201creencantar a m\u00e1quina\u201d.\u00a0<\/p>\n<p>No Brasil, esse movimento tamb\u00e9m cresce. O pa\u00eds tem cerca de 47 milh\u00f5es de evang\u00e9licos, o equivalente a 27% da popula\u00e7\u00e3o, enquanto os cat\u00f3licos seguem como maioria, com 57%. E 95% dos brasileiros acessam a internet diariamente, segundo dados recentes do IBGE. E a\u00ed, claro: um pa\u00eds que \u00e9 ao mesmo tempo massivamente crist\u00e3o e massivamente conectado, se torna um laborat\u00f3rio perfeito para plataformas que transformam experi\u00eancia religiosa em mercado digital.\u00a0<\/p>\n<p><strong>Os crist\u00e3os no Brasil j\u00e1 abra\u00e7am a tecnologia. O Hallow, aplicativo de ora\u00e7\u00e3o mais popular do mundo, afirma ter 24 milh\u00f5es de downloads em 150 pa\u00edses. No Brasil, superou 4,8 milh\u00f5es de downloads desde 2022<\/strong> e, entre janeiro e abril de 2026, gerou US$400 mil em receita no pa\u00eds, segundo dados da AppMagic.\u00a0<\/p>\n<p><strong>A IA tamb\u00e9m j\u00e1 tem sido usada por aqui para criar serm\u00f5es para criar v\u00eddeos de Jesus, para \u201couvir\u201d e \u201cinteragir\u201d com pecados que os crentes n\u00e3o t\u00eam coragem de contar aos seus l\u00edderes religiosos<\/strong>, como mostramos no podcast Pauta P\u00fablica.<\/p>\n<p>A Igreja Adventista do S\u00e9timo Dia, por exemplo, investiu em ferramentas como o chatbot Esperan\u00e7a e o 7chat.ai. Em um \u00fanico m\u00eas, o 7chat.ai registrou 94,5 mil intera\u00e7\u00f5es com fi\u00e9is.\u00a0<\/p>\n<p>A teologia da prosperidade e a teologia \u201ccoaching\u201d propagada por influenciadores como Pablo Mar\u00e7al tamb\u00e9m unem elementos a essa f\u00f3rmula. Se nessas duas vertentes a ideia principal \u00e9 a de que se voc\u00ea seguir um c\u00f3digo divino e de conduta voc\u00ea desbloqueia bens materiais e prospera, <strong>no arranjo que agora se desenha entre cristianismo e Vale do Sil\u00edcio, a mensagem passa a ser algo como \u201cadote a tecnologia certa, alinhe-se ao progresso e isso tamb\u00e9m ser\u00e1 sinal de virtude espiritual\u201d.\u00a0<\/strong><\/p>\n<p>\u201cNo s\u00e9culo 21, o Anticristo \u00e9 um ludita\u201d (luditas foram trabalhadores ingleses do setor t\u00eaxtil que protestavam contra a substitui\u00e7\u00e3o da m\u00e3o de obra humana por m\u00e1quinas na Revolu\u00e7\u00e3o Industrial, sobretudo quebrando m\u00e1quinas) afirmou Peter Thiel durante encontros secretos vazados em outubro de 2025, publicados pelo Washington Post.\u00a0 Segundo o jornal, Thiel fez uma s\u00e9rie de quatro palestras particulares em S\u00e3o Francisco, chamadas \u201cO Anticristo: Uma S\u00e9rie de Palestras em Quatro Partes\u201d. Para ele,\u00a0 no s\u00e9culo 21, o Anticristo n\u00e3o seria mais um cientista ambicioso ou um agente do caos, mas sim aqueles que tentam impedir o progresso tecnol\u00f3gico, incluindo a ativista ambiental Greta Thunberg. Assim, o que ele est\u00e1 fazendo \u00e9 deslocar um conflito econ\u00f4mico e regulat\u00f3rio para o terreno da f\u00e9 cega.\u00a0<\/p>\n<p>E a\u00ed esse projeto tamb\u00e9m produz obviamente efeitos pol\u00edticos. <strong>Imaginem se os \u201ctech bros\u201d conseguem, com todo o dinheiro que t\u00eam \u00e0 m\u00e3o, emplacar a IA como bem moral e express\u00e3o da criatividade divina? Isso vai reduzir o espa\u00e7o a cr\u00edticas sobre concentra\u00e7\u00e3o de poder, precariza\u00e7\u00e3o do trabalho, vigil\u00e2ncia, desinforma\u00e7\u00e3o, crise clim\u00e1tica, impacto ambiental de data centers, e levar a uma nova \u201cinquisi\u00e7\u00e3o\u201d contra quem questionar n\u00e3o s\u00f3 o \u201cprogresso\u201d, mas a vontade de Deus. Que perigo.\u00a0<\/strong><\/p>\n<!-- Begin Yuzo --><div class='yuzo_related_post style-1'  data-version='5.12.89'><!-- without result --><div class='yuzo_clearfixed yuzo__title yuzo__title'><h3>Related Post<\/h3><\/div>\n\t\t\t\t\t\t  <div class=\"relatedthumb \" style=\"width:125px;float:left;overflow:hidden;\">  \n\t\t\t\t\t\t\t  \n\t\t\t\t\t\t\t  <a  href=\"https:\/\/redept.com.br\/blogosfera\/papa-francisco-foi-ativista-climatico-diz-presidencia-da-cop-30\/\"  >\n\t\t\t\t\t\t\t\t\t  <div class=\"yuzo-img-wrap \" style=\"width: 125px;height:90px;\">\n\t\t\t\t\t\t\t\t\t\t\n\t\t\t\t\t\t\t\t\t\t<div class=\"yuzo-img\" style=\"background:url('https:\/\/redept.org\/blogosfera\/wp-content\/plugins\/yuzo-related-post\/assets\/images\/default.png') 50% 50% no-repeat;width: 125px;height:90px;margin-bottom: 5px;background-size: cover; \"><\/div>\n\t\t\t\t\t\t\t\t\t  <\/div>\n\t\t\t\t\t\t\t\t\t  \n\t\t\t\t\t\t\t\t   <span class=\"yuzo__text--title\" style=\"font-size:13px;\">Papa Francisco foi ativista clim\u00e1tico, diz presid\u00ea...<\/span>\n\t\t\t\t\t\t\t  \n\t\t\t\t\t\t\t  \n\t\t\t\t\t\t\t  <\/a>\n\n\t\t\t\t\t\t  <\/div>\n\t\t\t\t\t\t  <div class=\"relatedthumb \" style=\"width:125px;float:left;overflow:hidden;\">  \n\t\t\t\t\t\t\t  \n\t\t\t\t\t\t\t  <a  href=\"https:\/\/redept.com.br\/blogosfera\/ceus-de-2025-eclipses-cometas-alinhamento-de-planetas-e-mais\/\"  >\n\t\t\t\t\t\t\t\t\t  <div class=\"yuzo-img-wrap \" style=\"width: 125px;height:90px;\">\n\t\t\t\t\t\t\t\t\t\t\n\t\t\t\t\t\t\t\t\t\t<div class=\"yuzo-img\" style=\"background:url('https:\/\/redept.com.br\/blogosfera\/wp-content\/uploads\/2025\/01\/ceus-2025-2-150x150.jpg') 50% 50% no-repeat;width: 125px;height:90px;margin-bottom: 5px;background-size: cover; \"><\/div>\n\t\t\t\t\t\t\t\t\t  <\/div>\n\t\t\t\t\t\t\t\t\t  \n\t\t\t\t\t\t\t\t   <span class=\"yuzo__text--title\" style=\"font-size:13px;\">C\u00e9us de 2025: eclipses, cometas, alinhamento de pl...<\/span>\n\t\t\t\t\t\t\t  \n\t\t\t\t\t\t\t  \n\t\t\t\t\t\t\t  <\/a>\n\n\t\t\t\t\t\t  <\/div>\n\t\t\t\t\t\t  <div class=\"relatedthumb \" style=\"width:125px;float:left;overflow:hidden;\">  \n\t\t\t\t\t\t\t  \n\t\t\t\t\t\t\t  <a  href=\"https:\/\/redept.com.br\/blogosfera\/previdencia-do-amapa-e-alvo-da-pf-em-investigacao-de-fraude-ligada-ao-banco-master-operacao-mira-indicado-de-alcolumbre\/\"  >\n\t\t\t\t\t\t\t\t\t  <div class=\"yuzo-img-wrap \" style=\"width: 125px;height:90px;\">\n\t\t\t\t\t\t\t\t\t\t\n\t\t\t\t\t\t\t\t\t\t<div class=\"yuzo-img\" style=\"background:url('https:\/\/redept.org\/blogosfera\/wp-content\/plugins\/yuzo-related-post\/assets\/images\/default.png') 50% 50% no-repeat;width: 125px;height:90px;margin-bottom: 5px;background-size: cover; \"><\/div>\n\t\t\t\t\t\t\t\t\t  <\/div>\n\t\t\t\t\t\t\t\t\t  \n\t\t\t\t\t\t\t\t   <span class=\"yuzo__text--title\" style=\"font-size:13px;\">Previd\u00eancia do Amap\u00e1 \u00e9 alvo da PF em investiga\u00e7\u00e3o ...<\/span>\n\t\t\t\t\t\t\t  \n\t\t\t\t\t\t\t  \n\t\t\t\t\t\t\t  <\/a>\n\n\t\t\t\t\t\t  <\/div>\n\t\t\t\t\t\t  <div class=\"relatedthumb \" style=\"width:125px;float:left;overflow:hidden;\">  \n\t\t\t\t\t\t\t  \n\t\t\t\t\t\t\t  <a  href=\"https:\/\/redept.com.br\/blogosfera\/enem-2025-isencao-da-taxa-pode-ser-solicitada-ate-25-de-abril\/\"  >\n\t\t\t\t\t\t\t\t\t  <div class=\"yuzo-img-wrap \" style=\"width: 125px;height:90px;\">\n\t\t\t\t\t\t\t\t\t\t\n\t\t\t\t\t\t\t\t\t\t<div class=\"yuzo-img\" style=\"background:url('https:\/\/redept.com.br\/blogosfera\/wp-content\/uploads\/2025\/04\/enem-150x150.webp') 50% 50% no-repeat;width: 125px;height:90px;margin-bottom: 5px;background-size: cover; \"><\/div>\n\t\t\t\t\t\t\t\t\t  <\/div>\n\t\t\t\t\t\t\t\t\t  \n\t\t\t\t\t\t\t\t   <span class=\"yuzo__text--title\" style=\"font-size:13px;\">Enem 2025: isen\u00e7\u00e3o da taxa pode ser solicitada at\u00e9...<\/span>\n\t\t\t\t\t\t\t  \n\t\t\t\t\t\t\t  \n\t\t\t\t\t\t\t  <\/a>\n\n\t\t\t\t\t\t  <\/div>\n<\/div> <script>\n\t\t\t\t\t\t  jQuery(document).ready(function( $ ){\n\t\t\t\t\t\t\t\/\/jQuery('.yuzo_related_post').equalizer({ overflow : 'relatedthumb' });\n\t\t\t\t\t\t\tjQuery('.yuzo_related_post .yuzo_wraps').equalizer({ columns : '> div' });\n\t\t\t\t\t\t   })\n\t\t\t\t\t\t  <\/script> <!-- End Yuzo :) -->","protected":false},"excerpt":{"rendered":"<p>Nomes como Peter Thiel est\u00e3o tentando engajar lideran\u00e7as crist\u00e3s para defender a inevitabilidade da ado\u00e7\u00e3o da tecnologia<\/p>\n","protected":false},"author":2,"featured_media":0,"comment_status":"open","ping_status":"closed","sticky":false,"template":"","format":"standard","meta":{"fifu_image_url":"","fifu_image_alt":"","footnotes":""},"categories":[1228,6944,5557,202,35],"tags":[],"class_list":["post-99724","post","type-post","status-publish","format-standard","hentry","category-inteligencia-artificial","category-lobby","category-portugues","category-religiao","category-tecnologia"],"_links":{"self":[{"href":"https:\/\/redept.com.br\/blogosfera\/wp-json\/wp\/v2\/posts\/99724","targetHints":{"allow":["GET"]}}],"collection":[{"href":"https:\/\/redept.com.br\/blogosfera\/wp-json\/wp\/v2\/posts"}],"about":[{"href":"https:\/\/redept.com.br\/blogosfera\/wp-json\/wp\/v2\/types\/post"}],"author":[{"embeddable":true,"href":"https:\/\/redept.com.br\/blogosfera\/wp-json\/wp\/v2\/users\/2"}],"replies":[{"embeddable":true,"href":"https:\/\/redept.com.br\/blogosfera\/wp-json\/wp\/v2\/comments?post=99724"}],"version-history":[{"count":0,"href":"https:\/\/redept.com.br\/blogosfera\/wp-json\/wp\/v2\/posts\/99724\/revisions"}],"wp:attachment":[{"href":"https:\/\/redept.com.br\/blogosfera\/wp-json\/wp\/v2\/media?parent=99724"}],"wp:term":[{"taxonomy":"category","embeddable":true,"href":"https:\/\/redept.com.br\/blogosfera\/wp-json\/wp\/v2\/categories?post=99724"},{"taxonomy":"post_tag","embeddable":true,"href":"https:\/\/redept.com.br\/blogosfera\/wp-json\/wp\/v2\/tags?post=99724"}],"curies":[{"name":"wp","href":"https:\/\/api.w.org\/{rel}","templated":true}]}}